{"id":24086,"date":"2022-07-23T13:39:28","date_gmt":"2022-07-23T13:39:28","guid":{"rendered":"https:\/\/www.africa-press.net\/cameroun\/politique\/elections-les-scrutins-internes-du-mrc-ouest-demarrent-ce-jour-sur-fond-de-colere"},"modified":"2022-07-23T15:49:59","modified_gmt":"2022-07-23T15:49:59","slug":"elections-les-scrutins-internes-du-mrc-ouest-demarrent-ce-jour-sur-fond-de-colere","status":"publish","type":"post","link":"https:\/\/www.africa-press.net\/cameroun\/politique\/elections-les-scrutins-internes-du-mrc-ouest-demarrent-ce-jour-sur-fond-de-colere","title":{"rendered":"Elections: Les scrutins internes du MRC \u2013 Ouest d\u00e9marrent ce jour sur fond de col\u00e8re"},"content":{"rendered":"<p><span style=\"color: #ff6600\"><strong>Africa-Press &#8211; Cameroun. <\/strong><\/span>Apr\u00e8s un moment d\u2019incertitude, les \u00e9lections internes au sein du MRC (Mouvement pour la Renaissance du Cameroun) f\u00e9d\u00e9ration de la r\u00e9gion de l\u2019Ouest se tiennent. Les scrutins internes concernent les communes, d\u00e9partements o\u00f9 le parti d\u2019opposition est repr\u00e9sent\u00e9. La confirmation de leur tenue n\u2019est tomb\u00e9e que tr\u00e8s tard vendredi soir. Dans un \u00ab communiqu\u00e9 urgent \u00bb, post\u00e9 sur Facebook \u00e0 23 heures, le secr\u00e9taire r\u00e9gional sortant Me Andr\u00e9 Marie Tassa Negou annon\u00e7ait le maintien des scrutins en ces mots : \u00ab le pr\u00e9sident du Tribunal de premi\u00e8re instance de Bafoussam saisi comme juge de r\u00e9f\u00e9r\u00e9 d\u2019heure \u00e0 heures par le \u00ab collectif des d\u00e9chus \u00bb pour entendre suspendre les \u00e9lections internes du MRC \u00e0 l\u2019Ouest a rendu ce vendredi 22 Juillet \u00e0 21 heures une ordonnance d\u00e9clarant irrecevable le collectif et condamnant Kueka Emmanuel, le requ\u00e9rant, aux d\u00e9pens. Les \u00e9lections internes programm\u00e9es pour les 23, 24 et 31 Juillet doivent se d\u00e9rouler paisiblement \u00bb.<\/p>\n<p>Un peu plus t\u00f4t le 22 Juillet 2022 dans l\u2019apr\u00e8s-midi, Kueka Emmanuel repr\u00e9sentant le collectif des candidats \u00ab abusivement d\u00e9chus \u00bb avait \u00e9t\u00e9 autoris\u00e9 par le Tribunal de premi\u00e8re instance de Bafoussam \u00e0 assigner le Mouvement pour la Renaissance du Cameroun sous couvert le secr\u00e9taire r\u00e9gional par int\u00e9rim Me Tassa Andr\u00e9 Marie en r\u00e9f\u00e9r\u00e9 d\u2019heure \u00e0 heure aux fins de suspensions des effets de la d\u00e9cision N\u00b0011-0722\/SG-MR du 17 Juillet 2022 \u00ab pour violation flagrante des statuts et r\u00e8glements int\u00e9rieurs du Parti \u00bb.<\/p>\n<p>Les recal\u00e9s aux \u00e9lections qui ont d\u00e9marr\u00e9 ce samedi ont vu leurs candidatures invalid\u00e9es au niveau des instances nationales du MRC. L\u2019on indiquait que leurs d\u00e9tenteurs avaient pr\u00e9sent\u00e9 des cartes dont les num\u00e9ros n&rsquo;ont pas \u00e9t\u00e9 retrouv\u00e9s au service de production desdits documents. \u00abCartes inconnues dans les donn\u00e9es de production du Parti \u00bb, expliquait la d\u00e9cision d&rsquo;invalidation.<\/p>\n<p>Des enqu\u00eates sont pr\u00e9vues. Elles devraient aider \u00e0 tirer tout au clair dans cette affaire de cartes suspectes. \u00ab Elles vont permettre de voir s&rsquo;il y a des faussaires et naturellement des sanctions tomberont \u00bb, nous apprend une source interne. \u00ab Il peut avoir ou non des fausses cartes que seule une investigation va permettre de d\u00e9couvrir \u00bb, a appris cameroon-info.net d\u2019une source impliqu\u00e9e dans l\u2018organisation des \u00e9lections \u00e0 l\u2019Ouest.<\/p>\n<p>La f\u00e9d\u00e9ration r\u00e9gionale de l\u2019Ouest a souvent \u00e9t\u00e9 au devant de l\u2019actualit\u00e9. En 2020 des querelles impliquant ses membres y \u00e9taient signal\u00e9es. En 2021, Rebelote. Les sanctions prises par la hi\u00e9rarchie du parti contre des militants issus de la r\u00e9gion n\u2019\u00e9taient pas vues d\u2019un bon \u0153il par la base.<\/p>\n<p><strong>Pour plus d&rsquo;informations et d&rsquo;analyses sur la <a href=\"https:\/\/www.africa-press.net\/cameroun\">Cameroun<\/a>, suivez <a href=\"https:\/\/www.africa-press.net\/\">Africa-Press<\/a><\/strong><\/p>\n","protected":false},"excerpt":{"rendered":"<p>Africa-Press &#8211; Cameroun. Apr\u00e8s un moment d\u2019incertitude, les \u00e9lections internes au sein du MRC (Mouvement pour la Renaissance du Cameroun) f\u00e9d\u00e9ration de la r\u00e9gion de l\u2019Ouest se tiennent. Les scrutins internes concernent les communes, d\u00e9partements o\u00f9 le parti d\u2019opposition est repr\u00e9sent\u00e9. La confirmation de leur tenue n\u2019est tomb\u00e9e que tr\u00e8s tard vendredi soir. Dans un [&hellip;]<\/p>\n","protected":false},"author":82,"featured_media":24085,"comment_status":"open","ping_status":"closed","sticky":false,"template":"","format":"standard","meta":{"footnotes":""},"categories":[11,2,10],"tags":[36,50,49],"class_list":["post-24086","post","type-post","status-publish","format-standard","has-post-thumbnail","hentry","category-homepage-french","category-politique","category-toutes-les-actualites","tag-africa-press","tag-africa-press-cameroun","tag-cameroun"],"yoast_head":"<!-- This site is optimized with the Yoast SEO Premium plugin v26.1 (Yoast SEO v27.0) - https:\/\/yoast.com\/product\/yoast-seo-premium-wordpress\/ -->\n<title>Elections: Les scrutins internes du MRC \u2013 Ouest d\u00e9marrent ce jour sur fond de col\u00e8re - Cameroun<\/title>\n<meta name=\"description\" content=\"Apr\u00e8s un moment d\u2019incertitude, les \u00e9lections internes au sein du MRC (Mouvement pour la Renaissance du Cameroun) f\u00e9d\u00e9rat ...\" \/>\n<meta name=\"robots\" content=\"index, follow, max-snippet:-1, max-image-preview:large, max-video-preview:-1\" \/>\n<link rel=\"canonical\" href=\"https:\/\/www.africa-press.net\/cameroun\/politique\/elections-les-scrutins-internes-du-mrc-ouest-demarrent-ce-jour-sur-fond-de-colere\" \/>\n<meta property=\"og:locale\" content=\"fr_FR\" \/>\n<meta property=\"og:type\" content=\"article\" \/>\n<meta property=\"og:title\" content=\"Elections: Les scrutins internes du MRC \u2013 Ouest d\u00e9marrent ce jour sur fond de col\u00e8re\" \/>\n<meta property=\"og:description\" content=\"Apr\u00e8s un moment d\u2019incertitude, les \u00e9lections internes au sein du MRC (Mouvement pour la Renaissance du Cameroun) f\u00e9d\u00e9rat ...\" \/>\n<meta property=\"og:url\" content=\"https:\/\/www.africa-press.net\/cameroun\/politique\/elections-les-scrutins-internes-du-mrc-ouest-demarrent-ce-jour-sur-fond-de-colere\" \/>\n<meta property=\"og:site_name\" content=\"Cameroun\" \/>\n<meta property=\"article:published_time\" content=\"2022-07-23T13:39:28+00:00\" \/>\n<meta property=\"article:modified_time\" content=\"2022-07-23T15:49:59+00:00\" \/>\n<meta property=\"og:image\" content=\"https:\/\/static.africa-press.net\/cameroun\/sites\/57\/2022\/07\/img-62dc187d2062a.jpg\" \/>\n\t<meta property=\"og:image:width\" content=\"800\" \/>\n\t<meta property=\"og:image:height\" content=\"1092\" \/>\n\t<meta property=\"og:image:type\" content=\"image\/jpeg\" \/>\n<meta name=\"author\" content=\"cfeditorfr\" \/>\n<meta name=\"twitter:card\" content=\"summary_large_image\" \/>\n<meta name=\"twitter:label1\" content=\"\u00c9crit par\" \/>\n\t<meta name=\"twitter:data1\" content=\"cfeditorfr\" \/>\n\t<meta name=\"twitter:label2\" content=\"Dur\u00e9e de lecture estim\u00e9e\" \/>\n\t<meta name=\"twitter:data2\" content=\"3 minutes\" \/>\n<script type=\"application\/ld+json\" class=\"yoast-schema-graph\">{\"@context\":\"https:\/\/schema.org\",\"@graph\":[{\"@type\":\"Article\",\"@id\":\"https:\/\/www.africa-press.net\/cameroun\/politique\/elections-les-scrutins-internes-du-mrc-ouest-demarrent-ce-jour-sur-fond-de-colere#article\",\"isPartOf\":{\"@id\":\"https:\/\/www.africa-press.net\/cameroun\/politique\/elections-les-scrutins-internes-du-mrc-ouest-demarrent-ce-jour-sur-fond-de-colere\"},\"author\":{\"name\":\"cfeditorfr\",\"@id\":\"https:\/\/www.africa-press.net\/cameroun\/#\/schema\/person\/2b1cf3cd81a31e3cd26889ca66d677f1\"},\"headline\":\"Elections: Les scrutins internes du MRC \u2013 Ouest d\u00e9marrent ce jour sur fond de col\u00e8re\",\"datePublished\":\"2022-07-23T13:39:28+00:00\",\"dateModified\":\"2022-07-23T15:49:59+00:00\",\"mainEntityOfPage\":{\"@id\":\"https:\/\/www.africa-press.net\/cameroun\/politique\/elections-les-scrutins-internes-du-mrc-ouest-demarrent-ce-jour-sur-fond-de-colere\"},\"wordCount\":483,\"commentCount\":0,\"image\":{\"@id\":\"https:\/\/www.africa-press.net\/cameroun\/politique\/elections-les-scrutins-internes-du-mrc-ouest-demarrent-ce-jour-sur-fond-de-colere#primaryimage\"},\"thumbnailUrl\":\"https:\/\/static.africa-press.net\/cameroun\/sites\/57\/2022\/07\/img-62dc187d2062a.jpg\",\"keywords\":[\"Africa Press\",\"Africa Press-Cameroun\",\"Cameroun\"],\"articleSection\":[\"homepage-french\",\"Politique\",\"Toutes les actualit\u00e9s\"],\"inLanguage\":\"fr-FR\",\"potentialAction\":[{\"@type\":\"CommentAction\",\"name\":\"Comment\",\"target\":[\"https:\/\/www.africa-press.net\/cameroun\/politique\/elections-les-scrutins-internes-du-mrc-ouest-demarrent-ce-jour-sur-fond-de-colere#respond\"]}]},{\"@type\":\"WebPage\",\"@id\":\"https:\/\/www.africa-press.net\/cameroun\/politique\/elections-les-scrutins-internes-du-mrc-ouest-demarrent-ce-jour-sur-fond-de-colere\",\"url\":\"https:\/\/www.africa-press.net\/cameroun\/politique\/elections-les-scrutins-internes-du-mrc-ouest-demarrent-ce-jour-sur-fond-de-colere\",\"name\":\"Elections: Les scrutins internes du MRC \u2013 Ouest d\u00e9marrent ce jour sur fond de col\u00e8re - Cameroun\",\"isPartOf\":{\"@id\":\"https:\/\/www.africa-press.net\/cameroun\/#website\"},\"primaryImageOfPage\":{\"@id\":\"https:\/\/www.africa-press.net\/cameroun\/politique\/elections-les-scrutins-internes-du-mrc-ouest-demarrent-ce-jour-sur-fond-de-colere#primaryimage\"},\"image\":{\"@id\":\"https:\/\/www.africa-press.net\/cameroun\/politique\/elections-les-scrutins-internes-du-mrc-ouest-demarrent-ce-jour-sur-fond-de-colere#primaryimage\"},\"thumbnailUrl\":\"https:\/\/static.africa-press.net\/cameroun\/sites\/57\/2022\/07\/img-62dc187d2062a.jpg\",\"datePublished\":\"2022-07-23T13:39:28+00:00\",\"dateModified\":\"2022-07-23T15:49:59+00:00\",\"author\":{\"@id\":\"https:\/\/www.africa-press.net\/cameroun\/#\/schema\/person\/2b1cf3cd81a31e3cd26889ca66d677f1\"},\"description\":\"Apr\u00e8s un moment d\u2019incertitude, les \u00e9lections internes au sein du MRC (Mouvement pour la Renaissance du Cameroun) f\u00e9d\u00e9rat ...\",\"breadcrumb\":{\"@id\":\"https:\/\/www.africa-press.net\/cameroun\/politique\/elections-les-scrutins-internes-du-mrc-ouest-demarrent-ce-jour-sur-fond-de-colere#breadcrumb\"},\"inLanguage\":\"fr-FR\",\"potentialAction\":[{\"@type\":\"ReadAction\",\"target\":[\"https:\/\/www.africa-press.net\/cameroun\/politique\/elections-les-scrutins-internes-du-mrc-ouest-demarrent-ce-jour-sur-fond-de-colere\"]}]},{\"@type\":\"ImageObject\",\"inLanguage\":\"fr-FR\",\"@id\":\"https:\/\/www.africa-press.net\/cameroun\/politique\/elections-les-scrutins-internes-du-mrc-ouest-demarrent-ce-jour-sur-fond-de-colere#primaryimage\",\"url\":\"https:\/\/static.africa-press.net\/cameroun\/sites\/57\/2022\/07\/img-62dc187d2062a.jpg\",\"contentUrl\":\"https:\/\/static.africa-press.net\/cameroun\/sites\/57\/2022\/07\/img-62dc187d2062a.jpg\",\"width\":800,\"height\":1092,\"caption\":\"Elections: Les scrutins internes du MRC \u2013 Ouest d\u00e9marrent ce jour sur fond de col\u00e8re\"},{\"@type\":\"BreadcrumbList\",\"@id\":\"https:\/\/www.africa-press.net\/cameroun\/politique\/elections-les-scrutins-internes-du-mrc-ouest-demarrent-ce-jour-sur-fond-de-colere#breadcrumb\",\"itemListElement\":[{\"@type\":\"ListItem\",\"position\":1,\"name\":\"Accueil\",\"item\":\"https:\/\/www.africa-press.net\/cameroun\/\"},{\"@type\":\"ListItem\",\"position\":2,\"name\":\"Elections: Les scrutins internes du MRC \u2013 Ouest d\u00e9marrent ce jour sur fond de col\u00e8re\"}]},{\"@type\":\"WebSite\",\"@id\":\"https:\/\/www.africa-press.net\/cameroun\/#website\",\"url\":\"https:\/\/www.africa-press.net\/cameroun\/\",\"name\":\"Cameroun\",\"description\":\"Just another Africa News Agency Sites site\",\"potentialAction\":[{\"@type\":\"SearchAction\",\"target\":{\"@type\":\"EntryPoint\",\"urlTemplate\":\"https:\/\/www.africa-press.net\/cameroun\/?s={search_term_string}\"},\"query-input\":{\"@type\":\"PropertyValueSpecification\",\"valueRequired\":true,\"valueName\":\"search_term_string\"}}],\"inLanguage\":\"fr-FR\"},{\"@type\":\"Person\",\"@id\":\"https:\/\/www.africa-press.net\/cameroun\/#\/schema\/person\/2b1cf3cd81a31e3cd26889ca66d677f1\",\"name\":\"cfeditorfr\"}]}<\/script>\n<!-- \/ Yoast SEO Premium plugin. -->","yoast_head_json":{"title":"Elections: Les scrutins internes du MRC \u2013 Ouest d\u00e9marrent ce jour sur fond de col\u00e8re - Cameroun","description":"Apr\u00e8s un moment d\u2019incertitude, les \u00e9lections internes au sein du MRC (Mouvement pour la Renaissance du Cameroun) f\u00e9d\u00e9rat ...","robots":{"index":"index","follow":"follow","max-snippet":"max-snippet:-1","max-image-preview":"max-image-preview:large","max-video-preview":"max-video-preview:-1"},"canonical":"https:\/\/www.africa-press.net\/cameroun\/politique\/elections-les-scrutins-internes-du-mrc-ouest-demarrent-ce-jour-sur-fond-de-colere","og_locale":"fr_FR","og_type":"article","og_title":"Elections: Les scrutins internes du MRC \u2013 Ouest d\u00e9marrent ce jour sur fond de col\u00e8re","og_description":"Apr\u00e8s un moment d\u2019incertitude, les \u00e9lections internes au sein du MRC (Mouvement pour la Renaissance du Cameroun) f\u00e9d\u00e9rat ...","og_url":"https:\/\/www.africa-press.net\/cameroun\/politique\/elections-les-scrutins-internes-du-mrc-ouest-demarrent-ce-jour-sur-fond-de-colere","og_site_name":"Cameroun","article_published_time":"2022-07-23T13:39:28+00:00","article_modified_time":"2022-07-23T15:49:59+00:00","og_image":[{"width":800,"height":1092,"url":"https:\/\/static.africa-press.net\/cameroun\/sites\/57\/2022\/07\/img-62dc187d2062a.jpg","type":"image\/jpeg"}],"author":"cfeditorfr","twitter_card":"summary_large_image","twitter_misc":{"\u00c9crit par":"cfeditorfr","Dur\u00e9e de lecture estim\u00e9e":"3 minutes"},"schema":{"@context":"https:\/\/schema.org","@graph":[{"@type":"Article","@id":"https:\/\/www.africa-press.net\/cameroun\/politique\/elections-les-scrutins-internes-du-mrc-ouest-demarrent-ce-jour-sur-fond-de-colere#article","isPartOf":{"@id":"https:\/\/www.africa-press.net\/cameroun\/politique\/elections-les-scrutins-internes-du-mrc-ouest-demarrent-ce-jour-sur-fond-de-colere"},"author":{"name":"cfeditorfr","@id":"https:\/\/www.africa-press.net\/cameroun\/#\/schema\/person\/2b1cf3cd81a31e3cd26889ca66d677f1"},"headline":"Elections: Les scrutins internes du MRC \u2013 Ouest d\u00e9marrent ce jour sur fond de col\u00e8re","datePublished":"2022-07-23T13:39:28+00:00","dateModified":"2022-07-23T15:49:59+00:00","mainEntityOfPage":{"@id":"https:\/\/www.africa-press.net\/cameroun\/politique\/elections-les-scrutins-internes-du-mrc-ouest-demarrent-ce-jour-sur-fond-de-colere"},"wordCount":483,"commentCount":0,"image":{"@id":"https:\/\/www.africa-press.net\/cameroun\/politique\/elections-les-scrutins-internes-du-mrc-ouest-demarrent-ce-jour-sur-fond-de-colere#primaryimage"},"thumbnailUrl":"https:\/\/static.africa-press.net\/cameroun\/sites\/57\/2022\/07\/img-62dc187d2062a.jpg","keywords":["Africa Press","Africa Press-Cameroun","Cameroun"],"articleSection":["homepage-french","Politique","Toutes les actualit\u00e9s"],"inLanguage":"fr-FR","potentialAction":[{"@type":"CommentAction","name":"Comment","target":["https:\/\/www.africa-press.net\/cameroun\/politique\/elections-les-scrutins-internes-du-mrc-ouest-demarrent-ce-jour-sur-fond-de-colere#respond"]}]},{"@type":"WebPage","@id":"https:\/\/www.africa-press.net\/cameroun\/politique\/elections-les-scrutins-internes-du-mrc-ouest-demarrent-ce-jour-sur-fond-de-colere","url":"https:\/\/www.africa-press.net\/cameroun\/politique\/elections-les-scrutins-internes-du-mrc-ouest-demarrent-ce-jour-sur-fond-de-colere","name":"Elections: Les scrutins internes du MRC \u2013 Ouest d\u00e9marrent ce jour sur fond de col\u00e8re - Cameroun","isPartOf":{"@id":"https:\/\/www.africa-press.net\/cameroun\/#website"},"primaryImageOfPage":{"@id":"https:\/\/www.africa-press.net\/cameroun\/politique\/elections-les-scrutins-internes-du-mrc-ouest-demarrent-ce-jour-sur-fond-de-colere#primaryimage"},"image":{"@id":"https:\/\/www.africa-press.net\/cameroun\/politique\/elections-les-scrutins-internes-du-mrc-ouest-demarrent-ce-jour-sur-fond-de-colere#primaryimage"},"thumbnailUrl":"https:\/\/static.africa-press.net\/cameroun\/sites\/57\/2022\/07\/img-62dc187d2062a.jpg","datePublished":"2022-07-23T13:39:28+00:00","dateModified":"2022-07-23T15:49:59+00:00","author":{"@id":"https:\/\/www.africa-press.net\/cameroun\/#\/schema\/person\/2b1cf3cd81a31e3cd26889ca66d677f1"},"description":"Apr\u00e8s un moment d\u2019incertitude, les \u00e9lections internes au sein du MRC (Mouvement pour la Renaissance du Cameroun) f\u00e9d\u00e9rat ...","breadcrumb":{"@id":"https:\/\/www.africa-press.net\/cameroun\/politique\/elections-les-scrutins-internes-du-mrc-ouest-demarrent-ce-jour-sur-fond-de-colere#breadcrumb"},"inLanguage":"fr-FR","potentialAction":[{"@type":"ReadAction","target":["https:\/\/www.africa-press.net\/cameroun\/politique\/elections-les-scrutins-internes-du-mrc-ouest-demarrent-ce-jour-sur-fond-de-colere"]}]},{"@type":"ImageObject","inLanguage":"fr-FR","@id":"https:\/\/www.africa-press.net\/cameroun\/politique\/elections-les-scrutins-internes-du-mrc-ouest-demarrent-ce-jour-sur-fond-de-colere#primaryimage","url":"https:\/\/static.africa-press.net\/cameroun\/sites\/57\/2022\/07\/img-62dc187d2062a.jpg","contentUrl":"https:\/\/static.africa-press.net\/cameroun\/sites\/57\/2022\/07\/img-62dc187d2062a.jpg","width":800,"height":1092,"caption":"Elections: Les scrutins internes du MRC \u2013 Ouest d\u00e9marrent ce jour sur fond de col\u00e8re"},{"@type":"BreadcrumbList","@id":"https:\/\/www.africa-press.net\/cameroun\/politique\/elections-les-scrutins-internes-du-mrc-ouest-demarrent-ce-jour-sur-fond-de-colere#breadcrumb","itemListElement":[{"@type":"ListItem","position":1,"name":"Accueil","item":"https:\/\/www.africa-press.net\/cameroun\/"},{"@type":"ListItem","position":2,"name":"Elections: Les scrutins internes du MRC \u2013 Ouest d\u00e9marrent ce jour sur fond de col\u00e8re"}]},{"@type":"WebSite","@id":"https:\/\/www.africa-press.net\/cameroun\/#website","url":"https:\/\/www.africa-press.net\/cameroun\/","name":"Cameroun","description":"Just another Africa News Agency Sites site","potentialAction":[{"@type":"SearchAction","target":{"@type":"EntryPoint","urlTemplate":"https:\/\/www.africa-press.net\/cameroun\/?s={search_term_string}"},"query-input":{"@type":"PropertyValueSpecification","valueRequired":true,"valueName":"search_term_string"}}],"inLanguage":"fr-FR"},{"@type":"Person","@id":"https:\/\/www.africa-press.net\/cameroun\/#\/schema\/person\/2b1cf3cd81a31e3cd26889ca66d677f1","name":"cfeditorfr"}]}},"_links":{"self":[{"href":"https:\/\/www.africa-press.net\/cameroun\/wp-json\/wp\/v2\/posts\/24086","targetHints":{"allow":["GET"]}}],"collection":[{"href":"https:\/\/www.africa-press.net\/cameroun\/wp-json\/wp\/v2\/posts"}],"about":[{"href":"https:\/\/www.africa-press.net\/cameroun\/wp-json\/wp\/v2\/types\/post"}],"author":[{"embeddable":true,"href":"https:\/\/www.africa-press.net\/cameroun\/wp-json\/wp\/v2\/users\/82"}],"replies":[{"embeddable":true,"href":"https:\/\/www.africa-press.net\/cameroun\/wp-json\/wp\/v2\/comments?post=24086"}],"version-history":[{"count":0,"href":"https:\/\/www.africa-press.net\/cameroun\/wp-json\/wp\/v2\/posts\/24086\/revisions"}],"wp:featuredmedia":[{"embeddable":true,"href":"https:\/\/www.africa-press.net\/cameroun\/wp-json\/wp\/v2\/media\/24085"}],"wp:attachment":[{"href":"https:\/\/www.africa-press.net\/cameroun\/wp-json\/wp\/v2\/media?parent=24086"}],"wp:term":[{"taxonomy":"category","embeddable":true,"href":"https:\/\/www.africa-press.net\/cameroun\/wp-json\/wp\/v2\/categories?post=24086"},{"taxonomy":"post_tag","embeddable":true,"href":"https:\/\/www.africa-press.net\/cameroun\/wp-json\/wp\/v2\/tags?post=24086"}],"curies":[{"name":"wp","href":"https:\/\/api.w.org\/{rel}","templated":true}]}}