{"id":24098,"date":"2022-07-23T15:46:38","date_gmt":"2022-07-23T15:46:38","guid":{"rendered":"https:\/\/www.africa-press.net\/cameroun\/politique\/fecafoot-ca-chauffe-pour-la-destitution-de-samuel-etoo"},"modified":"2022-07-23T16:12:56","modified_gmt":"2022-07-23T16:12:56","slug":"fecafoot-ca-chauffe-pour-la-destitution-de-samuel-etoo","status":"publish","type":"post","link":"https:\/\/www.africa-press.net\/cameroun\/sports\/fecafoot-ca-chauffe-pour-la-destitution-de-samuel-etoo","title":{"rendered":"FECAFOOT : \u2018\u00e7a chauffe pour la destitution de Samuel Eto&rsquo;o\u2019"},"content":{"rendered":"<p><span style=\"color: #ff6600\"><strong>Africa-Press &#8211; Cameroun. <\/strong><\/span>C\u2019est ce qu\u2019annonce Remy Ngono, le journaliste camerounais en exil. Il est d\u2019ailleurs sous mandat d\u2019arr\u00eat depuis quelques jours. Dans sa sortie de ce samedi 23 juillet 2022, le journaliste annonce plusieurs th\u00e8mes \u00e0 d\u00e9battre. Destitution de Samuel Eto\u2019o, visite de Macron au Cameroun ou encore Amougou Belinga, tout y est pour pimenter le live.<\/p>\n<p>Il parlera \u00e9galement de son mandat d\u2019arr\u00eat lanc\u00e9 contre lui.<\/p>\n<p>LIVE SP\u00c9CIAL EN DIRECT DE LA PRISON DE BANGUI DU PAPE DES DOSSIERS NOIRS DU SAMEDI SOIR CE SAMEDI 23 \/07\/ 2022 SUR MA PAGE FACEBOOK Remy Ngono ET MA CHA\u00ceNE YOUTUBE J.REMY NGONO CHA\u00ceNE OFFICIELLE DE L&rsquo;ENGAGEMENT \u00c0 18H \u00c0 PARIS , 17 H \u00c0 YAOUND\u00c9, 16 H \u00c0 ABIDJAN, 12H \u00c0 NEW- YORK<\/p>\n<p>1- J. R\u00e9my Ngono arr\u00eat\u00e9 dans un a\u00e9roport africain avec un g\u00e9n\u00e9ral ambazonien<\/p>\n<p>2- Paul Biya interdit Maurice Kamto, Cabral Libii et Joshua Osih de rencontrer Emmanuel Macron<\/p>\n<p>3- Le Sango Coin de Touadera d\u00e9finitivement interdit<\/p>\n<p>4- Amougou Belinga tente de sauter d&rsquo;un avion sans parachute<\/p>\n<p>5- \u00c7a chauffe pour la destitution de Samuel Eto&rsquo;o \u00e0 la FECAFOOT<\/p>\n<p>6- Yvana Essomba monte un plan pour se r\u00e9fugier chez la fille d&rsquo;\u00c9ric Chinje aux \u00c9tats- Unis<\/p>\n<p>7- Panne s\u00e8che : les transporteurs pr\u00eats \u00e0 saboter la visite d&rsquo;Emmanuel Macron<\/p>\n<p>\u00a0\u00bb Le chien ne change jamais sa mani\u00e8re de s&rsquo;asseoir m\u00eame devant sa belle- m\u00e8re\u00a0\u00bb<\/p>\n<p><strong>Pour plus d&rsquo;informations et d&rsquo;analyses sur la <a href=\"https:\/\/www.africa-press.net\/cameroun\">Cameroun<\/a>, suivez <a href=\"https:\/\/www.africa-press.net\/\">Africa-Press<\/a><\/strong><\/p>\n","protected":false},"excerpt":{"rendered":"<p>Africa-Press &#8211; Cameroun. C\u2019est ce qu\u2019annonce Remy Ngono, le journaliste camerounais en exil. Il est d\u2019ailleurs sous mandat d\u2019arr\u00eat depuis quelques jours. Dans sa sortie de ce samedi 23 juillet 2022, le journaliste annonce plusieurs th\u00e8mes \u00e0 d\u00e9battre. Destitution de Samuel Eto\u2019o, visite de Macron au Cameroun ou encore Amougou Belinga, tout y est pour [&hellip;]<\/p>\n","protected":false},"author":82,"featured_media":24097,"comment_status":"open","ping_status":"closed","sticky":false,"template":"","format":"standard","meta":{"footnotes":""},"categories":[11,6,10],"tags":[36,50,49],"class_list":["post-24098","post","type-post","status-publish","format-standard","has-post-thumbnail","hentry","category-homepage-french","category-sports","category-toutes-les-actualites","tag-africa-press","tag-africa-press-cameroun","tag-cameroun"],"yoast_head":"<!-- This site is optimized with the Yoast SEO Premium plugin v26.1 (Yoast SEO v27.0) - https:\/\/yoast.com\/product\/yoast-seo-premium-wordpress\/ -->\n<title>FECAFOOT : \u2018\u00e7a chauffe pour la destitution de Samuel Eto&#039;o\u2019 - Cameroun<\/title>\n<meta name=\"description\" content=\"C\u2019est ce qu\u2019annonce Remy Ngono, le journaliste camerounais en exil. Il est d\u2019ailleurs sous mandat d\u2019arr\u00eat depuis quelque ...\" \/>\n<meta name=\"robots\" content=\"index, follow, max-snippet:-1, max-image-preview:large, max-video-preview:-1\" \/>\n<link rel=\"canonical\" href=\"https:\/\/www.africa-press.net\/cameroun\/sports\/fecafoot-ca-chauffe-pour-la-destitution-de-samuel-etoo\" \/>\n<meta property=\"og:locale\" content=\"fr_FR\" \/>\n<meta property=\"og:type\" content=\"article\" \/>\n<meta property=\"og:title\" content=\"FECAFOOT : \u2018\u00e7a chauffe pour la destitution de Samuel Eto&#039;o\u2019\" \/>\n<meta property=\"og:description\" content=\"C\u2019est ce qu\u2019annonce Remy Ngono, le journaliste camerounais en exil. Il est d\u2019ailleurs sous mandat d\u2019arr\u00eat depuis quelque ...\" \/>\n<meta property=\"og:url\" content=\"https:\/\/www.africa-press.net\/cameroun\/sports\/fecafoot-ca-chauffe-pour-la-destitution-de-samuel-etoo\" \/>\n<meta property=\"og:site_name\" content=\"Cameroun\" \/>\n<meta property=\"article:published_time\" content=\"2022-07-23T15:46:38+00:00\" \/>\n<meta property=\"article:modified_time\" content=\"2022-07-23T16:12:56+00:00\" \/>\n<meta property=\"og:image\" content=\"https:\/\/static.africa-press.net\/cameroun\/sites\/57\/2022\/07\/postQueueImg_3-62dc1df153c25.jpg\" \/>\n\t<meta property=\"og:image:width\" content=\"600\" \/>\n\t<meta property=\"og:image:height\" content=\"505\" \/>\n\t<meta property=\"og:image:type\" content=\"image\/jpeg\" \/>\n<meta name=\"author\" content=\"cfeditorfr\" \/>\n<meta name=\"twitter:card\" content=\"summary_large_image\" \/>\n<meta name=\"twitter:label1\" content=\"\u00c9crit par\" \/>\n\t<meta name=\"twitter:data1\" content=\"cfeditorfr\" \/>\n\t<meta name=\"twitter:label2\" content=\"Dur\u00e9e de lecture estim\u00e9e\" \/>\n\t<meta name=\"twitter:data2\" content=\"2 minutes\" \/>\n<script type=\"application\/ld+json\" class=\"yoast-schema-graph\">{\"@context\":\"https:\/\/schema.org\",\"@graph\":[{\"@type\":\"Article\",\"@id\":\"https:\/\/www.africa-press.net\/cameroun\/sports\/fecafoot-ca-chauffe-pour-la-destitution-de-samuel-etoo#article\",\"isPartOf\":{\"@id\":\"https:\/\/www.africa-press.net\/cameroun\/sports\/fecafoot-ca-chauffe-pour-la-destitution-de-samuel-etoo\"},\"author\":{\"name\":\"cfeditorfr\",\"@id\":\"https:\/\/www.africa-press.net\/cameroun\/#\/schema\/person\/2b1cf3cd81a31e3cd26889ca66d677f1\"},\"headline\":\"FECAFOOT : \u2018\u00e7a chauffe pour la destitution de Samuel Eto&rsquo;o\u2019\",\"datePublished\":\"2022-07-23T15:46:38+00:00\",\"dateModified\":\"2022-07-23T16:12:56+00:00\",\"mainEntityOfPage\":{\"@id\":\"https:\/\/www.africa-press.net\/cameroun\/sports\/fecafoot-ca-chauffe-pour-la-destitution-de-samuel-etoo\"},\"wordCount\":262,\"commentCount\":0,\"image\":{\"@id\":\"https:\/\/www.africa-press.net\/cameroun\/sports\/fecafoot-ca-chauffe-pour-la-destitution-de-samuel-etoo#primaryimage\"},\"thumbnailUrl\":\"https:\/\/static.africa-press.net\/cameroun\/sites\/57\/2022\/07\/postQueueImg_3-62dc1df153c25.jpg\",\"keywords\":[\"Africa Press\",\"Africa Press-Cameroun\",\"Cameroun\"],\"articleSection\":[\"homepage-french\",\"Sports\",\"Toutes les actualit\u00e9s\"],\"inLanguage\":\"fr-FR\",\"potentialAction\":[{\"@type\":\"CommentAction\",\"name\":\"Comment\",\"target\":[\"https:\/\/www.africa-press.net\/cameroun\/sports\/fecafoot-ca-chauffe-pour-la-destitution-de-samuel-etoo#respond\"]}]},{\"@type\":\"WebPage\",\"@id\":\"https:\/\/www.africa-press.net\/cameroun\/sports\/fecafoot-ca-chauffe-pour-la-destitution-de-samuel-etoo\",\"url\":\"https:\/\/www.africa-press.net\/cameroun\/sports\/fecafoot-ca-chauffe-pour-la-destitution-de-samuel-etoo\",\"name\":\"FECAFOOT : \u2018\u00e7a chauffe pour la destitution de Samuel Eto'o\u2019 - Cameroun\",\"isPartOf\":{\"@id\":\"https:\/\/www.africa-press.net\/cameroun\/#website\"},\"primaryImageOfPage\":{\"@id\":\"https:\/\/www.africa-press.net\/cameroun\/sports\/fecafoot-ca-chauffe-pour-la-destitution-de-samuel-etoo#primaryimage\"},\"image\":{\"@id\":\"https:\/\/www.africa-press.net\/cameroun\/sports\/fecafoot-ca-chauffe-pour-la-destitution-de-samuel-etoo#primaryimage\"},\"thumbnailUrl\":\"https:\/\/static.africa-press.net\/cameroun\/sites\/57\/2022\/07\/postQueueImg_3-62dc1df153c25.jpg\",\"datePublished\":\"2022-07-23T15:46:38+00:00\",\"dateModified\":\"2022-07-23T16:12:56+00:00\",\"author\":{\"@id\":\"https:\/\/www.africa-press.net\/cameroun\/#\/schema\/person\/2b1cf3cd81a31e3cd26889ca66d677f1\"},\"description\":\"C\u2019est ce qu\u2019annonce Remy Ngono, le journaliste camerounais en exil. Il est d\u2019ailleurs sous mandat d\u2019arr\u00eat depuis quelque ...\",\"breadcrumb\":{\"@id\":\"https:\/\/www.africa-press.net\/cameroun\/sports\/fecafoot-ca-chauffe-pour-la-destitution-de-samuel-etoo#breadcrumb\"},\"inLanguage\":\"fr-FR\",\"potentialAction\":[{\"@type\":\"ReadAction\",\"target\":[\"https:\/\/www.africa-press.net\/cameroun\/sports\/fecafoot-ca-chauffe-pour-la-destitution-de-samuel-etoo\"]}]},{\"@type\":\"ImageObject\",\"inLanguage\":\"fr-FR\",\"@id\":\"https:\/\/www.africa-press.net\/cameroun\/sports\/fecafoot-ca-chauffe-pour-la-destitution-de-samuel-etoo#primaryimage\",\"url\":\"https:\/\/static.africa-press.net\/cameroun\/sites\/57\/2022\/07\/postQueueImg_3-62dc1df153c25.jpg\",\"contentUrl\":\"https:\/\/static.africa-press.net\/cameroun\/sites\/57\/2022\/07\/postQueueImg_3-62dc1df153c25.jpg\",\"width\":600,\"height\":505,\"caption\":\"FECAFOOT : \u2018\u00e7a chauffe pour la destitution de Samuel Eto'o\u2019\"},{\"@type\":\"BreadcrumbList\",\"@id\":\"https:\/\/www.africa-press.net\/cameroun\/sports\/fecafoot-ca-chauffe-pour-la-destitution-de-samuel-etoo#breadcrumb\",\"itemListElement\":[{\"@type\":\"ListItem\",\"position\":1,\"name\":\"Accueil\",\"item\":\"https:\/\/www.africa-press.net\/cameroun\/\"},{\"@type\":\"ListItem\",\"position\":2,\"name\":\"FECAFOOT : \u2018\u00e7a chauffe pour la destitution de Samuel Eto&#8217;o\u2019\"}]},{\"@type\":\"WebSite\",\"@id\":\"https:\/\/www.africa-press.net\/cameroun\/#website\",\"url\":\"https:\/\/www.africa-press.net\/cameroun\/\",\"name\":\"Cameroun\",\"description\":\"Just another Africa News Agency Sites site\",\"potentialAction\":[{\"@type\":\"SearchAction\",\"target\":{\"@type\":\"EntryPoint\",\"urlTemplate\":\"https:\/\/www.africa-press.net\/cameroun\/?s={search_term_string}\"},\"query-input\":{\"@type\":\"PropertyValueSpecification\",\"valueRequired\":true,\"valueName\":\"search_term_string\"}}],\"inLanguage\":\"fr-FR\"},{\"@type\":\"Person\",\"@id\":\"https:\/\/www.africa-press.net\/cameroun\/#\/schema\/person\/2b1cf3cd81a31e3cd26889ca66d677f1\",\"name\":\"cfeditorfr\"}]}<\/script>\n<!-- \/ Yoast SEO Premium plugin. -->","yoast_head_json":{"title":"FECAFOOT : \u2018\u00e7a chauffe pour la destitution de Samuel Eto'o\u2019 - Cameroun","description":"C\u2019est ce qu\u2019annonce Remy Ngono, le journaliste camerounais en exil. Il est d\u2019ailleurs sous mandat d\u2019arr\u00eat depuis quelque ...","robots":{"index":"index","follow":"follow","max-snippet":"max-snippet:-1","max-image-preview":"max-image-preview:large","max-video-preview":"max-video-preview:-1"},"canonical":"https:\/\/www.africa-press.net\/cameroun\/sports\/fecafoot-ca-chauffe-pour-la-destitution-de-samuel-etoo","og_locale":"fr_FR","og_type":"article","og_title":"FECAFOOT : \u2018\u00e7a chauffe pour la destitution de Samuel Eto'o\u2019","og_description":"C\u2019est ce qu\u2019annonce Remy Ngono, le journaliste camerounais en exil. Il est d\u2019ailleurs sous mandat d\u2019arr\u00eat depuis quelque ...","og_url":"https:\/\/www.africa-press.net\/cameroun\/sports\/fecafoot-ca-chauffe-pour-la-destitution-de-samuel-etoo","og_site_name":"Cameroun","article_published_time":"2022-07-23T15:46:38+00:00","article_modified_time":"2022-07-23T16:12:56+00:00","og_image":[{"width":600,"height":505,"url":"https:\/\/static.africa-press.net\/cameroun\/sites\/57\/2022\/07\/postQueueImg_3-62dc1df153c25.jpg","type":"image\/jpeg"}],"author":"cfeditorfr","twitter_card":"summary_large_image","twitter_misc":{"\u00c9crit par":"cfeditorfr","Dur\u00e9e de lecture estim\u00e9e":"2 minutes"},"schema":{"@context":"https:\/\/schema.org","@graph":[{"@type":"Article","@id":"https:\/\/www.africa-press.net\/cameroun\/sports\/fecafoot-ca-chauffe-pour-la-destitution-de-samuel-etoo#article","isPartOf":{"@id":"https:\/\/www.africa-press.net\/cameroun\/sports\/fecafoot-ca-chauffe-pour-la-destitution-de-samuel-etoo"},"author":{"name":"cfeditorfr","@id":"https:\/\/www.africa-press.net\/cameroun\/#\/schema\/person\/2b1cf3cd81a31e3cd26889ca66d677f1"},"headline":"FECAFOOT : \u2018\u00e7a chauffe pour la destitution de Samuel Eto&rsquo;o\u2019","datePublished":"2022-07-23T15:46:38+00:00","dateModified":"2022-07-23T16:12:56+00:00","mainEntityOfPage":{"@id":"https:\/\/www.africa-press.net\/cameroun\/sports\/fecafoot-ca-chauffe-pour-la-destitution-de-samuel-etoo"},"wordCount":262,"commentCount":0,"image":{"@id":"https:\/\/www.africa-press.net\/cameroun\/sports\/fecafoot-ca-chauffe-pour-la-destitution-de-samuel-etoo#primaryimage"},"thumbnailUrl":"https:\/\/static.africa-press.net\/cameroun\/sites\/57\/2022\/07\/postQueueImg_3-62dc1df153c25.jpg","keywords":["Africa Press","Africa Press-Cameroun","Cameroun"],"articleSection":["homepage-french","Sports","Toutes les actualit\u00e9s"],"inLanguage":"fr-FR","potentialAction":[{"@type":"CommentAction","name":"Comment","target":["https:\/\/www.africa-press.net\/cameroun\/sports\/fecafoot-ca-chauffe-pour-la-destitution-de-samuel-etoo#respond"]}]},{"@type":"WebPage","@id":"https:\/\/www.africa-press.net\/cameroun\/sports\/fecafoot-ca-chauffe-pour-la-destitution-de-samuel-etoo","url":"https:\/\/www.africa-press.net\/cameroun\/sports\/fecafoot-ca-chauffe-pour-la-destitution-de-samuel-etoo","name":"FECAFOOT : \u2018\u00e7a chauffe pour la destitution de Samuel Eto'o\u2019 - Cameroun","isPartOf":{"@id":"https:\/\/www.africa-press.net\/cameroun\/#website"},"primaryImageOfPage":{"@id":"https:\/\/www.africa-press.net\/cameroun\/sports\/fecafoot-ca-chauffe-pour-la-destitution-de-samuel-etoo#primaryimage"},"image":{"@id":"https:\/\/www.africa-press.net\/cameroun\/sports\/fecafoot-ca-chauffe-pour-la-destitution-de-samuel-etoo#primaryimage"},"thumbnailUrl":"https:\/\/static.africa-press.net\/cameroun\/sites\/57\/2022\/07\/postQueueImg_3-62dc1df153c25.jpg","datePublished":"2022-07-23T15:46:38+00:00","dateModified":"2022-07-23T16:12:56+00:00","author":{"@id":"https:\/\/www.africa-press.net\/cameroun\/#\/schema\/person\/2b1cf3cd81a31e3cd26889ca66d677f1"},"description":"C\u2019est ce qu\u2019annonce Remy Ngono, le journaliste camerounais en exil. Il est d\u2019ailleurs sous mandat d\u2019arr\u00eat depuis quelque ...","breadcrumb":{"@id":"https:\/\/www.africa-press.net\/cameroun\/sports\/fecafoot-ca-chauffe-pour-la-destitution-de-samuel-etoo#breadcrumb"},"inLanguage":"fr-FR","potentialAction":[{"@type":"ReadAction","target":["https:\/\/www.africa-press.net\/cameroun\/sports\/fecafoot-ca-chauffe-pour-la-destitution-de-samuel-etoo"]}]},{"@type":"ImageObject","inLanguage":"fr-FR","@id":"https:\/\/www.africa-press.net\/cameroun\/sports\/fecafoot-ca-chauffe-pour-la-destitution-de-samuel-etoo#primaryimage","url":"https:\/\/static.africa-press.net\/cameroun\/sites\/57\/2022\/07\/postQueueImg_3-62dc1df153c25.jpg","contentUrl":"https:\/\/static.africa-press.net\/cameroun\/sites\/57\/2022\/07\/postQueueImg_3-62dc1df153c25.jpg","width":600,"height":505,"caption":"FECAFOOT : \u2018\u00e7a chauffe pour la destitution de Samuel Eto'o\u2019"},{"@type":"BreadcrumbList","@id":"https:\/\/www.africa-press.net\/cameroun\/sports\/fecafoot-ca-chauffe-pour-la-destitution-de-samuel-etoo#breadcrumb","itemListElement":[{"@type":"ListItem","position":1,"name":"Accueil","item":"https:\/\/www.africa-press.net\/cameroun\/"},{"@type":"ListItem","position":2,"name":"FECAFOOT : \u2018\u00e7a chauffe pour la destitution de Samuel Eto&#8217;o\u2019"}]},{"@type":"WebSite","@id":"https:\/\/www.africa-press.net\/cameroun\/#website","url":"https:\/\/www.africa-press.net\/cameroun\/","name":"Cameroun","description":"Just another Africa News Agency Sites site","potentialAction":[{"@type":"SearchAction","target":{"@type":"EntryPoint","urlTemplate":"https:\/\/www.africa-press.net\/cameroun\/?s={search_term_string}"},"query-input":{"@type":"PropertyValueSpecification","valueRequired":true,"valueName":"search_term_string"}}],"inLanguage":"fr-FR"},{"@type":"Person","@id":"https:\/\/www.africa-press.net\/cameroun\/#\/schema\/person\/2b1cf3cd81a31e3cd26889ca66d677f1","name":"cfeditorfr"}]}},"_links":{"self":[{"href":"https:\/\/www.africa-press.net\/cameroun\/wp-json\/wp\/v2\/posts\/24098","targetHints":{"allow":["GET"]}}],"collection":[{"href":"https:\/\/www.africa-press.net\/cameroun\/wp-json\/wp\/v2\/posts"}],"about":[{"href":"https:\/\/www.africa-press.net\/cameroun\/wp-json\/wp\/v2\/types\/post"}],"author":[{"embeddable":true,"href":"https:\/\/www.africa-press.net\/cameroun\/wp-json\/wp\/v2\/users\/82"}],"replies":[{"embeddable":true,"href":"https:\/\/www.africa-press.net\/cameroun\/wp-json\/wp\/v2\/comments?post=24098"}],"version-history":[{"count":0,"href":"https:\/\/www.africa-press.net\/cameroun\/wp-json\/wp\/v2\/posts\/24098\/revisions"}],"wp:featuredmedia":[{"embeddable":true,"href":"https:\/\/www.africa-press.net\/cameroun\/wp-json\/wp\/v2\/media\/24097"}],"wp:attachment":[{"href":"https:\/\/www.africa-press.net\/cameroun\/wp-json\/wp\/v2\/media?parent=24098"}],"wp:term":[{"taxonomy":"category","embeddable":true,"href":"https:\/\/www.africa-press.net\/cameroun\/wp-json\/wp\/v2\/categories?post=24098"},{"taxonomy":"post_tag","embeddable":true,"href":"https:\/\/www.africa-press.net\/cameroun\/wp-json\/wp\/v2\/tags?post=24098"}],"curies":[{"name":"wp","href":"https:\/\/api.w.org\/{rel}","templated":true}]}}