{"id":24104,"date":"2022-07-23T15:52:28","date_gmt":"2022-07-23T15:52:28","guid":{"rendered":"https:\/\/www.africa-press.net\/cameroun\/politique\/humiliation-un-journal-francais-massacre-biya-avant-larrivee-de-macron"},"modified":"2022-07-23T16:13:50","modified_gmt":"2022-07-23T16:13:50","slug":"humiliation-un-journal-francais-massacre-biya-avant-larrivee-de-macron","status":"publish","type":"post","link":"https:\/\/www.africa-press.net\/cameroun\/politique\/humiliation-un-journal-francais-massacre-biya-avant-larrivee-de-macron","title":{"rendered":"Humiliation : un journal fran\u00e7ais massacre Biya avant l\u2019arriv\u00e9e de Macron"},"content":{"rendered":"<p><span style=\"color: #ff6600\"><strong>Africa-Press &#8211; Cameroun. <\/strong><\/span>Le journal Le Point n\u2019a pas \u00e9t\u00e9 tendre avec Paul Biya et son r\u00e9gime. A quelques jours de l\u2019arriv\u00e9e d\u2019Emmanuel Macron \u00e0 Yaound\u00e9, le m\u00e9dia fran\u00e7ais a publi\u00e9 un article intitul\u00e9 \u00ab Premi\u00e8re tourn\u00e9e africaine pour Emmanuel Macron r\u00e9\u00e9lu \u00bb dans lequel il \u00e9voque l\u2019\u00e2ge avanc\u00e9 et la long\u00e9vit\u00e9 au pouvoir de Paul Biya.<\/p>\n<p>Le Point explique \u00e9galement comment le r\u00e9gime de Yaound\u00e9 a r\u00e9prim\u00e9 les manifestations dans les r\u00e9gions anglophones du Cameroun ouvrant la voie \u00e0 la guerre qui dure depuis 5 ans avec son lot de drames.<\/p>\n<p>\u00ab Une partie de la minorit\u00e9 anglophone (environ 20 % des Camerounais) s&rsquo;estime marginalis\u00e9e et ostracis\u00e9e par Yaound\u00e9 et des manifestations pacifiques d&rsquo;avocats et d&rsquo;enseignants fin 2016 ont \u00e9t\u00e9 brutalement r\u00e9prim\u00e9es dans le Nord-Ouest et le Sud-Ouest, les deux r\u00e9gions anglophones, marquant le d\u00e9but du conflit s\u00e9paratiste. Cette guerre a fait plus de 6 000 morts \u00e0 ce jour et plus d&rsquo;un million de d\u00e9plac\u00e9s. Les ONG internationales et l&rsquo;ONU accusent depuis des mois ses forces arm\u00e9es de r\u00e9primer impitoyablement les vell\u00e9it\u00e9s s\u00e9paratistes de la minorit\u00e9 anglophone dans l&rsquo;Ouest, et le pouvoir d&#8217;emprisonner \u00ab ill\u00e9galement \u00bb toute voix critique. Des accusations rejet\u00e9es avec force par Yaound\u00e9 \u00bb, \u00e9crit le journal.<\/p>\n<p>Le Point n\u2019est pas le seul \u00e0 avoir une image mitig\u00e9e de Paul Biya et son r\u00e9gime. Selon les r\u00e9v\u00e9lations de Jeune Afrique Emmanuel Macron est \u00e9galement pr\u00e9occup\u00e9 par les nombreuses violations des droits de l\u2019hommes en cours au Cameroun.<\/p>\n<p>\u00ab Il (Emmanuel Macron Ndlr) ne peut ignorer la corruption profonde qui r\u00e8gne dans toute la soci\u00e9t\u00e9 et qui est un instrument politique, comme le communautarisme diviseur mis en place par le pouvoir, ni ces op\u00e9rations \u00c9pervier qui mettent hors circuit les opposants dangereux, Marafa Hamidou Yaya en \u00e9tant le plus repr\u00e9sentatif, par suspicion de corruption\u2026 un comble. Mais tout ceci est fait dans la l\u00e9galit\u00e9, car c\u2019est la loi telle qu\u2019elle est \u00e9crite par le pouvoir qui le permet. \u00c0 ce titre, la loi est un instrument politique qui donne une apparence de d\u00e9mocratie, et non un instrument d\u2019\u00e9galit\u00e9 au service du peuple \u00bb, r\u00e9v\u00e8le Jeune Afrique.<\/p>\n<p><strong>Pour plus d&rsquo;informations et d&rsquo;analyses sur la <a href=\"https:\/\/www.africa-press.net\/cameroun\">Cameroun<\/a>, suivez <a href=\"https:\/\/www.africa-press.net\/\">Africa-Press<\/a><\/strong><\/p>\n","protected":false},"excerpt":{"rendered":"<p>Africa-Press &#8211; Cameroun. Le journal Le Point n\u2019a pas \u00e9t\u00e9 tendre avec Paul Biya et son r\u00e9gime. A quelques jours de l\u2019arriv\u00e9e d\u2019Emmanuel Macron \u00e0 Yaound\u00e9, le m\u00e9dia fran\u00e7ais a publi\u00e9 un article intitul\u00e9 \u00ab Premi\u00e8re tourn\u00e9e africaine pour Emmanuel Macron r\u00e9\u00e9lu \u00bb dans lequel il \u00e9voque l\u2019\u00e2ge avanc\u00e9 et la long\u00e9vit\u00e9 au pouvoir de [&hellip;]<\/p>\n","protected":false},"author":82,"featured_media":24103,"comment_status":"open","ping_status":"closed","sticky":false,"template":"","format":"standard","meta":{"footnotes":""},"categories":[11,2,10],"tags":[36,50,49],"class_list":["post-24104","post","type-post","status-publish","format-standard","has-post-thumbnail","hentry","category-homepage-french","category-politique","category-toutes-les-actualites","tag-africa-press","tag-africa-press-cameroun","tag-cameroun"],"yoast_head":"<!-- This site is optimized with the Yoast SEO Premium plugin v26.1 (Yoast SEO v27.0) - https:\/\/yoast.com\/product\/yoast-seo-premium-wordpress\/ -->\n<title>Humiliation : un journal fran\u00e7ais massacre Biya avant l\u2019arriv\u00e9e de Macron - Cameroun<\/title>\n<meta name=\"description\" content=\"Le journal Le Point n\u2019a pas \u00e9t\u00e9 tendre avec Paul Biya et son r\u00e9gime. A quelques jours de l\u2019arriv\u00e9e d\u2019Emmanuel Macron \u00e0 Y ...\" \/>\n<meta name=\"robots\" content=\"index, follow, max-snippet:-1, max-image-preview:large, max-video-preview:-1\" \/>\n<link rel=\"canonical\" href=\"https:\/\/www.africa-press.net\/cameroun\/politique\/humiliation-un-journal-francais-massacre-biya-avant-larrivee-de-macron\" \/>\n<meta property=\"og:locale\" content=\"fr_FR\" \/>\n<meta property=\"og:type\" content=\"article\" \/>\n<meta property=\"og:title\" content=\"Humiliation : un journal fran\u00e7ais massacre Biya avant l\u2019arriv\u00e9e de Macron\" \/>\n<meta property=\"og:description\" content=\"Le journal Le Point n\u2019a pas \u00e9t\u00e9 tendre avec Paul Biya et son r\u00e9gime. A quelques jours de l\u2019arriv\u00e9e d\u2019Emmanuel Macron \u00e0 Y ...\" \/>\n<meta property=\"og:url\" content=\"https:\/\/www.africa-press.net\/cameroun\/politique\/humiliation-un-journal-francais-massacre-biya-avant-larrivee-de-macron\" \/>\n<meta property=\"og:site_name\" content=\"Cameroun\" \/>\n<meta property=\"article:published_time\" content=\"2022-07-23T15:52:28+00:00\" \/>\n<meta property=\"article:modified_time\" content=\"2022-07-23T16:13:50+00:00\" \/>\n<meta property=\"og:image\" content=\"https:\/\/static.africa-press.net\/cameroun\/sites\/57\/2022\/07\/postQueueImg_5-62dc1e27e2329.jpg\" \/>\n\t<meta property=\"og:image:width\" content=\"1280\" \/>\n\t<meta property=\"og:image:height\" content=\"720\" \/>\n\t<meta property=\"og:image:type\" content=\"image\/jpeg\" \/>\n<meta name=\"author\" content=\"cfeditorfr\" \/>\n<meta name=\"twitter:card\" content=\"summary_large_image\" \/>\n<meta name=\"twitter:label1\" content=\"\u00c9crit par\" \/>\n\t<meta name=\"twitter:data1\" content=\"cfeditorfr\" \/>\n\t<meta name=\"twitter:label2\" content=\"Dur\u00e9e de lecture estim\u00e9e\" \/>\n\t<meta name=\"twitter:data2\" content=\"2 minutes\" \/>\n<script type=\"application\/ld+json\" class=\"yoast-schema-graph\">{\"@context\":\"https:\/\/schema.org\",\"@graph\":[{\"@type\":\"Article\",\"@id\":\"https:\/\/www.africa-press.net\/cameroun\/politique\/humiliation-un-journal-francais-massacre-biya-avant-larrivee-de-macron#article\",\"isPartOf\":{\"@id\":\"https:\/\/www.africa-press.net\/cameroun\/politique\/humiliation-un-journal-francais-massacre-biya-avant-larrivee-de-macron\"},\"author\":{\"name\":\"cfeditorfr\",\"@id\":\"https:\/\/www.africa-press.net\/cameroun\/#\/schema\/person\/2b1cf3cd81a31e3cd26889ca66d677f1\"},\"headline\":\"Humiliation : un journal fran\u00e7ais massacre Biya avant l\u2019arriv\u00e9e de Macron\",\"datePublished\":\"2022-07-23T15:52:28+00:00\",\"dateModified\":\"2022-07-23T16:13:50+00:00\",\"mainEntityOfPage\":{\"@id\":\"https:\/\/www.africa-press.net\/cameroun\/politique\/humiliation-un-journal-francais-massacre-biya-avant-larrivee-de-macron\"},\"wordCount\":412,\"commentCount\":0,\"image\":{\"@id\":\"https:\/\/www.africa-press.net\/cameroun\/politique\/humiliation-un-journal-francais-massacre-biya-avant-larrivee-de-macron#primaryimage\"},\"thumbnailUrl\":\"https:\/\/static.africa-press.net\/cameroun\/sites\/57\/2022\/07\/postQueueImg_5-62dc1e27e2329.jpg\",\"keywords\":[\"Africa Press\",\"Africa Press-Cameroun\",\"Cameroun\"],\"articleSection\":[\"homepage-french\",\"Politique\",\"Toutes les actualit\u00e9s\"],\"inLanguage\":\"fr-FR\",\"potentialAction\":[{\"@type\":\"CommentAction\",\"name\":\"Comment\",\"target\":[\"https:\/\/www.africa-press.net\/cameroun\/politique\/humiliation-un-journal-francais-massacre-biya-avant-larrivee-de-macron#respond\"]}]},{\"@type\":\"WebPage\",\"@id\":\"https:\/\/www.africa-press.net\/cameroun\/politique\/humiliation-un-journal-francais-massacre-biya-avant-larrivee-de-macron\",\"url\":\"https:\/\/www.africa-press.net\/cameroun\/politique\/humiliation-un-journal-francais-massacre-biya-avant-larrivee-de-macron\",\"name\":\"Humiliation : un journal fran\u00e7ais massacre Biya avant l\u2019arriv\u00e9e de Macron - Cameroun\",\"isPartOf\":{\"@id\":\"https:\/\/www.africa-press.net\/cameroun\/#website\"},\"primaryImageOfPage\":{\"@id\":\"https:\/\/www.africa-press.net\/cameroun\/politique\/humiliation-un-journal-francais-massacre-biya-avant-larrivee-de-macron#primaryimage\"},\"image\":{\"@id\":\"https:\/\/www.africa-press.net\/cameroun\/politique\/humiliation-un-journal-francais-massacre-biya-avant-larrivee-de-macron#primaryimage\"},\"thumbnailUrl\":\"https:\/\/static.africa-press.net\/cameroun\/sites\/57\/2022\/07\/postQueueImg_5-62dc1e27e2329.jpg\",\"datePublished\":\"2022-07-23T15:52:28+00:00\",\"dateModified\":\"2022-07-23T16:13:50+00:00\",\"author\":{\"@id\":\"https:\/\/www.africa-press.net\/cameroun\/#\/schema\/person\/2b1cf3cd81a31e3cd26889ca66d677f1\"},\"description\":\"Le journal Le Point n\u2019a pas \u00e9t\u00e9 tendre avec Paul Biya et son r\u00e9gime. A quelques jours de l\u2019arriv\u00e9e d\u2019Emmanuel Macron \u00e0 Y ...\",\"breadcrumb\":{\"@id\":\"https:\/\/www.africa-press.net\/cameroun\/politique\/humiliation-un-journal-francais-massacre-biya-avant-larrivee-de-macron#breadcrumb\"},\"inLanguage\":\"fr-FR\",\"potentialAction\":[{\"@type\":\"ReadAction\",\"target\":[\"https:\/\/www.africa-press.net\/cameroun\/politique\/humiliation-un-journal-francais-massacre-biya-avant-larrivee-de-macron\"]}]},{\"@type\":\"ImageObject\",\"inLanguage\":\"fr-FR\",\"@id\":\"https:\/\/www.africa-press.net\/cameroun\/politique\/humiliation-un-journal-francais-massacre-biya-avant-larrivee-de-macron#primaryimage\",\"url\":\"https:\/\/static.africa-press.net\/cameroun\/sites\/57\/2022\/07\/postQueueImg_5-62dc1e27e2329.jpg\",\"contentUrl\":\"https:\/\/static.africa-press.net\/cameroun\/sites\/57\/2022\/07\/postQueueImg_5-62dc1e27e2329.jpg\",\"width\":1280,\"height\":720,\"caption\":\"Humiliation : un journal fran\u00e7ais massacre Biya avant l\u2019arriv\u00e9e de Macron\"},{\"@type\":\"BreadcrumbList\",\"@id\":\"https:\/\/www.africa-press.net\/cameroun\/politique\/humiliation-un-journal-francais-massacre-biya-avant-larrivee-de-macron#breadcrumb\",\"itemListElement\":[{\"@type\":\"ListItem\",\"position\":1,\"name\":\"Accueil\",\"item\":\"https:\/\/www.africa-press.net\/cameroun\/\"},{\"@type\":\"ListItem\",\"position\":2,\"name\":\"Humiliation : un journal fran\u00e7ais massacre Biya avant l\u2019arriv\u00e9e de Macron\"}]},{\"@type\":\"WebSite\",\"@id\":\"https:\/\/www.africa-press.net\/cameroun\/#website\",\"url\":\"https:\/\/www.africa-press.net\/cameroun\/\",\"name\":\"Cameroun\",\"description\":\"Just another Africa News Agency Sites site\",\"potentialAction\":[{\"@type\":\"SearchAction\",\"target\":{\"@type\":\"EntryPoint\",\"urlTemplate\":\"https:\/\/www.africa-press.net\/cameroun\/?s={search_term_string}\"},\"query-input\":{\"@type\":\"PropertyValueSpecification\",\"valueRequired\":true,\"valueName\":\"search_term_string\"}}],\"inLanguage\":\"fr-FR\"},{\"@type\":\"Person\",\"@id\":\"https:\/\/www.africa-press.net\/cameroun\/#\/schema\/person\/2b1cf3cd81a31e3cd26889ca66d677f1\",\"name\":\"cfeditorfr\"}]}<\/script>\n<!-- \/ Yoast SEO Premium plugin. -->","yoast_head_json":{"title":"Humiliation : un journal fran\u00e7ais massacre Biya avant l\u2019arriv\u00e9e de Macron - Cameroun","description":"Le journal Le Point n\u2019a pas \u00e9t\u00e9 tendre avec Paul Biya et son r\u00e9gime. A quelques jours de l\u2019arriv\u00e9e d\u2019Emmanuel Macron \u00e0 Y ...","robots":{"index":"index","follow":"follow","max-snippet":"max-snippet:-1","max-image-preview":"max-image-preview:large","max-video-preview":"max-video-preview:-1"},"canonical":"https:\/\/www.africa-press.net\/cameroun\/politique\/humiliation-un-journal-francais-massacre-biya-avant-larrivee-de-macron","og_locale":"fr_FR","og_type":"article","og_title":"Humiliation : un journal fran\u00e7ais massacre Biya avant l\u2019arriv\u00e9e de Macron","og_description":"Le journal Le Point n\u2019a pas \u00e9t\u00e9 tendre avec Paul Biya et son r\u00e9gime. A quelques jours de l\u2019arriv\u00e9e d\u2019Emmanuel Macron \u00e0 Y ...","og_url":"https:\/\/www.africa-press.net\/cameroun\/politique\/humiliation-un-journal-francais-massacre-biya-avant-larrivee-de-macron","og_site_name":"Cameroun","article_published_time":"2022-07-23T15:52:28+00:00","article_modified_time":"2022-07-23T16:13:50+00:00","og_image":[{"width":1280,"height":720,"url":"https:\/\/static.africa-press.net\/cameroun\/sites\/57\/2022\/07\/postQueueImg_5-62dc1e27e2329.jpg","type":"image\/jpeg"}],"author":"cfeditorfr","twitter_card":"summary_large_image","twitter_misc":{"\u00c9crit par":"cfeditorfr","Dur\u00e9e de lecture estim\u00e9e":"2 minutes"},"schema":{"@context":"https:\/\/schema.org","@graph":[{"@type":"Article","@id":"https:\/\/www.africa-press.net\/cameroun\/politique\/humiliation-un-journal-francais-massacre-biya-avant-larrivee-de-macron#article","isPartOf":{"@id":"https:\/\/www.africa-press.net\/cameroun\/politique\/humiliation-un-journal-francais-massacre-biya-avant-larrivee-de-macron"},"author":{"name":"cfeditorfr","@id":"https:\/\/www.africa-press.net\/cameroun\/#\/schema\/person\/2b1cf3cd81a31e3cd26889ca66d677f1"},"headline":"Humiliation : un journal fran\u00e7ais massacre Biya avant l\u2019arriv\u00e9e de Macron","datePublished":"2022-07-23T15:52:28+00:00","dateModified":"2022-07-23T16:13:50+00:00","mainEntityOfPage":{"@id":"https:\/\/www.africa-press.net\/cameroun\/politique\/humiliation-un-journal-francais-massacre-biya-avant-larrivee-de-macron"},"wordCount":412,"commentCount":0,"image":{"@id":"https:\/\/www.africa-press.net\/cameroun\/politique\/humiliation-un-journal-francais-massacre-biya-avant-larrivee-de-macron#primaryimage"},"thumbnailUrl":"https:\/\/static.africa-press.net\/cameroun\/sites\/57\/2022\/07\/postQueueImg_5-62dc1e27e2329.jpg","keywords":["Africa Press","Africa Press-Cameroun","Cameroun"],"articleSection":["homepage-french","Politique","Toutes les actualit\u00e9s"],"inLanguage":"fr-FR","potentialAction":[{"@type":"CommentAction","name":"Comment","target":["https:\/\/www.africa-press.net\/cameroun\/politique\/humiliation-un-journal-francais-massacre-biya-avant-larrivee-de-macron#respond"]}]},{"@type":"WebPage","@id":"https:\/\/www.africa-press.net\/cameroun\/politique\/humiliation-un-journal-francais-massacre-biya-avant-larrivee-de-macron","url":"https:\/\/www.africa-press.net\/cameroun\/politique\/humiliation-un-journal-francais-massacre-biya-avant-larrivee-de-macron","name":"Humiliation : un journal fran\u00e7ais massacre Biya avant l\u2019arriv\u00e9e de Macron - Cameroun","isPartOf":{"@id":"https:\/\/www.africa-press.net\/cameroun\/#website"},"primaryImageOfPage":{"@id":"https:\/\/www.africa-press.net\/cameroun\/politique\/humiliation-un-journal-francais-massacre-biya-avant-larrivee-de-macron#primaryimage"},"image":{"@id":"https:\/\/www.africa-press.net\/cameroun\/politique\/humiliation-un-journal-francais-massacre-biya-avant-larrivee-de-macron#primaryimage"},"thumbnailUrl":"https:\/\/static.africa-press.net\/cameroun\/sites\/57\/2022\/07\/postQueueImg_5-62dc1e27e2329.jpg","datePublished":"2022-07-23T15:52:28+00:00","dateModified":"2022-07-23T16:13:50+00:00","author":{"@id":"https:\/\/www.africa-press.net\/cameroun\/#\/schema\/person\/2b1cf3cd81a31e3cd26889ca66d677f1"},"description":"Le journal Le Point n\u2019a pas \u00e9t\u00e9 tendre avec Paul Biya et son r\u00e9gime. A quelques jours de l\u2019arriv\u00e9e d\u2019Emmanuel Macron \u00e0 Y ...","breadcrumb":{"@id":"https:\/\/www.africa-press.net\/cameroun\/politique\/humiliation-un-journal-francais-massacre-biya-avant-larrivee-de-macron#breadcrumb"},"inLanguage":"fr-FR","potentialAction":[{"@type":"ReadAction","target":["https:\/\/www.africa-press.net\/cameroun\/politique\/humiliation-un-journal-francais-massacre-biya-avant-larrivee-de-macron"]}]},{"@type":"ImageObject","inLanguage":"fr-FR","@id":"https:\/\/www.africa-press.net\/cameroun\/politique\/humiliation-un-journal-francais-massacre-biya-avant-larrivee-de-macron#primaryimage","url":"https:\/\/static.africa-press.net\/cameroun\/sites\/57\/2022\/07\/postQueueImg_5-62dc1e27e2329.jpg","contentUrl":"https:\/\/static.africa-press.net\/cameroun\/sites\/57\/2022\/07\/postQueueImg_5-62dc1e27e2329.jpg","width":1280,"height":720,"caption":"Humiliation : un journal fran\u00e7ais massacre Biya avant l\u2019arriv\u00e9e de Macron"},{"@type":"BreadcrumbList","@id":"https:\/\/www.africa-press.net\/cameroun\/politique\/humiliation-un-journal-francais-massacre-biya-avant-larrivee-de-macron#breadcrumb","itemListElement":[{"@type":"ListItem","position":1,"name":"Accueil","item":"https:\/\/www.africa-press.net\/cameroun\/"},{"@type":"ListItem","position":2,"name":"Humiliation : un journal fran\u00e7ais massacre Biya avant l\u2019arriv\u00e9e de Macron"}]},{"@type":"WebSite","@id":"https:\/\/www.africa-press.net\/cameroun\/#website","url":"https:\/\/www.africa-press.net\/cameroun\/","name":"Cameroun","description":"Just another Africa News Agency Sites site","potentialAction":[{"@type":"SearchAction","target":{"@type":"EntryPoint","urlTemplate":"https:\/\/www.africa-press.net\/cameroun\/?s={search_term_string}"},"query-input":{"@type":"PropertyValueSpecification","valueRequired":true,"valueName":"search_term_string"}}],"inLanguage":"fr-FR"},{"@type":"Person","@id":"https:\/\/www.africa-press.net\/cameroun\/#\/schema\/person\/2b1cf3cd81a31e3cd26889ca66d677f1","name":"cfeditorfr"}]}},"_links":{"self":[{"href":"https:\/\/www.africa-press.net\/cameroun\/wp-json\/wp\/v2\/posts\/24104","targetHints":{"allow":["GET"]}}],"collection":[{"href":"https:\/\/www.africa-press.net\/cameroun\/wp-json\/wp\/v2\/posts"}],"about":[{"href":"https:\/\/www.africa-press.net\/cameroun\/wp-json\/wp\/v2\/types\/post"}],"author":[{"embeddable":true,"href":"https:\/\/www.africa-press.net\/cameroun\/wp-json\/wp\/v2\/users\/82"}],"replies":[{"embeddable":true,"href":"https:\/\/www.africa-press.net\/cameroun\/wp-json\/wp\/v2\/comments?post=24104"}],"version-history":[{"count":0,"href":"https:\/\/www.africa-press.net\/cameroun\/wp-json\/wp\/v2\/posts\/24104\/revisions"}],"wp:featuredmedia":[{"embeddable":true,"href":"https:\/\/www.africa-press.net\/cameroun\/wp-json\/wp\/v2\/media\/24103"}],"wp:attachment":[{"href":"https:\/\/www.africa-press.net\/cameroun\/wp-json\/wp\/v2\/media?parent=24104"}],"wp:term":[{"taxonomy":"category","embeddable":true,"href":"https:\/\/www.africa-press.net\/cameroun\/wp-json\/wp\/v2\/categories?post=24104"},{"taxonomy":"post_tag","embeddable":true,"href":"https:\/\/www.africa-press.net\/cameroun\/wp-json\/wp\/v2\/tags?post=24104"}],"curies":[{"name":"wp","href":"https:\/\/api.w.org\/{rel}","templated":true}]}}