{"id":24117,"date":"2022-07-24T17:17:50","date_gmt":"2022-07-24T17:17:50","guid":{"rendered":"https:\/\/www.africa-press.net\/cameroun\/politique\/france-selon-le-programme-officiel-paul-biya-pourrait-ne-pas-se-deplacer-pour-aller-accueillir-macron-a-laeroport-international-de-yaounde-nsimalen"},"modified":"2022-07-24T17:18:08","modified_gmt":"2022-07-24T17:18:08","slug":"france-selon-le-programme-officiel-paul-biya-pourrait-ne-pas-se-deplacer-pour-aller-accueillir-macron-a-laeroport-international-de-yaounde-nsimalen","status":"publish","type":"post","link":"https:\/\/www.africa-press.net\/cameroun\/politique\/france-selon-le-programme-officiel-paul-biya-pourrait-ne-pas-se-deplacer-pour-aller-accueillir-macron-a-laeroport-international-de-yaounde-nsimalen","title":{"rendered":"France\u00a0: Selon le programme officiel, Paul Biya pourrait ne pas se d\u00e9placer pour aller accueillir Macron \u00e0 l\u2019a\u00e9roport international de Yaound\u00e9 &#8211; Nsimalen"},"content":{"rendered":"<p><span style=\"color: #ff6600\"><strong>Africa-Press &#8211; Cameroun. <\/strong><\/span>Au pouvoir en France depuis 2017, le successeur de Fran\u00e7ois Hollande sera en terre camerounaise pour la premi\u00e8re fois.<\/p>\n<p>Contrairement \u00e0 ses pr\u00e9d\u00e9cesseurs qui ont d\u00e9j\u00e0 visit\u00e9 le pays Afrique en miniature, le dirigeant de 45 ans pourrait \u00eatre accueilli \u00e0 sa descente d\u2019avion par le repr\u00e9sentant de son homologue camerounais. C\u2019est ce qui transparait du programme officiel de cette visite d\u00e9voil\u00e9e au journal de 13h du poste national ce dimanche 24 juillet 2022.<\/p>\n<p>Au pouvoir depuis 40 ans, le pr\u00e9sident Paul Biya, \u00e2g\u00e9 de 89 ans, a consid\u00e9rablement r\u00e9duit ses d\u00e9placements ces derniers temps.<\/p>\n<p><b>Voici le dit programme officiel.<\/b><\/p>\n<p><b>Lundi 25 juillet 2022<\/b><\/p>\n<p>22h<\/p>\n<p>Atterrissage de l\u2019avion sp\u00e9cial ayant \u00e0 son bord S.E.M. le pr\u00e9sident de la R\u00e9publique fran\u00e7aise<\/p>\n<p>Accueil par S.E.M. le pr\u00e9sident de la R\u00e9publique du Cameroun ou son repr\u00e9sentant.<\/p>\n<p>Honneurs militaires.<\/p>\n<p>Bref arr\u00eat au pavillon d\u2019honneur<\/p>\n<p>22h20<\/p>\n<p>D\u00e9part du pavillon d\u2019honneur pour l\u2019h\u00f4tel Hilton<\/p>\n<p>22h40<\/p>\n<p>Arriv\u00e9e \u00e0 l\u2019h\u00f4tel Hilton, installation de Monsieur le pr\u00e9sident de la R\u00e9publique fran\u00e7aise<\/p>\n<p>&#8211; Soir\u00e9e libre<\/p>\n<p><b>Mardi 26 juillet 2022<\/b><\/p>\n<p>10h<\/p>\n<p>Rencontre avec la communaut\u00e9 fran\u00e7aise \u00e0 la r\u00e9sidence de France<\/p>\n<p>12h<\/p>\n<p>Entretien en t\u00eate-\u00e0-t\u00eate au palais de l\u2019Unit\u00e9 entre les deux Chefs d\u2019Etat. Au m\u00eame moment, s\u00e9ance de travail au palais de l\u2019Unit\u00e9 entre les ministres fran\u00e7ais et camerounais<\/p>\n<p>13h<\/p>\n<p>Fin de l\u2019entretien et conf\u00e9rence de presse des deux Chefs d\u2019Etat<\/p>\n<p>13h30<\/p>\n<p>D\u00e9jeuner officiel au palais de l\u2019Unit\u00e9 offert par Monsieur le pr\u00e9sident de la R\u00e9publique et Madame Chantal Biya en l\u2019honneur de S.E.M. le pr\u00e9sident de la R\u00e9publique fran\u00e7aise<\/p>\n<p>15h<\/p>\n<p>Fin du d\u00e9jeuner officiel<\/p>\n<p>D\u00e9part de S.E.M. le pr\u00e9sident de la R\u00e9publique fran\u00e7aise du palais de l\u2019Unit\u00e9 pour l\u2019h\u00f4tel Hilton<\/p>\n<p>16h-16h30<\/p>\n<p>Ev\u00e8nement sur la s\u00e9curit\u00e9 alimentaire et le r\u00f4le du secteur priv\u00e9 \u00e0 la r\u00e9sidence de France<\/p>\n<p>18h<\/p>\n<p>-Rencontre avec des jeunes camerounais et fran\u00e7ais au club Noah sur les enjeux climatiques et la d\u00e9mocratie participatives locales<\/p>\n<p>Soir\u00e9e libre<\/p>\n<p><b>Mercredi 27 juillet 2022<\/b><\/p>\n<p>8h<\/p>\n<p>D\u00e9part de S.E.M. le pr\u00e9sident de la R\u00e9publique fran\u00e7aise de l\u2019h\u00f4tel Hilton pour l\u2019a\u00e9roport international de Yaound\u00e9-Nsimalen.<\/p>\n<p>8h20<\/p>\n<p>Arriv\u00e9e de S.E.M. le pr\u00e9sident de la R\u00e9publique fran\u00e7aise \u00e0 l\u2019a\u00e9roport international de Yaound\u00e9-Nsimalen<\/p>\n<p>8h30<\/p>\n<p><strong>Pour plus d&rsquo;informations et d&rsquo;analyses sur la <a href=\"https:\/\/www.africa-press.net\/cameroun\">Cameroun<\/a>, suivez <a href=\"https:\/\/www.africa-press.net\/\">Africa-Press<\/a><\/strong><\/p>\n","protected":false},"excerpt":{"rendered":"<p>Africa-Press &#8211; Cameroun. Au pouvoir en France depuis 2017, le successeur de Fran\u00e7ois Hollande sera en terre camerounaise pour la premi\u00e8re fois. Contrairement \u00e0 ses pr\u00e9d\u00e9cesseurs qui ont d\u00e9j\u00e0 visit\u00e9 le pays Afrique en miniature, le dirigeant de 45 ans pourrait \u00eatre accueilli \u00e0 sa descente d\u2019avion par le repr\u00e9sentant de son homologue camerounais. C\u2019est [&hellip;]<\/p>\n","protected":false},"author":82,"featured_media":24116,"comment_status":"open","ping_status":"closed","sticky":false,"template":"","format":"standard","meta":{"footnotes":""},"categories":[11,2,20,10],"tags":[36,50,49],"class_list":["post-24117","post","type-post","status-publish","format-standard","has-post-thumbnail","hentry","category-homepage-french","category-politique","category-top-nouvelles","category-toutes-les-actualites","tag-africa-press","tag-africa-press-cameroun","tag-cameroun"],"yoast_head":"<!-- This site is optimized with the Yoast SEO Premium plugin v26.1 (Yoast SEO v27.0) - https:\/\/yoast.com\/product\/yoast-seo-premium-wordpress\/ -->\n<title>France\u00a0: Selon le programme officiel, Paul Biya pourrait ne pas se d\u00e9placer pour aller accueillir Macron \u00e0 l\u2019a\u00e9roport international de Yaound\u00e9 - Nsimalen - Cameroun<\/title>\n<meta name=\"description\" content=\"Au pouvoir en France depuis 2017, le successeur de Fran\u00e7ois Hollande sera en terre camerounaise pour la premi\u00e8re fois. ...\" \/>\n<meta name=\"robots\" content=\"index, follow, max-snippet:-1, max-image-preview:large, max-video-preview:-1\" \/>\n<link rel=\"canonical\" href=\"https:\/\/www.africa-press.net\/cameroun\/politique\/france-selon-le-programme-officiel-paul-biya-pourrait-ne-pas-se-deplacer-pour-aller-accueillir-macron-a-laeroport-international-de-yaounde-nsimalen\" \/>\n<meta property=\"og:locale\" content=\"fr_FR\" \/>\n<meta property=\"og:type\" content=\"article\" \/>\n<meta property=\"og:title\" content=\"France\u00a0: Selon le programme officiel, Paul Biya pourrait ne pas se d\u00e9placer pour aller accueillir Macron \u00e0 l\u2019a\u00e9roport international de Yaound\u00e9 - Nsimalen\" \/>\n<meta property=\"og:description\" content=\"Au pouvoir en France depuis 2017, le successeur de Fran\u00e7ois Hollande sera en terre camerounaise pour la premi\u00e8re fois. ...\" \/>\n<meta property=\"og:url\" content=\"https:\/\/www.africa-press.net\/cameroun\/politique\/france-selon-le-programme-officiel-paul-biya-pourrait-ne-pas-se-deplacer-pour-aller-accueillir-macron-a-laeroport-international-de-yaounde-nsimalen\" \/>\n<meta property=\"og:site_name\" content=\"Cameroun\" \/>\n<meta property=\"article:published_time\" content=\"2022-07-24T17:17:50+00:00\" \/>\n<meta property=\"article:modified_time\" content=\"2022-07-24T17:18:08+00:00\" \/>\n<meta property=\"og:image\" content=\"https:\/\/static.africa-press.net\/cameroun\/sites\/57\/2022\/07\/img-62dd7eb43037d.jpg\" \/>\n\t<meta property=\"og:image:width\" content=\"800\" \/>\n\t<meta property=\"og:image:height\" content=\"449\" \/>\n\t<meta property=\"og:image:type\" content=\"image\/jpeg\" \/>\n<meta name=\"author\" content=\"cfeditorfr\" \/>\n<meta name=\"twitter:card\" content=\"summary_large_image\" \/>\n<meta name=\"twitter:label1\" content=\"\u00c9crit par\" \/>\n\t<meta name=\"twitter:data1\" content=\"cfeditorfr\" \/>\n\t<meta name=\"twitter:label2\" content=\"Dur\u00e9e de lecture estim\u00e9e\" \/>\n\t<meta name=\"twitter:data2\" content=\"2 minutes\" \/>\n<script type=\"application\/ld+json\" class=\"yoast-schema-graph\">{\"@context\":\"https:\/\/schema.org\",\"@graph\":[{\"@type\":\"Article\",\"@id\":\"https:\/\/www.africa-press.net\/cameroun\/politique\/france-selon-le-programme-officiel-paul-biya-pourrait-ne-pas-se-deplacer-pour-aller-accueillir-macron-a-laeroport-international-de-yaounde-nsimalen#article\",\"isPartOf\":{\"@id\":\"https:\/\/www.africa-press.net\/cameroun\/politique\/france-selon-le-programme-officiel-paul-biya-pourrait-ne-pas-se-deplacer-pour-aller-accueillir-macron-a-laeroport-international-de-yaounde-nsimalen\"},\"author\":{\"name\":\"cfeditorfr\",\"@id\":\"https:\/\/www.africa-press.net\/cameroun\/#\/schema\/person\/2b1cf3cd81a31e3cd26889ca66d677f1\"},\"headline\":\"France\u00a0: Selon le programme officiel, Paul Biya pourrait ne pas se d\u00e9placer pour aller accueillir Macron \u00e0 l\u2019a\u00e9roport international de Yaound\u00e9 &#8211; Nsimalen\",\"datePublished\":\"2022-07-24T17:17:50+00:00\",\"dateModified\":\"2022-07-24T17:18:08+00:00\",\"mainEntityOfPage\":{\"@id\":\"https:\/\/www.africa-press.net\/cameroun\/politique\/france-selon-le-programme-officiel-paul-biya-pourrait-ne-pas-se-deplacer-pour-aller-accueillir-macron-a-laeroport-international-de-yaounde-nsimalen\"},\"wordCount\":470,\"commentCount\":0,\"image\":{\"@id\":\"https:\/\/www.africa-press.net\/cameroun\/politique\/france-selon-le-programme-officiel-paul-biya-pourrait-ne-pas-se-deplacer-pour-aller-accueillir-macron-a-laeroport-international-de-yaounde-nsimalen#primaryimage\"},\"thumbnailUrl\":\"https:\/\/static.africa-press.net\/cameroun\/sites\/57\/2022\/07\/img-62dd7eb43037d.jpg\",\"keywords\":[\"Africa Press\",\"Africa Press-Cameroun\",\"Cameroun\"],\"articleSection\":[\"homepage-french\",\"Politique\",\"Top Nouvelles\",\"Toutes les actualit\u00e9s\"],\"inLanguage\":\"fr-FR\",\"potentialAction\":[{\"@type\":\"CommentAction\",\"name\":\"Comment\",\"target\":[\"https:\/\/www.africa-press.net\/cameroun\/politique\/france-selon-le-programme-officiel-paul-biya-pourrait-ne-pas-se-deplacer-pour-aller-accueillir-macron-a-laeroport-international-de-yaounde-nsimalen#respond\"]}]},{\"@type\":\"WebPage\",\"@id\":\"https:\/\/www.africa-press.net\/cameroun\/politique\/france-selon-le-programme-officiel-paul-biya-pourrait-ne-pas-se-deplacer-pour-aller-accueillir-macron-a-laeroport-international-de-yaounde-nsimalen\",\"url\":\"https:\/\/www.africa-press.net\/cameroun\/politique\/france-selon-le-programme-officiel-paul-biya-pourrait-ne-pas-se-deplacer-pour-aller-accueillir-macron-a-laeroport-international-de-yaounde-nsimalen\",\"name\":\"France\u00a0: Selon le programme officiel, Paul Biya pourrait ne pas se d\u00e9placer pour aller accueillir Macron \u00e0 l\u2019a\u00e9roport international de Yaound\u00e9 - Nsimalen - Cameroun\",\"isPartOf\":{\"@id\":\"https:\/\/www.africa-press.net\/cameroun\/#website\"},\"primaryImageOfPage\":{\"@id\":\"https:\/\/www.africa-press.net\/cameroun\/politique\/france-selon-le-programme-officiel-paul-biya-pourrait-ne-pas-se-deplacer-pour-aller-accueillir-macron-a-laeroport-international-de-yaounde-nsimalen#primaryimage\"},\"image\":{\"@id\":\"https:\/\/www.africa-press.net\/cameroun\/politique\/france-selon-le-programme-officiel-paul-biya-pourrait-ne-pas-se-deplacer-pour-aller-accueillir-macron-a-laeroport-international-de-yaounde-nsimalen#primaryimage\"},\"thumbnailUrl\":\"https:\/\/static.africa-press.net\/cameroun\/sites\/57\/2022\/07\/img-62dd7eb43037d.jpg\",\"datePublished\":\"2022-07-24T17:17:50+00:00\",\"dateModified\":\"2022-07-24T17:18:08+00:00\",\"author\":{\"@id\":\"https:\/\/www.africa-press.net\/cameroun\/#\/schema\/person\/2b1cf3cd81a31e3cd26889ca66d677f1\"},\"description\":\"Au pouvoir en France depuis 2017, le successeur de Fran\u00e7ois Hollande sera en terre camerounaise pour la premi\u00e8re fois. ...\",\"breadcrumb\":{\"@id\":\"https:\/\/www.africa-press.net\/cameroun\/politique\/france-selon-le-programme-officiel-paul-biya-pourrait-ne-pas-se-deplacer-pour-aller-accueillir-macron-a-laeroport-international-de-yaounde-nsimalen#breadcrumb\"},\"inLanguage\":\"fr-FR\",\"potentialAction\":[{\"@type\":\"ReadAction\",\"target\":[\"https:\/\/www.africa-press.net\/cameroun\/politique\/france-selon-le-programme-officiel-paul-biya-pourrait-ne-pas-se-deplacer-pour-aller-accueillir-macron-a-laeroport-international-de-yaounde-nsimalen\"]}]},{\"@type\":\"ImageObject\",\"inLanguage\":\"fr-FR\",\"@id\":\"https:\/\/www.africa-press.net\/cameroun\/politique\/france-selon-le-programme-officiel-paul-biya-pourrait-ne-pas-se-deplacer-pour-aller-accueillir-macron-a-laeroport-international-de-yaounde-nsimalen#primaryimage\",\"url\":\"https:\/\/static.africa-press.net\/cameroun\/sites\/57\/2022\/07\/img-62dd7eb43037d.jpg\",\"contentUrl\":\"https:\/\/static.africa-press.net\/cameroun\/sites\/57\/2022\/07\/img-62dd7eb43037d.jpg\",\"width\":800,\"height\":449,\"caption\":\"France\u00a0: Selon le programme officiel, Paul Biya pourrait ne pas se d\u00e9placer pour aller accueillir Macron \u00e0 l\u2019a\u00e9roport international de Yaound\u00e9 - Nsimalen\"},{\"@type\":\"BreadcrumbList\",\"@id\":\"https:\/\/www.africa-press.net\/cameroun\/politique\/france-selon-le-programme-officiel-paul-biya-pourrait-ne-pas-se-deplacer-pour-aller-accueillir-macron-a-laeroport-international-de-yaounde-nsimalen#breadcrumb\",\"itemListElement\":[{\"@type\":\"ListItem\",\"position\":1,\"name\":\"Accueil\",\"item\":\"https:\/\/www.africa-press.net\/cameroun\/\"},{\"@type\":\"ListItem\",\"position\":2,\"name\":\"France\u00a0: Selon le programme officiel, Paul Biya pourrait ne pas se d\u00e9placer pour aller accueillir Macron \u00e0 l\u2019a\u00e9roport international de Yaound\u00e9 &#8211; Nsimalen\"}]},{\"@type\":\"WebSite\",\"@id\":\"https:\/\/www.africa-press.net\/cameroun\/#website\",\"url\":\"https:\/\/www.africa-press.net\/cameroun\/\",\"name\":\"Cameroun\",\"description\":\"Just another Africa News Agency Sites site\",\"potentialAction\":[{\"@type\":\"SearchAction\",\"target\":{\"@type\":\"EntryPoint\",\"urlTemplate\":\"https:\/\/www.africa-press.net\/cameroun\/?s={search_term_string}\"},\"query-input\":{\"@type\":\"PropertyValueSpecification\",\"valueRequired\":true,\"valueName\":\"search_term_string\"}}],\"inLanguage\":\"fr-FR\"},{\"@type\":\"Person\",\"@id\":\"https:\/\/www.africa-press.net\/cameroun\/#\/schema\/person\/2b1cf3cd81a31e3cd26889ca66d677f1\",\"name\":\"cfeditorfr\"}]}<\/script>\n<!-- \/ Yoast SEO Premium plugin. -->","yoast_head_json":{"title":"France\u00a0: Selon le programme officiel, Paul Biya pourrait ne pas se d\u00e9placer pour aller accueillir Macron \u00e0 l\u2019a\u00e9roport international de Yaound\u00e9 - Nsimalen - Cameroun","description":"Au pouvoir en France depuis 2017, le successeur de Fran\u00e7ois Hollande sera en terre camerounaise pour la premi\u00e8re fois. ...","robots":{"index":"index","follow":"follow","max-snippet":"max-snippet:-1","max-image-preview":"max-image-preview:large","max-video-preview":"max-video-preview:-1"},"canonical":"https:\/\/www.africa-press.net\/cameroun\/politique\/france-selon-le-programme-officiel-paul-biya-pourrait-ne-pas-se-deplacer-pour-aller-accueillir-macron-a-laeroport-international-de-yaounde-nsimalen","og_locale":"fr_FR","og_type":"article","og_title":"France\u00a0: Selon le programme officiel, Paul Biya pourrait ne pas se d\u00e9placer pour aller accueillir Macron \u00e0 l\u2019a\u00e9roport international de Yaound\u00e9 - Nsimalen","og_description":"Au pouvoir en France depuis 2017, le successeur de Fran\u00e7ois Hollande sera en terre camerounaise pour la premi\u00e8re fois. ...","og_url":"https:\/\/www.africa-press.net\/cameroun\/politique\/france-selon-le-programme-officiel-paul-biya-pourrait-ne-pas-se-deplacer-pour-aller-accueillir-macron-a-laeroport-international-de-yaounde-nsimalen","og_site_name":"Cameroun","article_published_time":"2022-07-24T17:17:50+00:00","article_modified_time":"2022-07-24T17:18:08+00:00","og_image":[{"width":800,"height":449,"url":"https:\/\/static.africa-press.net\/cameroun\/sites\/57\/2022\/07\/img-62dd7eb43037d.jpg","type":"image\/jpeg"}],"author":"cfeditorfr","twitter_card":"summary_large_image","twitter_misc":{"\u00c9crit par":"cfeditorfr","Dur\u00e9e de lecture estim\u00e9e":"2 minutes"},"schema":{"@context":"https:\/\/schema.org","@graph":[{"@type":"Article","@id":"https:\/\/www.africa-press.net\/cameroun\/politique\/france-selon-le-programme-officiel-paul-biya-pourrait-ne-pas-se-deplacer-pour-aller-accueillir-macron-a-laeroport-international-de-yaounde-nsimalen#article","isPartOf":{"@id":"https:\/\/www.africa-press.net\/cameroun\/politique\/france-selon-le-programme-officiel-paul-biya-pourrait-ne-pas-se-deplacer-pour-aller-accueillir-macron-a-laeroport-international-de-yaounde-nsimalen"},"author":{"name":"cfeditorfr","@id":"https:\/\/www.africa-press.net\/cameroun\/#\/schema\/person\/2b1cf3cd81a31e3cd26889ca66d677f1"},"headline":"France\u00a0: Selon le programme officiel, Paul Biya pourrait ne pas se d\u00e9placer pour aller accueillir Macron \u00e0 l\u2019a\u00e9roport international de Yaound\u00e9 &#8211; Nsimalen","datePublished":"2022-07-24T17:17:50+00:00","dateModified":"2022-07-24T17:18:08+00:00","mainEntityOfPage":{"@id":"https:\/\/www.africa-press.net\/cameroun\/politique\/france-selon-le-programme-officiel-paul-biya-pourrait-ne-pas-se-deplacer-pour-aller-accueillir-macron-a-laeroport-international-de-yaounde-nsimalen"},"wordCount":470,"commentCount":0,"image":{"@id":"https:\/\/www.africa-press.net\/cameroun\/politique\/france-selon-le-programme-officiel-paul-biya-pourrait-ne-pas-se-deplacer-pour-aller-accueillir-macron-a-laeroport-international-de-yaounde-nsimalen#primaryimage"},"thumbnailUrl":"https:\/\/static.africa-press.net\/cameroun\/sites\/57\/2022\/07\/img-62dd7eb43037d.jpg","keywords":["Africa Press","Africa Press-Cameroun","Cameroun"],"articleSection":["homepage-french","Politique","Top Nouvelles","Toutes les actualit\u00e9s"],"inLanguage":"fr-FR","potentialAction":[{"@type":"CommentAction","name":"Comment","target":["https:\/\/www.africa-press.net\/cameroun\/politique\/france-selon-le-programme-officiel-paul-biya-pourrait-ne-pas-se-deplacer-pour-aller-accueillir-macron-a-laeroport-international-de-yaounde-nsimalen#respond"]}]},{"@type":"WebPage","@id":"https:\/\/www.africa-press.net\/cameroun\/politique\/france-selon-le-programme-officiel-paul-biya-pourrait-ne-pas-se-deplacer-pour-aller-accueillir-macron-a-laeroport-international-de-yaounde-nsimalen","url":"https:\/\/www.africa-press.net\/cameroun\/politique\/france-selon-le-programme-officiel-paul-biya-pourrait-ne-pas-se-deplacer-pour-aller-accueillir-macron-a-laeroport-international-de-yaounde-nsimalen","name":"France\u00a0: Selon le programme officiel, Paul Biya pourrait ne pas se d\u00e9placer pour aller accueillir Macron \u00e0 l\u2019a\u00e9roport international de Yaound\u00e9 - Nsimalen - Cameroun","isPartOf":{"@id":"https:\/\/www.africa-press.net\/cameroun\/#website"},"primaryImageOfPage":{"@id":"https:\/\/www.africa-press.net\/cameroun\/politique\/france-selon-le-programme-officiel-paul-biya-pourrait-ne-pas-se-deplacer-pour-aller-accueillir-macron-a-laeroport-international-de-yaounde-nsimalen#primaryimage"},"image":{"@id":"https:\/\/www.africa-press.net\/cameroun\/politique\/france-selon-le-programme-officiel-paul-biya-pourrait-ne-pas-se-deplacer-pour-aller-accueillir-macron-a-laeroport-international-de-yaounde-nsimalen#primaryimage"},"thumbnailUrl":"https:\/\/static.africa-press.net\/cameroun\/sites\/57\/2022\/07\/img-62dd7eb43037d.jpg","datePublished":"2022-07-24T17:17:50+00:00","dateModified":"2022-07-24T17:18:08+00:00","author":{"@id":"https:\/\/www.africa-press.net\/cameroun\/#\/schema\/person\/2b1cf3cd81a31e3cd26889ca66d677f1"},"description":"Au pouvoir en France depuis 2017, le successeur de Fran\u00e7ois Hollande sera en terre camerounaise pour la premi\u00e8re fois. ...","breadcrumb":{"@id":"https:\/\/www.africa-press.net\/cameroun\/politique\/france-selon-le-programme-officiel-paul-biya-pourrait-ne-pas-se-deplacer-pour-aller-accueillir-macron-a-laeroport-international-de-yaounde-nsimalen#breadcrumb"},"inLanguage":"fr-FR","potentialAction":[{"@type":"ReadAction","target":["https:\/\/www.africa-press.net\/cameroun\/politique\/france-selon-le-programme-officiel-paul-biya-pourrait-ne-pas-se-deplacer-pour-aller-accueillir-macron-a-laeroport-international-de-yaounde-nsimalen"]}]},{"@type":"ImageObject","inLanguage":"fr-FR","@id":"https:\/\/www.africa-press.net\/cameroun\/politique\/france-selon-le-programme-officiel-paul-biya-pourrait-ne-pas-se-deplacer-pour-aller-accueillir-macron-a-laeroport-international-de-yaounde-nsimalen#primaryimage","url":"https:\/\/static.africa-press.net\/cameroun\/sites\/57\/2022\/07\/img-62dd7eb43037d.jpg","contentUrl":"https:\/\/static.africa-press.net\/cameroun\/sites\/57\/2022\/07\/img-62dd7eb43037d.jpg","width":800,"height":449,"caption":"France\u00a0: Selon le programme officiel, Paul Biya pourrait ne pas se d\u00e9placer pour aller accueillir Macron \u00e0 l\u2019a\u00e9roport international de Yaound\u00e9 - Nsimalen"},{"@type":"BreadcrumbList","@id":"https:\/\/www.africa-press.net\/cameroun\/politique\/france-selon-le-programme-officiel-paul-biya-pourrait-ne-pas-se-deplacer-pour-aller-accueillir-macron-a-laeroport-international-de-yaounde-nsimalen#breadcrumb","itemListElement":[{"@type":"ListItem","position":1,"name":"Accueil","item":"https:\/\/www.africa-press.net\/cameroun\/"},{"@type":"ListItem","position":2,"name":"France\u00a0: Selon le programme officiel, Paul Biya pourrait ne pas se d\u00e9placer pour aller accueillir Macron \u00e0 l\u2019a\u00e9roport international de Yaound\u00e9 &#8211; Nsimalen"}]},{"@type":"WebSite","@id":"https:\/\/www.africa-press.net\/cameroun\/#website","url":"https:\/\/www.africa-press.net\/cameroun\/","name":"Cameroun","description":"Just another Africa News Agency Sites site","potentialAction":[{"@type":"SearchAction","target":{"@type":"EntryPoint","urlTemplate":"https:\/\/www.africa-press.net\/cameroun\/?s={search_term_string}"},"query-input":{"@type":"PropertyValueSpecification","valueRequired":true,"valueName":"search_term_string"}}],"inLanguage":"fr-FR"},{"@type":"Person","@id":"https:\/\/www.africa-press.net\/cameroun\/#\/schema\/person\/2b1cf3cd81a31e3cd26889ca66d677f1","name":"cfeditorfr"}]}},"_links":{"self":[{"href":"https:\/\/www.africa-press.net\/cameroun\/wp-json\/wp\/v2\/posts\/24117","targetHints":{"allow":["GET"]}}],"collection":[{"href":"https:\/\/www.africa-press.net\/cameroun\/wp-json\/wp\/v2\/posts"}],"about":[{"href":"https:\/\/www.africa-press.net\/cameroun\/wp-json\/wp\/v2\/types\/post"}],"author":[{"embeddable":true,"href":"https:\/\/www.africa-press.net\/cameroun\/wp-json\/wp\/v2\/users\/82"}],"replies":[{"embeddable":true,"href":"https:\/\/www.africa-press.net\/cameroun\/wp-json\/wp\/v2\/comments?post=24117"}],"version-history":[{"count":0,"href":"https:\/\/www.africa-press.net\/cameroun\/wp-json\/wp\/v2\/posts\/24117\/revisions"}],"wp:featuredmedia":[{"embeddable":true,"href":"https:\/\/www.africa-press.net\/cameroun\/wp-json\/wp\/v2\/media\/24116"}],"wp:attachment":[{"href":"https:\/\/www.africa-press.net\/cameroun\/wp-json\/wp\/v2\/media?parent=24117"}],"wp:term":[{"taxonomy":"category","embeddable":true,"href":"https:\/\/www.africa-press.net\/cameroun\/wp-json\/wp\/v2\/categories?post=24117"},{"taxonomy":"post_tag","embeddable":true,"href":"https:\/\/www.africa-press.net\/cameroun\/wp-json\/wp\/v2\/tags?post=24117"}],"curies":[{"name":"wp","href":"https:\/\/api.w.org\/{rel}","templated":true}]}}