{"id":24120,"date":"2022-07-24T14:27:23","date_gmt":"2022-07-24T14:27:23","guid":{"rendered":"https:\/\/www.africa-press.net\/cameroun\/politique\/cameroun-decouvrez-les-curiosites-du-dossier-de-presse-relatif-a-la-visite-demmanuel-macron-a-yaounde"},"modified":"2022-07-24T17:18:43","modified_gmt":"2022-07-24T17:18:43","slug":"cameroun-decouvrez-les-curiosites-du-dossier-de-presse-relatif-a-la-visite-demmanuel-macron-a-yaounde","status":"publish","type":"post","link":"https:\/\/www.africa-press.net\/cameroun\/politique\/cameroun-decouvrez-les-curiosites-du-dossier-de-presse-relatif-a-la-visite-demmanuel-macron-a-yaounde","title":{"rendered":"Cameroun\u00a0: D\u00e9couvrez les curiosit\u00e9s du dossier de presse relatif \u00e0 la visite d\u2019Emmanuel Macron \u00e0 Yaound\u00e9"},"content":{"rendered":"<p><span style=\"color: #ff6600\"><strong>Africa-Press &#8211; Cameroun. <\/strong><\/span>A la faveur de la visite officielle qu&rsquo;effectue \u00e0 Yaound\u00e9 le pr\u00e9sident fran\u00e7ais du 25 au 27 juillet 2022, le cabinet civil de la pr\u00e9sidence de la R\u00e9publique du Cameroun a \u00e9dit\u00e9 comme il fallait s\u2019y attendre un dossier de presse. A la lecture de ce document de circonstance, l\u2019on apprend que la France d\u00e9tient un taux de ch\u00f4mage (8,1%) plus \u00e9lev\u00e9 que celui du Cameroun (3,9%). Une affirmation qui a d\u00e9clench\u00e9 une avalanche de commentaires critiques sur les r\u00e9seaux sociaux. La plupart des internautes mettent en doute les chiffres du taux de ch\u00f4mage au Cameroun publi\u00e9s par la pr\u00e9sidence de la R\u00e9publique surtout que r\u00e9cemment, l\u2019Institut national de la statistique (INS) qui est le service officiel des statistiques au Cameroun a affirm\u00e9 que le taux de ch\u00f4mage dans ce pays est de 6,1%.<\/p>\n<p>Dans le dossier qui est mis \u00e0 la disposition de la presse internationale, le r\u00e9gime de Yaound\u00e9 en a profit\u00e9 pour \u00e9triller ses opposants radicaux. \u00ab Les libert\u00e9s politiques au Cameroun \u00e0 l\u2019instar de toutes les grandes d\u00e9mocraties lib\u00e9rales, les libert\u00e9s publiques sont r\u00e9gies au Cameroun par un cadre juridique. Au sujet des manifestations publiques, la d\u00e9mocratie apais\u00e9e impuls\u00e9e par le Pr\u00e9sident de la R\u00e9publique, Son Excellence Paul BIYA, fait face de mani\u00e8re r\u00e9currente \u00e0 des vell\u00e9it\u00e9s de bravade par certains acteurs sociopolitiques des lois \u00e9tablies en mati\u00e8re des libert\u00e9s publiques, notamment celles r\u00e9gissant les manifestations publiques. A cet \u00e9gard, depuis 2018, date de la derni\u00e8re \u00e9lection pr\u00e9sidentielle au Cameroun, on a enregistr\u00e9 dans l\u2019espace public, des manifestations \u00e0 caract\u00e8re insurrectionnel et\/ou r\u00e9gionaliste, men\u00e9es par des partisans des partis politiques \u00e0 l\u2019id\u00e9ologie extr\u00e9miste. Au regard de la diversit\u00e9 sociologique et culturelle de la Nation camerounaise, cette violation permanente du cadre r\u00e9glementaire r\u00e9gissant les libert\u00e9s publiques est de nature \u00e0 mettre \u00e0 mal la coh\u00e9sion et l\u2019\u00e9quilibre du pays si chers au Chef de l\u2019Etat camerounais \u00bb peut-on lire dans le document.<\/p>\n<p>\u00ab Reporters sans fronti\u00e8res , l&rsquo;ONG bas\u00e9e \u00e0 Paris en France qui assure la promotion et la d\u00e9fense de la libert\u00e9 d&rsquo;informer et d&rsquo;\u00eatre inform\u00e9 partout dans le monde, en a aussi pris pour son grade.<\/p>\n<p>\u00abAu regard de la violence des critiques observ\u00e9es au quotidien \u00e0 l\u2019endroit du gouvernement et des autorit\u00e9s publiques, le Cameroun est assur\u00e9ment un des rares pays au monde o\u00f9 les professionnels de la presse b\u00e9n\u00e9ficient pleinement des libert\u00e9s qui leur sont garanties par la loi. Au m\u00e9pris de la r\u00e9alit\u00e9 factuelle, certaines ONG \u00e0 l\u2019instar de \u00abReporter Sans Fronti\u00e8res\u00bb, ne s\u2019embarrassent pas de mauvaise foi pour pr\u00e9senter le Cameroun curieusement comme un pays dans lequel la presse est musel\u00e9e.\u00bb<\/p>\n<p><b>Ci-dessous, le dossier de presse qui pr\u00e9sente le contexte et les enjeux de la visite d\u2019Emmanuel Macron et bien d\u2019autres secteurs de la coop\u00e9ration entre la France et le Cameroun<\/b><\/p>\n<p><strong>Pour plus d&rsquo;informations et d&rsquo;analyses sur la <a href=\"https:\/\/www.africa-press.net\/cameroun\">Cameroun<\/a>, suivez <a href=\"https:\/\/www.africa-press.net\/\">Africa-Press<\/a><\/strong><\/p>\n","protected":false},"excerpt":{"rendered":"<p>Africa-Press &#8211; Cameroun. A la faveur de la visite officielle qu&rsquo;effectue \u00e0 Yaound\u00e9 le pr\u00e9sident fran\u00e7ais du 25 au 27 juillet 2022, le cabinet civil de la pr\u00e9sidence de la R\u00e9publique du Cameroun a \u00e9dit\u00e9 comme il fallait s\u2019y attendre un dossier de presse. A la lecture de ce document de circonstance, l\u2019on apprend que [&hellip;]<\/p>\n","protected":false},"author":82,"featured_media":24119,"comment_status":"open","ping_status":"closed","sticky":false,"template":"","format":"standard","meta":{"footnotes":""},"categories":[11,2,20,10],"tags":[36,50,49],"class_list":["post-24120","post","type-post","status-publish","format-standard","has-post-thumbnail","hentry","category-homepage-french","category-politique","category-top-nouvelles","category-toutes-les-actualites","tag-africa-press","tag-africa-press-cameroun","tag-cameroun"],"yoast_head":"<!-- This site is optimized with the Yoast SEO Premium plugin v26.1 (Yoast SEO v27.0) - https:\/\/yoast.com\/product\/yoast-seo-premium-wordpress\/ -->\n<title>Cameroun\u00a0: D\u00e9couvrez les curiosit\u00e9s du dossier de presse relatif \u00e0 la visite d\u2019Emmanuel Macron \u00e0 Yaound\u00e9 - Cameroun<\/title>\n<meta name=\"description\" content=\"A la faveur de la visite officielle qu&#039;effectue \u00e0 Yaound\u00e9 le pr\u00e9sident fran\u00e7ais du 25 au 27 juillet 2022, le cabinet civ ...\" \/>\n<meta name=\"robots\" content=\"index, follow, max-snippet:-1, max-image-preview:large, max-video-preview:-1\" \/>\n<link rel=\"canonical\" href=\"https:\/\/www.africa-press.net\/cameroun\/politique\/cameroun-decouvrez-les-curiosites-du-dossier-de-presse-relatif-a-la-visite-demmanuel-macron-a-yaounde\" \/>\n<meta property=\"og:locale\" content=\"fr_FR\" \/>\n<meta property=\"og:type\" content=\"article\" \/>\n<meta property=\"og:title\" content=\"Cameroun\u00a0: D\u00e9couvrez les curiosit\u00e9s du dossier de presse relatif \u00e0 la visite d\u2019Emmanuel Macron \u00e0 Yaound\u00e9\" \/>\n<meta property=\"og:description\" content=\"A la faveur de la visite officielle qu&#039;effectue \u00e0 Yaound\u00e9 le pr\u00e9sident fran\u00e7ais du 25 au 27 juillet 2022, le cabinet civ ...\" \/>\n<meta property=\"og:url\" content=\"https:\/\/www.africa-press.net\/cameroun\/politique\/cameroun-decouvrez-les-curiosites-du-dossier-de-presse-relatif-a-la-visite-demmanuel-macron-a-yaounde\" \/>\n<meta property=\"og:site_name\" content=\"Cameroun\" \/>\n<meta property=\"article:published_time\" content=\"2022-07-24T14:27:23+00:00\" \/>\n<meta property=\"article:modified_time\" content=\"2022-07-24T17:18:43+00:00\" \/>\n<meta property=\"og:image\" content=\"https:\/\/static.africa-press.net\/cameroun\/sites\/57\/2022\/07\/img-62dd7edc4434c.jpg\" \/>\n\t<meta property=\"og:image:width\" content=\"800\" \/>\n\t<meta property=\"og:image:height\" content=\"533\" \/>\n\t<meta property=\"og:image:type\" content=\"image\/jpeg\" \/>\n<meta name=\"author\" content=\"cfeditorfr\" \/>\n<meta name=\"twitter:card\" content=\"summary_large_image\" \/>\n<meta name=\"twitter:label1\" content=\"\u00c9crit par\" \/>\n\t<meta name=\"twitter:data1\" content=\"cfeditorfr\" \/>\n\t<meta name=\"twitter:label2\" content=\"Dur\u00e9e de lecture estim\u00e9e\" \/>\n\t<meta name=\"twitter:data2\" content=\"3 minutes\" \/>\n<script type=\"application\/ld+json\" class=\"yoast-schema-graph\">{\"@context\":\"https:\/\/schema.org\",\"@graph\":[{\"@type\":\"Article\",\"@id\":\"https:\/\/www.africa-press.net\/cameroun\/politique\/cameroun-decouvrez-les-curiosites-du-dossier-de-presse-relatif-a-la-visite-demmanuel-macron-a-yaounde#article\",\"isPartOf\":{\"@id\":\"https:\/\/www.africa-press.net\/cameroun\/politique\/cameroun-decouvrez-les-curiosites-du-dossier-de-presse-relatif-a-la-visite-demmanuel-macron-a-yaounde\"},\"author\":{\"name\":\"cfeditorfr\",\"@id\":\"https:\/\/www.africa-press.net\/cameroun\/#\/schema\/person\/2b1cf3cd81a31e3cd26889ca66d677f1\"},\"headline\":\"Cameroun\u00a0: D\u00e9couvrez les curiosit\u00e9s du dossier de presse relatif \u00e0 la visite d\u2019Emmanuel Macron \u00e0 Yaound\u00e9\",\"datePublished\":\"2022-07-24T14:27:23+00:00\",\"dateModified\":\"2022-07-24T17:18:43+00:00\",\"mainEntityOfPage\":{\"@id\":\"https:\/\/www.africa-press.net\/cameroun\/politique\/cameroun-decouvrez-les-curiosites-du-dossier-de-presse-relatif-a-la-visite-demmanuel-macron-a-yaounde\"},\"wordCount\":547,\"commentCount\":0,\"image\":{\"@id\":\"https:\/\/www.africa-press.net\/cameroun\/politique\/cameroun-decouvrez-les-curiosites-du-dossier-de-presse-relatif-a-la-visite-demmanuel-macron-a-yaounde#primaryimage\"},\"thumbnailUrl\":\"https:\/\/static.africa-press.net\/cameroun\/sites\/57\/2022\/07\/img-62dd7edc4434c.jpg\",\"keywords\":[\"Africa Press\",\"Africa Press-Cameroun\",\"Cameroun\"],\"articleSection\":[\"homepage-french\",\"Politique\",\"Top Nouvelles\",\"Toutes les actualit\u00e9s\"],\"inLanguage\":\"fr-FR\",\"potentialAction\":[{\"@type\":\"CommentAction\",\"name\":\"Comment\",\"target\":[\"https:\/\/www.africa-press.net\/cameroun\/politique\/cameroun-decouvrez-les-curiosites-du-dossier-de-presse-relatif-a-la-visite-demmanuel-macron-a-yaounde#respond\"]}]},{\"@type\":\"WebPage\",\"@id\":\"https:\/\/www.africa-press.net\/cameroun\/politique\/cameroun-decouvrez-les-curiosites-du-dossier-de-presse-relatif-a-la-visite-demmanuel-macron-a-yaounde\",\"url\":\"https:\/\/www.africa-press.net\/cameroun\/politique\/cameroun-decouvrez-les-curiosites-du-dossier-de-presse-relatif-a-la-visite-demmanuel-macron-a-yaounde\",\"name\":\"Cameroun\u00a0: D\u00e9couvrez les curiosit\u00e9s du dossier de presse relatif \u00e0 la visite d\u2019Emmanuel Macron \u00e0 Yaound\u00e9 - Cameroun\",\"isPartOf\":{\"@id\":\"https:\/\/www.africa-press.net\/cameroun\/#website\"},\"primaryImageOfPage\":{\"@id\":\"https:\/\/www.africa-press.net\/cameroun\/politique\/cameroun-decouvrez-les-curiosites-du-dossier-de-presse-relatif-a-la-visite-demmanuel-macron-a-yaounde#primaryimage\"},\"image\":{\"@id\":\"https:\/\/www.africa-press.net\/cameroun\/politique\/cameroun-decouvrez-les-curiosites-du-dossier-de-presse-relatif-a-la-visite-demmanuel-macron-a-yaounde#primaryimage\"},\"thumbnailUrl\":\"https:\/\/static.africa-press.net\/cameroun\/sites\/57\/2022\/07\/img-62dd7edc4434c.jpg\",\"datePublished\":\"2022-07-24T14:27:23+00:00\",\"dateModified\":\"2022-07-24T17:18:43+00:00\",\"author\":{\"@id\":\"https:\/\/www.africa-press.net\/cameroun\/#\/schema\/person\/2b1cf3cd81a31e3cd26889ca66d677f1\"},\"description\":\"A la faveur de la visite officielle qu'effectue \u00e0 Yaound\u00e9 le pr\u00e9sident fran\u00e7ais du 25 au 27 juillet 2022, le cabinet civ ...\",\"breadcrumb\":{\"@id\":\"https:\/\/www.africa-press.net\/cameroun\/politique\/cameroun-decouvrez-les-curiosites-du-dossier-de-presse-relatif-a-la-visite-demmanuel-macron-a-yaounde#breadcrumb\"},\"inLanguage\":\"fr-FR\",\"potentialAction\":[{\"@type\":\"ReadAction\",\"target\":[\"https:\/\/www.africa-press.net\/cameroun\/politique\/cameroun-decouvrez-les-curiosites-du-dossier-de-presse-relatif-a-la-visite-demmanuel-macron-a-yaounde\"]}]},{\"@type\":\"ImageObject\",\"inLanguage\":\"fr-FR\",\"@id\":\"https:\/\/www.africa-press.net\/cameroun\/politique\/cameroun-decouvrez-les-curiosites-du-dossier-de-presse-relatif-a-la-visite-demmanuel-macron-a-yaounde#primaryimage\",\"url\":\"https:\/\/static.africa-press.net\/cameroun\/sites\/57\/2022\/07\/img-62dd7edc4434c.jpg\",\"contentUrl\":\"https:\/\/static.africa-press.net\/cameroun\/sites\/57\/2022\/07\/img-62dd7edc4434c.jpg\",\"width\":800,\"height\":533,\"caption\":\"Cameroun\u00a0: D\u00e9couvrez les curiosit\u00e9s du dossier de presse relatif \u00e0 la visite d\u2019Emmanuel Macron \u00e0 Yaound\u00e9\"},{\"@type\":\"BreadcrumbList\",\"@id\":\"https:\/\/www.africa-press.net\/cameroun\/politique\/cameroun-decouvrez-les-curiosites-du-dossier-de-presse-relatif-a-la-visite-demmanuel-macron-a-yaounde#breadcrumb\",\"itemListElement\":[{\"@type\":\"ListItem\",\"position\":1,\"name\":\"Accueil\",\"item\":\"https:\/\/www.africa-press.net\/cameroun\/\"},{\"@type\":\"ListItem\",\"position\":2,\"name\":\"Cameroun\u00a0: D\u00e9couvrez les curiosit\u00e9s du dossier de presse relatif \u00e0 la visite d\u2019Emmanuel Macron \u00e0 Yaound\u00e9\"}]},{\"@type\":\"WebSite\",\"@id\":\"https:\/\/www.africa-press.net\/cameroun\/#website\",\"url\":\"https:\/\/www.africa-press.net\/cameroun\/\",\"name\":\"Cameroun\",\"description\":\"Just another Africa News Agency Sites site\",\"potentialAction\":[{\"@type\":\"SearchAction\",\"target\":{\"@type\":\"EntryPoint\",\"urlTemplate\":\"https:\/\/www.africa-press.net\/cameroun\/?s={search_term_string}\"},\"query-input\":{\"@type\":\"PropertyValueSpecification\",\"valueRequired\":true,\"valueName\":\"search_term_string\"}}],\"inLanguage\":\"fr-FR\"},{\"@type\":\"Person\",\"@id\":\"https:\/\/www.africa-press.net\/cameroun\/#\/schema\/person\/2b1cf3cd81a31e3cd26889ca66d677f1\",\"name\":\"cfeditorfr\"}]}<\/script>\n<!-- \/ Yoast SEO Premium plugin. -->","yoast_head_json":{"title":"Cameroun\u00a0: D\u00e9couvrez les curiosit\u00e9s du dossier de presse relatif \u00e0 la visite d\u2019Emmanuel Macron \u00e0 Yaound\u00e9 - Cameroun","description":"A la faveur de la visite officielle qu'effectue \u00e0 Yaound\u00e9 le pr\u00e9sident fran\u00e7ais du 25 au 27 juillet 2022, le cabinet civ ...","robots":{"index":"index","follow":"follow","max-snippet":"max-snippet:-1","max-image-preview":"max-image-preview:large","max-video-preview":"max-video-preview:-1"},"canonical":"https:\/\/www.africa-press.net\/cameroun\/politique\/cameroun-decouvrez-les-curiosites-du-dossier-de-presse-relatif-a-la-visite-demmanuel-macron-a-yaounde","og_locale":"fr_FR","og_type":"article","og_title":"Cameroun\u00a0: D\u00e9couvrez les curiosit\u00e9s du dossier de presse relatif \u00e0 la visite d\u2019Emmanuel Macron \u00e0 Yaound\u00e9","og_description":"A la faveur de la visite officielle qu'effectue \u00e0 Yaound\u00e9 le pr\u00e9sident fran\u00e7ais du 25 au 27 juillet 2022, le cabinet civ ...","og_url":"https:\/\/www.africa-press.net\/cameroun\/politique\/cameroun-decouvrez-les-curiosites-du-dossier-de-presse-relatif-a-la-visite-demmanuel-macron-a-yaounde","og_site_name":"Cameroun","article_published_time":"2022-07-24T14:27:23+00:00","article_modified_time":"2022-07-24T17:18:43+00:00","og_image":[{"width":800,"height":533,"url":"https:\/\/static.africa-press.net\/cameroun\/sites\/57\/2022\/07\/img-62dd7edc4434c.jpg","type":"image\/jpeg"}],"author":"cfeditorfr","twitter_card":"summary_large_image","twitter_misc":{"\u00c9crit par":"cfeditorfr","Dur\u00e9e de lecture estim\u00e9e":"3 minutes"},"schema":{"@context":"https:\/\/schema.org","@graph":[{"@type":"Article","@id":"https:\/\/www.africa-press.net\/cameroun\/politique\/cameroun-decouvrez-les-curiosites-du-dossier-de-presse-relatif-a-la-visite-demmanuel-macron-a-yaounde#article","isPartOf":{"@id":"https:\/\/www.africa-press.net\/cameroun\/politique\/cameroun-decouvrez-les-curiosites-du-dossier-de-presse-relatif-a-la-visite-demmanuel-macron-a-yaounde"},"author":{"name":"cfeditorfr","@id":"https:\/\/www.africa-press.net\/cameroun\/#\/schema\/person\/2b1cf3cd81a31e3cd26889ca66d677f1"},"headline":"Cameroun\u00a0: D\u00e9couvrez les curiosit\u00e9s du dossier de presse relatif \u00e0 la visite d\u2019Emmanuel Macron \u00e0 Yaound\u00e9","datePublished":"2022-07-24T14:27:23+00:00","dateModified":"2022-07-24T17:18:43+00:00","mainEntityOfPage":{"@id":"https:\/\/www.africa-press.net\/cameroun\/politique\/cameroun-decouvrez-les-curiosites-du-dossier-de-presse-relatif-a-la-visite-demmanuel-macron-a-yaounde"},"wordCount":547,"commentCount":0,"image":{"@id":"https:\/\/www.africa-press.net\/cameroun\/politique\/cameroun-decouvrez-les-curiosites-du-dossier-de-presse-relatif-a-la-visite-demmanuel-macron-a-yaounde#primaryimage"},"thumbnailUrl":"https:\/\/static.africa-press.net\/cameroun\/sites\/57\/2022\/07\/img-62dd7edc4434c.jpg","keywords":["Africa Press","Africa Press-Cameroun","Cameroun"],"articleSection":["homepage-french","Politique","Top Nouvelles","Toutes les actualit\u00e9s"],"inLanguage":"fr-FR","potentialAction":[{"@type":"CommentAction","name":"Comment","target":["https:\/\/www.africa-press.net\/cameroun\/politique\/cameroun-decouvrez-les-curiosites-du-dossier-de-presse-relatif-a-la-visite-demmanuel-macron-a-yaounde#respond"]}]},{"@type":"WebPage","@id":"https:\/\/www.africa-press.net\/cameroun\/politique\/cameroun-decouvrez-les-curiosites-du-dossier-de-presse-relatif-a-la-visite-demmanuel-macron-a-yaounde","url":"https:\/\/www.africa-press.net\/cameroun\/politique\/cameroun-decouvrez-les-curiosites-du-dossier-de-presse-relatif-a-la-visite-demmanuel-macron-a-yaounde","name":"Cameroun\u00a0: D\u00e9couvrez les curiosit\u00e9s du dossier de presse relatif \u00e0 la visite d\u2019Emmanuel Macron \u00e0 Yaound\u00e9 - Cameroun","isPartOf":{"@id":"https:\/\/www.africa-press.net\/cameroun\/#website"},"primaryImageOfPage":{"@id":"https:\/\/www.africa-press.net\/cameroun\/politique\/cameroun-decouvrez-les-curiosites-du-dossier-de-presse-relatif-a-la-visite-demmanuel-macron-a-yaounde#primaryimage"},"image":{"@id":"https:\/\/www.africa-press.net\/cameroun\/politique\/cameroun-decouvrez-les-curiosites-du-dossier-de-presse-relatif-a-la-visite-demmanuel-macron-a-yaounde#primaryimage"},"thumbnailUrl":"https:\/\/static.africa-press.net\/cameroun\/sites\/57\/2022\/07\/img-62dd7edc4434c.jpg","datePublished":"2022-07-24T14:27:23+00:00","dateModified":"2022-07-24T17:18:43+00:00","author":{"@id":"https:\/\/www.africa-press.net\/cameroun\/#\/schema\/person\/2b1cf3cd81a31e3cd26889ca66d677f1"},"description":"A la faveur de la visite officielle qu'effectue \u00e0 Yaound\u00e9 le pr\u00e9sident fran\u00e7ais du 25 au 27 juillet 2022, le cabinet civ ...","breadcrumb":{"@id":"https:\/\/www.africa-press.net\/cameroun\/politique\/cameroun-decouvrez-les-curiosites-du-dossier-de-presse-relatif-a-la-visite-demmanuel-macron-a-yaounde#breadcrumb"},"inLanguage":"fr-FR","potentialAction":[{"@type":"ReadAction","target":["https:\/\/www.africa-press.net\/cameroun\/politique\/cameroun-decouvrez-les-curiosites-du-dossier-de-presse-relatif-a-la-visite-demmanuel-macron-a-yaounde"]}]},{"@type":"ImageObject","inLanguage":"fr-FR","@id":"https:\/\/www.africa-press.net\/cameroun\/politique\/cameroun-decouvrez-les-curiosites-du-dossier-de-presse-relatif-a-la-visite-demmanuel-macron-a-yaounde#primaryimage","url":"https:\/\/static.africa-press.net\/cameroun\/sites\/57\/2022\/07\/img-62dd7edc4434c.jpg","contentUrl":"https:\/\/static.africa-press.net\/cameroun\/sites\/57\/2022\/07\/img-62dd7edc4434c.jpg","width":800,"height":533,"caption":"Cameroun\u00a0: D\u00e9couvrez les curiosit\u00e9s du dossier de presse relatif \u00e0 la visite d\u2019Emmanuel Macron \u00e0 Yaound\u00e9"},{"@type":"BreadcrumbList","@id":"https:\/\/www.africa-press.net\/cameroun\/politique\/cameroun-decouvrez-les-curiosites-du-dossier-de-presse-relatif-a-la-visite-demmanuel-macron-a-yaounde#breadcrumb","itemListElement":[{"@type":"ListItem","position":1,"name":"Accueil","item":"https:\/\/www.africa-press.net\/cameroun\/"},{"@type":"ListItem","position":2,"name":"Cameroun\u00a0: D\u00e9couvrez les curiosit\u00e9s du dossier de presse relatif \u00e0 la visite d\u2019Emmanuel Macron \u00e0 Yaound\u00e9"}]},{"@type":"WebSite","@id":"https:\/\/www.africa-press.net\/cameroun\/#website","url":"https:\/\/www.africa-press.net\/cameroun\/","name":"Cameroun","description":"Just another Africa News Agency Sites site","potentialAction":[{"@type":"SearchAction","target":{"@type":"EntryPoint","urlTemplate":"https:\/\/www.africa-press.net\/cameroun\/?s={search_term_string}"},"query-input":{"@type":"PropertyValueSpecification","valueRequired":true,"valueName":"search_term_string"}}],"inLanguage":"fr-FR"},{"@type":"Person","@id":"https:\/\/www.africa-press.net\/cameroun\/#\/schema\/person\/2b1cf3cd81a31e3cd26889ca66d677f1","name":"cfeditorfr"}]}},"_links":{"self":[{"href":"https:\/\/www.africa-press.net\/cameroun\/wp-json\/wp\/v2\/posts\/24120","targetHints":{"allow":["GET"]}}],"collection":[{"href":"https:\/\/www.africa-press.net\/cameroun\/wp-json\/wp\/v2\/posts"}],"about":[{"href":"https:\/\/www.africa-press.net\/cameroun\/wp-json\/wp\/v2\/types\/post"}],"author":[{"embeddable":true,"href":"https:\/\/www.africa-press.net\/cameroun\/wp-json\/wp\/v2\/users\/82"}],"replies":[{"embeddable":true,"href":"https:\/\/www.africa-press.net\/cameroun\/wp-json\/wp\/v2\/comments?post=24120"}],"version-history":[{"count":0,"href":"https:\/\/www.africa-press.net\/cameroun\/wp-json\/wp\/v2\/posts\/24120\/revisions"}],"wp:featuredmedia":[{"embeddable":true,"href":"https:\/\/www.africa-press.net\/cameroun\/wp-json\/wp\/v2\/media\/24119"}],"wp:attachment":[{"href":"https:\/\/www.africa-press.net\/cameroun\/wp-json\/wp\/v2\/media?parent=24120"}],"wp:term":[{"taxonomy":"category","embeddable":true,"href":"https:\/\/www.africa-press.net\/cameroun\/wp-json\/wp\/v2\/categories?post=24120"},{"taxonomy":"post_tag","embeddable":true,"href":"https:\/\/www.africa-press.net\/cameroun\/wp-json\/wp\/v2\/tags?post=24120"}],"curies":[{"name":"wp","href":"https:\/\/api.w.org\/{rel}","templated":true}]}}