{"id":2413,"date":"2021-04-24T15:51:00","date_gmt":"2021-04-24T15:51:00","guid":{"rendered":"https:\/\/www.africa-press.net\/cameroun\/?p=2413"},"modified":"2021-04-26T02:03:10","modified_gmt":"2021-04-26T02:03:10","slug":"cameroun-transformation-locale-des-ressources-des-chercheurs-veulent-limiter-les-importations-dici-2030","status":"publish","type":"post","link":"https:\/\/www.africa-press.net\/cameroun\/economie\/cameroun-transformation-locale-des-ressources-des-chercheurs-veulent-limiter-les-importations-dici-2030","title":{"rendered":"Cameroun &#8211; Transformation locale des ressources: Des chercheurs veulent limiter les importations d\u2019ici 2030"},"content":{"rendered":"<p><span style=\"color: #ff6600\"><strong><a href=\"https:\/\/www.africa-press.net\/\">Africa-Press<\/a> &#8211; <a href=\"https:\/\/www.africa-press.net\/cameroun\">Cameroun<\/a>. <\/strong><\/span>La rencontre qui s\u2019est achev\u00e9e ce vendredi 23 avril 2021 \u00e9tait plac\u00e9e sous le th\u00e8me \u00abCha\u00eene de valeur et transformation int\u00e9grale des ressources locales\u00bb.<\/p>\n<p>Selon les explications du Pr Yvette Jiokap Nono, pr\u00e9sidente de cette conf\u00e9rence internationale, cit\u00e9e par le trihebdomadaire L\u2019\u0152il du Sahel \u00e9dition du 23 avril 2021, \u00abil est actuellement question de r\u00e9duire les importations et favoriser la transformation de nos produits avant de les exporter. Il sera question de limiter l\u2019exportation de nos mati\u00e8res brutes limiter l\u2019exportation de nos mati\u00e8res brutes. Il est question de rassembler toutes les comp\u00e9tences que nous avons acquises lors de nos recherches depuis une vingtaine d\u2019ann\u00e9es, puis montrer au public que nous avons des ressources, qu\u2019il n\u2019est pas toujours important d\u2019aller importer les choses alors que nous avons les moyens de les produire nous-m\u00eames\u00bb, soutient-elle, tout en pr\u00e9cisant qu\u2019\u00e0 l\u2019horizon 2030, \u00abqu\u2019on ait r\u00e9duit le taux d\u2019importation des mati\u00e8res que nous recevons chez nous et qu\u2019on ait augment\u00e9 le taux d\u2019exportation\u2026\u00bb.<\/p>\n<p>Pendant quatre jours, les participants \u00e0 cette conf\u00e9rence internationale ont planch\u00e9 sur la probl\u00e9matique de l\u2019industrialisation du Cameroun et de l\u2019Afrique. Lors de la c\u00e9r\u00e9monie d\u2019ouverture des travaux, le Pr Uphie Chinje Melo, recteur de l\u2019universit\u00e9 de Ngaound\u00e9r\u00e9, a rappel\u00e9 que pour atteindre les objectifs du gouvernement, prescrits dans la SND 2030 (Strat\u00e9gie nationale de d\u00e9veloppement) \u00abqui est aujourd\u2019hui notre bible et sur laquelle le plan strat\u00e9gique s\u2019est orient\u00e9, les \u00e9tablissements au sein de l\u2019universit\u00e9 de Ngaound\u00e9r\u00e9 doivent pr\u00e9parer toutes les tranches de la population au leadership et surtout au d\u00e9veloppement et l\u2019exploitation des ressources locales\u00bb.<\/p>\n<p>D\u2019apr\u00e8s le journal, les organisateurs ont \u00e9mis le v\u0153u d\u2019organiser cette rencontre tous les deux ans \u00abdans le but d\u2019asseoir une strat\u00e9gie p\u00e9renne sur la transformation des ressources locales\u00bb.<\/p>\n","protected":false},"excerpt":{"rendered":"<p>Africa-Press &#8211; Cameroun. La rencontre qui s\u2019est achev\u00e9e ce vendredi 23 avril 2021 \u00e9tait plac\u00e9e sous le th\u00e8me \u00abCha\u00eene de valeur et transformation int\u00e9grale des ressources locales\u00bb. Selon les explications du Pr Yvette Jiokap Nono, pr\u00e9sidente de cette conf\u00e9rence internationale, cit\u00e9e par le trihebdomadaire L\u2019\u0152il du Sahel \u00e9dition du 23 avril 2021, \u00abil est actuellement [&hellip;]<\/p>\n","protected":false},"author":82,"featured_media":2412,"comment_status":"open","ping_status":"closed","sticky":false,"template":"","format":"standard","meta":{"footnotes":""},"categories":[3,11,10],"tags":[36,50,49],"class_list":["post-2413","post","type-post","status-publish","format-standard","has-post-thumbnail","hentry","category-economie","category-homepage-french","category-toutes-les-actualites","tag-africa-press","tag-africa-press-cameroun","tag-cameroun"],"yoast_head":"<!-- This site is optimized with the Yoast SEO Premium plugin v26.1 (Yoast SEO v27.0) - https:\/\/yoast.com\/product\/yoast-seo-premium-wordpress\/ -->\n<title>Cameroun - Transformation locale des ressources: Des chercheurs veulent limiter les importations d\u2019ici 2030 - Cameroun<\/title>\n<meta name=\"description\" content=\"La rencontre qui s\u2019est achev\u00e9e ce vendredi 23 avril 2021 \u00e9tait plac\u00e9e sous le th\u00e8me \u00abCha\u00eene de valeur et transformation ...\" \/>\n<meta name=\"robots\" content=\"index, follow, max-snippet:-1, max-image-preview:large, max-video-preview:-1\" \/>\n<link rel=\"canonical\" href=\"https:\/\/www.africa-press.net\/cameroun\/economie\/cameroun-transformation-locale-des-ressources-des-chercheurs-veulent-limiter-les-importations-dici-2030\" \/>\n<meta property=\"og:locale\" content=\"fr_FR\" \/>\n<meta property=\"og:type\" content=\"article\" \/>\n<meta property=\"og:title\" content=\"Cameroun - Transformation locale des ressources: Des chercheurs veulent limiter les importations d\u2019ici 2030\" \/>\n<meta property=\"og:description\" content=\"La rencontre qui s\u2019est achev\u00e9e ce vendredi 23 avril 2021 \u00e9tait plac\u00e9e sous le th\u00e8me \u00abCha\u00eene de valeur et transformation ...\" \/>\n<meta property=\"og:url\" content=\"https:\/\/www.africa-press.net\/cameroun\/economie\/cameroun-transformation-locale-des-ressources-des-chercheurs-veulent-limiter-les-importations-dici-2030\" \/>\n<meta property=\"og:site_name\" content=\"Cameroun\" \/>\n<meta property=\"article:published_time\" content=\"2021-04-24T15:51:00+00:00\" \/>\n<meta property=\"article:modified_time\" content=\"2021-04-26T02:03:10+00:00\" \/>\n<meta property=\"og:image\" content=\"https:\/\/static.africa-press.net\/cameroun\/sites\/57\/2021\/04\/img-6084554d76b9a.jpg\" \/>\n\t<meta property=\"og:image:width\" content=\"800\" \/>\n\t<meta property=\"og:image:height\" content=\"563\" \/>\n\t<meta property=\"og:image:type\" content=\"image\/jpeg\" \/>\n<meta name=\"author\" content=\"cfeditorfr\" \/>\n<meta name=\"twitter:card\" content=\"summary_large_image\" \/>\n<meta name=\"twitter:label1\" content=\"\u00c9crit par\" \/>\n\t<meta name=\"twitter:data1\" content=\"cfeditorfr\" \/>\n\t<meta name=\"twitter:label2\" content=\"Dur\u00e9e de lecture estim\u00e9e\" \/>\n\t<meta name=\"twitter:data2\" content=\"2 minutes\" \/>\n<script type=\"application\/ld+json\" class=\"yoast-schema-graph\">{\"@context\":\"https:\/\/schema.org\",\"@graph\":[{\"@type\":\"Article\",\"@id\":\"https:\/\/www.africa-press.net\/cameroun\/economie\/cameroun-transformation-locale-des-ressources-des-chercheurs-veulent-limiter-les-importations-dici-2030#article\",\"isPartOf\":{\"@id\":\"https:\/\/www.africa-press.net\/cameroun\/economie\/cameroun-transformation-locale-des-ressources-des-chercheurs-veulent-limiter-les-importations-dici-2030\"},\"author\":{\"name\":\"cfeditorfr\",\"@id\":\"https:\/\/www.africa-press.net\/cameroun\/#\/schema\/person\/2b1cf3cd81a31e3cd26889ca66d677f1\"},\"headline\":\"Cameroun &#8211; Transformation locale des ressources: Des chercheurs veulent limiter les importations d\u2019ici 2030\",\"datePublished\":\"2021-04-24T15:51:00+00:00\",\"dateModified\":\"2021-04-26T02:03:10+00:00\",\"mainEntityOfPage\":{\"@id\":\"https:\/\/www.africa-press.net\/cameroun\/economie\/cameroun-transformation-locale-des-ressources-des-chercheurs-veulent-limiter-les-importations-dici-2030\"},\"wordCount\":350,\"commentCount\":0,\"image\":{\"@id\":\"https:\/\/www.africa-press.net\/cameroun\/economie\/cameroun-transformation-locale-des-ressources-des-chercheurs-veulent-limiter-les-importations-dici-2030#primaryimage\"},\"thumbnailUrl\":\"https:\/\/static.africa-press.net\/cameroun\/sites\/57\/2021\/04\/img-6084554d76b9a.jpg\",\"keywords\":[\"Africa Press\",\"Africa Press-Cameroun\",\"Cameroun\"],\"articleSection\":[\"\u00c9conomie\",\"homepage-french\",\"Toutes les actualit\u00e9s\"],\"inLanguage\":\"fr-FR\",\"potentialAction\":[{\"@type\":\"CommentAction\",\"name\":\"Comment\",\"target\":[\"https:\/\/www.africa-press.net\/cameroun\/economie\/cameroun-transformation-locale-des-ressources-des-chercheurs-veulent-limiter-les-importations-dici-2030#respond\"]}]},{\"@type\":\"WebPage\",\"@id\":\"https:\/\/www.africa-press.net\/cameroun\/economie\/cameroun-transformation-locale-des-ressources-des-chercheurs-veulent-limiter-les-importations-dici-2030\",\"url\":\"https:\/\/www.africa-press.net\/cameroun\/economie\/cameroun-transformation-locale-des-ressources-des-chercheurs-veulent-limiter-les-importations-dici-2030\",\"name\":\"Cameroun - Transformation locale des ressources: Des chercheurs veulent limiter les importations d\u2019ici 2030 - Cameroun\",\"isPartOf\":{\"@id\":\"https:\/\/www.africa-press.net\/cameroun\/#website\"},\"primaryImageOfPage\":{\"@id\":\"https:\/\/www.africa-press.net\/cameroun\/economie\/cameroun-transformation-locale-des-ressources-des-chercheurs-veulent-limiter-les-importations-dici-2030#primaryimage\"},\"image\":{\"@id\":\"https:\/\/www.africa-press.net\/cameroun\/economie\/cameroun-transformation-locale-des-ressources-des-chercheurs-veulent-limiter-les-importations-dici-2030#primaryimage\"},\"thumbnailUrl\":\"https:\/\/static.africa-press.net\/cameroun\/sites\/57\/2021\/04\/img-6084554d76b9a.jpg\",\"datePublished\":\"2021-04-24T15:51:00+00:00\",\"dateModified\":\"2021-04-26T02:03:10+00:00\",\"author\":{\"@id\":\"https:\/\/www.africa-press.net\/cameroun\/#\/schema\/person\/2b1cf3cd81a31e3cd26889ca66d677f1\"},\"description\":\"La rencontre qui s\u2019est achev\u00e9e ce vendredi 23 avril 2021 \u00e9tait plac\u00e9e sous le th\u00e8me \u00abCha\u00eene de valeur et transformation ...\",\"breadcrumb\":{\"@id\":\"https:\/\/www.africa-press.net\/cameroun\/economie\/cameroun-transformation-locale-des-ressources-des-chercheurs-veulent-limiter-les-importations-dici-2030#breadcrumb\"},\"inLanguage\":\"fr-FR\",\"potentialAction\":[{\"@type\":\"ReadAction\",\"target\":[\"https:\/\/www.africa-press.net\/cameroun\/economie\/cameroun-transformation-locale-des-ressources-des-chercheurs-veulent-limiter-les-importations-dici-2030\"]}]},{\"@type\":\"ImageObject\",\"inLanguage\":\"fr-FR\",\"@id\":\"https:\/\/www.africa-press.net\/cameroun\/economie\/cameroun-transformation-locale-des-ressources-des-chercheurs-veulent-limiter-les-importations-dici-2030#primaryimage\",\"url\":\"https:\/\/static.africa-press.net\/cameroun\/sites\/57\/2021\/04\/img-6084554d76b9a.jpg\",\"contentUrl\":\"https:\/\/static.africa-press.net\/cameroun\/sites\/57\/2021\/04\/img-6084554d76b9a.jpg\",\"width\":800,\"height\":563,\"caption\":\"Cameroun - Transformation locale des ressources: Des chercheurs veulent limiter les importations d\u2019ici 2030\"},{\"@type\":\"BreadcrumbList\",\"@id\":\"https:\/\/www.africa-press.net\/cameroun\/economie\/cameroun-transformation-locale-des-ressources-des-chercheurs-veulent-limiter-les-importations-dici-2030#breadcrumb\",\"itemListElement\":[{\"@type\":\"ListItem\",\"position\":1,\"name\":\"Accueil\",\"item\":\"https:\/\/www.africa-press.net\/cameroun\/\"},{\"@type\":\"ListItem\",\"position\":2,\"name\":\"Cameroun &#8211; Transformation locale des ressources: Des chercheurs veulent limiter les importations d\u2019ici 2030\"}]},{\"@type\":\"WebSite\",\"@id\":\"https:\/\/www.africa-press.net\/cameroun\/#website\",\"url\":\"https:\/\/www.africa-press.net\/cameroun\/\",\"name\":\"Cameroun\",\"description\":\"Just another Africa News Agency Sites site\",\"potentialAction\":[{\"@type\":\"SearchAction\",\"target\":{\"@type\":\"EntryPoint\",\"urlTemplate\":\"https:\/\/www.africa-press.net\/cameroun\/?s={search_term_string}\"},\"query-input\":{\"@type\":\"PropertyValueSpecification\",\"valueRequired\":true,\"valueName\":\"search_term_string\"}}],\"inLanguage\":\"fr-FR\"},{\"@type\":\"Person\",\"@id\":\"https:\/\/www.africa-press.net\/cameroun\/#\/schema\/person\/2b1cf3cd81a31e3cd26889ca66d677f1\",\"name\":\"cfeditorfr\"}]}<\/script>\n<!-- \/ Yoast SEO Premium plugin. -->","yoast_head_json":{"title":"Cameroun - Transformation locale des ressources: Des chercheurs veulent limiter les importations d\u2019ici 2030 - Cameroun","description":"La rencontre qui s\u2019est achev\u00e9e ce vendredi 23 avril 2021 \u00e9tait plac\u00e9e sous le th\u00e8me \u00abCha\u00eene de valeur et transformation ...","robots":{"index":"index","follow":"follow","max-snippet":"max-snippet:-1","max-image-preview":"max-image-preview:large","max-video-preview":"max-video-preview:-1"},"canonical":"https:\/\/www.africa-press.net\/cameroun\/economie\/cameroun-transformation-locale-des-ressources-des-chercheurs-veulent-limiter-les-importations-dici-2030","og_locale":"fr_FR","og_type":"article","og_title":"Cameroun - Transformation locale des ressources: Des chercheurs veulent limiter les importations d\u2019ici 2030","og_description":"La rencontre qui s\u2019est achev\u00e9e ce vendredi 23 avril 2021 \u00e9tait plac\u00e9e sous le th\u00e8me \u00abCha\u00eene de valeur et transformation ...","og_url":"https:\/\/www.africa-press.net\/cameroun\/economie\/cameroun-transformation-locale-des-ressources-des-chercheurs-veulent-limiter-les-importations-dici-2030","og_site_name":"Cameroun","article_published_time":"2021-04-24T15:51:00+00:00","article_modified_time":"2021-04-26T02:03:10+00:00","og_image":[{"width":800,"height":563,"url":"https:\/\/static.africa-press.net\/cameroun\/sites\/57\/2021\/04\/img-6084554d76b9a.jpg","type":"image\/jpeg"}],"author":"cfeditorfr","twitter_card":"summary_large_image","twitter_misc":{"\u00c9crit par":"cfeditorfr","Dur\u00e9e de lecture estim\u00e9e":"2 minutes"},"schema":{"@context":"https:\/\/schema.org","@graph":[{"@type":"Article","@id":"https:\/\/www.africa-press.net\/cameroun\/economie\/cameroun-transformation-locale-des-ressources-des-chercheurs-veulent-limiter-les-importations-dici-2030#article","isPartOf":{"@id":"https:\/\/www.africa-press.net\/cameroun\/economie\/cameroun-transformation-locale-des-ressources-des-chercheurs-veulent-limiter-les-importations-dici-2030"},"author":{"name":"cfeditorfr","@id":"https:\/\/www.africa-press.net\/cameroun\/#\/schema\/person\/2b1cf3cd81a31e3cd26889ca66d677f1"},"headline":"Cameroun &#8211; Transformation locale des ressources: Des chercheurs veulent limiter les importations d\u2019ici 2030","datePublished":"2021-04-24T15:51:00+00:00","dateModified":"2021-04-26T02:03:10+00:00","mainEntityOfPage":{"@id":"https:\/\/www.africa-press.net\/cameroun\/economie\/cameroun-transformation-locale-des-ressources-des-chercheurs-veulent-limiter-les-importations-dici-2030"},"wordCount":350,"commentCount":0,"image":{"@id":"https:\/\/www.africa-press.net\/cameroun\/economie\/cameroun-transformation-locale-des-ressources-des-chercheurs-veulent-limiter-les-importations-dici-2030#primaryimage"},"thumbnailUrl":"https:\/\/static.africa-press.net\/cameroun\/sites\/57\/2021\/04\/img-6084554d76b9a.jpg","keywords":["Africa Press","Africa Press-Cameroun","Cameroun"],"articleSection":["\u00c9conomie","homepage-french","Toutes les actualit\u00e9s"],"inLanguage":"fr-FR","potentialAction":[{"@type":"CommentAction","name":"Comment","target":["https:\/\/www.africa-press.net\/cameroun\/economie\/cameroun-transformation-locale-des-ressources-des-chercheurs-veulent-limiter-les-importations-dici-2030#respond"]}]},{"@type":"WebPage","@id":"https:\/\/www.africa-press.net\/cameroun\/economie\/cameroun-transformation-locale-des-ressources-des-chercheurs-veulent-limiter-les-importations-dici-2030","url":"https:\/\/www.africa-press.net\/cameroun\/economie\/cameroun-transformation-locale-des-ressources-des-chercheurs-veulent-limiter-les-importations-dici-2030","name":"Cameroun - Transformation locale des ressources: Des chercheurs veulent limiter les importations d\u2019ici 2030 - Cameroun","isPartOf":{"@id":"https:\/\/www.africa-press.net\/cameroun\/#website"},"primaryImageOfPage":{"@id":"https:\/\/www.africa-press.net\/cameroun\/economie\/cameroun-transformation-locale-des-ressources-des-chercheurs-veulent-limiter-les-importations-dici-2030#primaryimage"},"image":{"@id":"https:\/\/www.africa-press.net\/cameroun\/economie\/cameroun-transformation-locale-des-ressources-des-chercheurs-veulent-limiter-les-importations-dici-2030#primaryimage"},"thumbnailUrl":"https:\/\/static.africa-press.net\/cameroun\/sites\/57\/2021\/04\/img-6084554d76b9a.jpg","datePublished":"2021-04-24T15:51:00+00:00","dateModified":"2021-04-26T02:03:10+00:00","author":{"@id":"https:\/\/www.africa-press.net\/cameroun\/#\/schema\/person\/2b1cf3cd81a31e3cd26889ca66d677f1"},"description":"La rencontre qui s\u2019est achev\u00e9e ce vendredi 23 avril 2021 \u00e9tait plac\u00e9e sous le th\u00e8me \u00abCha\u00eene de valeur et transformation ...","breadcrumb":{"@id":"https:\/\/www.africa-press.net\/cameroun\/economie\/cameroun-transformation-locale-des-ressources-des-chercheurs-veulent-limiter-les-importations-dici-2030#breadcrumb"},"inLanguage":"fr-FR","potentialAction":[{"@type":"ReadAction","target":["https:\/\/www.africa-press.net\/cameroun\/economie\/cameroun-transformation-locale-des-ressources-des-chercheurs-veulent-limiter-les-importations-dici-2030"]}]},{"@type":"ImageObject","inLanguage":"fr-FR","@id":"https:\/\/www.africa-press.net\/cameroun\/economie\/cameroun-transformation-locale-des-ressources-des-chercheurs-veulent-limiter-les-importations-dici-2030#primaryimage","url":"https:\/\/static.africa-press.net\/cameroun\/sites\/57\/2021\/04\/img-6084554d76b9a.jpg","contentUrl":"https:\/\/static.africa-press.net\/cameroun\/sites\/57\/2021\/04\/img-6084554d76b9a.jpg","width":800,"height":563,"caption":"Cameroun - Transformation locale des ressources: Des chercheurs veulent limiter les importations d\u2019ici 2030"},{"@type":"BreadcrumbList","@id":"https:\/\/www.africa-press.net\/cameroun\/economie\/cameroun-transformation-locale-des-ressources-des-chercheurs-veulent-limiter-les-importations-dici-2030#breadcrumb","itemListElement":[{"@type":"ListItem","position":1,"name":"Accueil","item":"https:\/\/www.africa-press.net\/cameroun\/"},{"@type":"ListItem","position":2,"name":"Cameroun &#8211; Transformation locale des ressources: Des chercheurs veulent limiter les importations d\u2019ici 2030"}]},{"@type":"WebSite","@id":"https:\/\/www.africa-press.net\/cameroun\/#website","url":"https:\/\/www.africa-press.net\/cameroun\/","name":"Cameroun","description":"Just another Africa News Agency Sites site","potentialAction":[{"@type":"SearchAction","target":{"@type":"EntryPoint","urlTemplate":"https:\/\/www.africa-press.net\/cameroun\/?s={search_term_string}"},"query-input":{"@type":"PropertyValueSpecification","valueRequired":true,"valueName":"search_term_string"}}],"inLanguage":"fr-FR"},{"@type":"Person","@id":"https:\/\/www.africa-press.net\/cameroun\/#\/schema\/person\/2b1cf3cd81a31e3cd26889ca66d677f1","name":"cfeditorfr"}]}},"_links":{"self":[{"href":"https:\/\/www.africa-press.net\/cameroun\/wp-json\/wp\/v2\/posts\/2413","targetHints":{"allow":["GET"]}}],"collection":[{"href":"https:\/\/www.africa-press.net\/cameroun\/wp-json\/wp\/v2\/posts"}],"about":[{"href":"https:\/\/www.africa-press.net\/cameroun\/wp-json\/wp\/v2\/types\/post"}],"author":[{"embeddable":true,"href":"https:\/\/www.africa-press.net\/cameroun\/wp-json\/wp\/v2\/users\/82"}],"replies":[{"embeddable":true,"href":"https:\/\/www.africa-press.net\/cameroun\/wp-json\/wp\/v2\/comments?post=2413"}],"version-history":[{"count":0,"href":"https:\/\/www.africa-press.net\/cameroun\/wp-json\/wp\/v2\/posts\/2413\/revisions"}],"wp:featuredmedia":[{"embeddable":true,"href":"https:\/\/www.africa-press.net\/cameroun\/wp-json\/wp\/v2\/media\/2412"}],"wp:attachment":[{"href":"https:\/\/www.africa-press.net\/cameroun\/wp-json\/wp\/v2\/media?parent=2413"}],"wp:term":[{"taxonomy":"category","embeddable":true,"href":"https:\/\/www.africa-press.net\/cameroun\/wp-json\/wp\/v2\/categories?post=2413"},{"taxonomy":"post_tag","embeddable":true,"href":"https:\/\/www.africa-press.net\/cameroun\/wp-json\/wp\/v2\/tags?post=2413"}],"curies":[{"name":"wp","href":"https:\/\/api.w.org\/{rel}","templated":true}]}}