{"id":24155,"date":"2022-07-25T14:17:32","date_gmt":"2022-07-25T14:17:32","guid":{"rendered":"https:\/\/www.africa-press.net\/cameroun\/politique\/visite-de-macron-les-employes-de-lagence-de-regulation-des-telecommunications-confines-a-la-maison"},"modified":"2022-07-25T14:17:47","modified_gmt":"2022-07-25T14:17:47","slug":"visite-de-macron-les-employes-de-lagence-de-regulation-des-telecommunications-confines-a-la-maison","status":"publish","type":"post","link":"https:\/\/www.africa-press.net\/cameroun\/toutes-les-actualites\/visite-de-macron-les-employes-de-lagence-de-regulation-des-telecommunications-confines-a-la-maison","title":{"rendered":"Visite de Macron\u00a0: Les employ\u00e9s de l\u2019Agence de R\u00e9gulation des T\u00e9l\u00e9communications confin\u00e9s \u00e0 la maison"},"content":{"rendered":"<p><span style=\"color: #ff6600\"><strong>Africa-Press &#8211; Cameroun. <\/strong><\/span>Le pr\u00e9sident fran\u00e7ais Emmanuel Macron arrive au Cameroun dans la nuit de ce lundi 25 juillet 2022, dans le cadre d\u2019une visite officielle qui s\u2019ach\u00e8vera le mercredi 27 juillet 2022, selon le programme officiel rendu public par le Cabinet civil de la Pr\u00e9sidence de la R\u00e9publique du Cameroun.<\/p>\n<p>Cette visite devra paralyser une partie de l\u2019administration camerounaise, en l\u2019occurrence les services de l\u2019Agence de R\u00e9gulation des T\u00e9l\u00e9communications (ART). En effet, depuis ce lundi 25 juillet 2022, les employ\u00e9s de cette entreprise publique, du moins, ceux travaillant au nouveau si\u00e8ge de l\u2019ART au c\u0153ur de la capitale camerounaise, sont confin\u00e9s \u00e0 leurs domiciles par leur administration.<\/p>\n<p>\u00ab Le directeur g\u00e9n\u00e9ral de l\u2019Agence de R\u00e9gulation des T\u00e9l\u00e9communications demande \u00e0 l\u2019ensemble du personnel de l\u2019immeuble Platinium, de rester \u00e0 leurs domiciles les 25 et 26 juillet 2022. Ledit personnel r\u00e9int\u00e8grera l\u2019immeuble Platinium le mercredi 27 juillet 2022 \u00e0 partir de 9H00 \u00bb, lit-on dans une note d\u2019infirmation publi\u00e9e le 22 juillet dernier par le directeur g\u00e9n\u00e9ral adjoint de l\u2019ART, Zourmba Aboubakar. Au demeurant, les employ\u00e9s sont tenus de continuer \u00e0 travailler \u00e0 partir de leurs domiciles respectifs par des moyens \u00e9lectroniques.<\/p>\n<p>La direction g\u00e9n\u00e9rale \u00e9voque en effet des raisons s\u00e9curitaires, li\u00e9es \u00e0 la proximit\u00e9 de l\u2019immeuble Platinuim, son nouveau si\u00e8ge, d\u2019avec le Hilton H\u00f4tel de Yaound\u00e9, o\u00f9 Emmanuel Macron devra s\u00e9journer. Il est \u00e0 noter que la pr\u00e9sence de cet h\u00f4te dans cet \u00e9tablissement hospitalier devra \u00e9galement paralyser la circulation dans une partie de la ville, et occasionner par ailleurs des bouchons de part et d\u2019autre.<\/p>\n<p><strong>Pour plus d&rsquo;informations et d&rsquo;analyses sur la <a href=\"https:\/\/www.africa-press.net\/cameroun\">Cameroun<\/a>, suivez <a href=\"https:\/\/www.africa-press.net\/\">Africa-Press<\/a><\/strong><\/p>\n","protected":false},"excerpt":{"rendered":"<p>Africa-Press &#8211; Cameroun. Le pr\u00e9sident fran\u00e7ais Emmanuel Macron arrive au Cameroun dans la nuit de ce lundi 25 juillet 2022, dans le cadre d\u2019une visite officielle qui s\u2019ach\u00e8vera le mercredi 27 juillet 2022, selon le programme officiel rendu public par le Cabinet civil de la Pr\u00e9sidence de la R\u00e9publique du Cameroun. Cette visite devra paralyser [&hellip;]<\/p>\n","protected":false},"author":82,"featured_media":24154,"comment_status":"open","ping_status":"closed","sticky":false,"template":"","format":"standard","meta":{"footnotes":""},"categories":[21,11,10],"tags":[36,50,49],"class_list":["post-24155","post","type-post","status-publish","format-standard","has-post-thumbnail","hentry","category-communaute","category-homepage-french","category-toutes-les-actualites","tag-africa-press","tag-africa-press-cameroun","tag-cameroun"],"yoast_head":"<!-- This site is optimized with the Yoast SEO Premium plugin v26.1 (Yoast SEO v27.0) - https:\/\/yoast.com\/product\/yoast-seo-premium-wordpress\/ -->\n<title>Visite de Macron\u00a0: Les employ\u00e9s de l\u2019Agence de R\u00e9gulation des T\u00e9l\u00e9communications confin\u00e9s \u00e0 la maison - Cameroun<\/title>\n<meta name=\"description\" content=\"Le pr\u00e9sident fran\u00e7ais Emmanuel Macron arrive au Cameroun dans la nuit de ce lundi 25 juillet 2022, dans le cadre d\u2019une v ...\" \/>\n<meta name=\"robots\" content=\"index, follow, max-snippet:-1, max-image-preview:large, max-video-preview:-1\" \/>\n<link rel=\"canonical\" href=\"https:\/\/www.africa-press.net\/cameroun\/toutes-les-actualites\/visite-de-macron-les-employes-de-lagence-de-regulation-des-telecommunications-confines-a-la-maison\" \/>\n<meta property=\"og:locale\" content=\"fr_FR\" \/>\n<meta property=\"og:type\" content=\"article\" \/>\n<meta property=\"og:title\" content=\"Visite de Macron\u00a0: Les employ\u00e9s de l\u2019Agence de R\u00e9gulation des T\u00e9l\u00e9communications confin\u00e9s \u00e0 la maison\" \/>\n<meta property=\"og:description\" content=\"Le pr\u00e9sident fran\u00e7ais Emmanuel Macron arrive au Cameroun dans la nuit de ce lundi 25 juillet 2022, dans le cadre d\u2019une v ...\" \/>\n<meta property=\"og:url\" content=\"https:\/\/www.africa-press.net\/cameroun\/toutes-les-actualites\/visite-de-macron-les-employes-de-lagence-de-regulation-des-telecommunications-confines-a-la-maison\" \/>\n<meta property=\"og:site_name\" content=\"Cameroun\" \/>\n<meta property=\"article:published_time\" content=\"2022-07-25T14:17:32+00:00\" \/>\n<meta property=\"article:modified_time\" content=\"2022-07-25T14:17:47+00:00\" \/>\n<meta property=\"og:image\" content=\"https:\/\/static.africa-press.net\/cameroun\/sites\/57\/2022\/07\/img-62dea5f227278.jpg\" \/>\n\t<meta property=\"og:image:width\" content=\"800\" \/>\n\t<meta property=\"og:image:height\" content=\"488\" \/>\n\t<meta property=\"og:image:type\" content=\"image\/jpeg\" \/>\n<meta name=\"author\" content=\"cfeditorfr\" \/>\n<meta name=\"twitter:card\" content=\"summary_large_image\" \/>\n<meta name=\"twitter:label1\" content=\"\u00c9crit par\" \/>\n\t<meta name=\"twitter:data1\" content=\"cfeditorfr\" \/>\n\t<meta name=\"twitter:label2\" content=\"Dur\u00e9e de lecture estim\u00e9e\" \/>\n\t<meta name=\"twitter:data2\" content=\"2 minutes\" \/>\n<script type=\"application\/ld+json\" class=\"yoast-schema-graph\">{\"@context\":\"https:\/\/schema.org\",\"@graph\":[{\"@type\":\"Article\",\"@id\":\"https:\/\/www.africa-press.net\/cameroun\/toutes-les-actualites\/visite-de-macron-les-employes-de-lagence-de-regulation-des-telecommunications-confines-a-la-maison#article\",\"isPartOf\":{\"@id\":\"https:\/\/www.africa-press.net\/cameroun\/toutes-les-actualites\/visite-de-macron-les-employes-de-lagence-de-regulation-des-telecommunications-confines-a-la-maison\"},\"author\":{\"name\":\"cfeditorfr\",\"@id\":\"https:\/\/www.africa-press.net\/cameroun\/#\/schema\/person\/2b1cf3cd81a31e3cd26889ca66d677f1\"},\"headline\":\"Visite de Macron\u00a0: Les employ\u00e9s de l\u2019Agence de R\u00e9gulation des T\u00e9l\u00e9communications confin\u00e9s \u00e0 la maison\",\"datePublished\":\"2022-07-25T14:17:32+00:00\",\"dateModified\":\"2022-07-25T14:17:47+00:00\",\"mainEntityOfPage\":{\"@id\":\"https:\/\/www.africa-press.net\/cameroun\/toutes-les-actualites\/visite-de-macron-les-employes-de-lagence-de-regulation-des-telecommunications-confines-a-la-maison\"},\"wordCount\":313,\"commentCount\":0,\"image\":{\"@id\":\"https:\/\/www.africa-press.net\/cameroun\/toutes-les-actualites\/visite-de-macron-les-employes-de-lagence-de-regulation-des-telecommunications-confines-a-la-maison#primaryimage\"},\"thumbnailUrl\":\"https:\/\/static.africa-press.net\/cameroun\/sites\/57\/2022\/07\/img-62dea5f227278.jpg\",\"keywords\":[\"Africa Press\",\"Africa Press-Cameroun\",\"Cameroun\"],\"articleSection\":[\"Communaut\u00e9\",\"homepage-french\",\"Toutes les actualit\u00e9s\"],\"inLanguage\":\"fr-FR\",\"potentialAction\":[{\"@type\":\"CommentAction\",\"name\":\"Comment\",\"target\":[\"https:\/\/www.africa-press.net\/cameroun\/toutes-les-actualites\/visite-de-macron-les-employes-de-lagence-de-regulation-des-telecommunications-confines-a-la-maison#respond\"]}]},{\"@type\":\"WebPage\",\"@id\":\"https:\/\/www.africa-press.net\/cameroun\/toutes-les-actualites\/visite-de-macron-les-employes-de-lagence-de-regulation-des-telecommunications-confines-a-la-maison\",\"url\":\"https:\/\/www.africa-press.net\/cameroun\/toutes-les-actualites\/visite-de-macron-les-employes-de-lagence-de-regulation-des-telecommunications-confines-a-la-maison\",\"name\":\"Visite de Macron\u00a0: Les employ\u00e9s de l\u2019Agence de R\u00e9gulation des T\u00e9l\u00e9communications confin\u00e9s \u00e0 la maison - Cameroun\",\"isPartOf\":{\"@id\":\"https:\/\/www.africa-press.net\/cameroun\/#website\"},\"primaryImageOfPage\":{\"@id\":\"https:\/\/www.africa-press.net\/cameroun\/toutes-les-actualites\/visite-de-macron-les-employes-de-lagence-de-regulation-des-telecommunications-confines-a-la-maison#primaryimage\"},\"image\":{\"@id\":\"https:\/\/www.africa-press.net\/cameroun\/toutes-les-actualites\/visite-de-macron-les-employes-de-lagence-de-regulation-des-telecommunications-confines-a-la-maison#primaryimage\"},\"thumbnailUrl\":\"https:\/\/static.africa-press.net\/cameroun\/sites\/57\/2022\/07\/img-62dea5f227278.jpg\",\"datePublished\":\"2022-07-25T14:17:32+00:00\",\"dateModified\":\"2022-07-25T14:17:47+00:00\",\"author\":{\"@id\":\"https:\/\/www.africa-press.net\/cameroun\/#\/schema\/person\/2b1cf3cd81a31e3cd26889ca66d677f1\"},\"description\":\"Le pr\u00e9sident fran\u00e7ais Emmanuel Macron arrive au Cameroun dans la nuit de ce lundi 25 juillet 2022, dans le cadre d\u2019une v ...\",\"breadcrumb\":{\"@id\":\"https:\/\/www.africa-press.net\/cameroun\/toutes-les-actualites\/visite-de-macron-les-employes-de-lagence-de-regulation-des-telecommunications-confines-a-la-maison#breadcrumb\"},\"inLanguage\":\"fr-FR\",\"potentialAction\":[{\"@type\":\"ReadAction\",\"target\":[\"https:\/\/www.africa-press.net\/cameroun\/toutes-les-actualites\/visite-de-macron-les-employes-de-lagence-de-regulation-des-telecommunications-confines-a-la-maison\"]}]},{\"@type\":\"ImageObject\",\"inLanguage\":\"fr-FR\",\"@id\":\"https:\/\/www.africa-press.net\/cameroun\/toutes-les-actualites\/visite-de-macron-les-employes-de-lagence-de-regulation-des-telecommunications-confines-a-la-maison#primaryimage\",\"url\":\"https:\/\/static.africa-press.net\/cameroun\/sites\/57\/2022\/07\/img-62dea5f227278.jpg\",\"contentUrl\":\"https:\/\/static.africa-press.net\/cameroun\/sites\/57\/2022\/07\/img-62dea5f227278.jpg\",\"width\":800,\"height\":488,\"caption\":\"Visite de Macron\u00a0: Les employ\u00e9s de l\u2019Agence de R\u00e9gulation des T\u00e9l\u00e9communications confin\u00e9s \u00e0 la maison\"},{\"@type\":\"BreadcrumbList\",\"@id\":\"https:\/\/www.africa-press.net\/cameroun\/toutes-les-actualites\/visite-de-macron-les-employes-de-lagence-de-regulation-des-telecommunications-confines-a-la-maison#breadcrumb\",\"itemListElement\":[{\"@type\":\"ListItem\",\"position\":1,\"name\":\"Accueil\",\"item\":\"https:\/\/www.africa-press.net\/cameroun\/\"},{\"@type\":\"ListItem\",\"position\":2,\"name\":\"Visite de Macron\u00a0: Les employ\u00e9s de l\u2019Agence de R\u00e9gulation des T\u00e9l\u00e9communications confin\u00e9s \u00e0 la maison\"}]},{\"@type\":\"WebSite\",\"@id\":\"https:\/\/www.africa-press.net\/cameroun\/#website\",\"url\":\"https:\/\/www.africa-press.net\/cameroun\/\",\"name\":\"Cameroun\",\"description\":\"Just another Africa News Agency Sites site\",\"potentialAction\":[{\"@type\":\"SearchAction\",\"target\":{\"@type\":\"EntryPoint\",\"urlTemplate\":\"https:\/\/www.africa-press.net\/cameroun\/?s={search_term_string}\"},\"query-input\":{\"@type\":\"PropertyValueSpecification\",\"valueRequired\":true,\"valueName\":\"search_term_string\"}}],\"inLanguage\":\"fr-FR\"},{\"@type\":\"Person\",\"@id\":\"https:\/\/www.africa-press.net\/cameroun\/#\/schema\/person\/2b1cf3cd81a31e3cd26889ca66d677f1\",\"name\":\"cfeditorfr\"}]}<\/script>\n<!-- \/ Yoast SEO Premium plugin. -->","yoast_head_json":{"title":"Visite de Macron\u00a0: Les employ\u00e9s de l\u2019Agence de R\u00e9gulation des T\u00e9l\u00e9communications confin\u00e9s \u00e0 la maison - Cameroun","description":"Le pr\u00e9sident fran\u00e7ais Emmanuel Macron arrive au Cameroun dans la nuit de ce lundi 25 juillet 2022, dans le cadre d\u2019une v ...","robots":{"index":"index","follow":"follow","max-snippet":"max-snippet:-1","max-image-preview":"max-image-preview:large","max-video-preview":"max-video-preview:-1"},"canonical":"https:\/\/www.africa-press.net\/cameroun\/toutes-les-actualites\/visite-de-macron-les-employes-de-lagence-de-regulation-des-telecommunications-confines-a-la-maison","og_locale":"fr_FR","og_type":"article","og_title":"Visite de Macron\u00a0: Les employ\u00e9s de l\u2019Agence de R\u00e9gulation des T\u00e9l\u00e9communications confin\u00e9s \u00e0 la maison","og_description":"Le pr\u00e9sident fran\u00e7ais Emmanuel Macron arrive au Cameroun dans la nuit de ce lundi 25 juillet 2022, dans le cadre d\u2019une v ...","og_url":"https:\/\/www.africa-press.net\/cameroun\/toutes-les-actualites\/visite-de-macron-les-employes-de-lagence-de-regulation-des-telecommunications-confines-a-la-maison","og_site_name":"Cameroun","article_published_time":"2022-07-25T14:17:32+00:00","article_modified_time":"2022-07-25T14:17:47+00:00","og_image":[{"width":800,"height":488,"url":"https:\/\/static.africa-press.net\/cameroun\/sites\/57\/2022\/07\/img-62dea5f227278.jpg","type":"image\/jpeg"}],"author":"cfeditorfr","twitter_card":"summary_large_image","twitter_misc":{"\u00c9crit par":"cfeditorfr","Dur\u00e9e de lecture estim\u00e9e":"2 minutes"},"schema":{"@context":"https:\/\/schema.org","@graph":[{"@type":"Article","@id":"https:\/\/www.africa-press.net\/cameroun\/toutes-les-actualites\/visite-de-macron-les-employes-de-lagence-de-regulation-des-telecommunications-confines-a-la-maison#article","isPartOf":{"@id":"https:\/\/www.africa-press.net\/cameroun\/toutes-les-actualites\/visite-de-macron-les-employes-de-lagence-de-regulation-des-telecommunications-confines-a-la-maison"},"author":{"name":"cfeditorfr","@id":"https:\/\/www.africa-press.net\/cameroun\/#\/schema\/person\/2b1cf3cd81a31e3cd26889ca66d677f1"},"headline":"Visite de Macron\u00a0: Les employ\u00e9s de l\u2019Agence de R\u00e9gulation des T\u00e9l\u00e9communications confin\u00e9s \u00e0 la maison","datePublished":"2022-07-25T14:17:32+00:00","dateModified":"2022-07-25T14:17:47+00:00","mainEntityOfPage":{"@id":"https:\/\/www.africa-press.net\/cameroun\/toutes-les-actualites\/visite-de-macron-les-employes-de-lagence-de-regulation-des-telecommunications-confines-a-la-maison"},"wordCount":313,"commentCount":0,"image":{"@id":"https:\/\/www.africa-press.net\/cameroun\/toutes-les-actualites\/visite-de-macron-les-employes-de-lagence-de-regulation-des-telecommunications-confines-a-la-maison#primaryimage"},"thumbnailUrl":"https:\/\/static.africa-press.net\/cameroun\/sites\/57\/2022\/07\/img-62dea5f227278.jpg","keywords":["Africa Press","Africa Press-Cameroun","Cameroun"],"articleSection":["Communaut\u00e9","homepage-french","Toutes les actualit\u00e9s"],"inLanguage":"fr-FR","potentialAction":[{"@type":"CommentAction","name":"Comment","target":["https:\/\/www.africa-press.net\/cameroun\/toutes-les-actualites\/visite-de-macron-les-employes-de-lagence-de-regulation-des-telecommunications-confines-a-la-maison#respond"]}]},{"@type":"WebPage","@id":"https:\/\/www.africa-press.net\/cameroun\/toutes-les-actualites\/visite-de-macron-les-employes-de-lagence-de-regulation-des-telecommunications-confines-a-la-maison","url":"https:\/\/www.africa-press.net\/cameroun\/toutes-les-actualites\/visite-de-macron-les-employes-de-lagence-de-regulation-des-telecommunications-confines-a-la-maison","name":"Visite de Macron\u00a0: Les employ\u00e9s de l\u2019Agence de R\u00e9gulation des T\u00e9l\u00e9communications confin\u00e9s \u00e0 la maison - Cameroun","isPartOf":{"@id":"https:\/\/www.africa-press.net\/cameroun\/#website"},"primaryImageOfPage":{"@id":"https:\/\/www.africa-press.net\/cameroun\/toutes-les-actualites\/visite-de-macron-les-employes-de-lagence-de-regulation-des-telecommunications-confines-a-la-maison#primaryimage"},"image":{"@id":"https:\/\/www.africa-press.net\/cameroun\/toutes-les-actualites\/visite-de-macron-les-employes-de-lagence-de-regulation-des-telecommunications-confines-a-la-maison#primaryimage"},"thumbnailUrl":"https:\/\/static.africa-press.net\/cameroun\/sites\/57\/2022\/07\/img-62dea5f227278.jpg","datePublished":"2022-07-25T14:17:32+00:00","dateModified":"2022-07-25T14:17:47+00:00","author":{"@id":"https:\/\/www.africa-press.net\/cameroun\/#\/schema\/person\/2b1cf3cd81a31e3cd26889ca66d677f1"},"description":"Le pr\u00e9sident fran\u00e7ais Emmanuel Macron arrive au Cameroun dans la nuit de ce lundi 25 juillet 2022, dans le cadre d\u2019une v ...","breadcrumb":{"@id":"https:\/\/www.africa-press.net\/cameroun\/toutes-les-actualites\/visite-de-macron-les-employes-de-lagence-de-regulation-des-telecommunications-confines-a-la-maison#breadcrumb"},"inLanguage":"fr-FR","potentialAction":[{"@type":"ReadAction","target":["https:\/\/www.africa-press.net\/cameroun\/toutes-les-actualites\/visite-de-macron-les-employes-de-lagence-de-regulation-des-telecommunications-confines-a-la-maison"]}]},{"@type":"ImageObject","inLanguage":"fr-FR","@id":"https:\/\/www.africa-press.net\/cameroun\/toutes-les-actualites\/visite-de-macron-les-employes-de-lagence-de-regulation-des-telecommunications-confines-a-la-maison#primaryimage","url":"https:\/\/static.africa-press.net\/cameroun\/sites\/57\/2022\/07\/img-62dea5f227278.jpg","contentUrl":"https:\/\/static.africa-press.net\/cameroun\/sites\/57\/2022\/07\/img-62dea5f227278.jpg","width":800,"height":488,"caption":"Visite de Macron\u00a0: Les employ\u00e9s de l\u2019Agence de R\u00e9gulation des T\u00e9l\u00e9communications confin\u00e9s \u00e0 la maison"},{"@type":"BreadcrumbList","@id":"https:\/\/www.africa-press.net\/cameroun\/toutes-les-actualites\/visite-de-macron-les-employes-de-lagence-de-regulation-des-telecommunications-confines-a-la-maison#breadcrumb","itemListElement":[{"@type":"ListItem","position":1,"name":"Accueil","item":"https:\/\/www.africa-press.net\/cameroun\/"},{"@type":"ListItem","position":2,"name":"Visite de Macron\u00a0: Les employ\u00e9s de l\u2019Agence de R\u00e9gulation des T\u00e9l\u00e9communications confin\u00e9s \u00e0 la maison"}]},{"@type":"WebSite","@id":"https:\/\/www.africa-press.net\/cameroun\/#website","url":"https:\/\/www.africa-press.net\/cameroun\/","name":"Cameroun","description":"Just another Africa News Agency Sites site","potentialAction":[{"@type":"SearchAction","target":{"@type":"EntryPoint","urlTemplate":"https:\/\/www.africa-press.net\/cameroun\/?s={search_term_string}"},"query-input":{"@type":"PropertyValueSpecification","valueRequired":true,"valueName":"search_term_string"}}],"inLanguage":"fr-FR"},{"@type":"Person","@id":"https:\/\/www.africa-press.net\/cameroun\/#\/schema\/person\/2b1cf3cd81a31e3cd26889ca66d677f1","name":"cfeditorfr"}]}},"_links":{"self":[{"href":"https:\/\/www.africa-press.net\/cameroun\/wp-json\/wp\/v2\/posts\/24155","targetHints":{"allow":["GET"]}}],"collection":[{"href":"https:\/\/www.africa-press.net\/cameroun\/wp-json\/wp\/v2\/posts"}],"about":[{"href":"https:\/\/www.africa-press.net\/cameroun\/wp-json\/wp\/v2\/types\/post"}],"author":[{"embeddable":true,"href":"https:\/\/www.africa-press.net\/cameroun\/wp-json\/wp\/v2\/users\/82"}],"replies":[{"embeddable":true,"href":"https:\/\/www.africa-press.net\/cameroun\/wp-json\/wp\/v2\/comments?post=24155"}],"version-history":[{"count":0,"href":"https:\/\/www.africa-press.net\/cameroun\/wp-json\/wp\/v2\/posts\/24155\/revisions"}],"wp:featuredmedia":[{"embeddable":true,"href":"https:\/\/www.africa-press.net\/cameroun\/wp-json\/wp\/v2\/media\/24154"}],"wp:attachment":[{"href":"https:\/\/www.africa-press.net\/cameroun\/wp-json\/wp\/v2\/media?parent=24155"}],"wp:term":[{"taxonomy":"category","embeddable":true,"href":"https:\/\/www.africa-press.net\/cameroun\/wp-json\/wp\/v2\/categories?post=24155"},{"taxonomy":"post_tag","embeddable":true,"href":"https:\/\/www.africa-press.net\/cameroun\/wp-json\/wp\/v2\/tags?post=24155"}],"curies":[{"name":"wp","href":"https:\/\/api.w.org\/{rel}","templated":true}]}}