{"id":2416,"date":"2021-04-24T15:57:41","date_gmt":"2021-04-24T15:57:41","guid":{"rendered":"https:\/\/www.africa-press.net\/cameroun\/?p=2416"},"modified":"2021-04-26T02:03:06","modified_gmt":"2021-04-26T02:03:06","slug":"cameroun-humanitaire-des-soins-de-sante-pour-une-vingtaine-denfants-de-familles-vulnerables","status":"publish","type":"post","link":"https:\/\/www.africa-press.net\/cameroun\/toutes-les-actualites\/cameroun-humanitaire-des-soins-de-sante-pour-une-vingtaine-denfants-de-familles-vulnerables","title":{"rendered":"Cameroun &#8211; Humanitaire: Des soins de sant\u00e9 pour une vingtaine d\u2019enfants de familles vuln\u00e9rables"},"content":{"rendered":"<p><span style=\"color: #ff6600\"><strong><a href=\"https:\/\/www.africa-press.net\/\">Africa-Press<\/a> &#8211; <a href=\"https:\/\/www.africa-press.net\/cameroun\">Cameroun<\/a>. <\/strong><\/span>Bouff\u00e9e d\u2019oxyg\u00e8ne pour des familles vuln\u00e9rables du quartier Essos, situ\u00e9 dans le 5\u00e8me arrondissement de la ville de Yaound\u00e9. En effet, plusieurs enfants, une vingtaine au total, de ces familles recevront des soins de sant\u00e9 sans qu\u2019elles d\u00e9boursent le moindre sou.<\/p>\n<p>Cette prise en charge m\u00e9dicale est rendue possible gr\u00e2ce \u00e0 un partenariat sign\u00e9 entre l\u2019Association caritative S.E.K.T.E.U.R.A et l\u2019ONG SOS M\u00e9decins Cameroun. Le partenariat porte sur la formule \u00abSOS MODULO\u00bb, valable pour une p\u00e9riode de 12 mois renouvelable.<\/p>\n<p>Cette formule permettra aux enfants de b\u00e9n\u00e9ficier: \u00abdes consultations m\u00e9dicales gratuites en cabinet, des examens gratuits (paludisme, typho\u00efde, examen des selles, traitements gratuits (paludisme simple, typho\u00efde, parasitoses intestinales, d\u00e9parasitage, antalgique et anti-inflammatoires, \u00e9tats grippaux ), des visites m\u00e9dicales syst\u00e9matiques une fois par an, visite ophtalmologique une fois par an, une assistance m\u00e9dicale \u00e0 distance permanente, bilan annuel (h\u00e9patites B, h\u00e9patite C, diab\u00e8te, hypertension, an\u00e9mie et des s\u00e9ances d\u2019\u00e9ducation et de promotion de la sant\u00e9 tous les 3 mois\u00bb. L\u2019accord sign\u00e9 entre les deux parties pr\u00e9cise que les examens seront faits au si\u00e8ge de SOS m\u00e9decins Cameroun \u00e0 Yaound\u00e9.<\/p>\n<p>Selon L\u00e9opold Fanguem, le fondateur de l\u2019Association S.E.K.T.E.U.R.A, cette \u00abassurance sant\u00e9\u00bb offerte \u00e0 ces enfants se justifie par les difficult\u00e9s multiformes auxquelles font face leurs familles. \u00abDans un pays comme le Cameroun qui ne dispose pas (encore) d\u2019un syst\u00e8me de couverture sant\u00e9 universelle, o\u00f9 pr\u00e8s de 40% de la population vit sous le seuil de la pauvret\u00e9 et o\u00f9 la population assume en grande partie le fardeau financier que repr\u00e9sentent les d\u00e9penses de sant\u00e9, notre association s\u2019est donn\u00e9e comme mission principale d\u2019apporter un soutien aux enfants issus des couches sociales les plus d\u00e9favoris\u00e9es dans le secteur de la sant\u00e9 et l\u2019\u00e9ducation\u00bb, explique-t-il.<\/p>\n<p>Sur le plan de l\u2019\u00e9ducation, se soutien de l\u2019Association, dont l\u2019objectif est de lutter contre la pauvret\u00e9 de mani\u00e8re durable en donnant la possibilit\u00e9 aux enfants issus des familles d\u00e9munies d\u2019avoir un avenir meilleur, se manifeste par des cours de r\u00e9p\u00e9tition et de remise \u00e0 niveau pour les \u00e9l\u00e8ves n\u00e9cessiteux, et surtout des c\u00e9r\u00e9monies de r\u00e9compense des meilleurs \u00e9l\u00e8ves organis\u00e9es chaque ann\u00e9e.<\/p>\n","protected":false},"excerpt":{"rendered":"<p>Africa-Press &#8211; Cameroun. Bouff\u00e9e d\u2019oxyg\u00e8ne pour des familles vuln\u00e9rables du quartier Essos, situ\u00e9 dans le 5\u00e8me arrondissement de la ville de Yaound\u00e9. En effet, plusieurs enfants, une vingtaine au total, de ces familles recevront des soins de sant\u00e9 sans qu\u2019elles d\u00e9boursent le moindre sou. Cette prise en charge m\u00e9dicale est rendue possible gr\u00e2ce \u00e0 un [&hellip;]<\/p>\n","protected":false},"author":82,"featured_media":2415,"comment_status":"open","ping_status":"closed","sticky":false,"template":"","format":"standard","meta":{"footnotes":""},"categories":[21,11,10],"tags":[36,50,49],"class_list":["post-2416","post","type-post","status-publish","format-standard","has-post-thumbnail","hentry","category-communaute","category-homepage-french","category-toutes-les-actualites","tag-africa-press","tag-africa-press-cameroun","tag-cameroun"],"yoast_head":"<!-- This site is optimized with the Yoast SEO Premium plugin v26.1 (Yoast SEO v27.0) - https:\/\/yoast.com\/product\/yoast-seo-premium-wordpress\/ -->\n<title>Cameroun - Humanitaire: Des soins de sant\u00e9 pour une vingtaine d\u2019enfants de familles vuln\u00e9rables - Cameroun<\/title>\n<meta name=\"description\" content=\"Bouff\u00e9e d\u2019oxyg\u00e8ne pour des familles vuln\u00e9rables du quartier Essos, situ\u00e9 dans le 5\u00e8me arrondissement de la ville de Yaou ...\" \/>\n<meta name=\"robots\" content=\"index, follow, max-snippet:-1, max-image-preview:large, max-video-preview:-1\" \/>\n<link rel=\"canonical\" href=\"https:\/\/www.africa-press.net\/cameroun\/toutes-les-actualites\/cameroun-humanitaire-des-soins-de-sante-pour-une-vingtaine-denfants-de-familles-vulnerables\" \/>\n<meta property=\"og:locale\" content=\"fr_FR\" \/>\n<meta property=\"og:type\" content=\"article\" \/>\n<meta property=\"og:title\" content=\"Cameroun - Humanitaire: Des soins de sant\u00e9 pour une vingtaine d\u2019enfants de familles vuln\u00e9rables\" \/>\n<meta property=\"og:description\" content=\"Bouff\u00e9e d\u2019oxyg\u00e8ne pour des familles vuln\u00e9rables du quartier Essos, situ\u00e9 dans le 5\u00e8me arrondissement de la ville de Yaou ...\" \/>\n<meta property=\"og:url\" content=\"https:\/\/www.africa-press.net\/cameroun\/toutes-les-actualites\/cameroun-humanitaire-des-soins-de-sante-pour-une-vingtaine-denfants-de-familles-vulnerables\" \/>\n<meta property=\"og:site_name\" content=\"Cameroun\" \/>\n<meta property=\"article:published_time\" content=\"2021-04-24T15:57:41+00:00\" \/>\n<meta property=\"article:modified_time\" content=\"2021-04-26T02:03:06+00:00\" \/>\n<meta property=\"og:image\" content=\"https:\/\/static.africa-press.net\/cameroun\/sites\/57\/2021\/04\/img-6084557543b63.jpg\" \/>\n\t<meta property=\"og:image:width\" content=\"800\" \/>\n\t<meta property=\"og:image:height\" content=\"554\" \/>\n\t<meta property=\"og:image:type\" content=\"image\/jpeg\" \/>\n<meta name=\"author\" content=\"cfeditorfr\" \/>\n<meta name=\"twitter:card\" content=\"summary_large_image\" \/>\n<meta name=\"twitter:label1\" content=\"\u00c9crit par\" \/>\n\t<meta name=\"twitter:data1\" content=\"cfeditorfr\" \/>\n\t<meta name=\"twitter:label2\" content=\"Dur\u00e9e de lecture estim\u00e9e\" \/>\n\t<meta name=\"twitter:data2\" content=\"2 minutes\" \/>\n<script type=\"application\/ld+json\" class=\"yoast-schema-graph\">{\"@context\":\"https:\/\/schema.org\",\"@graph\":[{\"@type\":\"Article\",\"@id\":\"https:\/\/www.africa-press.net\/cameroun\/toutes-les-actualites\/cameroun-humanitaire-des-soins-de-sante-pour-une-vingtaine-denfants-de-familles-vulnerables#article\",\"isPartOf\":{\"@id\":\"https:\/\/www.africa-press.net\/cameroun\/toutes-les-actualites\/cameroun-humanitaire-des-soins-de-sante-pour-une-vingtaine-denfants-de-familles-vulnerables\"},\"author\":{\"name\":\"cfeditorfr\",\"@id\":\"https:\/\/www.africa-press.net\/cameroun\/#\/schema\/person\/2b1cf3cd81a31e3cd26889ca66d677f1\"},\"headline\":\"Cameroun &#8211; Humanitaire: Des soins de sant\u00e9 pour une vingtaine d\u2019enfants de familles vuln\u00e9rables\",\"datePublished\":\"2021-04-24T15:57:41+00:00\",\"dateModified\":\"2021-04-26T02:03:06+00:00\",\"mainEntityOfPage\":{\"@id\":\"https:\/\/www.africa-press.net\/cameroun\/toutes-les-actualites\/cameroun-humanitaire-des-soins-de-sante-pour-une-vingtaine-denfants-de-familles-vulnerables\"},\"wordCount\":426,\"commentCount\":0,\"image\":{\"@id\":\"https:\/\/www.africa-press.net\/cameroun\/toutes-les-actualites\/cameroun-humanitaire-des-soins-de-sante-pour-une-vingtaine-denfants-de-familles-vulnerables#primaryimage\"},\"thumbnailUrl\":\"https:\/\/static.africa-press.net\/cameroun\/sites\/57\/2021\/04\/img-6084557543b63.jpg\",\"keywords\":[\"Africa Press\",\"Africa Press-Cameroun\",\"Cameroun\"],\"articleSection\":[\"Communaut\u00e9\",\"homepage-french\",\"Toutes les actualit\u00e9s\"],\"inLanguage\":\"fr-FR\",\"potentialAction\":[{\"@type\":\"CommentAction\",\"name\":\"Comment\",\"target\":[\"https:\/\/www.africa-press.net\/cameroun\/toutes-les-actualites\/cameroun-humanitaire-des-soins-de-sante-pour-une-vingtaine-denfants-de-familles-vulnerables#respond\"]}]},{\"@type\":\"WebPage\",\"@id\":\"https:\/\/www.africa-press.net\/cameroun\/toutes-les-actualites\/cameroun-humanitaire-des-soins-de-sante-pour-une-vingtaine-denfants-de-familles-vulnerables\",\"url\":\"https:\/\/www.africa-press.net\/cameroun\/toutes-les-actualites\/cameroun-humanitaire-des-soins-de-sante-pour-une-vingtaine-denfants-de-familles-vulnerables\",\"name\":\"Cameroun - Humanitaire: Des soins de sant\u00e9 pour une vingtaine d\u2019enfants de familles vuln\u00e9rables - Cameroun\",\"isPartOf\":{\"@id\":\"https:\/\/www.africa-press.net\/cameroun\/#website\"},\"primaryImageOfPage\":{\"@id\":\"https:\/\/www.africa-press.net\/cameroun\/toutes-les-actualites\/cameroun-humanitaire-des-soins-de-sante-pour-une-vingtaine-denfants-de-familles-vulnerables#primaryimage\"},\"image\":{\"@id\":\"https:\/\/www.africa-press.net\/cameroun\/toutes-les-actualites\/cameroun-humanitaire-des-soins-de-sante-pour-une-vingtaine-denfants-de-familles-vulnerables#primaryimage\"},\"thumbnailUrl\":\"https:\/\/static.africa-press.net\/cameroun\/sites\/57\/2021\/04\/img-6084557543b63.jpg\",\"datePublished\":\"2021-04-24T15:57:41+00:00\",\"dateModified\":\"2021-04-26T02:03:06+00:00\",\"author\":{\"@id\":\"https:\/\/www.africa-press.net\/cameroun\/#\/schema\/person\/2b1cf3cd81a31e3cd26889ca66d677f1\"},\"description\":\"Bouff\u00e9e d\u2019oxyg\u00e8ne pour des familles vuln\u00e9rables du quartier Essos, situ\u00e9 dans le 5\u00e8me arrondissement de la ville de Yaou ...\",\"breadcrumb\":{\"@id\":\"https:\/\/www.africa-press.net\/cameroun\/toutes-les-actualites\/cameroun-humanitaire-des-soins-de-sante-pour-une-vingtaine-denfants-de-familles-vulnerables#breadcrumb\"},\"inLanguage\":\"fr-FR\",\"potentialAction\":[{\"@type\":\"ReadAction\",\"target\":[\"https:\/\/www.africa-press.net\/cameroun\/toutes-les-actualites\/cameroun-humanitaire-des-soins-de-sante-pour-une-vingtaine-denfants-de-familles-vulnerables\"]}]},{\"@type\":\"ImageObject\",\"inLanguage\":\"fr-FR\",\"@id\":\"https:\/\/www.africa-press.net\/cameroun\/toutes-les-actualites\/cameroun-humanitaire-des-soins-de-sante-pour-une-vingtaine-denfants-de-familles-vulnerables#primaryimage\",\"url\":\"https:\/\/static.africa-press.net\/cameroun\/sites\/57\/2021\/04\/img-6084557543b63.jpg\",\"contentUrl\":\"https:\/\/static.africa-press.net\/cameroun\/sites\/57\/2021\/04\/img-6084557543b63.jpg\",\"width\":800,\"height\":554,\"caption\":\"Cameroun - Humanitaire: Des soins de sant\u00e9 pour une vingtaine d\u2019enfants de familles vuln\u00e9rables\"},{\"@type\":\"BreadcrumbList\",\"@id\":\"https:\/\/www.africa-press.net\/cameroun\/toutes-les-actualites\/cameroun-humanitaire-des-soins-de-sante-pour-une-vingtaine-denfants-de-familles-vulnerables#breadcrumb\",\"itemListElement\":[{\"@type\":\"ListItem\",\"position\":1,\"name\":\"Accueil\",\"item\":\"https:\/\/www.africa-press.net\/cameroun\/\"},{\"@type\":\"ListItem\",\"position\":2,\"name\":\"Cameroun &#8211; Humanitaire: Des soins de sant\u00e9 pour une vingtaine d\u2019enfants de familles vuln\u00e9rables\"}]},{\"@type\":\"WebSite\",\"@id\":\"https:\/\/www.africa-press.net\/cameroun\/#website\",\"url\":\"https:\/\/www.africa-press.net\/cameroun\/\",\"name\":\"Cameroun\",\"description\":\"Just another Africa News Agency Sites site\",\"potentialAction\":[{\"@type\":\"SearchAction\",\"target\":{\"@type\":\"EntryPoint\",\"urlTemplate\":\"https:\/\/www.africa-press.net\/cameroun\/?s={search_term_string}\"},\"query-input\":{\"@type\":\"PropertyValueSpecification\",\"valueRequired\":true,\"valueName\":\"search_term_string\"}}],\"inLanguage\":\"fr-FR\"},{\"@type\":\"Person\",\"@id\":\"https:\/\/www.africa-press.net\/cameroun\/#\/schema\/person\/2b1cf3cd81a31e3cd26889ca66d677f1\",\"name\":\"cfeditorfr\"}]}<\/script>\n<!-- \/ Yoast SEO Premium plugin. -->","yoast_head_json":{"title":"Cameroun - Humanitaire: Des soins de sant\u00e9 pour une vingtaine d\u2019enfants de familles vuln\u00e9rables - Cameroun","description":"Bouff\u00e9e d\u2019oxyg\u00e8ne pour des familles vuln\u00e9rables du quartier Essos, situ\u00e9 dans le 5\u00e8me arrondissement de la ville de Yaou ...","robots":{"index":"index","follow":"follow","max-snippet":"max-snippet:-1","max-image-preview":"max-image-preview:large","max-video-preview":"max-video-preview:-1"},"canonical":"https:\/\/www.africa-press.net\/cameroun\/toutes-les-actualites\/cameroun-humanitaire-des-soins-de-sante-pour-une-vingtaine-denfants-de-familles-vulnerables","og_locale":"fr_FR","og_type":"article","og_title":"Cameroun - Humanitaire: Des soins de sant\u00e9 pour une vingtaine d\u2019enfants de familles vuln\u00e9rables","og_description":"Bouff\u00e9e d\u2019oxyg\u00e8ne pour des familles vuln\u00e9rables du quartier Essos, situ\u00e9 dans le 5\u00e8me arrondissement de la ville de Yaou ...","og_url":"https:\/\/www.africa-press.net\/cameroun\/toutes-les-actualites\/cameroun-humanitaire-des-soins-de-sante-pour-une-vingtaine-denfants-de-familles-vulnerables","og_site_name":"Cameroun","article_published_time":"2021-04-24T15:57:41+00:00","article_modified_time":"2021-04-26T02:03:06+00:00","og_image":[{"width":800,"height":554,"url":"https:\/\/static.africa-press.net\/cameroun\/sites\/57\/2021\/04\/img-6084557543b63.jpg","type":"image\/jpeg"}],"author":"cfeditorfr","twitter_card":"summary_large_image","twitter_misc":{"\u00c9crit par":"cfeditorfr","Dur\u00e9e de lecture estim\u00e9e":"2 minutes"},"schema":{"@context":"https:\/\/schema.org","@graph":[{"@type":"Article","@id":"https:\/\/www.africa-press.net\/cameroun\/toutes-les-actualites\/cameroun-humanitaire-des-soins-de-sante-pour-une-vingtaine-denfants-de-familles-vulnerables#article","isPartOf":{"@id":"https:\/\/www.africa-press.net\/cameroun\/toutes-les-actualites\/cameroun-humanitaire-des-soins-de-sante-pour-une-vingtaine-denfants-de-familles-vulnerables"},"author":{"name":"cfeditorfr","@id":"https:\/\/www.africa-press.net\/cameroun\/#\/schema\/person\/2b1cf3cd81a31e3cd26889ca66d677f1"},"headline":"Cameroun &#8211; Humanitaire: Des soins de sant\u00e9 pour une vingtaine d\u2019enfants de familles vuln\u00e9rables","datePublished":"2021-04-24T15:57:41+00:00","dateModified":"2021-04-26T02:03:06+00:00","mainEntityOfPage":{"@id":"https:\/\/www.africa-press.net\/cameroun\/toutes-les-actualites\/cameroun-humanitaire-des-soins-de-sante-pour-une-vingtaine-denfants-de-familles-vulnerables"},"wordCount":426,"commentCount":0,"image":{"@id":"https:\/\/www.africa-press.net\/cameroun\/toutes-les-actualites\/cameroun-humanitaire-des-soins-de-sante-pour-une-vingtaine-denfants-de-familles-vulnerables#primaryimage"},"thumbnailUrl":"https:\/\/static.africa-press.net\/cameroun\/sites\/57\/2021\/04\/img-6084557543b63.jpg","keywords":["Africa Press","Africa Press-Cameroun","Cameroun"],"articleSection":["Communaut\u00e9","homepage-french","Toutes les actualit\u00e9s"],"inLanguage":"fr-FR","potentialAction":[{"@type":"CommentAction","name":"Comment","target":["https:\/\/www.africa-press.net\/cameroun\/toutes-les-actualites\/cameroun-humanitaire-des-soins-de-sante-pour-une-vingtaine-denfants-de-familles-vulnerables#respond"]}]},{"@type":"WebPage","@id":"https:\/\/www.africa-press.net\/cameroun\/toutes-les-actualites\/cameroun-humanitaire-des-soins-de-sante-pour-une-vingtaine-denfants-de-familles-vulnerables","url":"https:\/\/www.africa-press.net\/cameroun\/toutes-les-actualites\/cameroun-humanitaire-des-soins-de-sante-pour-une-vingtaine-denfants-de-familles-vulnerables","name":"Cameroun - Humanitaire: Des soins de sant\u00e9 pour une vingtaine d\u2019enfants de familles vuln\u00e9rables - Cameroun","isPartOf":{"@id":"https:\/\/www.africa-press.net\/cameroun\/#website"},"primaryImageOfPage":{"@id":"https:\/\/www.africa-press.net\/cameroun\/toutes-les-actualites\/cameroun-humanitaire-des-soins-de-sante-pour-une-vingtaine-denfants-de-familles-vulnerables#primaryimage"},"image":{"@id":"https:\/\/www.africa-press.net\/cameroun\/toutes-les-actualites\/cameroun-humanitaire-des-soins-de-sante-pour-une-vingtaine-denfants-de-familles-vulnerables#primaryimage"},"thumbnailUrl":"https:\/\/static.africa-press.net\/cameroun\/sites\/57\/2021\/04\/img-6084557543b63.jpg","datePublished":"2021-04-24T15:57:41+00:00","dateModified":"2021-04-26T02:03:06+00:00","author":{"@id":"https:\/\/www.africa-press.net\/cameroun\/#\/schema\/person\/2b1cf3cd81a31e3cd26889ca66d677f1"},"description":"Bouff\u00e9e d\u2019oxyg\u00e8ne pour des familles vuln\u00e9rables du quartier Essos, situ\u00e9 dans le 5\u00e8me arrondissement de la ville de Yaou ...","breadcrumb":{"@id":"https:\/\/www.africa-press.net\/cameroun\/toutes-les-actualites\/cameroun-humanitaire-des-soins-de-sante-pour-une-vingtaine-denfants-de-familles-vulnerables#breadcrumb"},"inLanguage":"fr-FR","potentialAction":[{"@type":"ReadAction","target":["https:\/\/www.africa-press.net\/cameroun\/toutes-les-actualites\/cameroun-humanitaire-des-soins-de-sante-pour-une-vingtaine-denfants-de-familles-vulnerables"]}]},{"@type":"ImageObject","inLanguage":"fr-FR","@id":"https:\/\/www.africa-press.net\/cameroun\/toutes-les-actualites\/cameroun-humanitaire-des-soins-de-sante-pour-une-vingtaine-denfants-de-familles-vulnerables#primaryimage","url":"https:\/\/static.africa-press.net\/cameroun\/sites\/57\/2021\/04\/img-6084557543b63.jpg","contentUrl":"https:\/\/static.africa-press.net\/cameroun\/sites\/57\/2021\/04\/img-6084557543b63.jpg","width":800,"height":554,"caption":"Cameroun - Humanitaire: Des soins de sant\u00e9 pour une vingtaine d\u2019enfants de familles vuln\u00e9rables"},{"@type":"BreadcrumbList","@id":"https:\/\/www.africa-press.net\/cameroun\/toutes-les-actualites\/cameroun-humanitaire-des-soins-de-sante-pour-une-vingtaine-denfants-de-familles-vulnerables#breadcrumb","itemListElement":[{"@type":"ListItem","position":1,"name":"Accueil","item":"https:\/\/www.africa-press.net\/cameroun\/"},{"@type":"ListItem","position":2,"name":"Cameroun &#8211; Humanitaire: Des soins de sant\u00e9 pour une vingtaine d\u2019enfants de familles vuln\u00e9rables"}]},{"@type":"WebSite","@id":"https:\/\/www.africa-press.net\/cameroun\/#website","url":"https:\/\/www.africa-press.net\/cameroun\/","name":"Cameroun","description":"Just another Africa News Agency Sites site","potentialAction":[{"@type":"SearchAction","target":{"@type":"EntryPoint","urlTemplate":"https:\/\/www.africa-press.net\/cameroun\/?s={search_term_string}"},"query-input":{"@type":"PropertyValueSpecification","valueRequired":true,"valueName":"search_term_string"}}],"inLanguage":"fr-FR"},{"@type":"Person","@id":"https:\/\/www.africa-press.net\/cameroun\/#\/schema\/person\/2b1cf3cd81a31e3cd26889ca66d677f1","name":"cfeditorfr"}]}},"_links":{"self":[{"href":"https:\/\/www.africa-press.net\/cameroun\/wp-json\/wp\/v2\/posts\/2416","targetHints":{"allow":["GET"]}}],"collection":[{"href":"https:\/\/www.africa-press.net\/cameroun\/wp-json\/wp\/v2\/posts"}],"about":[{"href":"https:\/\/www.africa-press.net\/cameroun\/wp-json\/wp\/v2\/types\/post"}],"author":[{"embeddable":true,"href":"https:\/\/www.africa-press.net\/cameroun\/wp-json\/wp\/v2\/users\/82"}],"replies":[{"embeddable":true,"href":"https:\/\/www.africa-press.net\/cameroun\/wp-json\/wp\/v2\/comments?post=2416"}],"version-history":[{"count":0,"href":"https:\/\/www.africa-press.net\/cameroun\/wp-json\/wp\/v2\/posts\/2416\/revisions"}],"wp:featuredmedia":[{"embeddable":true,"href":"https:\/\/www.africa-press.net\/cameroun\/wp-json\/wp\/v2\/media\/2415"}],"wp:attachment":[{"href":"https:\/\/www.africa-press.net\/cameroun\/wp-json\/wp\/v2\/media?parent=2416"}],"wp:term":[{"taxonomy":"category","embeddable":true,"href":"https:\/\/www.africa-press.net\/cameroun\/wp-json\/wp\/v2\/categories?post=2416"},{"taxonomy":"post_tag","embeddable":true,"href":"https:\/\/www.africa-press.net\/cameroun\/wp-json\/wp\/v2\/tags?post=2416"}],"curies":[{"name":"wp","href":"https:\/\/api.w.org\/{rel}","templated":true}]}}