{"id":24167,"date":"2022-07-25T11:49:22","date_gmt":"2022-07-25T11:49:22","guid":{"rendered":"https:\/\/www.africa-press.net\/cameroun\/politique\/sante-en-2020-lextreme-nord-a-enregistre-1523-deces-lies-au-paludisme"},"modified":"2022-07-25T14:19:39","modified_gmt":"2022-07-25T14:19:39","slug":"sante-en-2020-lextreme-nord-a-enregistre-1523-deces-lies-au-paludisme","status":"publish","type":"post","link":"https:\/\/www.africa-press.net\/cameroun\/toutes-les-actualites\/sante-en-2020-lextreme-nord-a-enregistre-1523-deces-lies-au-paludisme","title":{"rendered":"Sant\u00e9: En 2020, l\u2019Extr\u00eame-Nord a enregistr\u00e9 1523 d\u00e9c\u00e8s li\u00e9s au paludisme"},"content":{"rendered":"<p><span style=\"color: #ff6600\"><strong>Africa-Press &#8211; Cameroun. <\/strong><\/span>Selon L\u2019\u0153il du Sahel, \u00ab en 2020, la r\u00e9gion de l\u2019Extr\u00eame-Nord \u00e0 elle seule a enregistr\u00e9 1523 d\u00e9c\u00e8s li\u00e9s au paludisme \u00bb. Dans son \u00e9dition du vendredi 22 juillet 2022, le trihebdomadaire sp\u00e9cialis\u00e9 dans le traitement de l\u2019information des trois r\u00e9gions du nord du Cameroun r\u00e9v\u00e8le que \u00ab ce chiffre repr\u00e9sente plus du tiers des 4 150 d\u00e9c\u00e8s dus \u00e0 cette maladie enregistr\u00e9s au Cameroun au cours de l\u2019ann\u00e9e sous revue \u00bb. Au cours de la m\u00eame ann\u00e9e, selon des statistiques reprises par le journal du septentrion, les formations sanitaires du pays ont d\u00e9clar\u00e9 avoir enregistr\u00e9 environ 250 000 cas de paludisme, dont une frange importante d\u2019enfants de moins de 05 ans.<\/p>\n<p>Devant un tel tableau clinique, l\u2019ONG Impact Sant\u00e9 Afrique (ISA) ne pouvait rester insensible. Ni immobile. Du 17 au 20 juillet 2022 \u00e0 Maroua, le chef-lieu de la r\u00e9gion de l\u2019Extr\u00eame-nord, elle o organis\u00e9 un \u00ab atelier de formation des organisations de la soci\u00e9t\u00e9 civile de district sur le plaidoyer en faveur de la lutte contre le paludisme \u00bb. Dans le cadre de son projet Impact Malaria, ISA axe ainsi son action vers les acteurs des organisations de la soci\u00e9t\u00e9 civile (OSC). Et pour cause, les responsables d\u2019ISA expliquent que \u00ab toutes les actions de plaidoyer en faveur de la sant\u00e9 se sont achev\u00e9es par des \u00e9checs \u00bb. Au cours de l\u2019atelier de Maroua, ISA a initi\u00e9 les participants aux nouvelles techniques d\u2019approche de plaidoyer \u00ab pour convaincre les leaders communautaires, d\u00e9cideurs et partenaires dans la promotion de la sant\u00e9 \u00bb. Au final, le programme vise la baisse du taux de mortalit\u00e9 li\u00e9e au paludisme par la maitrise des \u00e9volutions de la maladie par la communaut\u00e9, la premi\u00e8re prise en charge \u00e9tant d\u2019abord communautaire. Une pr\u00e9occupation qui rejoint celle du groupe technique r\u00e9gional de lutte contre le paludisme pour l\u2019Extr\u00eame-Nord dont le coordonnateur, Dr. Jean Pierre Kidwang, a relev\u00e9 que \u00ab le plaidoyer a souvent n\u00e9glig\u00e9 au profit des aspects cliniques. On oublie que les engagements communautaires avec des techniques novatrices permettent plus des r\u00e9sultats que l\u2019aspect clinique \u00bb.<\/p>\n<p>Pour rappel, le projet Impact Malaria est financ\u00e9 par le gouvernement am\u00e9ricain \u00e0 travers le President\u2019s Malaria Initiative (PMI).<\/p>\n<p>Bernard Bangda, CIN<\/p>\n<p><strong>Pour plus d&rsquo;informations et d&rsquo;analyses sur la <a href=\"https:\/\/www.africa-press.net\/cameroun\">Cameroun<\/a>, suivez <a href=\"https:\/\/www.africa-press.net\/\">Africa-Press<\/a><\/strong><\/p>\n","protected":false},"excerpt":{"rendered":"<p>Africa-Press &#8211; Cameroun. Selon L\u2019\u0153il du Sahel, \u00ab en 2020, la r\u00e9gion de l\u2019Extr\u00eame-Nord \u00e0 elle seule a enregistr\u00e9 1523 d\u00e9c\u00e8s li\u00e9s au paludisme \u00bb. Dans son \u00e9dition du vendredi 22 juillet 2022, le trihebdomadaire sp\u00e9cialis\u00e9 dans le traitement de l\u2019information des trois r\u00e9gions du nord du Cameroun r\u00e9v\u00e8le que \u00ab ce chiffre repr\u00e9sente plus [&hellip;]<\/p>\n","protected":false},"author":82,"featured_media":24166,"comment_status":"open","ping_status":"closed","sticky":false,"template":"","format":"standard","meta":{"footnotes":""},"categories":[21,11,10],"tags":[36,50,49],"class_list":["post-24167","post","type-post","status-publish","format-standard","has-post-thumbnail","hentry","category-communaute","category-homepage-french","category-toutes-les-actualites","tag-africa-press","tag-africa-press-cameroun","tag-cameroun"],"yoast_head":"<!-- This site is optimized with the Yoast SEO Premium plugin v26.1 (Yoast SEO v27.0) - https:\/\/yoast.com\/product\/yoast-seo-premium-wordpress\/ -->\n<title>Sant\u00e9: En 2020, l\u2019Extr\u00eame-Nord a enregistr\u00e9 1523 d\u00e9c\u00e8s li\u00e9s au paludisme - Cameroun<\/title>\n<meta name=\"description\" content=\"Selon L\u2019\u0153il du Sahel, \u00ab en 2020, la r\u00e9gion de l\u2019Extr\u00eame-Nord \u00e0 elle seule a enregistr\u00e9 1523 d\u00e9c\u00e8s li\u00e9s au paludisme \u00bb. D ...\" \/>\n<meta name=\"robots\" content=\"index, follow, max-snippet:-1, max-image-preview:large, max-video-preview:-1\" \/>\n<link rel=\"canonical\" href=\"https:\/\/www.africa-press.net\/cameroun\/toutes-les-actualites\/sante-en-2020-lextreme-nord-a-enregistre-1523-deces-lies-au-paludisme\" \/>\n<meta property=\"og:locale\" content=\"fr_FR\" \/>\n<meta property=\"og:type\" content=\"article\" \/>\n<meta property=\"og:title\" content=\"Sant\u00e9: En 2020, l\u2019Extr\u00eame-Nord a enregistr\u00e9 1523 d\u00e9c\u00e8s li\u00e9s au paludisme\" \/>\n<meta property=\"og:description\" content=\"Selon L\u2019\u0153il du Sahel, \u00ab en 2020, la r\u00e9gion de l\u2019Extr\u00eame-Nord \u00e0 elle seule a enregistr\u00e9 1523 d\u00e9c\u00e8s li\u00e9s au paludisme \u00bb. D ...\" \/>\n<meta property=\"og:url\" content=\"https:\/\/www.africa-press.net\/cameroun\/toutes-les-actualites\/sante-en-2020-lextreme-nord-a-enregistre-1523-deces-lies-au-paludisme\" \/>\n<meta property=\"og:site_name\" content=\"Cameroun\" \/>\n<meta property=\"article:published_time\" content=\"2022-07-25T11:49:22+00:00\" \/>\n<meta property=\"article:modified_time\" content=\"2022-07-25T14:19:39+00:00\" \/>\n<meta property=\"og:image\" content=\"https:\/\/static.africa-press.net\/cameroun\/sites\/57\/2022\/07\/img-62dea669a7c40.jpg\" \/>\n\t<meta property=\"og:image:width\" content=\"800\" \/>\n\t<meta property=\"og:image:height\" content=\"504\" \/>\n\t<meta property=\"og:image:type\" content=\"image\/jpeg\" \/>\n<meta name=\"author\" content=\"cfeditorfr\" \/>\n<meta name=\"twitter:card\" content=\"summary_large_image\" \/>\n<meta name=\"twitter:label1\" content=\"\u00c9crit par\" \/>\n\t<meta name=\"twitter:data1\" content=\"cfeditorfr\" \/>\n\t<meta name=\"twitter:label2\" content=\"Dur\u00e9e de lecture estim\u00e9e\" \/>\n\t<meta name=\"twitter:data2\" content=\"2 minutes\" \/>\n<script type=\"application\/ld+json\" class=\"yoast-schema-graph\">{\"@context\":\"https:\/\/schema.org\",\"@graph\":[{\"@type\":\"Article\",\"@id\":\"https:\/\/www.africa-press.net\/cameroun\/toutes-les-actualites\/sante-en-2020-lextreme-nord-a-enregistre-1523-deces-lies-au-paludisme#article\",\"isPartOf\":{\"@id\":\"https:\/\/www.africa-press.net\/cameroun\/toutes-les-actualites\/sante-en-2020-lextreme-nord-a-enregistre-1523-deces-lies-au-paludisme\"},\"author\":{\"name\":\"cfeditorfr\",\"@id\":\"https:\/\/www.africa-press.net\/cameroun\/#\/schema\/person\/2b1cf3cd81a31e3cd26889ca66d677f1\"},\"headline\":\"Sant\u00e9: En 2020, l\u2019Extr\u00eame-Nord a enregistr\u00e9 1523 d\u00e9c\u00e8s li\u00e9s au paludisme\",\"datePublished\":\"2022-07-25T11:49:22+00:00\",\"dateModified\":\"2022-07-25T14:19:39+00:00\",\"mainEntityOfPage\":{\"@id\":\"https:\/\/www.africa-press.net\/cameroun\/toutes-les-actualites\/sante-en-2020-lextreme-nord-a-enregistre-1523-deces-lies-au-paludisme\"},\"wordCount\":409,\"commentCount\":0,\"image\":{\"@id\":\"https:\/\/www.africa-press.net\/cameroun\/toutes-les-actualites\/sante-en-2020-lextreme-nord-a-enregistre-1523-deces-lies-au-paludisme#primaryimage\"},\"thumbnailUrl\":\"https:\/\/static.africa-press.net\/cameroun\/sites\/57\/2022\/07\/img-62dea669a7c40.jpg\",\"keywords\":[\"Africa Press\",\"Africa Press-Cameroun\",\"Cameroun\"],\"articleSection\":[\"Communaut\u00e9\",\"homepage-french\",\"Toutes les actualit\u00e9s\"],\"inLanguage\":\"fr-FR\",\"potentialAction\":[{\"@type\":\"CommentAction\",\"name\":\"Comment\",\"target\":[\"https:\/\/www.africa-press.net\/cameroun\/toutes-les-actualites\/sante-en-2020-lextreme-nord-a-enregistre-1523-deces-lies-au-paludisme#respond\"]}]},{\"@type\":\"WebPage\",\"@id\":\"https:\/\/www.africa-press.net\/cameroun\/toutes-les-actualites\/sante-en-2020-lextreme-nord-a-enregistre-1523-deces-lies-au-paludisme\",\"url\":\"https:\/\/www.africa-press.net\/cameroun\/toutes-les-actualites\/sante-en-2020-lextreme-nord-a-enregistre-1523-deces-lies-au-paludisme\",\"name\":\"Sant\u00e9: En 2020, l\u2019Extr\u00eame-Nord a enregistr\u00e9 1523 d\u00e9c\u00e8s li\u00e9s au paludisme - Cameroun\",\"isPartOf\":{\"@id\":\"https:\/\/www.africa-press.net\/cameroun\/#website\"},\"primaryImageOfPage\":{\"@id\":\"https:\/\/www.africa-press.net\/cameroun\/toutes-les-actualites\/sante-en-2020-lextreme-nord-a-enregistre-1523-deces-lies-au-paludisme#primaryimage\"},\"image\":{\"@id\":\"https:\/\/www.africa-press.net\/cameroun\/toutes-les-actualites\/sante-en-2020-lextreme-nord-a-enregistre-1523-deces-lies-au-paludisme#primaryimage\"},\"thumbnailUrl\":\"https:\/\/static.africa-press.net\/cameroun\/sites\/57\/2022\/07\/img-62dea669a7c40.jpg\",\"datePublished\":\"2022-07-25T11:49:22+00:00\",\"dateModified\":\"2022-07-25T14:19:39+00:00\",\"author\":{\"@id\":\"https:\/\/www.africa-press.net\/cameroun\/#\/schema\/person\/2b1cf3cd81a31e3cd26889ca66d677f1\"},\"description\":\"Selon L\u2019\u0153il du Sahel, \u00ab en 2020, la r\u00e9gion de l\u2019Extr\u00eame-Nord \u00e0 elle seule a enregistr\u00e9 1523 d\u00e9c\u00e8s li\u00e9s au paludisme \u00bb. D ...\",\"breadcrumb\":{\"@id\":\"https:\/\/www.africa-press.net\/cameroun\/toutes-les-actualites\/sante-en-2020-lextreme-nord-a-enregistre-1523-deces-lies-au-paludisme#breadcrumb\"},\"inLanguage\":\"fr-FR\",\"potentialAction\":[{\"@type\":\"ReadAction\",\"target\":[\"https:\/\/www.africa-press.net\/cameroun\/toutes-les-actualites\/sante-en-2020-lextreme-nord-a-enregistre-1523-deces-lies-au-paludisme\"]}]},{\"@type\":\"ImageObject\",\"inLanguage\":\"fr-FR\",\"@id\":\"https:\/\/www.africa-press.net\/cameroun\/toutes-les-actualites\/sante-en-2020-lextreme-nord-a-enregistre-1523-deces-lies-au-paludisme#primaryimage\",\"url\":\"https:\/\/static.africa-press.net\/cameroun\/sites\/57\/2022\/07\/img-62dea669a7c40.jpg\",\"contentUrl\":\"https:\/\/static.africa-press.net\/cameroun\/sites\/57\/2022\/07\/img-62dea669a7c40.jpg\",\"width\":800,\"height\":504,\"caption\":\"Sant\u00e9: En 2020, l\u2019Extr\u00eame-Nord a enregistr\u00e9 1523 d\u00e9c\u00e8s li\u00e9s au paludisme\"},{\"@type\":\"BreadcrumbList\",\"@id\":\"https:\/\/www.africa-press.net\/cameroun\/toutes-les-actualites\/sante-en-2020-lextreme-nord-a-enregistre-1523-deces-lies-au-paludisme#breadcrumb\",\"itemListElement\":[{\"@type\":\"ListItem\",\"position\":1,\"name\":\"Accueil\",\"item\":\"https:\/\/www.africa-press.net\/cameroun\/\"},{\"@type\":\"ListItem\",\"position\":2,\"name\":\"Sant\u00e9: En 2020, l\u2019Extr\u00eame-Nord a enregistr\u00e9 1523 d\u00e9c\u00e8s li\u00e9s au paludisme\"}]},{\"@type\":\"WebSite\",\"@id\":\"https:\/\/www.africa-press.net\/cameroun\/#website\",\"url\":\"https:\/\/www.africa-press.net\/cameroun\/\",\"name\":\"Cameroun\",\"description\":\"Just another Africa News Agency Sites site\",\"potentialAction\":[{\"@type\":\"SearchAction\",\"target\":{\"@type\":\"EntryPoint\",\"urlTemplate\":\"https:\/\/www.africa-press.net\/cameroun\/?s={search_term_string}\"},\"query-input\":{\"@type\":\"PropertyValueSpecification\",\"valueRequired\":true,\"valueName\":\"search_term_string\"}}],\"inLanguage\":\"fr-FR\"},{\"@type\":\"Person\",\"@id\":\"https:\/\/www.africa-press.net\/cameroun\/#\/schema\/person\/2b1cf3cd81a31e3cd26889ca66d677f1\",\"name\":\"cfeditorfr\"}]}<\/script>\n<!-- \/ Yoast SEO Premium plugin. -->","yoast_head_json":{"title":"Sant\u00e9: En 2020, l\u2019Extr\u00eame-Nord a enregistr\u00e9 1523 d\u00e9c\u00e8s li\u00e9s au paludisme - Cameroun","description":"Selon L\u2019\u0153il du Sahel, \u00ab en 2020, la r\u00e9gion de l\u2019Extr\u00eame-Nord \u00e0 elle seule a enregistr\u00e9 1523 d\u00e9c\u00e8s li\u00e9s au paludisme \u00bb. D ...","robots":{"index":"index","follow":"follow","max-snippet":"max-snippet:-1","max-image-preview":"max-image-preview:large","max-video-preview":"max-video-preview:-1"},"canonical":"https:\/\/www.africa-press.net\/cameroun\/toutes-les-actualites\/sante-en-2020-lextreme-nord-a-enregistre-1523-deces-lies-au-paludisme","og_locale":"fr_FR","og_type":"article","og_title":"Sant\u00e9: En 2020, l\u2019Extr\u00eame-Nord a enregistr\u00e9 1523 d\u00e9c\u00e8s li\u00e9s au paludisme","og_description":"Selon L\u2019\u0153il du Sahel, \u00ab en 2020, la r\u00e9gion de l\u2019Extr\u00eame-Nord \u00e0 elle seule a enregistr\u00e9 1523 d\u00e9c\u00e8s li\u00e9s au paludisme \u00bb. D ...","og_url":"https:\/\/www.africa-press.net\/cameroun\/toutes-les-actualites\/sante-en-2020-lextreme-nord-a-enregistre-1523-deces-lies-au-paludisme","og_site_name":"Cameroun","article_published_time":"2022-07-25T11:49:22+00:00","article_modified_time":"2022-07-25T14:19:39+00:00","og_image":[{"width":800,"height":504,"url":"https:\/\/static.africa-press.net\/cameroun\/sites\/57\/2022\/07\/img-62dea669a7c40.jpg","type":"image\/jpeg"}],"author":"cfeditorfr","twitter_card":"summary_large_image","twitter_misc":{"\u00c9crit par":"cfeditorfr","Dur\u00e9e de lecture estim\u00e9e":"2 minutes"},"schema":{"@context":"https:\/\/schema.org","@graph":[{"@type":"Article","@id":"https:\/\/www.africa-press.net\/cameroun\/toutes-les-actualites\/sante-en-2020-lextreme-nord-a-enregistre-1523-deces-lies-au-paludisme#article","isPartOf":{"@id":"https:\/\/www.africa-press.net\/cameroun\/toutes-les-actualites\/sante-en-2020-lextreme-nord-a-enregistre-1523-deces-lies-au-paludisme"},"author":{"name":"cfeditorfr","@id":"https:\/\/www.africa-press.net\/cameroun\/#\/schema\/person\/2b1cf3cd81a31e3cd26889ca66d677f1"},"headline":"Sant\u00e9: En 2020, l\u2019Extr\u00eame-Nord a enregistr\u00e9 1523 d\u00e9c\u00e8s li\u00e9s au paludisme","datePublished":"2022-07-25T11:49:22+00:00","dateModified":"2022-07-25T14:19:39+00:00","mainEntityOfPage":{"@id":"https:\/\/www.africa-press.net\/cameroun\/toutes-les-actualites\/sante-en-2020-lextreme-nord-a-enregistre-1523-deces-lies-au-paludisme"},"wordCount":409,"commentCount":0,"image":{"@id":"https:\/\/www.africa-press.net\/cameroun\/toutes-les-actualites\/sante-en-2020-lextreme-nord-a-enregistre-1523-deces-lies-au-paludisme#primaryimage"},"thumbnailUrl":"https:\/\/static.africa-press.net\/cameroun\/sites\/57\/2022\/07\/img-62dea669a7c40.jpg","keywords":["Africa Press","Africa Press-Cameroun","Cameroun"],"articleSection":["Communaut\u00e9","homepage-french","Toutes les actualit\u00e9s"],"inLanguage":"fr-FR","potentialAction":[{"@type":"CommentAction","name":"Comment","target":["https:\/\/www.africa-press.net\/cameroun\/toutes-les-actualites\/sante-en-2020-lextreme-nord-a-enregistre-1523-deces-lies-au-paludisme#respond"]}]},{"@type":"WebPage","@id":"https:\/\/www.africa-press.net\/cameroun\/toutes-les-actualites\/sante-en-2020-lextreme-nord-a-enregistre-1523-deces-lies-au-paludisme","url":"https:\/\/www.africa-press.net\/cameroun\/toutes-les-actualites\/sante-en-2020-lextreme-nord-a-enregistre-1523-deces-lies-au-paludisme","name":"Sant\u00e9: En 2020, l\u2019Extr\u00eame-Nord a enregistr\u00e9 1523 d\u00e9c\u00e8s li\u00e9s au paludisme - Cameroun","isPartOf":{"@id":"https:\/\/www.africa-press.net\/cameroun\/#website"},"primaryImageOfPage":{"@id":"https:\/\/www.africa-press.net\/cameroun\/toutes-les-actualites\/sante-en-2020-lextreme-nord-a-enregistre-1523-deces-lies-au-paludisme#primaryimage"},"image":{"@id":"https:\/\/www.africa-press.net\/cameroun\/toutes-les-actualites\/sante-en-2020-lextreme-nord-a-enregistre-1523-deces-lies-au-paludisme#primaryimage"},"thumbnailUrl":"https:\/\/static.africa-press.net\/cameroun\/sites\/57\/2022\/07\/img-62dea669a7c40.jpg","datePublished":"2022-07-25T11:49:22+00:00","dateModified":"2022-07-25T14:19:39+00:00","author":{"@id":"https:\/\/www.africa-press.net\/cameroun\/#\/schema\/person\/2b1cf3cd81a31e3cd26889ca66d677f1"},"description":"Selon L\u2019\u0153il du Sahel, \u00ab en 2020, la r\u00e9gion de l\u2019Extr\u00eame-Nord \u00e0 elle seule a enregistr\u00e9 1523 d\u00e9c\u00e8s li\u00e9s au paludisme \u00bb. D ...","breadcrumb":{"@id":"https:\/\/www.africa-press.net\/cameroun\/toutes-les-actualites\/sante-en-2020-lextreme-nord-a-enregistre-1523-deces-lies-au-paludisme#breadcrumb"},"inLanguage":"fr-FR","potentialAction":[{"@type":"ReadAction","target":["https:\/\/www.africa-press.net\/cameroun\/toutes-les-actualites\/sante-en-2020-lextreme-nord-a-enregistre-1523-deces-lies-au-paludisme"]}]},{"@type":"ImageObject","inLanguage":"fr-FR","@id":"https:\/\/www.africa-press.net\/cameroun\/toutes-les-actualites\/sante-en-2020-lextreme-nord-a-enregistre-1523-deces-lies-au-paludisme#primaryimage","url":"https:\/\/static.africa-press.net\/cameroun\/sites\/57\/2022\/07\/img-62dea669a7c40.jpg","contentUrl":"https:\/\/static.africa-press.net\/cameroun\/sites\/57\/2022\/07\/img-62dea669a7c40.jpg","width":800,"height":504,"caption":"Sant\u00e9: En 2020, l\u2019Extr\u00eame-Nord a enregistr\u00e9 1523 d\u00e9c\u00e8s li\u00e9s au paludisme"},{"@type":"BreadcrumbList","@id":"https:\/\/www.africa-press.net\/cameroun\/toutes-les-actualites\/sante-en-2020-lextreme-nord-a-enregistre-1523-deces-lies-au-paludisme#breadcrumb","itemListElement":[{"@type":"ListItem","position":1,"name":"Accueil","item":"https:\/\/www.africa-press.net\/cameroun\/"},{"@type":"ListItem","position":2,"name":"Sant\u00e9: En 2020, l\u2019Extr\u00eame-Nord a enregistr\u00e9 1523 d\u00e9c\u00e8s li\u00e9s au paludisme"}]},{"@type":"WebSite","@id":"https:\/\/www.africa-press.net\/cameroun\/#website","url":"https:\/\/www.africa-press.net\/cameroun\/","name":"Cameroun","description":"Just another Africa News Agency Sites site","potentialAction":[{"@type":"SearchAction","target":{"@type":"EntryPoint","urlTemplate":"https:\/\/www.africa-press.net\/cameroun\/?s={search_term_string}"},"query-input":{"@type":"PropertyValueSpecification","valueRequired":true,"valueName":"search_term_string"}}],"inLanguage":"fr-FR"},{"@type":"Person","@id":"https:\/\/www.africa-press.net\/cameroun\/#\/schema\/person\/2b1cf3cd81a31e3cd26889ca66d677f1","name":"cfeditorfr"}]}},"_links":{"self":[{"href":"https:\/\/www.africa-press.net\/cameroun\/wp-json\/wp\/v2\/posts\/24167","targetHints":{"allow":["GET"]}}],"collection":[{"href":"https:\/\/www.africa-press.net\/cameroun\/wp-json\/wp\/v2\/posts"}],"about":[{"href":"https:\/\/www.africa-press.net\/cameroun\/wp-json\/wp\/v2\/types\/post"}],"author":[{"embeddable":true,"href":"https:\/\/www.africa-press.net\/cameroun\/wp-json\/wp\/v2\/users\/82"}],"replies":[{"embeddable":true,"href":"https:\/\/www.africa-press.net\/cameroun\/wp-json\/wp\/v2\/comments?post=24167"}],"version-history":[{"count":0,"href":"https:\/\/www.africa-press.net\/cameroun\/wp-json\/wp\/v2\/posts\/24167\/revisions"}],"wp:featuredmedia":[{"embeddable":true,"href":"https:\/\/www.africa-press.net\/cameroun\/wp-json\/wp\/v2\/media\/24166"}],"wp:attachment":[{"href":"https:\/\/www.africa-press.net\/cameroun\/wp-json\/wp\/v2\/media?parent=24167"}],"wp:term":[{"taxonomy":"category","embeddable":true,"href":"https:\/\/www.africa-press.net\/cameroun\/wp-json\/wp\/v2\/categories?post=24167"},{"taxonomy":"post_tag","embeddable":true,"href":"https:\/\/www.africa-press.net\/cameroun\/wp-json\/wp\/v2\/tags?post=24167"}],"curies":[{"name":"wp","href":"https:\/\/api.w.org\/{rel}","templated":true}]}}