{"id":24173,"date":"2022-07-25T12:04:20","date_gmt":"2022-07-25T12:04:20","guid":{"rendered":"https:\/\/www.africa-press.net\/cameroun\/politique\/cameroun-plus-de-3-milliards-de-f-supplementaires-sur-la-dette-exterieure"},"modified":"2022-07-25T14:20:39","modified_gmt":"2022-07-25T14:20:39","slug":"cameroun-plus-de-3-milliards-de-f-supplementaires-sur-la-dette-exterieure","status":"publish","type":"post","link":"https:\/\/www.africa-press.net\/cameroun\/economie\/cameroun-plus-de-3-milliards-de-f-supplementaires-sur-la-dette-exterieure","title":{"rendered":"Cameroun\u00a0: plus de 3 milliards de F suppl\u00e9mentaires sur la dette ext\u00e9rieure"},"content":{"rendered":"<p><span style=\"color: #ff6600\"><strong>Africa-Press &#8211; Cameroun. <\/strong><\/span>Le recul de l\u2019euro face au dollar a des incidences sur le remboursement des cr\u00e9ances ext\u00e9rieures des Etats africains qui consomment le Francs CFA.<\/p>\n<p>Le Tr\u00e9sor camerounais devra en juillet 2022 payer plus de 3 milliards de francs CFA (environ 4,6 millions de dollars) de majoration au titre du remboursement de la dette ext\u00e9rieure du pays du fait de l\u2019envol\u00e9e du cours du dollar, a-t-on appris jeudi aupr\u00e8s des services comp\u00e9tents du minist\u00e8re des Finances.<\/p>\n<p>En effet, alors que le budget 2022 a \u00e9t\u00e9 \u00e9labor\u00e9 sur la base d\u2019un taux de change du dollar \u00e0 588,5 FCFA, le billet vert vaut aujourd\u2019hui plus de 640 FCFA, soit une hausse de 9% par rapport aux pr\u00e9visions.<\/p>\n<p>Le plan de tr\u00e9sorerie initial, de l\u2019ordre de 146,8 milliards de francs CFA (environ 228 millions de dollars), s\u2019affichera finalement \u00e0 150 milliards de francs CFA (plus de 233 millions de dollars) pendant la p\u00e9riode vis\u00e9e, selon le comit\u00e9 de tr\u00e9sorerie.<\/p>\n<p>Rappelons qu\u2019au 31 mai 2022, l\u2019encours de la dette publique au Cameroun est \u00e9valu\u00e9 \u00e0 11 672 milliards et repr\u00e9sente 45,1% du PIB. En glissement annuel, ce montant est en hausse de 12,6%.<\/p>\n<p>Au cours de l\u2019ann\u00e9e 2023, les d\u00e9penses et de charges de l\u2019Etat du Cameroun sont projet\u00e9es \u00e0 6 040,4 milliards de FCFA, soit une hausse de 32,7 milliards par rapport \u00e0 2022. Une partie de ces d\u00e9penses, soit 287,6 milliards de FCFA (contre 239,6 milliards en 2022), sera affect\u00e9e au paiement des int\u00e9r\u00eats sur la dette publique ; soit une hausse de 48 milliards (+20,03%). Compar\u00e9e aux 190,2 milliards pay\u00e9s en 2020, la r\u00e9mun\u00e9ration des cr\u00e9anciers du Cameroun pourrait faire un bond de 66% en l\u2019espace de 3 ans.<\/p>\n<p>Cette projection est contenue dans le document de programmation \u00e9conomique et budg\u00e9taire \u00e0 moyen terme (2023-2025).<\/p>\n<p><strong>Pour plus d&rsquo;informations et d&rsquo;analyses sur la <a href=\"https:\/\/www.africa-press.net\/cameroun\">Cameroun<\/a>, suivez <a href=\"https:\/\/www.africa-press.net\/\">Africa-Press<\/a><\/strong><\/p>\n","protected":false},"excerpt":{"rendered":"<p>Africa-Press &#8211; Cameroun. Le recul de l\u2019euro face au dollar a des incidences sur le remboursement des cr\u00e9ances ext\u00e9rieures des Etats africains qui consomment le Francs CFA. Le Tr\u00e9sor camerounais devra en juillet 2022 payer plus de 3 milliards de francs CFA (environ 4,6 millions de dollars) de majoration au titre du remboursement de la [&hellip;]<\/p>\n","protected":false},"author":82,"featured_media":24172,"comment_status":"open","ping_status":"closed","sticky":false,"template":"","format":"standard","meta":{"footnotes":""},"categories":[3,11,10],"tags":[36,50,49],"class_list":["post-24173","post","type-post","status-publish","format-standard","has-post-thumbnail","hentry","category-economie","category-homepage-french","category-toutes-les-actualites","tag-africa-press","tag-africa-press-cameroun","tag-cameroun"],"yoast_head":"<!-- This site is optimized with the Yoast SEO Premium plugin v26.1 (Yoast SEO v27.0) - https:\/\/yoast.com\/product\/yoast-seo-premium-wordpress\/ -->\n<title>Cameroun\u00a0: plus de 3 milliards de F suppl\u00e9mentaires sur la dette ext\u00e9rieure - Cameroun<\/title>\n<meta name=\"description\" content=\"Le recul de l\u2019euro face au dollar a des incidences sur le remboursement des cr\u00e9ances ext\u00e9rieures des Etats africains qui ...\" \/>\n<meta name=\"robots\" content=\"index, follow, max-snippet:-1, max-image-preview:large, max-video-preview:-1\" \/>\n<link rel=\"canonical\" href=\"https:\/\/www.africa-press.net\/cameroun\/economie\/cameroun-plus-de-3-milliards-de-f-supplementaires-sur-la-dette-exterieure\" \/>\n<meta property=\"og:locale\" content=\"fr_FR\" \/>\n<meta property=\"og:type\" content=\"article\" \/>\n<meta property=\"og:title\" content=\"Cameroun\u00a0: plus de 3 milliards de F suppl\u00e9mentaires sur la dette ext\u00e9rieure\" \/>\n<meta property=\"og:description\" content=\"Le recul de l\u2019euro face au dollar a des incidences sur le remboursement des cr\u00e9ances ext\u00e9rieures des Etats africains qui ...\" \/>\n<meta property=\"og:url\" content=\"https:\/\/www.africa-press.net\/cameroun\/economie\/cameroun-plus-de-3-milliards-de-f-supplementaires-sur-la-dette-exterieure\" \/>\n<meta property=\"og:site_name\" content=\"Cameroun\" \/>\n<meta property=\"article:published_time\" content=\"2022-07-25T12:04:20+00:00\" \/>\n<meta property=\"article:modified_time\" content=\"2022-07-25T14:20:39+00:00\" \/>\n<meta property=\"og:image\" content=\"https:\/\/static.africa-press.net\/cameroun\/sites\/57\/2022\/07\/img-62dea6a18001b.jpg\" \/>\n\t<meta property=\"og:image:width\" content=\"780\" \/>\n\t<meta property=\"og:image:height\" content=\"440\" \/>\n\t<meta property=\"og:image:type\" content=\"image\/jpeg\" \/>\n<meta name=\"author\" content=\"cfeditorfr\" \/>\n<meta name=\"twitter:card\" content=\"summary_large_image\" \/>\n<meta name=\"twitter:label1\" content=\"\u00c9crit par\" \/>\n\t<meta name=\"twitter:data1\" content=\"cfeditorfr\" \/>\n\t<meta name=\"twitter:label2\" content=\"Dur\u00e9e de lecture estim\u00e9e\" \/>\n\t<meta name=\"twitter:data2\" content=\"2 minutes\" \/>\n<script type=\"application\/ld+json\" class=\"yoast-schema-graph\">{\"@context\":\"https:\/\/schema.org\",\"@graph\":[{\"@type\":\"Article\",\"@id\":\"https:\/\/www.africa-press.net\/cameroun\/economie\/cameroun-plus-de-3-milliards-de-f-supplementaires-sur-la-dette-exterieure#article\",\"isPartOf\":{\"@id\":\"https:\/\/www.africa-press.net\/cameroun\/economie\/cameroun-plus-de-3-milliards-de-f-supplementaires-sur-la-dette-exterieure\"},\"author\":{\"name\":\"cfeditorfr\",\"@id\":\"https:\/\/www.africa-press.net\/cameroun\/#\/schema\/person\/2b1cf3cd81a31e3cd26889ca66d677f1\"},\"headline\":\"Cameroun\u00a0: plus de 3 milliards de F suppl\u00e9mentaires sur la dette ext\u00e9rieure\",\"datePublished\":\"2022-07-25T12:04:20+00:00\",\"dateModified\":\"2022-07-25T14:20:39+00:00\",\"mainEntityOfPage\":{\"@id\":\"https:\/\/www.africa-press.net\/cameroun\/economie\/cameroun-plus-de-3-milliards-de-f-supplementaires-sur-la-dette-exterieure\"},\"wordCount\":322,\"commentCount\":0,\"image\":{\"@id\":\"https:\/\/www.africa-press.net\/cameroun\/economie\/cameroun-plus-de-3-milliards-de-f-supplementaires-sur-la-dette-exterieure#primaryimage\"},\"thumbnailUrl\":\"https:\/\/static.africa-press.net\/cameroun\/sites\/57\/2022\/07\/img-62dea6a18001b.jpg\",\"keywords\":[\"Africa Press\",\"Africa Press-Cameroun\",\"Cameroun\"],\"articleSection\":[\"\u00c9conomie\",\"homepage-french\",\"Toutes les actualit\u00e9s\"],\"inLanguage\":\"fr-FR\",\"potentialAction\":[{\"@type\":\"CommentAction\",\"name\":\"Comment\",\"target\":[\"https:\/\/www.africa-press.net\/cameroun\/economie\/cameroun-plus-de-3-milliards-de-f-supplementaires-sur-la-dette-exterieure#respond\"]}]},{\"@type\":\"WebPage\",\"@id\":\"https:\/\/www.africa-press.net\/cameroun\/economie\/cameroun-plus-de-3-milliards-de-f-supplementaires-sur-la-dette-exterieure\",\"url\":\"https:\/\/www.africa-press.net\/cameroun\/economie\/cameroun-plus-de-3-milliards-de-f-supplementaires-sur-la-dette-exterieure\",\"name\":\"Cameroun\u00a0: plus de 3 milliards de F suppl\u00e9mentaires sur la dette ext\u00e9rieure - Cameroun\",\"isPartOf\":{\"@id\":\"https:\/\/www.africa-press.net\/cameroun\/#website\"},\"primaryImageOfPage\":{\"@id\":\"https:\/\/www.africa-press.net\/cameroun\/economie\/cameroun-plus-de-3-milliards-de-f-supplementaires-sur-la-dette-exterieure#primaryimage\"},\"image\":{\"@id\":\"https:\/\/www.africa-press.net\/cameroun\/economie\/cameroun-plus-de-3-milliards-de-f-supplementaires-sur-la-dette-exterieure#primaryimage\"},\"thumbnailUrl\":\"https:\/\/static.africa-press.net\/cameroun\/sites\/57\/2022\/07\/img-62dea6a18001b.jpg\",\"datePublished\":\"2022-07-25T12:04:20+00:00\",\"dateModified\":\"2022-07-25T14:20:39+00:00\",\"author\":{\"@id\":\"https:\/\/www.africa-press.net\/cameroun\/#\/schema\/person\/2b1cf3cd81a31e3cd26889ca66d677f1\"},\"description\":\"Le recul de l\u2019euro face au dollar a des incidences sur le remboursement des cr\u00e9ances ext\u00e9rieures des Etats africains qui ...\",\"breadcrumb\":{\"@id\":\"https:\/\/www.africa-press.net\/cameroun\/economie\/cameroun-plus-de-3-milliards-de-f-supplementaires-sur-la-dette-exterieure#breadcrumb\"},\"inLanguage\":\"fr-FR\",\"potentialAction\":[{\"@type\":\"ReadAction\",\"target\":[\"https:\/\/www.africa-press.net\/cameroun\/economie\/cameroun-plus-de-3-milliards-de-f-supplementaires-sur-la-dette-exterieure\"]}]},{\"@type\":\"ImageObject\",\"inLanguage\":\"fr-FR\",\"@id\":\"https:\/\/www.africa-press.net\/cameroun\/economie\/cameroun-plus-de-3-milliards-de-f-supplementaires-sur-la-dette-exterieure#primaryimage\",\"url\":\"https:\/\/static.africa-press.net\/cameroun\/sites\/57\/2022\/07\/img-62dea6a18001b.jpg\",\"contentUrl\":\"https:\/\/static.africa-press.net\/cameroun\/sites\/57\/2022\/07\/img-62dea6a18001b.jpg\",\"width\":780,\"height\":440,\"caption\":\"Cameroun\u00a0: plus de 3 milliards de F suppl\u00e9mentaires sur la dette ext\u00e9rieure\"},{\"@type\":\"BreadcrumbList\",\"@id\":\"https:\/\/www.africa-press.net\/cameroun\/economie\/cameroun-plus-de-3-milliards-de-f-supplementaires-sur-la-dette-exterieure#breadcrumb\",\"itemListElement\":[{\"@type\":\"ListItem\",\"position\":1,\"name\":\"Accueil\",\"item\":\"https:\/\/www.africa-press.net\/cameroun\/\"},{\"@type\":\"ListItem\",\"position\":2,\"name\":\"Cameroun\u00a0: plus de 3 milliards de F suppl\u00e9mentaires sur la dette ext\u00e9rieure\"}]},{\"@type\":\"WebSite\",\"@id\":\"https:\/\/www.africa-press.net\/cameroun\/#website\",\"url\":\"https:\/\/www.africa-press.net\/cameroun\/\",\"name\":\"Cameroun\",\"description\":\"Just another Africa News Agency Sites site\",\"potentialAction\":[{\"@type\":\"SearchAction\",\"target\":{\"@type\":\"EntryPoint\",\"urlTemplate\":\"https:\/\/www.africa-press.net\/cameroun\/?s={search_term_string}\"},\"query-input\":{\"@type\":\"PropertyValueSpecification\",\"valueRequired\":true,\"valueName\":\"search_term_string\"}}],\"inLanguage\":\"fr-FR\"},{\"@type\":\"Person\",\"@id\":\"https:\/\/www.africa-press.net\/cameroun\/#\/schema\/person\/2b1cf3cd81a31e3cd26889ca66d677f1\",\"name\":\"cfeditorfr\"}]}<\/script>\n<!-- \/ Yoast SEO Premium plugin. -->","yoast_head_json":{"title":"Cameroun\u00a0: plus de 3 milliards de F suppl\u00e9mentaires sur la dette ext\u00e9rieure - Cameroun","description":"Le recul de l\u2019euro face au dollar a des incidences sur le remboursement des cr\u00e9ances ext\u00e9rieures des Etats africains qui ...","robots":{"index":"index","follow":"follow","max-snippet":"max-snippet:-1","max-image-preview":"max-image-preview:large","max-video-preview":"max-video-preview:-1"},"canonical":"https:\/\/www.africa-press.net\/cameroun\/economie\/cameroun-plus-de-3-milliards-de-f-supplementaires-sur-la-dette-exterieure","og_locale":"fr_FR","og_type":"article","og_title":"Cameroun\u00a0: plus de 3 milliards de F suppl\u00e9mentaires sur la dette ext\u00e9rieure","og_description":"Le recul de l\u2019euro face au dollar a des incidences sur le remboursement des cr\u00e9ances ext\u00e9rieures des Etats africains qui ...","og_url":"https:\/\/www.africa-press.net\/cameroun\/economie\/cameroun-plus-de-3-milliards-de-f-supplementaires-sur-la-dette-exterieure","og_site_name":"Cameroun","article_published_time":"2022-07-25T12:04:20+00:00","article_modified_time":"2022-07-25T14:20:39+00:00","og_image":[{"width":780,"height":440,"url":"https:\/\/static.africa-press.net\/cameroun\/sites\/57\/2022\/07\/img-62dea6a18001b.jpg","type":"image\/jpeg"}],"author":"cfeditorfr","twitter_card":"summary_large_image","twitter_misc":{"\u00c9crit par":"cfeditorfr","Dur\u00e9e de lecture estim\u00e9e":"2 minutes"},"schema":{"@context":"https:\/\/schema.org","@graph":[{"@type":"Article","@id":"https:\/\/www.africa-press.net\/cameroun\/economie\/cameroun-plus-de-3-milliards-de-f-supplementaires-sur-la-dette-exterieure#article","isPartOf":{"@id":"https:\/\/www.africa-press.net\/cameroun\/economie\/cameroun-plus-de-3-milliards-de-f-supplementaires-sur-la-dette-exterieure"},"author":{"name":"cfeditorfr","@id":"https:\/\/www.africa-press.net\/cameroun\/#\/schema\/person\/2b1cf3cd81a31e3cd26889ca66d677f1"},"headline":"Cameroun\u00a0: plus de 3 milliards de F suppl\u00e9mentaires sur la dette ext\u00e9rieure","datePublished":"2022-07-25T12:04:20+00:00","dateModified":"2022-07-25T14:20:39+00:00","mainEntityOfPage":{"@id":"https:\/\/www.africa-press.net\/cameroun\/economie\/cameroun-plus-de-3-milliards-de-f-supplementaires-sur-la-dette-exterieure"},"wordCount":322,"commentCount":0,"image":{"@id":"https:\/\/www.africa-press.net\/cameroun\/economie\/cameroun-plus-de-3-milliards-de-f-supplementaires-sur-la-dette-exterieure#primaryimage"},"thumbnailUrl":"https:\/\/static.africa-press.net\/cameroun\/sites\/57\/2022\/07\/img-62dea6a18001b.jpg","keywords":["Africa Press","Africa Press-Cameroun","Cameroun"],"articleSection":["\u00c9conomie","homepage-french","Toutes les actualit\u00e9s"],"inLanguage":"fr-FR","potentialAction":[{"@type":"CommentAction","name":"Comment","target":["https:\/\/www.africa-press.net\/cameroun\/economie\/cameroun-plus-de-3-milliards-de-f-supplementaires-sur-la-dette-exterieure#respond"]}]},{"@type":"WebPage","@id":"https:\/\/www.africa-press.net\/cameroun\/economie\/cameroun-plus-de-3-milliards-de-f-supplementaires-sur-la-dette-exterieure","url":"https:\/\/www.africa-press.net\/cameroun\/economie\/cameroun-plus-de-3-milliards-de-f-supplementaires-sur-la-dette-exterieure","name":"Cameroun\u00a0: plus de 3 milliards de F suppl\u00e9mentaires sur la dette ext\u00e9rieure - Cameroun","isPartOf":{"@id":"https:\/\/www.africa-press.net\/cameroun\/#website"},"primaryImageOfPage":{"@id":"https:\/\/www.africa-press.net\/cameroun\/economie\/cameroun-plus-de-3-milliards-de-f-supplementaires-sur-la-dette-exterieure#primaryimage"},"image":{"@id":"https:\/\/www.africa-press.net\/cameroun\/economie\/cameroun-plus-de-3-milliards-de-f-supplementaires-sur-la-dette-exterieure#primaryimage"},"thumbnailUrl":"https:\/\/static.africa-press.net\/cameroun\/sites\/57\/2022\/07\/img-62dea6a18001b.jpg","datePublished":"2022-07-25T12:04:20+00:00","dateModified":"2022-07-25T14:20:39+00:00","author":{"@id":"https:\/\/www.africa-press.net\/cameroun\/#\/schema\/person\/2b1cf3cd81a31e3cd26889ca66d677f1"},"description":"Le recul de l\u2019euro face au dollar a des incidences sur le remboursement des cr\u00e9ances ext\u00e9rieures des Etats africains qui ...","breadcrumb":{"@id":"https:\/\/www.africa-press.net\/cameroun\/economie\/cameroun-plus-de-3-milliards-de-f-supplementaires-sur-la-dette-exterieure#breadcrumb"},"inLanguage":"fr-FR","potentialAction":[{"@type":"ReadAction","target":["https:\/\/www.africa-press.net\/cameroun\/economie\/cameroun-plus-de-3-milliards-de-f-supplementaires-sur-la-dette-exterieure"]}]},{"@type":"ImageObject","inLanguage":"fr-FR","@id":"https:\/\/www.africa-press.net\/cameroun\/economie\/cameroun-plus-de-3-milliards-de-f-supplementaires-sur-la-dette-exterieure#primaryimage","url":"https:\/\/static.africa-press.net\/cameroun\/sites\/57\/2022\/07\/img-62dea6a18001b.jpg","contentUrl":"https:\/\/static.africa-press.net\/cameroun\/sites\/57\/2022\/07\/img-62dea6a18001b.jpg","width":780,"height":440,"caption":"Cameroun\u00a0: plus de 3 milliards de F suppl\u00e9mentaires sur la dette ext\u00e9rieure"},{"@type":"BreadcrumbList","@id":"https:\/\/www.africa-press.net\/cameroun\/economie\/cameroun-plus-de-3-milliards-de-f-supplementaires-sur-la-dette-exterieure#breadcrumb","itemListElement":[{"@type":"ListItem","position":1,"name":"Accueil","item":"https:\/\/www.africa-press.net\/cameroun\/"},{"@type":"ListItem","position":2,"name":"Cameroun\u00a0: plus de 3 milliards de F suppl\u00e9mentaires sur la dette ext\u00e9rieure"}]},{"@type":"WebSite","@id":"https:\/\/www.africa-press.net\/cameroun\/#website","url":"https:\/\/www.africa-press.net\/cameroun\/","name":"Cameroun","description":"Just another Africa News Agency Sites site","potentialAction":[{"@type":"SearchAction","target":{"@type":"EntryPoint","urlTemplate":"https:\/\/www.africa-press.net\/cameroun\/?s={search_term_string}"},"query-input":{"@type":"PropertyValueSpecification","valueRequired":true,"valueName":"search_term_string"}}],"inLanguage":"fr-FR"},{"@type":"Person","@id":"https:\/\/www.africa-press.net\/cameroun\/#\/schema\/person\/2b1cf3cd81a31e3cd26889ca66d677f1","name":"cfeditorfr"}]}},"_links":{"self":[{"href":"https:\/\/www.africa-press.net\/cameroun\/wp-json\/wp\/v2\/posts\/24173","targetHints":{"allow":["GET"]}}],"collection":[{"href":"https:\/\/www.africa-press.net\/cameroun\/wp-json\/wp\/v2\/posts"}],"about":[{"href":"https:\/\/www.africa-press.net\/cameroun\/wp-json\/wp\/v2\/types\/post"}],"author":[{"embeddable":true,"href":"https:\/\/www.africa-press.net\/cameroun\/wp-json\/wp\/v2\/users\/82"}],"replies":[{"embeddable":true,"href":"https:\/\/www.africa-press.net\/cameroun\/wp-json\/wp\/v2\/comments?post=24173"}],"version-history":[{"count":0,"href":"https:\/\/www.africa-press.net\/cameroun\/wp-json\/wp\/v2\/posts\/24173\/revisions"}],"wp:featuredmedia":[{"embeddable":true,"href":"https:\/\/www.africa-press.net\/cameroun\/wp-json\/wp\/v2\/media\/24172"}],"wp:attachment":[{"href":"https:\/\/www.africa-press.net\/cameroun\/wp-json\/wp\/v2\/media?parent=24173"}],"wp:term":[{"taxonomy":"category","embeddable":true,"href":"https:\/\/www.africa-press.net\/cameroun\/wp-json\/wp\/v2\/categories?post=24173"},{"taxonomy":"post_tag","embeddable":true,"href":"https:\/\/www.africa-press.net\/cameroun\/wp-json\/wp\/v2\/tags?post=24173"}],"curies":[{"name":"wp","href":"https:\/\/api.w.org\/{rel}","templated":true}]}}