{"id":24182,"date":"2022-07-25T12:28:42","date_gmt":"2022-07-25T12:28:42","guid":{"rendered":"https:\/\/www.africa-press.net\/cameroun\/politique\/cameroun-visite-demmanuel-macron-lart-donne-deux-jours-de-conge-a-son-personnel"},"modified":"2022-07-25T14:21:59","modified_gmt":"2022-07-25T14:21:59","slug":"cameroun-visite-demmanuel-macron-lart-donne-deux-jours-de-conge-a-son-personnel","status":"publish","type":"post","link":"https:\/\/www.africa-press.net\/cameroun\/politique\/cameroun-visite-demmanuel-macron-lart-donne-deux-jours-de-conge-a-son-personnel","title":{"rendered":"Cameroun-visite d\u2019Emmanuel Macron : l\u2019ART donne deux jours de cong\u00e9 \u00e0 son personnel"},"content":{"rendered":"<p><span style=\"color: #ff6600\"><strong>Africa-Press &#8211; Cameroun. <\/strong><\/span>A l\u2019occasion de la visite du Pr\u00e9sident Fran\u00e7ais au Cameroun (25-27 juillet 2022), l\u2019Agence de r\u00e9gulation des t\u00e9l\u00e9communications met le personnel au t\u00e9l\u00e9travail.<\/p>\n<p>\u00ab Dans le cadre des activit\u00e9s de s\u00e9curit\u00e9 li\u00e9es \u00e0 la visite officielle du Pr\u00e9sident fran\u00e7ais au Cameroun du 25 au 27 juillet 2022, le Directeur g\u00e9n\u00e9ral de l\u2019Agence de R\u00e9gulation des t\u00e9l\u00e9communications (ART) demande \u00e0 l\u2019ensemble du personnel de l\u2019immeuble Platinum, de rester \u00e0 leurs domiciles les 25 et 26 juillet 2022 \u00bb, lit-on dans le communiqu\u00e9 commis pour l\u2019occasion.<\/p>\n<p>Selon le m\u00eame communiqu\u00e9, ledit personnel sera de retour dans le b\u00e2timent le 27 juillet \u00e0 partir de 09 heures. \u00ab Durant ces deux jours, la continuit\u00e9 du travail se fera par les moyens \u00e9lectroniques \u00bb.<\/p>\n<p>Cette d\u00e9cision arrive alors qu\u2019un communiqu\u00e9 sign\u00e9 du 22 juillet par Luc Atangana Messi, Maire de la ville de Yaound\u00e9 \u00ab invite les populations de la cit\u00e9 capitale \u00e0 se mobiliser massivement pour r\u00e9server un accueil chaleureux \u00bb, au pr\u00e9sident Fran\u00e7ais.<\/p>\n<p>\u00ab Cette mobilisation massive se fera le long des itin\u00e9raires pr\u00e9sidentiels et des diff\u00e9rentes \u00e9tapes de la visit\u00e9 \u00bb, a-t-il \u00e9crit. Une note qui a fait couler beaucoup d\u2019encres et de salives.<\/p>\n<p>\u00ab C\u2019est \u00e0 22 heures que le maire de la ville demande aux populations de sortir accueillir le pr\u00e9sident fran\u00e7ais ?\u00bb s\u2019\u00e9tonne un internaute \u00e0 l\u2019annonce de l\u2019heure de l\u2019arriv\u00e9e d\u2019Emmanuel Macron en terre camerounaise.<\/p>\n<p>Que cherche Macron au Cameroun ?<\/p>\n<p>Selon la presse fran\u00e7aise, les discussions porteront sur de nouveaux partenariats agricoles pour combattre la crise alimentaire, la lutte contre le terrorisme, mais aussi sur la gouvernance et l\u2019\u00c9tat de droit. Un sujet sensible, qui a d\u00e9j\u00e0 fait l\u2019objet d\u2019\u00e2pres n\u00e9gociations entre les deux dirigeants.<\/p>\n<p>Les investissements des entreprises fran\u00e7aises seront \u00e9galement au programme dans un contexte de forte concurrence, puisque le pays continue de renforcer ses liens avec la Chine, son premier fournisseur, et a r\u00e9cemment sign\u00e9 un accord militaire avec la Russie.<\/p>\n<p>\u00ab \u00c0 Travers ce voyage, Paris veut s\u2019assurer de la fid\u00e9lit\u00e9 du partenaire camerounais dans un contexte de perte d\u2019influence dans son ancien pr\u00e9 carr\u00e9 africain, comme l\u2019illustre les exemples malien, centrafricain et dans une certaine mesure guin\u00e9en et burkinab\u00e8 \u00bb, analyse Nicanor Tatchim, docteur en communication politique \u00e0 l\u2019universit\u00e9 Paris-Est Cr\u00e9teil.<\/p>\n<p><strong>Pour plus d&rsquo;informations et d&rsquo;analyses sur la <a href=\"https:\/\/www.africa-press.net\/cameroun\">Cameroun<\/a>, suivez <a href=\"https:\/\/www.africa-press.net\/\">Africa-Press<\/a><\/strong><\/p>\n","protected":false},"excerpt":{"rendered":"<p>Africa-Press &#8211; Cameroun. A l\u2019occasion de la visite du Pr\u00e9sident Fran\u00e7ais au Cameroun (25-27 juillet 2022), l\u2019Agence de r\u00e9gulation des t\u00e9l\u00e9communications met le personnel au t\u00e9l\u00e9travail. \u00ab Dans le cadre des activit\u00e9s de s\u00e9curit\u00e9 li\u00e9es \u00e0 la visite officielle du Pr\u00e9sident fran\u00e7ais au Cameroun du 25 au 27 juillet 2022, le Directeur g\u00e9n\u00e9ral de l\u2019Agence [&hellip;]<\/p>\n","protected":false},"author":82,"featured_media":24181,"comment_status":"open","ping_status":"closed","sticky":false,"template":"","format":"standard","meta":{"footnotes":""},"categories":[11,2,10],"tags":[36,50,49],"class_list":["post-24182","post","type-post","status-publish","format-standard","has-post-thumbnail","hentry","category-homepage-french","category-politique","category-toutes-les-actualites","tag-africa-press","tag-africa-press-cameroun","tag-cameroun"],"yoast_head":"<!-- This site is optimized with the Yoast SEO Premium plugin v26.1 (Yoast SEO v27.0) - https:\/\/yoast.com\/product\/yoast-seo-premium-wordpress\/ -->\n<title>Cameroun-visite d\u2019Emmanuel Macron : l\u2019ART donne deux jours de cong\u00e9 \u00e0 son personnel - Cameroun<\/title>\n<meta name=\"description\" content=\"A l\u2019occasion de la visite du Pr\u00e9sident Fran\u00e7ais au Cameroun (25-27 juillet 2022), l\u2019Agence de r\u00e9gulation des t\u00e9l\u00e9communi ...\" \/>\n<meta name=\"robots\" content=\"index, follow, max-snippet:-1, max-image-preview:large, max-video-preview:-1\" \/>\n<link rel=\"canonical\" href=\"https:\/\/www.africa-press.net\/cameroun\/politique\/cameroun-visite-demmanuel-macron-lart-donne-deux-jours-de-conge-a-son-personnel\" \/>\n<meta property=\"og:locale\" content=\"fr_FR\" \/>\n<meta property=\"og:type\" content=\"article\" \/>\n<meta property=\"og:title\" content=\"Cameroun-visite d\u2019Emmanuel Macron : l\u2019ART donne deux jours de cong\u00e9 \u00e0 son personnel\" \/>\n<meta property=\"og:description\" content=\"A l\u2019occasion de la visite du Pr\u00e9sident Fran\u00e7ais au Cameroun (25-27 juillet 2022), l\u2019Agence de r\u00e9gulation des t\u00e9l\u00e9communi ...\" \/>\n<meta property=\"og:url\" content=\"https:\/\/www.africa-press.net\/cameroun\/politique\/cameroun-visite-demmanuel-macron-lart-donne-deux-jours-de-conge-a-son-personnel\" \/>\n<meta property=\"og:site_name\" content=\"Cameroun\" \/>\n<meta property=\"article:published_time\" content=\"2022-07-25T12:28:42+00:00\" \/>\n<meta property=\"article:modified_time\" content=\"2022-07-25T14:21:59+00:00\" \/>\n<meta property=\"og:image\" content=\"https:\/\/static.africa-press.net\/cameroun\/sites\/57\/2022\/07\/img-62dea6f6c28bb.jpg\" \/>\n\t<meta property=\"og:image:width\" content=\"720\" \/>\n\t<meta property=\"og:image:height\" content=\"480\" \/>\n\t<meta property=\"og:image:type\" content=\"image\/jpeg\" \/>\n<meta name=\"author\" content=\"cfeditorfr\" \/>\n<meta name=\"twitter:card\" content=\"summary_large_image\" \/>\n<meta name=\"twitter:label1\" content=\"\u00c9crit par\" \/>\n\t<meta name=\"twitter:data1\" content=\"cfeditorfr\" \/>\n\t<meta name=\"twitter:label2\" content=\"Dur\u00e9e de lecture estim\u00e9e\" \/>\n\t<meta name=\"twitter:data2\" content=\"2 minutes\" \/>\n<script type=\"application\/ld+json\" class=\"yoast-schema-graph\">{\"@context\":\"https:\/\/schema.org\",\"@graph\":[{\"@type\":\"Article\",\"@id\":\"https:\/\/www.africa-press.net\/cameroun\/politique\/cameroun-visite-demmanuel-macron-lart-donne-deux-jours-de-conge-a-son-personnel#article\",\"isPartOf\":{\"@id\":\"https:\/\/www.africa-press.net\/cameroun\/politique\/cameroun-visite-demmanuel-macron-lart-donne-deux-jours-de-conge-a-son-personnel\"},\"author\":{\"name\":\"cfeditorfr\",\"@id\":\"https:\/\/www.africa-press.net\/cameroun\/#\/schema\/person\/2b1cf3cd81a31e3cd26889ca66d677f1\"},\"headline\":\"Cameroun-visite d\u2019Emmanuel Macron : l\u2019ART donne deux jours de cong\u00e9 \u00e0 son personnel\",\"datePublished\":\"2022-07-25T12:28:42+00:00\",\"dateModified\":\"2022-07-25T14:21:59+00:00\",\"mainEntityOfPage\":{\"@id\":\"https:\/\/www.africa-press.net\/cameroun\/politique\/cameroun-visite-demmanuel-macron-lart-donne-deux-jours-de-conge-a-son-personnel\"},\"wordCount\":423,\"commentCount\":0,\"image\":{\"@id\":\"https:\/\/www.africa-press.net\/cameroun\/politique\/cameroun-visite-demmanuel-macron-lart-donne-deux-jours-de-conge-a-son-personnel#primaryimage\"},\"thumbnailUrl\":\"https:\/\/static.africa-press.net\/cameroun\/sites\/57\/2022\/07\/img-62dea6f6c28bb.jpg\",\"keywords\":[\"Africa Press\",\"Africa Press-Cameroun\",\"Cameroun\"],\"articleSection\":[\"homepage-french\",\"Politique\",\"Toutes les actualit\u00e9s\"],\"inLanguage\":\"fr-FR\",\"potentialAction\":[{\"@type\":\"CommentAction\",\"name\":\"Comment\",\"target\":[\"https:\/\/www.africa-press.net\/cameroun\/politique\/cameroun-visite-demmanuel-macron-lart-donne-deux-jours-de-conge-a-son-personnel#respond\"]}]},{\"@type\":\"WebPage\",\"@id\":\"https:\/\/www.africa-press.net\/cameroun\/politique\/cameroun-visite-demmanuel-macron-lart-donne-deux-jours-de-conge-a-son-personnel\",\"url\":\"https:\/\/www.africa-press.net\/cameroun\/politique\/cameroun-visite-demmanuel-macron-lart-donne-deux-jours-de-conge-a-son-personnel\",\"name\":\"Cameroun-visite d\u2019Emmanuel Macron : l\u2019ART donne deux jours de cong\u00e9 \u00e0 son personnel - Cameroun\",\"isPartOf\":{\"@id\":\"https:\/\/www.africa-press.net\/cameroun\/#website\"},\"primaryImageOfPage\":{\"@id\":\"https:\/\/www.africa-press.net\/cameroun\/politique\/cameroun-visite-demmanuel-macron-lart-donne-deux-jours-de-conge-a-son-personnel#primaryimage\"},\"image\":{\"@id\":\"https:\/\/www.africa-press.net\/cameroun\/politique\/cameroun-visite-demmanuel-macron-lart-donne-deux-jours-de-conge-a-son-personnel#primaryimage\"},\"thumbnailUrl\":\"https:\/\/static.africa-press.net\/cameroun\/sites\/57\/2022\/07\/img-62dea6f6c28bb.jpg\",\"datePublished\":\"2022-07-25T12:28:42+00:00\",\"dateModified\":\"2022-07-25T14:21:59+00:00\",\"author\":{\"@id\":\"https:\/\/www.africa-press.net\/cameroun\/#\/schema\/person\/2b1cf3cd81a31e3cd26889ca66d677f1\"},\"description\":\"A l\u2019occasion de la visite du Pr\u00e9sident Fran\u00e7ais au Cameroun (25-27 juillet 2022), l\u2019Agence de r\u00e9gulation des t\u00e9l\u00e9communi ...\",\"breadcrumb\":{\"@id\":\"https:\/\/www.africa-press.net\/cameroun\/politique\/cameroun-visite-demmanuel-macron-lart-donne-deux-jours-de-conge-a-son-personnel#breadcrumb\"},\"inLanguage\":\"fr-FR\",\"potentialAction\":[{\"@type\":\"ReadAction\",\"target\":[\"https:\/\/www.africa-press.net\/cameroun\/politique\/cameroun-visite-demmanuel-macron-lart-donne-deux-jours-de-conge-a-son-personnel\"]}]},{\"@type\":\"ImageObject\",\"inLanguage\":\"fr-FR\",\"@id\":\"https:\/\/www.africa-press.net\/cameroun\/politique\/cameroun-visite-demmanuel-macron-lart-donne-deux-jours-de-conge-a-son-personnel#primaryimage\",\"url\":\"https:\/\/static.africa-press.net\/cameroun\/sites\/57\/2022\/07\/img-62dea6f6c28bb.jpg\",\"contentUrl\":\"https:\/\/static.africa-press.net\/cameroun\/sites\/57\/2022\/07\/img-62dea6f6c28bb.jpg\",\"width\":720,\"height\":480,\"caption\":\"Cameroun-visite d\u2019Emmanuel Macron : l\u2019ART donne deux jours de cong\u00e9 \u00e0 son personnel\"},{\"@type\":\"BreadcrumbList\",\"@id\":\"https:\/\/www.africa-press.net\/cameroun\/politique\/cameroun-visite-demmanuel-macron-lart-donne-deux-jours-de-conge-a-son-personnel#breadcrumb\",\"itemListElement\":[{\"@type\":\"ListItem\",\"position\":1,\"name\":\"Accueil\",\"item\":\"https:\/\/www.africa-press.net\/cameroun\/\"},{\"@type\":\"ListItem\",\"position\":2,\"name\":\"Cameroun-visite d\u2019Emmanuel Macron : l\u2019ART donne deux jours de cong\u00e9 \u00e0 son personnel\"}]},{\"@type\":\"WebSite\",\"@id\":\"https:\/\/www.africa-press.net\/cameroun\/#website\",\"url\":\"https:\/\/www.africa-press.net\/cameroun\/\",\"name\":\"Cameroun\",\"description\":\"Just another Africa News Agency Sites site\",\"potentialAction\":[{\"@type\":\"SearchAction\",\"target\":{\"@type\":\"EntryPoint\",\"urlTemplate\":\"https:\/\/www.africa-press.net\/cameroun\/?s={search_term_string}\"},\"query-input\":{\"@type\":\"PropertyValueSpecification\",\"valueRequired\":true,\"valueName\":\"search_term_string\"}}],\"inLanguage\":\"fr-FR\"},{\"@type\":\"Person\",\"@id\":\"https:\/\/www.africa-press.net\/cameroun\/#\/schema\/person\/2b1cf3cd81a31e3cd26889ca66d677f1\",\"name\":\"cfeditorfr\"}]}<\/script>\n<!-- \/ Yoast SEO Premium plugin. -->","yoast_head_json":{"title":"Cameroun-visite d\u2019Emmanuel Macron : l\u2019ART donne deux jours de cong\u00e9 \u00e0 son personnel - Cameroun","description":"A l\u2019occasion de la visite du Pr\u00e9sident Fran\u00e7ais au Cameroun (25-27 juillet 2022), l\u2019Agence de r\u00e9gulation des t\u00e9l\u00e9communi ...","robots":{"index":"index","follow":"follow","max-snippet":"max-snippet:-1","max-image-preview":"max-image-preview:large","max-video-preview":"max-video-preview:-1"},"canonical":"https:\/\/www.africa-press.net\/cameroun\/politique\/cameroun-visite-demmanuel-macron-lart-donne-deux-jours-de-conge-a-son-personnel","og_locale":"fr_FR","og_type":"article","og_title":"Cameroun-visite d\u2019Emmanuel Macron : l\u2019ART donne deux jours de cong\u00e9 \u00e0 son personnel","og_description":"A l\u2019occasion de la visite du Pr\u00e9sident Fran\u00e7ais au Cameroun (25-27 juillet 2022), l\u2019Agence de r\u00e9gulation des t\u00e9l\u00e9communi ...","og_url":"https:\/\/www.africa-press.net\/cameroun\/politique\/cameroun-visite-demmanuel-macron-lart-donne-deux-jours-de-conge-a-son-personnel","og_site_name":"Cameroun","article_published_time":"2022-07-25T12:28:42+00:00","article_modified_time":"2022-07-25T14:21:59+00:00","og_image":[{"width":720,"height":480,"url":"https:\/\/static.africa-press.net\/cameroun\/sites\/57\/2022\/07\/img-62dea6f6c28bb.jpg","type":"image\/jpeg"}],"author":"cfeditorfr","twitter_card":"summary_large_image","twitter_misc":{"\u00c9crit par":"cfeditorfr","Dur\u00e9e de lecture estim\u00e9e":"2 minutes"},"schema":{"@context":"https:\/\/schema.org","@graph":[{"@type":"Article","@id":"https:\/\/www.africa-press.net\/cameroun\/politique\/cameroun-visite-demmanuel-macron-lart-donne-deux-jours-de-conge-a-son-personnel#article","isPartOf":{"@id":"https:\/\/www.africa-press.net\/cameroun\/politique\/cameroun-visite-demmanuel-macron-lart-donne-deux-jours-de-conge-a-son-personnel"},"author":{"name":"cfeditorfr","@id":"https:\/\/www.africa-press.net\/cameroun\/#\/schema\/person\/2b1cf3cd81a31e3cd26889ca66d677f1"},"headline":"Cameroun-visite d\u2019Emmanuel Macron : l\u2019ART donne deux jours de cong\u00e9 \u00e0 son personnel","datePublished":"2022-07-25T12:28:42+00:00","dateModified":"2022-07-25T14:21:59+00:00","mainEntityOfPage":{"@id":"https:\/\/www.africa-press.net\/cameroun\/politique\/cameroun-visite-demmanuel-macron-lart-donne-deux-jours-de-conge-a-son-personnel"},"wordCount":423,"commentCount":0,"image":{"@id":"https:\/\/www.africa-press.net\/cameroun\/politique\/cameroun-visite-demmanuel-macron-lart-donne-deux-jours-de-conge-a-son-personnel#primaryimage"},"thumbnailUrl":"https:\/\/static.africa-press.net\/cameroun\/sites\/57\/2022\/07\/img-62dea6f6c28bb.jpg","keywords":["Africa Press","Africa Press-Cameroun","Cameroun"],"articleSection":["homepage-french","Politique","Toutes les actualit\u00e9s"],"inLanguage":"fr-FR","potentialAction":[{"@type":"CommentAction","name":"Comment","target":["https:\/\/www.africa-press.net\/cameroun\/politique\/cameroun-visite-demmanuel-macron-lart-donne-deux-jours-de-conge-a-son-personnel#respond"]}]},{"@type":"WebPage","@id":"https:\/\/www.africa-press.net\/cameroun\/politique\/cameroun-visite-demmanuel-macron-lart-donne-deux-jours-de-conge-a-son-personnel","url":"https:\/\/www.africa-press.net\/cameroun\/politique\/cameroun-visite-demmanuel-macron-lart-donne-deux-jours-de-conge-a-son-personnel","name":"Cameroun-visite d\u2019Emmanuel Macron : l\u2019ART donne deux jours de cong\u00e9 \u00e0 son personnel - Cameroun","isPartOf":{"@id":"https:\/\/www.africa-press.net\/cameroun\/#website"},"primaryImageOfPage":{"@id":"https:\/\/www.africa-press.net\/cameroun\/politique\/cameroun-visite-demmanuel-macron-lart-donne-deux-jours-de-conge-a-son-personnel#primaryimage"},"image":{"@id":"https:\/\/www.africa-press.net\/cameroun\/politique\/cameroun-visite-demmanuel-macron-lart-donne-deux-jours-de-conge-a-son-personnel#primaryimage"},"thumbnailUrl":"https:\/\/static.africa-press.net\/cameroun\/sites\/57\/2022\/07\/img-62dea6f6c28bb.jpg","datePublished":"2022-07-25T12:28:42+00:00","dateModified":"2022-07-25T14:21:59+00:00","author":{"@id":"https:\/\/www.africa-press.net\/cameroun\/#\/schema\/person\/2b1cf3cd81a31e3cd26889ca66d677f1"},"description":"A l\u2019occasion de la visite du Pr\u00e9sident Fran\u00e7ais au Cameroun (25-27 juillet 2022), l\u2019Agence de r\u00e9gulation des t\u00e9l\u00e9communi ...","breadcrumb":{"@id":"https:\/\/www.africa-press.net\/cameroun\/politique\/cameroun-visite-demmanuel-macron-lart-donne-deux-jours-de-conge-a-son-personnel#breadcrumb"},"inLanguage":"fr-FR","potentialAction":[{"@type":"ReadAction","target":["https:\/\/www.africa-press.net\/cameroun\/politique\/cameroun-visite-demmanuel-macron-lart-donne-deux-jours-de-conge-a-son-personnel"]}]},{"@type":"ImageObject","inLanguage":"fr-FR","@id":"https:\/\/www.africa-press.net\/cameroun\/politique\/cameroun-visite-demmanuel-macron-lart-donne-deux-jours-de-conge-a-son-personnel#primaryimage","url":"https:\/\/static.africa-press.net\/cameroun\/sites\/57\/2022\/07\/img-62dea6f6c28bb.jpg","contentUrl":"https:\/\/static.africa-press.net\/cameroun\/sites\/57\/2022\/07\/img-62dea6f6c28bb.jpg","width":720,"height":480,"caption":"Cameroun-visite d\u2019Emmanuel Macron : l\u2019ART donne deux jours de cong\u00e9 \u00e0 son personnel"},{"@type":"BreadcrumbList","@id":"https:\/\/www.africa-press.net\/cameroun\/politique\/cameroun-visite-demmanuel-macron-lart-donne-deux-jours-de-conge-a-son-personnel#breadcrumb","itemListElement":[{"@type":"ListItem","position":1,"name":"Accueil","item":"https:\/\/www.africa-press.net\/cameroun\/"},{"@type":"ListItem","position":2,"name":"Cameroun-visite d\u2019Emmanuel Macron : l\u2019ART donne deux jours de cong\u00e9 \u00e0 son personnel"}]},{"@type":"WebSite","@id":"https:\/\/www.africa-press.net\/cameroun\/#website","url":"https:\/\/www.africa-press.net\/cameroun\/","name":"Cameroun","description":"Just another Africa News Agency Sites site","potentialAction":[{"@type":"SearchAction","target":{"@type":"EntryPoint","urlTemplate":"https:\/\/www.africa-press.net\/cameroun\/?s={search_term_string}"},"query-input":{"@type":"PropertyValueSpecification","valueRequired":true,"valueName":"search_term_string"}}],"inLanguage":"fr-FR"},{"@type":"Person","@id":"https:\/\/www.africa-press.net\/cameroun\/#\/schema\/person\/2b1cf3cd81a31e3cd26889ca66d677f1","name":"cfeditorfr"}]}},"_links":{"self":[{"href":"https:\/\/www.africa-press.net\/cameroun\/wp-json\/wp\/v2\/posts\/24182","targetHints":{"allow":["GET"]}}],"collection":[{"href":"https:\/\/www.africa-press.net\/cameroun\/wp-json\/wp\/v2\/posts"}],"about":[{"href":"https:\/\/www.africa-press.net\/cameroun\/wp-json\/wp\/v2\/types\/post"}],"author":[{"embeddable":true,"href":"https:\/\/www.africa-press.net\/cameroun\/wp-json\/wp\/v2\/users\/82"}],"replies":[{"embeddable":true,"href":"https:\/\/www.africa-press.net\/cameroun\/wp-json\/wp\/v2\/comments?post=24182"}],"version-history":[{"count":0,"href":"https:\/\/www.africa-press.net\/cameroun\/wp-json\/wp\/v2\/posts\/24182\/revisions"}],"wp:featuredmedia":[{"embeddable":true,"href":"https:\/\/www.africa-press.net\/cameroun\/wp-json\/wp\/v2\/media\/24181"}],"wp:attachment":[{"href":"https:\/\/www.africa-press.net\/cameroun\/wp-json\/wp\/v2\/media?parent=24182"}],"wp:term":[{"taxonomy":"category","embeddable":true,"href":"https:\/\/www.africa-press.net\/cameroun\/wp-json\/wp\/v2\/categories?post=24182"},{"taxonomy":"post_tag","embeddable":true,"href":"https:\/\/www.africa-press.net\/cameroun\/wp-json\/wp\/v2\/tags?post=24182"}],"curies":[{"name":"wp","href":"https:\/\/api.w.org\/{rel}","templated":true}]}}