{"id":24185,"date":"2022-07-25T12:37:06","date_gmt":"2022-07-25T12:37:06","guid":{"rendered":"https:\/\/www.africa-press.net\/cameroun\/politique\/cameroun-macron-sentant-les-interets-de-la-france-menaces-sempresse-a-la-rencontre-de-biya"},"modified":"2022-07-25T14:22:27","modified_gmt":"2022-07-25T14:22:27","slug":"cameroun-macron-sentant-les-interets-de-la-france-menaces-sempresse-a-la-rencontre-de-biya","status":"publish","type":"post","link":"https:\/\/www.africa-press.net\/cameroun\/politique\/cameroun-macron-sentant-les-interets-de-la-france-menaces-sempresse-a-la-rencontre-de-biya","title":{"rendered":"Cameroun : Macron sentant les int\u00e9r\u00eats de la France menac\u00e9s, s\u2019empresse \u00e0 la rencontre de Biya"},"content":{"rendered":"<p><span style=\"color: #ff6600\"><strong>Africa-Press &#8211; Cameroun. <\/strong><\/span>Le chef de l\u2019Etat fran\u00e7ais entame une visite de quatre jours en Afrique par le Cameroun ce 25 juillet 2022. Au-del\u00e0 de ce que le programme officiel pr\u00e9voit, de nombreux sujets br\u00fblants seront au menu de la visite de S.E Emmanuel Macron au pays de S.E Paul Biya.<\/p>\n<p>Apr\u00e8s cinq ans et trois mois \u00e0 la t\u00eate de la R\u00e9publique fran\u00e7aise, le 9\u00e8 pr\u00e9sident de la V\u00e8 R\u00e9publique arrive en fin au Cameroun. C\u2019est un Macron affaibli qui s\u2019en va \u00e0 la reconqu\u00eate de ses amours historiques africains, en commen\u00e7ant par le Cameroun, puis le B\u00e9ninois et enfin la Guin\u00e9ens Bissau. Patron au sommet de l\u2019Etat sans grande influence au Parlement, Emmanuel Macron subit une pression venant de l\u2019Afrique.<\/p>\n<p>Dans plusieurs Etats de l\u2019Afrique francophone, le sentiment anti-fran\u00e7ais pr\u00e9vaut ou se d\u00e9veloppe. Le Mali, la Centrafrique, le Tchad, la Guin\u00e9e Bissau ou le Burkina-Faso en sont quelques exemples. Ce qui contraint le Macron d\u2019hier \u00e0 reconsid\u00e9rer sa politique \u00e9trang\u00e8re pour l\u2019Afrique. Au cours de son premier mandat entre 2017 et 2025, l\u2019un des plus jeunes pr\u00e9sidents actuels dans le monde, a voulu manifester une certaine rupture de l\u2019ancienne politique fran\u00e7aise en Afrique.<\/p>\n<p>Macron en donneur d\u2019ordres<\/p>\n<p>A l\u2019observation, le successeur de Fran\u00e7ois Hollande a cr\u00e9\u00e9 une certaine distance avec les autorit\u00e9s camerounaises. Il a adopt\u00e9 un ton critique et un discours influent vis-\u00e0-vis du gouvernement, pr\u00e9f\u00e9rant discuter en direct avec des activistes ou la soci\u00e9t\u00e9 civile. Sur des questions sensibles telles la crise anglophone ou l\u2019\u2019alternance d\u00e9mocratique, Emmanuel Macron a privil\u00e9gi\u00e9 les \u00e9changes t\u00e9l\u00e9phoniques avec son homologue Paul Biya.<\/p>\n<p>A ce sujet, Macron n\u2019a pas h\u00e9sit\u00e9 \u00e0 demander la lib\u00e9ration de Maurice Kamto et des militants du Mouvement pour la Renaissance du Cameroun incarc\u00e9r\u00e9s. Leur arrestation a eu lieu en marge de la contestation des r\u00e9sultats de la pr\u00e9sentielle du 07 octobre 2018. Cette lib\u00e9ration a \u00e9t\u00e9 accord\u00e9e par Yaound\u00e9.<\/p>\n<p>Quant \u00e0 la crise anglophone, Macron a promis mettre le \u00ab maximum \u00bb de pression pour contraindre le r\u00e9gime camerounais \u00e0 stopper la violation des droits de l\u2019Homme. Ainsi, certains Camerounais sont parvenus \u00e0 la conclusion d\u2019une immixtion dans les affaires int\u00e9rieures du Cameroun.<\/p>\n<p>Macron jette le manteau d\u2019orgueil<\/p>\n<p>Cependant, \u00e0 l\u2019entame de son second mandat, Emmanuel Macron s\u2019empresse de visiter le Cameroun, o\u00f9 le m\u00eame chef d\u2019Etat \u00e2g\u00e9 de 89 ans est aux commandes depuis 40 ans. Le Cameroun continue de diversifier son champ de coop\u00e9ration bilat\u00e9rale. La Chine reste pr\u00e9sente, tandis que la Russie vient de signer les accords militaires avec Yaound\u00e9.<\/p>\n<p>L\u2019objet connu de la visite officielle du chef de l\u2019Etat fran\u00e7ais est le r\u00e9chauffement des liens de coop\u00e9ration multiforme avec le Cameroun, un partenaire historique. A premi\u00e8re vue, les deux chefs d\u2019Etat \u00e9changeront sur les strat\u00e9gies agricoles pour combattre la crise alimentaire et le terrorisme. Les discussions sur la gouvernance et l\u2019Etat de droit seront au menu.<\/p>\n<p>Par ailleurs, la crise s\u00e9curitaire des r\u00e9gions du Nord-Ouest et du Sud-Ouest persiste, certains prisonniers consid\u00e9r\u00e9s comme politiques restent incarc\u00e9r\u00e9s. Le peuple s\u2019achemine vers la fin du septennat en cours. L\u2019\u00e9lection pr\u00e9sidentielle aura lieu en 2025 dans un contexte o\u00f9 l\u2019opinion voit se dessiner la candidature du fils de Paul Biya, le nomm\u00e9 Franck Biya. La question de l\u2019alternance au sommet de l\u2019Etat ne saurait \u00e9chapper au cours du t\u00eate \u00e0 t\u00eate entre les deux hommes d\u2019Etat.<\/p>\n<p><strong>Pour plus d&rsquo;informations et d&rsquo;analyses sur la <a href=\"https:\/\/www.africa-press.net\/cameroun\">Cameroun<\/a>, suivez <a href=\"https:\/\/www.africa-press.net\/\">Africa-Press<\/a><\/strong><\/p>\n","protected":false},"excerpt":{"rendered":"<p>Africa-Press &#8211; Cameroun. Le chef de l\u2019Etat fran\u00e7ais entame une visite de quatre jours en Afrique par le Cameroun ce 25 juillet 2022. Au-del\u00e0 de ce que le programme officiel pr\u00e9voit, de nombreux sujets br\u00fblants seront au menu de la visite de S.E Emmanuel Macron au pays de S.E Paul Biya. Apr\u00e8s cinq ans et [&hellip;]<\/p>\n","protected":false},"author":82,"featured_media":24184,"comment_status":"open","ping_status":"closed","sticky":false,"template":"","format":"standard","meta":{"footnotes":""},"categories":[11,2,20,10],"tags":[36,50,49],"class_list":["post-24185","post","type-post","status-publish","format-standard","has-post-thumbnail","hentry","category-homepage-french","category-politique","category-top-nouvelles","category-toutes-les-actualites","tag-africa-press","tag-africa-press-cameroun","tag-cameroun"],"yoast_head":"<!-- This site is optimized with the Yoast SEO Premium plugin v26.1 (Yoast SEO v27.0) - https:\/\/yoast.com\/product\/yoast-seo-premium-wordpress\/ -->\n<title>Cameroun : Macron sentant les int\u00e9r\u00eats de la France menac\u00e9s, s\u2019empresse \u00e0 la rencontre de Biya - Cameroun<\/title>\n<meta name=\"description\" content=\"Le chef de l\u2019Etat fran\u00e7ais entame une visite de quatre jours en Afrique par le Cameroun ce 25 juillet 2022. Au-del\u00e0 de c ...\" \/>\n<meta name=\"robots\" content=\"index, follow, max-snippet:-1, max-image-preview:large, max-video-preview:-1\" \/>\n<link rel=\"canonical\" href=\"https:\/\/www.africa-press.net\/cameroun\/politique\/cameroun-macron-sentant-les-interets-de-la-france-menaces-sempresse-a-la-rencontre-de-biya\" \/>\n<meta property=\"og:locale\" content=\"fr_FR\" \/>\n<meta property=\"og:type\" content=\"article\" \/>\n<meta property=\"og:title\" content=\"Cameroun : Macron sentant les int\u00e9r\u00eats de la France menac\u00e9s, s\u2019empresse \u00e0 la rencontre de Biya\" \/>\n<meta property=\"og:description\" content=\"Le chef de l\u2019Etat fran\u00e7ais entame une visite de quatre jours en Afrique par le Cameroun ce 25 juillet 2022. Au-del\u00e0 de c ...\" \/>\n<meta property=\"og:url\" content=\"https:\/\/www.africa-press.net\/cameroun\/politique\/cameroun-macron-sentant-les-interets-de-la-france-menaces-sempresse-a-la-rencontre-de-biya\" \/>\n<meta property=\"og:site_name\" content=\"Cameroun\" \/>\n<meta property=\"article:published_time\" content=\"2022-07-25T12:37:06+00:00\" \/>\n<meta property=\"article:modified_time\" content=\"2022-07-25T14:22:27+00:00\" \/>\n<meta property=\"og:image\" content=\"https:\/\/static.africa-press.net\/cameroun\/sites\/57\/2022\/07\/img-62dea70e51516.jpg\" \/>\n\t<meta property=\"og:image:width\" content=\"768\" \/>\n\t<meta property=\"og:image:height\" content=\"431\" \/>\n\t<meta property=\"og:image:type\" content=\"image\/jpeg\" \/>\n<meta name=\"author\" content=\"cfeditorfr\" \/>\n<meta name=\"twitter:card\" content=\"summary_large_image\" \/>\n<meta name=\"twitter:label1\" content=\"\u00c9crit par\" \/>\n\t<meta name=\"twitter:data1\" content=\"cfeditorfr\" \/>\n\t<meta name=\"twitter:label2\" content=\"Dur\u00e9e de lecture estim\u00e9e\" \/>\n\t<meta name=\"twitter:data2\" content=\"3 minutes\" \/>\n<script type=\"application\/ld+json\" class=\"yoast-schema-graph\">{\"@context\":\"https:\/\/schema.org\",\"@graph\":[{\"@type\":\"Article\",\"@id\":\"https:\/\/www.africa-press.net\/cameroun\/politique\/cameroun-macron-sentant-les-interets-de-la-france-menaces-sempresse-a-la-rencontre-de-biya#article\",\"isPartOf\":{\"@id\":\"https:\/\/www.africa-press.net\/cameroun\/politique\/cameroun-macron-sentant-les-interets-de-la-france-menaces-sempresse-a-la-rencontre-de-biya\"},\"author\":{\"name\":\"cfeditorfr\",\"@id\":\"https:\/\/www.africa-press.net\/cameroun\/#\/schema\/person\/2b1cf3cd81a31e3cd26889ca66d677f1\"},\"headline\":\"Cameroun : Macron sentant les int\u00e9r\u00eats de la France menac\u00e9s, s\u2019empresse \u00e0 la rencontre de Biya\",\"datePublished\":\"2022-07-25T12:37:06+00:00\",\"dateModified\":\"2022-07-25T14:22:27+00:00\",\"mainEntityOfPage\":{\"@id\":\"https:\/\/www.africa-press.net\/cameroun\/politique\/cameroun-macron-sentant-les-interets-de-la-france-menaces-sempresse-a-la-rencontre-de-biya\"},\"wordCount\":651,\"commentCount\":0,\"image\":{\"@id\":\"https:\/\/www.africa-press.net\/cameroun\/politique\/cameroun-macron-sentant-les-interets-de-la-france-menaces-sempresse-a-la-rencontre-de-biya#primaryimage\"},\"thumbnailUrl\":\"https:\/\/static.africa-press.net\/cameroun\/sites\/57\/2022\/07\/img-62dea70e51516.jpg\",\"keywords\":[\"Africa Press\",\"Africa Press-Cameroun\",\"Cameroun\"],\"articleSection\":[\"homepage-french\",\"Politique\",\"Top Nouvelles\",\"Toutes les actualit\u00e9s\"],\"inLanguage\":\"fr-FR\",\"potentialAction\":[{\"@type\":\"CommentAction\",\"name\":\"Comment\",\"target\":[\"https:\/\/www.africa-press.net\/cameroun\/politique\/cameroun-macron-sentant-les-interets-de-la-france-menaces-sempresse-a-la-rencontre-de-biya#respond\"]}]},{\"@type\":\"WebPage\",\"@id\":\"https:\/\/www.africa-press.net\/cameroun\/politique\/cameroun-macron-sentant-les-interets-de-la-france-menaces-sempresse-a-la-rencontre-de-biya\",\"url\":\"https:\/\/www.africa-press.net\/cameroun\/politique\/cameroun-macron-sentant-les-interets-de-la-france-menaces-sempresse-a-la-rencontre-de-biya\",\"name\":\"Cameroun : Macron sentant les int\u00e9r\u00eats de la France menac\u00e9s, s\u2019empresse \u00e0 la rencontre de Biya - Cameroun\",\"isPartOf\":{\"@id\":\"https:\/\/www.africa-press.net\/cameroun\/#website\"},\"primaryImageOfPage\":{\"@id\":\"https:\/\/www.africa-press.net\/cameroun\/politique\/cameroun-macron-sentant-les-interets-de-la-france-menaces-sempresse-a-la-rencontre-de-biya#primaryimage\"},\"image\":{\"@id\":\"https:\/\/www.africa-press.net\/cameroun\/politique\/cameroun-macron-sentant-les-interets-de-la-france-menaces-sempresse-a-la-rencontre-de-biya#primaryimage\"},\"thumbnailUrl\":\"https:\/\/static.africa-press.net\/cameroun\/sites\/57\/2022\/07\/img-62dea70e51516.jpg\",\"datePublished\":\"2022-07-25T12:37:06+00:00\",\"dateModified\":\"2022-07-25T14:22:27+00:00\",\"author\":{\"@id\":\"https:\/\/www.africa-press.net\/cameroun\/#\/schema\/person\/2b1cf3cd81a31e3cd26889ca66d677f1\"},\"description\":\"Le chef de l\u2019Etat fran\u00e7ais entame une visite de quatre jours en Afrique par le Cameroun ce 25 juillet 2022. Au-del\u00e0 de c ...\",\"breadcrumb\":{\"@id\":\"https:\/\/www.africa-press.net\/cameroun\/politique\/cameroun-macron-sentant-les-interets-de-la-france-menaces-sempresse-a-la-rencontre-de-biya#breadcrumb\"},\"inLanguage\":\"fr-FR\",\"potentialAction\":[{\"@type\":\"ReadAction\",\"target\":[\"https:\/\/www.africa-press.net\/cameroun\/politique\/cameroun-macron-sentant-les-interets-de-la-france-menaces-sempresse-a-la-rencontre-de-biya\"]}]},{\"@type\":\"ImageObject\",\"inLanguage\":\"fr-FR\",\"@id\":\"https:\/\/www.africa-press.net\/cameroun\/politique\/cameroun-macron-sentant-les-interets-de-la-france-menaces-sempresse-a-la-rencontre-de-biya#primaryimage\",\"url\":\"https:\/\/static.africa-press.net\/cameroun\/sites\/57\/2022\/07\/img-62dea70e51516.jpg\",\"contentUrl\":\"https:\/\/static.africa-press.net\/cameroun\/sites\/57\/2022\/07\/img-62dea70e51516.jpg\",\"width\":768,\"height\":431,\"caption\":\"Cameroun : Macron sentant les int\u00e9r\u00eats de la France menac\u00e9s, s\u2019empresse \u00e0 la rencontre de Biya\"},{\"@type\":\"BreadcrumbList\",\"@id\":\"https:\/\/www.africa-press.net\/cameroun\/politique\/cameroun-macron-sentant-les-interets-de-la-france-menaces-sempresse-a-la-rencontre-de-biya#breadcrumb\",\"itemListElement\":[{\"@type\":\"ListItem\",\"position\":1,\"name\":\"Accueil\",\"item\":\"https:\/\/www.africa-press.net\/cameroun\/\"},{\"@type\":\"ListItem\",\"position\":2,\"name\":\"Cameroun : Macron sentant les int\u00e9r\u00eats de la France menac\u00e9s, s\u2019empresse \u00e0 la rencontre de Biya\"}]},{\"@type\":\"WebSite\",\"@id\":\"https:\/\/www.africa-press.net\/cameroun\/#website\",\"url\":\"https:\/\/www.africa-press.net\/cameroun\/\",\"name\":\"Cameroun\",\"description\":\"Just another Africa News Agency Sites site\",\"potentialAction\":[{\"@type\":\"SearchAction\",\"target\":{\"@type\":\"EntryPoint\",\"urlTemplate\":\"https:\/\/www.africa-press.net\/cameroun\/?s={search_term_string}\"},\"query-input\":{\"@type\":\"PropertyValueSpecification\",\"valueRequired\":true,\"valueName\":\"search_term_string\"}}],\"inLanguage\":\"fr-FR\"},{\"@type\":\"Person\",\"@id\":\"https:\/\/www.africa-press.net\/cameroun\/#\/schema\/person\/2b1cf3cd81a31e3cd26889ca66d677f1\",\"name\":\"cfeditorfr\"}]}<\/script>\n<!-- \/ Yoast SEO Premium plugin. -->","yoast_head_json":{"title":"Cameroun : Macron sentant les int\u00e9r\u00eats de la France menac\u00e9s, s\u2019empresse \u00e0 la rencontre de Biya - Cameroun","description":"Le chef de l\u2019Etat fran\u00e7ais entame une visite de quatre jours en Afrique par le Cameroun ce 25 juillet 2022. Au-del\u00e0 de c ...","robots":{"index":"index","follow":"follow","max-snippet":"max-snippet:-1","max-image-preview":"max-image-preview:large","max-video-preview":"max-video-preview:-1"},"canonical":"https:\/\/www.africa-press.net\/cameroun\/politique\/cameroun-macron-sentant-les-interets-de-la-france-menaces-sempresse-a-la-rencontre-de-biya","og_locale":"fr_FR","og_type":"article","og_title":"Cameroun : Macron sentant les int\u00e9r\u00eats de la France menac\u00e9s, s\u2019empresse \u00e0 la rencontre de Biya","og_description":"Le chef de l\u2019Etat fran\u00e7ais entame une visite de quatre jours en Afrique par le Cameroun ce 25 juillet 2022. Au-del\u00e0 de c ...","og_url":"https:\/\/www.africa-press.net\/cameroun\/politique\/cameroun-macron-sentant-les-interets-de-la-france-menaces-sempresse-a-la-rencontre-de-biya","og_site_name":"Cameroun","article_published_time":"2022-07-25T12:37:06+00:00","article_modified_time":"2022-07-25T14:22:27+00:00","og_image":[{"width":768,"height":431,"url":"https:\/\/static.africa-press.net\/cameroun\/sites\/57\/2022\/07\/img-62dea70e51516.jpg","type":"image\/jpeg"}],"author":"cfeditorfr","twitter_card":"summary_large_image","twitter_misc":{"\u00c9crit par":"cfeditorfr","Dur\u00e9e de lecture estim\u00e9e":"3 minutes"},"schema":{"@context":"https:\/\/schema.org","@graph":[{"@type":"Article","@id":"https:\/\/www.africa-press.net\/cameroun\/politique\/cameroun-macron-sentant-les-interets-de-la-france-menaces-sempresse-a-la-rencontre-de-biya#article","isPartOf":{"@id":"https:\/\/www.africa-press.net\/cameroun\/politique\/cameroun-macron-sentant-les-interets-de-la-france-menaces-sempresse-a-la-rencontre-de-biya"},"author":{"name":"cfeditorfr","@id":"https:\/\/www.africa-press.net\/cameroun\/#\/schema\/person\/2b1cf3cd81a31e3cd26889ca66d677f1"},"headline":"Cameroun : Macron sentant les int\u00e9r\u00eats de la France menac\u00e9s, s\u2019empresse \u00e0 la rencontre de Biya","datePublished":"2022-07-25T12:37:06+00:00","dateModified":"2022-07-25T14:22:27+00:00","mainEntityOfPage":{"@id":"https:\/\/www.africa-press.net\/cameroun\/politique\/cameroun-macron-sentant-les-interets-de-la-france-menaces-sempresse-a-la-rencontre-de-biya"},"wordCount":651,"commentCount":0,"image":{"@id":"https:\/\/www.africa-press.net\/cameroun\/politique\/cameroun-macron-sentant-les-interets-de-la-france-menaces-sempresse-a-la-rencontre-de-biya#primaryimage"},"thumbnailUrl":"https:\/\/static.africa-press.net\/cameroun\/sites\/57\/2022\/07\/img-62dea70e51516.jpg","keywords":["Africa Press","Africa Press-Cameroun","Cameroun"],"articleSection":["homepage-french","Politique","Top Nouvelles","Toutes les actualit\u00e9s"],"inLanguage":"fr-FR","potentialAction":[{"@type":"CommentAction","name":"Comment","target":["https:\/\/www.africa-press.net\/cameroun\/politique\/cameroun-macron-sentant-les-interets-de-la-france-menaces-sempresse-a-la-rencontre-de-biya#respond"]}]},{"@type":"WebPage","@id":"https:\/\/www.africa-press.net\/cameroun\/politique\/cameroun-macron-sentant-les-interets-de-la-france-menaces-sempresse-a-la-rencontre-de-biya","url":"https:\/\/www.africa-press.net\/cameroun\/politique\/cameroun-macron-sentant-les-interets-de-la-france-menaces-sempresse-a-la-rencontre-de-biya","name":"Cameroun : Macron sentant les int\u00e9r\u00eats de la France menac\u00e9s, s\u2019empresse \u00e0 la rencontre de Biya - Cameroun","isPartOf":{"@id":"https:\/\/www.africa-press.net\/cameroun\/#website"},"primaryImageOfPage":{"@id":"https:\/\/www.africa-press.net\/cameroun\/politique\/cameroun-macron-sentant-les-interets-de-la-france-menaces-sempresse-a-la-rencontre-de-biya#primaryimage"},"image":{"@id":"https:\/\/www.africa-press.net\/cameroun\/politique\/cameroun-macron-sentant-les-interets-de-la-france-menaces-sempresse-a-la-rencontre-de-biya#primaryimage"},"thumbnailUrl":"https:\/\/static.africa-press.net\/cameroun\/sites\/57\/2022\/07\/img-62dea70e51516.jpg","datePublished":"2022-07-25T12:37:06+00:00","dateModified":"2022-07-25T14:22:27+00:00","author":{"@id":"https:\/\/www.africa-press.net\/cameroun\/#\/schema\/person\/2b1cf3cd81a31e3cd26889ca66d677f1"},"description":"Le chef de l\u2019Etat fran\u00e7ais entame une visite de quatre jours en Afrique par le Cameroun ce 25 juillet 2022. Au-del\u00e0 de c ...","breadcrumb":{"@id":"https:\/\/www.africa-press.net\/cameroun\/politique\/cameroun-macron-sentant-les-interets-de-la-france-menaces-sempresse-a-la-rencontre-de-biya#breadcrumb"},"inLanguage":"fr-FR","potentialAction":[{"@type":"ReadAction","target":["https:\/\/www.africa-press.net\/cameroun\/politique\/cameroun-macron-sentant-les-interets-de-la-france-menaces-sempresse-a-la-rencontre-de-biya"]}]},{"@type":"ImageObject","inLanguage":"fr-FR","@id":"https:\/\/www.africa-press.net\/cameroun\/politique\/cameroun-macron-sentant-les-interets-de-la-france-menaces-sempresse-a-la-rencontre-de-biya#primaryimage","url":"https:\/\/static.africa-press.net\/cameroun\/sites\/57\/2022\/07\/img-62dea70e51516.jpg","contentUrl":"https:\/\/static.africa-press.net\/cameroun\/sites\/57\/2022\/07\/img-62dea70e51516.jpg","width":768,"height":431,"caption":"Cameroun : Macron sentant les int\u00e9r\u00eats de la France menac\u00e9s, s\u2019empresse \u00e0 la rencontre de Biya"},{"@type":"BreadcrumbList","@id":"https:\/\/www.africa-press.net\/cameroun\/politique\/cameroun-macron-sentant-les-interets-de-la-france-menaces-sempresse-a-la-rencontre-de-biya#breadcrumb","itemListElement":[{"@type":"ListItem","position":1,"name":"Accueil","item":"https:\/\/www.africa-press.net\/cameroun\/"},{"@type":"ListItem","position":2,"name":"Cameroun : Macron sentant les int\u00e9r\u00eats de la France menac\u00e9s, s\u2019empresse \u00e0 la rencontre de Biya"}]},{"@type":"WebSite","@id":"https:\/\/www.africa-press.net\/cameroun\/#website","url":"https:\/\/www.africa-press.net\/cameroun\/","name":"Cameroun","description":"Just another Africa News Agency Sites site","potentialAction":[{"@type":"SearchAction","target":{"@type":"EntryPoint","urlTemplate":"https:\/\/www.africa-press.net\/cameroun\/?s={search_term_string}"},"query-input":{"@type":"PropertyValueSpecification","valueRequired":true,"valueName":"search_term_string"}}],"inLanguage":"fr-FR"},{"@type":"Person","@id":"https:\/\/www.africa-press.net\/cameroun\/#\/schema\/person\/2b1cf3cd81a31e3cd26889ca66d677f1","name":"cfeditorfr"}]}},"_links":{"self":[{"href":"https:\/\/www.africa-press.net\/cameroun\/wp-json\/wp\/v2\/posts\/24185","targetHints":{"allow":["GET"]}}],"collection":[{"href":"https:\/\/www.africa-press.net\/cameroun\/wp-json\/wp\/v2\/posts"}],"about":[{"href":"https:\/\/www.africa-press.net\/cameroun\/wp-json\/wp\/v2\/types\/post"}],"author":[{"embeddable":true,"href":"https:\/\/www.africa-press.net\/cameroun\/wp-json\/wp\/v2\/users\/82"}],"replies":[{"embeddable":true,"href":"https:\/\/www.africa-press.net\/cameroun\/wp-json\/wp\/v2\/comments?post=24185"}],"version-history":[{"count":0,"href":"https:\/\/www.africa-press.net\/cameroun\/wp-json\/wp\/v2\/posts\/24185\/revisions"}],"wp:featuredmedia":[{"embeddable":true,"href":"https:\/\/www.africa-press.net\/cameroun\/wp-json\/wp\/v2\/media\/24184"}],"wp:attachment":[{"href":"https:\/\/www.africa-press.net\/cameroun\/wp-json\/wp\/v2\/media?parent=24185"}],"wp:term":[{"taxonomy":"category","embeddable":true,"href":"https:\/\/www.africa-press.net\/cameroun\/wp-json\/wp\/v2\/categories?post=24185"},{"taxonomy":"post_tag","embeddable":true,"href":"https:\/\/www.africa-press.net\/cameroun\/wp-json\/wp\/v2\/tags?post=24185"}],"curies":[{"name":"wp","href":"https:\/\/api.w.org\/{rel}","templated":true}]}}