{"id":24188,"date":"2022-07-25T12:44:35","date_gmt":"2022-07-25T12:44:35","guid":{"rendered":"https:\/\/www.africa-press.net\/cameroun\/politique\/cameroun-programme-officiel-de-la-visite-demmanuel-macron"},"modified":"2022-07-25T14:23:00","modified_gmt":"2022-07-25T14:23:00","slug":"cameroun-programme-officiel-de-la-visite-demmanuel-macron","status":"publish","type":"post","link":"https:\/\/www.africa-press.net\/cameroun\/politique\/cameroun-programme-officiel-de-la-visite-demmanuel-macron","title":{"rendered":"Cameroun : programme officiel de la visite d\u2019Emmanuel Macron"},"content":{"rendered":"<p><span style=\"color: #ff6600\"><strong>Africa-Press &#8211; Cameroun. <\/strong><\/span>Sur invitation de S.E Paul Biya, le chef de l\u2019Etat fran\u00e7ais arrive \u00e0 Yaound\u00e9 ce lundi 25 juillet 2022 \u00e0 22h pour une visite officielle qui s\u2019\u00e9tendra jusqu\u2019au mercredi 27 juillet 2022.<\/p>\n<p>Pour la premi\u00e8re fois depuis son \u00e9lection \u00e0 la t\u00eate de la R\u00e9publique fran\u00e7aise en 2017, Emmanuel Macron foule le sol de la R\u00e9publique du Cameroun. Le programme de cette visite officielle a \u00e9t\u00e9 rendue public le week-end par le Cabinet civil de la pr\u00e9sidence de la R\u00e9publique. L\u2019agenda pr\u00e9voit les activit\u00e9s durant les trois jours du s\u00e9jour de S.E Emmanuel Macron en terre camerounaise.<\/p>\n<p>Lundi 25 juillet 2022<\/p>\n<p>22h 00 : atterrissage de l\u2019avion sp\u00e9cial ayant \u00e0 son bord S.E Emmanuel Macron ; accueil par S.E Paul Biya pr\u00e9sident de la R\u00e9publique du Cameroun ; honneurs militaires ; bref arr\u00eat au pavillon d\u2019honneur.<\/p>\n<p>22h20 : d\u00e9part du pavillon d\u2019honneur pour l\u2019h\u00f4tel Hilton.<\/p>\n<p>22h40 : arriv\u00e9e \u00e0 l\u2019h\u00f4tel Hilton ; installation de S.E le pr\u00e9sident de la R\u00e9publique fran\u00e7aise ; soir\u00e9e libre.<\/p>\n<p>Mardi 26 juillet 2022<\/p>\n<p>10h00 : rencontre avec la communaut\u00e9 fran\u00e7aise \u00e0 la R\u00e9sidence de France.<\/p>\n<p>12h00 : entretien en t\u00eate \u00e0 t\u00eate au Palais de l\u2019Unit\u00e9 entre les deux chefs d\u2019Etat ; au m\u00eame moment, s\u00e9ance de travail au Palais de l\u2019Unit\u00e9 entre les minist\u00e8res fran\u00e7ais et camerounais.<\/p>\n<p>13h00 : fin de l\u2019entretien ; conf\u00e9rence de presse des deux chefs d\u2019Etat.<\/p>\n<p>13h30 : d\u00e9jeuner officiel au Palais de l\u2019Unit\u00e9 offert par le pr\u00e9sident de la R\u00e9publique et madame Chantal Biya, en l\u2019honneur de S.E Emmanuel Macron, pr\u00e9sident de la R\u00e9publique fran\u00e7aise.<\/p>\n<p>15h00 : fin du d\u00e9jeuner officiel ; d\u00e9part de S.E le pr\u00e9sident de la R\u00e9publique fran\u00e7aise du palais de l\u2019Unit\u00e9 pour l\u2019h\u00f4tel Hilton ; arriv\u00e9e \u00e0 l\u2019h\u00f4tel Hilton ; installation.<\/p>\n<p>16h00-16h30 : conf\u00e9rence d\u00e9bat sur la s\u00e9curit\u00e9 alimentaire et le r\u00f4le du secteur priv\u00e9, \u00e0 la R\u00e9sidence de France.<\/p>\n<p>18h00 : rencontre avec les jeunes camerounais et fran\u00e7ais au Club Noah, sur les enjeux climatiques et la d\u00e9mocratie participative locale ; soir\u00e9e libre.<\/p>\n<p>Mercredi 27 juillet 2022<\/p>\n<p>08h00 : d\u00e9part de S.E le pr\u00e9sident de la R\u00e9publique fran\u00e7aise de l\u2019h\u00f4tel Hilton pour l\u2019a\u00e9roport international de Yaound\u00e9-Nsimalen.<\/p>\n<p>08h20 : arriv\u00e9e de S.E le pr\u00e9sident de la R\u00e9publique fran\u00e7aise \u00e0 l\u2019a\u00e9roport international de Yaound\u00e9-Nsimalen ;<\/p>\n<p>08h30 : d\u00e9collage de l\u2019avion sp\u00e9cial ayant \u00e0 son bord S.E Emmanuel Macron, pr\u00e9sident de la R\u00e9publique fran\u00e7aise ; fin de la visite.<\/p>\n<p><strong>Pour plus d&rsquo;informations et d&rsquo;analyses sur la <a href=\"https:\/\/www.africa-press.net\/cameroun\">Cameroun<\/a>, suivez <a href=\"https:\/\/www.africa-press.net\/\">Africa-Press<\/a><\/strong><\/p>\n","protected":false},"excerpt":{"rendered":"<p>Africa-Press &#8211; Cameroun. Sur invitation de S.E Paul Biya, le chef de l\u2019Etat fran\u00e7ais arrive \u00e0 Yaound\u00e9 ce lundi 25 juillet 2022 \u00e0 22h pour une visite officielle qui s\u2019\u00e9tendra jusqu\u2019au mercredi 27 juillet 2022. Pour la premi\u00e8re fois depuis son \u00e9lection \u00e0 la t\u00eate de la R\u00e9publique fran\u00e7aise en 2017, Emmanuel Macron foule le [&hellip;]<\/p>\n","protected":false},"author":82,"featured_media":24187,"comment_status":"open","ping_status":"closed","sticky":false,"template":"","format":"standard","meta":{"footnotes":""},"categories":[11,2,10],"tags":[36,50,49],"class_list":["post-24188","post","type-post","status-publish","format-standard","has-post-thumbnail","hentry","category-homepage-french","category-politique","category-toutes-les-actualites","tag-africa-press","tag-africa-press-cameroun","tag-cameroun"],"yoast_head":"<!-- This site is optimized with the Yoast SEO Premium plugin v26.1 (Yoast SEO v27.0) - https:\/\/yoast.com\/product\/yoast-seo-premium-wordpress\/ -->\n<title>Cameroun : programme officiel de la visite d\u2019Emmanuel Macron - Cameroun<\/title>\n<meta name=\"description\" content=\"Sur invitation de S.E Paul Biya, le chef de l\u2019Etat fran\u00e7ais arrive \u00e0 Yaound\u00e9 ce lundi 25 juillet 2022 \u00e0 22h pour une vis ...\" \/>\n<meta name=\"robots\" content=\"index, follow, max-snippet:-1, max-image-preview:large, max-video-preview:-1\" \/>\n<link rel=\"canonical\" href=\"https:\/\/www.africa-press.net\/cameroun\/politique\/cameroun-programme-officiel-de-la-visite-demmanuel-macron\" \/>\n<meta property=\"og:locale\" content=\"fr_FR\" \/>\n<meta property=\"og:type\" content=\"article\" \/>\n<meta property=\"og:title\" content=\"Cameroun : programme officiel de la visite d\u2019Emmanuel Macron\" \/>\n<meta property=\"og:description\" content=\"Sur invitation de S.E Paul Biya, le chef de l\u2019Etat fran\u00e7ais arrive \u00e0 Yaound\u00e9 ce lundi 25 juillet 2022 \u00e0 22h pour une vis ...\" \/>\n<meta property=\"og:url\" content=\"https:\/\/www.africa-press.net\/cameroun\/politique\/cameroun-programme-officiel-de-la-visite-demmanuel-macron\" \/>\n<meta property=\"og:site_name\" content=\"Cameroun\" \/>\n<meta property=\"article:published_time\" content=\"2022-07-25T12:44:35+00:00\" \/>\n<meta property=\"article:modified_time\" content=\"2022-07-25T14:23:00+00:00\" \/>\n<meta property=\"og:image\" content=\"https:\/\/static.africa-press.net\/cameroun\/sites\/57\/2022\/07\/img-62dea72a1514c.jpg\" \/>\n\t<meta property=\"og:image:width\" content=\"826\" \/>\n\t<meta property=\"og:image:height\" content=\"433\" \/>\n\t<meta property=\"og:image:type\" content=\"image\/jpeg\" \/>\n<meta name=\"author\" content=\"cfeditorfr\" \/>\n<meta name=\"twitter:card\" content=\"summary_large_image\" \/>\n<meta name=\"twitter:label1\" content=\"\u00c9crit par\" \/>\n\t<meta name=\"twitter:data1\" content=\"cfeditorfr\" \/>\n\t<meta name=\"twitter:label2\" content=\"Dur\u00e9e de lecture estim\u00e9e\" \/>\n\t<meta name=\"twitter:data2\" content=\"2 minutes\" \/>\n<script type=\"application\/ld+json\" class=\"yoast-schema-graph\">{\"@context\":\"https:\/\/schema.org\",\"@graph\":[{\"@type\":\"Article\",\"@id\":\"https:\/\/www.africa-press.net\/cameroun\/politique\/cameroun-programme-officiel-de-la-visite-demmanuel-macron#article\",\"isPartOf\":{\"@id\":\"https:\/\/www.africa-press.net\/cameroun\/politique\/cameroun-programme-officiel-de-la-visite-demmanuel-macron\"},\"author\":{\"name\":\"cfeditorfr\",\"@id\":\"https:\/\/www.africa-press.net\/cameroun\/#\/schema\/person\/2b1cf3cd81a31e3cd26889ca66d677f1\"},\"headline\":\"Cameroun : programme officiel de la visite d\u2019Emmanuel Macron\",\"datePublished\":\"2022-07-25T12:44:35+00:00\",\"dateModified\":\"2022-07-25T14:23:00+00:00\",\"mainEntityOfPage\":{\"@id\":\"https:\/\/www.africa-press.net\/cameroun\/politique\/cameroun-programme-officiel-de-la-visite-demmanuel-macron\"},\"wordCount\":474,\"commentCount\":0,\"image\":{\"@id\":\"https:\/\/www.africa-press.net\/cameroun\/politique\/cameroun-programme-officiel-de-la-visite-demmanuel-macron#primaryimage\"},\"thumbnailUrl\":\"https:\/\/static.africa-press.net\/cameroun\/sites\/57\/2022\/07\/img-62dea72a1514c.jpg\",\"keywords\":[\"Africa Press\",\"Africa Press-Cameroun\",\"Cameroun\"],\"articleSection\":[\"homepage-french\",\"Politique\",\"Toutes les actualit\u00e9s\"],\"inLanguage\":\"fr-FR\",\"potentialAction\":[{\"@type\":\"CommentAction\",\"name\":\"Comment\",\"target\":[\"https:\/\/www.africa-press.net\/cameroun\/politique\/cameroun-programme-officiel-de-la-visite-demmanuel-macron#respond\"]}]},{\"@type\":\"WebPage\",\"@id\":\"https:\/\/www.africa-press.net\/cameroun\/politique\/cameroun-programme-officiel-de-la-visite-demmanuel-macron\",\"url\":\"https:\/\/www.africa-press.net\/cameroun\/politique\/cameroun-programme-officiel-de-la-visite-demmanuel-macron\",\"name\":\"Cameroun : programme officiel de la visite d\u2019Emmanuel Macron - Cameroun\",\"isPartOf\":{\"@id\":\"https:\/\/www.africa-press.net\/cameroun\/#website\"},\"primaryImageOfPage\":{\"@id\":\"https:\/\/www.africa-press.net\/cameroun\/politique\/cameroun-programme-officiel-de-la-visite-demmanuel-macron#primaryimage\"},\"image\":{\"@id\":\"https:\/\/www.africa-press.net\/cameroun\/politique\/cameroun-programme-officiel-de-la-visite-demmanuel-macron#primaryimage\"},\"thumbnailUrl\":\"https:\/\/static.africa-press.net\/cameroun\/sites\/57\/2022\/07\/img-62dea72a1514c.jpg\",\"datePublished\":\"2022-07-25T12:44:35+00:00\",\"dateModified\":\"2022-07-25T14:23:00+00:00\",\"author\":{\"@id\":\"https:\/\/www.africa-press.net\/cameroun\/#\/schema\/person\/2b1cf3cd81a31e3cd26889ca66d677f1\"},\"description\":\"Sur invitation de S.E Paul Biya, le chef de l\u2019Etat fran\u00e7ais arrive \u00e0 Yaound\u00e9 ce lundi 25 juillet 2022 \u00e0 22h pour une vis ...\",\"breadcrumb\":{\"@id\":\"https:\/\/www.africa-press.net\/cameroun\/politique\/cameroun-programme-officiel-de-la-visite-demmanuel-macron#breadcrumb\"},\"inLanguage\":\"fr-FR\",\"potentialAction\":[{\"@type\":\"ReadAction\",\"target\":[\"https:\/\/www.africa-press.net\/cameroun\/politique\/cameroun-programme-officiel-de-la-visite-demmanuel-macron\"]}]},{\"@type\":\"ImageObject\",\"inLanguage\":\"fr-FR\",\"@id\":\"https:\/\/www.africa-press.net\/cameroun\/politique\/cameroun-programme-officiel-de-la-visite-demmanuel-macron#primaryimage\",\"url\":\"https:\/\/static.africa-press.net\/cameroun\/sites\/57\/2022\/07\/img-62dea72a1514c.jpg\",\"contentUrl\":\"https:\/\/static.africa-press.net\/cameroun\/sites\/57\/2022\/07\/img-62dea72a1514c.jpg\",\"width\":826,\"height\":433,\"caption\":\"Cameroun : programme officiel de la visite d\u2019Emmanuel Macron\"},{\"@type\":\"BreadcrumbList\",\"@id\":\"https:\/\/www.africa-press.net\/cameroun\/politique\/cameroun-programme-officiel-de-la-visite-demmanuel-macron#breadcrumb\",\"itemListElement\":[{\"@type\":\"ListItem\",\"position\":1,\"name\":\"Accueil\",\"item\":\"https:\/\/www.africa-press.net\/cameroun\/\"},{\"@type\":\"ListItem\",\"position\":2,\"name\":\"Cameroun : programme officiel de la visite d\u2019Emmanuel Macron\"}]},{\"@type\":\"WebSite\",\"@id\":\"https:\/\/www.africa-press.net\/cameroun\/#website\",\"url\":\"https:\/\/www.africa-press.net\/cameroun\/\",\"name\":\"Cameroun\",\"description\":\"Just another Africa News Agency Sites site\",\"potentialAction\":[{\"@type\":\"SearchAction\",\"target\":{\"@type\":\"EntryPoint\",\"urlTemplate\":\"https:\/\/www.africa-press.net\/cameroun\/?s={search_term_string}\"},\"query-input\":{\"@type\":\"PropertyValueSpecification\",\"valueRequired\":true,\"valueName\":\"search_term_string\"}}],\"inLanguage\":\"fr-FR\"},{\"@type\":\"Person\",\"@id\":\"https:\/\/www.africa-press.net\/cameroun\/#\/schema\/person\/2b1cf3cd81a31e3cd26889ca66d677f1\",\"name\":\"cfeditorfr\"}]}<\/script>\n<!-- \/ Yoast SEO Premium plugin. -->","yoast_head_json":{"title":"Cameroun : programme officiel de la visite d\u2019Emmanuel Macron - Cameroun","description":"Sur invitation de S.E Paul Biya, le chef de l\u2019Etat fran\u00e7ais arrive \u00e0 Yaound\u00e9 ce lundi 25 juillet 2022 \u00e0 22h pour une vis ...","robots":{"index":"index","follow":"follow","max-snippet":"max-snippet:-1","max-image-preview":"max-image-preview:large","max-video-preview":"max-video-preview:-1"},"canonical":"https:\/\/www.africa-press.net\/cameroun\/politique\/cameroun-programme-officiel-de-la-visite-demmanuel-macron","og_locale":"fr_FR","og_type":"article","og_title":"Cameroun : programme officiel de la visite d\u2019Emmanuel Macron","og_description":"Sur invitation de S.E Paul Biya, le chef de l\u2019Etat fran\u00e7ais arrive \u00e0 Yaound\u00e9 ce lundi 25 juillet 2022 \u00e0 22h pour une vis ...","og_url":"https:\/\/www.africa-press.net\/cameroun\/politique\/cameroun-programme-officiel-de-la-visite-demmanuel-macron","og_site_name":"Cameroun","article_published_time":"2022-07-25T12:44:35+00:00","article_modified_time":"2022-07-25T14:23:00+00:00","og_image":[{"width":826,"height":433,"url":"https:\/\/static.africa-press.net\/cameroun\/sites\/57\/2022\/07\/img-62dea72a1514c.jpg","type":"image\/jpeg"}],"author":"cfeditorfr","twitter_card":"summary_large_image","twitter_misc":{"\u00c9crit par":"cfeditorfr","Dur\u00e9e de lecture estim\u00e9e":"2 minutes"},"schema":{"@context":"https:\/\/schema.org","@graph":[{"@type":"Article","@id":"https:\/\/www.africa-press.net\/cameroun\/politique\/cameroun-programme-officiel-de-la-visite-demmanuel-macron#article","isPartOf":{"@id":"https:\/\/www.africa-press.net\/cameroun\/politique\/cameroun-programme-officiel-de-la-visite-demmanuel-macron"},"author":{"name":"cfeditorfr","@id":"https:\/\/www.africa-press.net\/cameroun\/#\/schema\/person\/2b1cf3cd81a31e3cd26889ca66d677f1"},"headline":"Cameroun : programme officiel de la visite d\u2019Emmanuel Macron","datePublished":"2022-07-25T12:44:35+00:00","dateModified":"2022-07-25T14:23:00+00:00","mainEntityOfPage":{"@id":"https:\/\/www.africa-press.net\/cameroun\/politique\/cameroun-programme-officiel-de-la-visite-demmanuel-macron"},"wordCount":474,"commentCount":0,"image":{"@id":"https:\/\/www.africa-press.net\/cameroun\/politique\/cameroun-programme-officiel-de-la-visite-demmanuel-macron#primaryimage"},"thumbnailUrl":"https:\/\/static.africa-press.net\/cameroun\/sites\/57\/2022\/07\/img-62dea72a1514c.jpg","keywords":["Africa Press","Africa Press-Cameroun","Cameroun"],"articleSection":["homepage-french","Politique","Toutes les actualit\u00e9s"],"inLanguage":"fr-FR","potentialAction":[{"@type":"CommentAction","name":"Comment","target":["https:\/\/www.africa-press.net\/cameroun\/politique\/cameroun-programme-officiel-de-la-visite-demmanuel-macron#respond"]}]},{"@type":"WebPage","@id":"https:\/\/www.africa-press.net\/cameroun\/politique\/cameroun-programme-officiel-de-la-visite-demmanuel-macron","url":"https:\/\/www.africa-press.net\/cameroun\/politique\/cameroun-programme-officiel-de-la-visite-demmanuel-macron","name":"Cameroun : programme officiel de la visite d\u2019Emmanuel Macron - Cameroun","isPartOf":{"@id":"https:\/\/www.africa-press.net\/cameroun\/#website"},"primaryImageOfPage":{"@id":"https:\/\/www.africa-press.net\/cameroun\/politique\/cameroun-programme-officiel-de-la-visite-demmanuel-macron#primaryimage"},"image":{"@id":"https:\/\/www.africa-press.net\/cameroun\/politique\/cameroun-programme-officiel-de-la-visite-demmanuel-macron#primaryimage"},"thumbnailUrl":"https:\/\/static.africa-press.net\/cameroun\/sites\/57\/2022\/07\/img-62dea72a1514c.jpg","datePublished":"2022-07-25T12:44:35+00:00","dateModified":"2022-07-25T14:23:00+00:00","author":{"@id":"https:\/\/www.africa-press.net\/cameroun\/#\/schema\/person\/2b1cf3cd81a31e3cd26889ca66d677f1"},"description":"Sur invitation de S.E Paul Biya, le chef de l\u2019Etat fran\u00e7ais arrive \u00e0 Yaound\u00e9 ce lundi 25 juillet 2022 \u00e0 22h pour une vis ...","breadcrumb":{"@id":"https:\/\/www.africa-press.net\/cameroun\/politique\/cameroun-programme-officiel-de-la-visite-demmanuel-macron#breadcrumb"},"inLanguage":"fr-FR","potentialAction":[{"@type":"ReadAction","target":["https:\/\/www.africa-press.net\/cameroun\/politique\/cameroun-programme-officiel-de-la-visite-demmanuel-macron"]}]},{"@type":"ImageObject","inLanguage":"fr-FR","@id":"https:\/\/www.africa-press.net\/cameroun\/politique\/cameroun-programme-officiel-de-la-visite-demmanuel-macron#primaryimage","url":"https:\/\/static.africa-press.net\/cameroun\/sites\/57\/2022\/07\/img-62dea72a1514c.jpg","contentUrl":"https:\/\/static.africa-press.net\/cameroun\/sites\/57\/2022\/07\/img-62dea72a1514c.jpg","width":826,"height":433,"caption":"Cameroun : programme officiel de la visite d\u2019Emmanuel Macron"},{"@type":"BreadcrumbList","@id":"https:\/\/www.africa-press.net\/cameroun\/politique\/cameroun-programme-officiel-de-la-visite-demmanuel-macron#breadcrumb","itemListElement":[{"@type":"ListItem","position":1,"name":"Accueil","item":"https:\/\/www.africa-press.net\/cameroun\/"},{"@type":"ListItem","position":2,"name":"Cameroun : programme officiel de la visite d\u2019Emmanuel Macron"}]},{"@type":"WebSite","@id":"https:\/\/www.africa-press.net\/cameroun\/#website","url":"https:\/\/www.africa-press.net\/cameroun\/","name":"Cameroun","description":"Just another Africa News Agency Sites site","potentialAction":[{"@type":"SearchAction","target":{"@type":"EntryPoint","urlTemplate":"https:\/\/www.africa-press.net\/cameroun\/?s={search_term_string}"},"query-input":{"@type":"PropertyValueSpecification","valueRequired":true,"valueName":"search_term_string"}}],"inLanguage":"fr-FR"},{"@type":"Person","@id":"https:\/\/www.africa-press.net\/cameroun\/#\/schema\/person\/2b1cf3cd81a31e3cd26889ca66d677f1","name":"cfeditorfr"}]}},"_links":{"self":[{"href":"https:\/\/www.africa-press.net\/cameroun\/wp-json\/wp\/v2\/posts\/24188","targetHints":{"allow":["GET"]}}],"collection":[{"href":"https:\/\/www.africa-press.net\/cameroun\/wp-json\/wp\/v2\/posts"}],"about":[{"href":"https:\/\/www.africa-press.net\/cameroun\/wp-json\/wp\/v2\/types\/post"}],"author":[{"embeddable":true,"href":"https:\/\/www.africa-press.net\/cameroun\/wp-json\/wp\/v2\/users\/82"}],"replies":[{"embeddable":true,"href":"https:\/\/www.africa-press.net\/cameroun\/wp-json\/wp\/v2\/comments?post=24188"}],"version-history":[{"count":0,"href":"https:\/\/www.africa-press.net\/cameroun\/wp-json\/wp\/v2\/posts\/24188\/revisions"}],"wp:featuredmedia":[{"embeddable":true,"href":"https:\/\/www.africa-press.net\/cameroun\/wp-json\/wp\/v2\/media\/24187"}],"wp:attachment":[{"href":"https:\/\/www.africa-press.net\/cameroun\/wp-json\/wp\/v2\/media?parent=24188"}],"wp:term":[{"taxonomy":"category","embeddable":true,"href":"https:\/\/www.africa-press.net\/cameroun\/wp-json\/wp\/v2\/categories?post=24188"},{"taxonomy":"post_tag","embeddable":true,"href":"https:\/\/www.africa-press.net\/cameroun\/wp-json\/wp\/v2\/tags?post=24188"}],"curies":[{"name":"wp","href":"https:\/\/api.w.org\/{rel}","templated":true}]}}