{"id":24209,"date":"2022-07-26T18:15:25","date_gmt":"2022-07-26T18:15:25","guid":{"rendered":"https:\/\/www.africa-press.net\/cameroun\/politique\/visite-de-macron-ladministration-grippee-les-routes-barricadees-lactivite-economique-au-point-mort"},"modified":"2022-07-26T18:15:41","modified_gmt":"2022-07-26T18:15:41","slug":"visite-de-macron-ladministration-grippee-les-routes-barricadees-lactivite-economique-au-point-mort","status":"publish","type":"post","link":"https:\/\/www.africa-press.net\/cameroun\/politique\/visite-de-macron-ladministration-grippee-les-routes-barricadees-lactivite-economique-au-point-mort","title":{"rendered":"Visite de Macron: L&rsquo;administration gripp\u00e9e, les routes barricad\u00e9es, l&rsquo;activit\u00e9 \u00e9conomique au point mort"},"content":{"rendered":"<p><span style=\"color: #ff6600\"><strong>Africa-Press &#8211; Cameroun. <\/strong><\/span>Le pr\u00e9sident fran\u00e7ais Emmanuel Macron, arriv\u00e9 au Cameroun dans la nuit du lundi 25 juillet 2022, a pass\u00e9 sa premi\u00e8re nuit sur le sol camerounais. Il a pris ses quartiers au Hilton H\u00f4tel de Yaound\u00e9, et devrait avoir une journ\u00e9e tr\u00e8s charg\u00e9e ce mardi 26 juillet 2022. La pr\u00e9sence du pr\u00e9sident fran\u00e7ais dans cet \u00e9tablissement h\u00f4telier a contraint plusieurs administrations \u00e0 surseoir \u00e0 des journ\u00e9es de travail en pr\u00e9sentiel. C&rsquo;est le cas de l&rsquo;Agence de R\u00e9gulation des T\u00e9l\u00e9communications (ART), dont l&rsquo;immeuble si\u00e8ge environne ledit h\u00f4tel, et qui va rester ferm\u00e9 pour des \u00ab\u00a0raisons s\u00e9curitaires\u00a0\u00bb durant le s\u00e9jour du pr\u00e9sident fran\u00e7ais.<\/p>\n<p>Plusieurs minist\u00e8res \u00e9galement, log\u00e9s \u00e0 l&rsquo;immeuble minist\u00e9riel N.2, qui abrite les minist\u00e8res de l&rsquo;Enseignement Sup\u00e9rieur, de l&rsquo;Environnement et du D\u00e9veloppement Durable, des Domaines du Cadastre et des Affaires Fonci\u00e8res, des For\u00eats et de la Faune, ont choisi de suspendre leurs activit\u00e9s le temps de cette visite.<\/p>\n<p>Le d\u00e9ploiement d&rsquo;Emmanuel Macron au cours de cette journ\u00e9e de mardi ne sera pas sans cons\u00e9quences sur le quotidien des Camerounais. Tr\u00e8s t\u00f4t dans la matin\u00e9e, les routes ont \u00e9t\u00e9 barricad\u00e9es sur l&rsquo;itin\u00e9raire qu&#8217;empruntera le chef de l&rsquo;\u00c9tat fran\u00e7ais et sa d\u00e9l\u00e9gation. Au quartier Tongolo qui c\u00f4toie le Palais de l&rsquo;Unit\u00e9, des \u00e9l\u00e9ments de la Garde Pr\u00e9sidentielle en faction ont coup\u00e9 la circulation d\u00e8s l&rsquo;aurore, obligeant les populations \u00e0 aller \u00e0 pieds.<\/p>\n<p>Les bidasses ont boucl\u00e9 le quartier pour s\u00e9curiser le \u00ab\u00a0Village Noah\u00a0\u00bb, domaine verdoyant du tennisman franco-camerounais, o\u00f9 Emmanuel Macron se rendra dans l&rsquo;apr\u00e8s-midi. \u00ab\u00a0Un type est encore couch\u00e9 chez lui, et on nous a d\u00e9j\u00e0 coup\u00e9 la route. Alors qu&rsquo;il viendra ici plut\u00f4t dans l&rsquo;apr\u00e8s-midi\u00a0\u00bb, peste un habitant du quartier, ayant pass\u00e9 une nuit peu ordinaire avec des soldats post\u00e9s au seuil de sa porte.<\/p>\n<p>En raison de l&rsquo;arriv\u00e9e de l&rsquo;h\u00f4te fran\u00e7ais dans le coin, la gare routi\u00e8re est ferm\u00e9e, plusieurs commerces aussi. Le coin a subi des casses quelques jours avant pour donner une allure plus ou moins pittoresque \u00e0 cette avenue qui m\u00e8ne au \u00ab\u00a0Village Noah\u00a0\u00bb. L&rsquo;\u00e9conomie est au point mort, et le supplice des populations devra se poursuivre toute la journ\u00e9e durant.<\/p>\n<p><strong>Pour plus d&rsquo;informations et d&rsquo;analyses sur la <a href=\"https:\/\/www.africa-press.net\/cameroun\">Cameroun<\/a>, suivez <a href=\"https:\/\/www.africa-press.net\/\">Africa-Press<\/a><\/strong><\/p>\n","protected":false},"excerpt":{"rendered":"<p>Africa-Press &#8211; Cameroun. Le pr\u00e9sident fran\u00e7ais Emmanuel Macron, arriv\u00e9 au Cameroun dans la nuit du lundi 25 juillet 2022, a pass\u00e9 sa premi\u00e8re nuit sur le sol camerounais. Il a pris ses quartiers au Hilton H\u00f4tel de Yaound\u00e9, et devrait avoir une journ\u00e9e tr\u00e8s charg\u00e9e ce mardi 26 juillet 2022. La pr\u00e9sence du pr\u00e9sident fran\u00e7ais [&hellip;]<\/p>\n","protected":false},"author":82,"featured_media":24208,"comment_status":"open","ping_status":"closed","sticky":false,"template":"","format":"standard","meta":{"footnotes":""},"categories":[11,2,10],"tags":[36,50,49],"class_list":["post-24209","post","type-post","status-publish","format-standard","has-post-thumbnail","hentry","category-homepage-french","category-politique","category-toutes-les-actualites","tag-africa-press","tag-africa-press-cameroun","tag-cameroun"],"yoast_head":"<!-- This site is optimized with the Yoast SEO Premium plugin v26.1 (Yoast SEO v27.0) - https:\/\/yoast.com\/product\/yoast-seo-premium-wordpress\/ -->\n<title>Visite de Macron: L&#039;administration gripp\u00e9e, les routes barricad\u00e9es, l&#039;activit\u00e9 \u00e9conomique au point mort - Cameroun<\/title>\n<meta name=\"description\" content=\"Le pr\u00e9sident fran\u00e7ais Emmanuel Macron, arriv\u00e9 au Cameroun dans la nuit du lundi 25 juillet 2022, a pass\u00e9 sa premi\u00e8re nui ...\" \/>\n<meta name=\"robots\" content=\"index, follow, max-snippet:-1, max-image-preview:large, max-video-preview:-1\" \/>\n<link rel=\"canonical\" href=\"https:\/\/www.africa-press.net\/cameroun\/politique\/visite-de-macron-ladministration-grippee-les-routes-barricadees-lactivite-economique-au-point-mort\" \/>\n<meta property=\"og:locale\" content=\"fr_FR\" \/>\n<meta property=\"og:type\" content=\"article\" \/>\n<meta property=\"og:title\" content=\"Visite de Macron: L&#039;administration gripp\u00e9e, les routes barricad\u00e9es, l&#039;activit\u00e9 \u00e9conomique au point mort\" \/>\n<meta property=\"og:description\" content=\"Le pr\u00e9sident fran\u00e7ais Emmanuel Macron, arriv\u00e9 au Cameroun dans la nuit du lundi 25 juillet 2022, a pass\u00e9 sa premi\u00e8re nui ...\" \/>\n<meta property=\"og:url\" content=\"https:\/\/www.africa-press.net\/cameroun\/politique\/visite-de-macron-ladministration-grippee-les-routes-barricadees-lactivite-economique-au-point-mort\" \/>\n<meta property=\"og:site_name\" content=\"Cameroun\" \/>\n<meta property=\"article:published_time\" content=\"2022-07-26T18:15:25+00:00\" \/>\n<meta property=\"article:modified_time\" content=\"2022-07-26T18:15:41+00:00\" \/>\n<meta property=\"og:image\" content=\"https:\/\/static.africa-press.net\/cameroun\/sites\/57\/2022\/07\/img-62e02f32ddc06.jpg\" \/>\n\t<meta property=\"og:image:width\" content=\"800\" \/>\n\t<meta property=\"og:image:height\" content=\"589\" \/>\n\t<meta property=\"og:image:type\" content=\"image\/jpeg\" \/>\n<meta name=\"author\" content=\"cfeditorfr\" \/>\n<meta name=\"twitter:card\" content=\"summary_large_image\" \/>\n<meta name=\"twitter:label1\" content=\"\u00c9crit par\" \/>\n\t<meta name=\"twitter:data1\" content=\"cfeditorfr\" \/>\n\t<meta name=\"twitter:label2\" content=\"Dur\u00e9e de lecture estim\u00e9e\" \/>\n\t<meta name=\"twitter:data2\" content=\"2 minutes\" \/>\n<script type=\"application\/ld+json\" class=\"yoast-schema-graph\">{\"@context\":\"https:\/\/schema.org\",\"@graph\":[{\"@type\":\"Article\",\"@id\":\"https:\/\/www.africa-press.net\/cameroun\/politique\/visite-de-macron-ladministration-grippee-les-routes-barricadees-lactivite-economique-au-point-mort#article\",\"isPartOf\":{\"@id\":\"https:\/\/www.africa-press.net\/cameroun\/politique\/visite-de-macron-ladministration-grippee-les-routes-barricadees-lactivite-economique-au-point-mort\"},\"author\":{\"name\":\"cfeditorfr\",\"@id\":\"https:\/\/www.africa-press.net\/cameroun\/#\/schema\/person\/2b1cf3cd81a31e3cd26889ca66d677f1\"},\"headline\":\"Visite de Macron: L&rsquo;administration gripp\u00e9e, les routes barricad\u00e9es, l&rsquo;activit\u00e9 \u00e9conomique au point mort\",\"datePublished\":\"2022-07-26T18:15:25+00:00\",\"dateModified\":\"2022-07-26T18:15:41+00:00\",\"mainEntityOfPage\":{\"@id\":\"https:\/\/www.africa-press.net\/cameroun\/politique\/visite-de-macron-ladministration-grippee-les-routes-barricadees-lactivite-economique-au-point-mort\"},\"wordCount\":442,\"commentCount\":0,\"image\":{\"@id\":\"https:\/\/www.africa-press.net\/cameroun\/politique\/visite-de-macron-ladministration-grippee-les-routes-barricadees-lactivite-economique-au-point-mort#primaryimage\"},\"thumbnailUrl\":\"https:\/\/static.africa-press.net\/cameroun\/sites\/57\/2022\/07\/img-62e02f32ddc06.jpg\",\"keywords\":[\"Africa Press\",\"Africa Press-Cameroun\",\"Cameroun\"],\"articleSection\":[\"homepage-french\",\"Politique\",\"Toutes les actualit\u00e9s\"],\"inLanguage\":\"fr-FR\",\"potentialAction\":[{\"@type\":\"CommentAction\",\"name\":\"Comment\",\"target\":[\"https:\/\/www.africa-press.net\/cameroun\/politique\/visite-de-macron-ladministration-grippee-les-routes-barricadees-lactivite-economique-au-point-mort#respond\"]}]},{\"@type\":\"WebPage\",\"@id\":\"https:\/\/www.africa-press.net\/cameroun\/politique\/visite-de-macron-ladministration-grippee-les-routes-barricadees-lactivite-economique-au-point-mort\",\"url\":\"https:\/\/www.africa-press.net\/cameroun\/politique\/visite-de-macron-ladministration-grippee-les-routes-barricadees-lactivite-economique-au-point-mort\",\"name\":\"Visite de Macron: L'administration gripp\u00e9e, les routes barricad\u00e9es, l'activit\u00e9 \u00e9conomique au point mort - Cameroun\",\"isPartOf\":{\"@id\":\"https:\/\/www.africa-press.net\/cameroun\/#website\"},\"primaryImageOfPage\":{\"@id\":\"https:\/\/www.africa-press.net\/cameroun\/politique\/visite-de-macron-ladministration-grippee-les-routes-barricadees-lactivite-economique-au-point-mort#primaryimage\"},\"image\":{\"@id\":\"https:\/\/www.africa-press.net\/cameroun\/politique\/visite-de-macron-ladministration-grippee-les-routes-barricadees-lactivite-economique-au-point-mort#primaryimage\"},\"thumbnailUrl\":\"https:\/\/static.africa-press.net\/cameroun\/sites\/57\/2022\/07\/img-62e02f32ddc06.jpg\",\"datePublished\":\"2022-07-26T18:15:25+00:00\",\"dateModified\":\"2022-07-26T18:15:41+00:00\",\"author\":{\"@id\":\"https:\/\/www.africa-press.net\/cameroun\/#\/schema\/person\/2b1cf3cd81a31e3cd26889ca66d677f1\"},\"description\":\"Le pr\u00e9sident fran\u00e7ais Emmanuel Macron, arriv\u00e9 au Cameroun dans la nuit du lundi 25 juillet 2022, a pass\u00e9 sa premi\u00e8re nui ...\",\"breadcrumb\":{\"@id\":\"https:\/\/www.africa-press.net\/cameroun\/politique\/visite-de-macron-ladministration-grippee-les-routes-barricadees-lactivite-economique-au-point-mort#breadcrumb\"},\"inLanguage\":\"fr-FR\",\"potentialAction\":[{\"@type\":\"ReadAction\",\"target\":[\"https:\/\/www.africa-press.net\/cameroun\/politique\/visite-de-macron-ladministration-grippee-les-routes-barricadees-lactivite-economique-au-point-mort\"]}]},{\"@type\":\"ImageObject\",\"inLanguage\":\"fr-FR\",\"@id\":\"https:\/\/www.africa-press.net\/cameroun\/politique\/visite-de-macron-ladministration-grippee-les-routes-barricadees-lactivite-economique-au-point-mort#primaryimage\",\"url\":\"https:\/\/static.africa-press.net\/cameroun\/sites\/57\/2022\/07\/img-62e02f32ddc06.jpg\",\"contentUrl\":\"https:\/\/static.africa-press.net\/cameroun\/sites\/57\/2022\/07\/img-62e02f32ddc06.jpg\",\"width\":800,\"height\":589,\"caption\":\"Visite de Macron: L'administration gripp\u00e9e, les routes barricad\u00e9es, l'activit\u00e9 \u00e9conomique au point mort\"},{\"@type\":\"BreadcrumbList\",\"@id\":\"https:\/\/www.africa-press.net\/cameroun\/politique\/visite-de-macron-ladministration-grippee-les-routes-barricadees-lactivite-economique-au-point-mort#breadcrumb\",\"itemListElement\":[{\"@type\":\"ListItem\",\"position\":1,\"name\":\"Accueil\",\"item\":\"https:\/\/www.africa-press.net\/cameroun\/\"},{\"@type\":\"ListItem\",\"position\":2,\"name\":\"Visite de Macron: L&#8217;administration gripp\u00e9e, les routes barricad\u00e9es, l&#8217;activit\u00e9 \u00e9conomique au point mort\"}]},{\"@type\":\"WebSite\",\"@id\":\"https:\/\/www.africa-press.net\/cameroun\/#website\",\"url\":\"https:\/\/www.africa-press.net\/cameroun\/\",\"name\":\"Cameroun\",\"description\":\"Just another Africa News Agency Sites site\",\"potentialAction\":[{\"@type\":\"SearchAction\",\"target\":{\"@type\":\"EntryPoint\",\"urlTemplate\":\"https:\/\/www.africa-press.net\/cameroun\/?s={search_term_string}\"},\"query-input\":{\"@type\":\"PropertyValueSpecification\",\"valueRequired\":true,\"valueName\":\"search_term_string\"}}],\"inLanguage\":\"fr-FR\"},{\"@type\":\"Person\",\"@id\":\"https:\/\/www.africa-press.net\/cameroun\/#\/schema\/person\/2b1cf3cd81a31e3cd26889ca66d677f1\",\"name\":\"cfeditorfr\"}]}<\/script>\n<!-- \/ Yoast SEO Premium plugin. -->","yoast_head_json":{"title":"Visite de Macron: L'administration gripp\u00e9e, les routes barricad\u00e9es, l'activit\u00e9 \u00e9conomique au point mort - Cameroun","description":"Le pr\u00e9sident fran\u00e7ais Emmanuel Macron, arriv\u00e9 au Cameroun dans la nuit du lundi 25 juillet 2022, a pass\u00e9 sa premi\u00e8re nui ...","robots":{"index":"index","follow":"follow","max-snippet":"max-snippet:-1","max-image-preview":"max-image-preview:large","max-video-preview":"max-video-preview:-1"},"canonical":"https:\/\/www.africa-press.net\/cameroun\/politique\/visite-de-macron-ladministration-grippee-les-routes-barricadees-lactivite-economique-au-point-mort","og_locale":"fr_FR","og_type":"article","og_title":"Visite de Macron: L'administration gripp\u00e9e, les routes barricad\u00e9es, l'activit\u00e9 \u00e9conomique au point mort","og_description":"Le pr\u00e9sident fran\u00e7ais Emmanuel Macron, arriv\u00e9 au Cameroun dans la nuit du lundi 25 juillet 2022, a pass\u00e9 sa premi\u00e8re nui ...","og_url":"https:\/\/www.africa-press.net\/cameroun\/politique\/visite-de-macron-ladministration-grippee-les-routes-barricadees-lactivite-economique-au-point-mort","og_site_name":"Cameroun","article_published_time":"2022-07-26T18:15:25+00:00","article_modified_time":"2022-07-26T18:15:41+00:00","og_image":[{"width":800,"height":589,"url":"https:\/\/static.africa-press.net\/cameroun\/sites\/57\/2022\/07\/img-62e02f32ddc06.jpg","type":"image\/jpeg"}],"author":"cfeditorfr","twitter_card":"summary_large_image","twitter_misc":{"\u00c9crit par":"cfeditorfr","Dur\u00e9e de lecture estim\u00e9e":"2 minutes"},"schema":{"@context":"https:\/\/schema.org","@graph":[{"@type":"Article","@id":"https:\/\/www.africa-press.net\/cameroun\/politique\/visite-de-macron-ladministration-grippee-les-routes-barricadees-lactivite-economique-au-point-mort#article","isPartOf":{"@id":"https:\/\/www.africa-press.net\/cameroun\/politique\/visite-de-macron-ladministration-grippee-les-routes-barricadees-lactivite-economique-au-point-mort"},"author":{"name":"cfeditorfr","@id":"https:\/\/www.africa-press.net\/cameroun\/#\/schema\/person\/2b1cf3cd81a31e3cd26889ca66d677f1"},"headline":"Visite de Macron: L&rsquo;administration gripp\u00e9e, les routes barricad\u00e9es, l&rsquo;activit\u00e9 \u00e9conomique au point mort","datePublished":"2022-07-26T18:15:25+00:00","dateModified":"2022-07-26T18:15:41+00:00","mainEntityOfPage":{"@id":"https:\/\/www.africa-press.net\/cameroun\/politique\/visite-de-macron-ladministration-grippee-les-routes-barricadees-lactivite-economique-au-point-mort"},"wordCount":442,"commentCount":0,"image":{"@id":"https:\/\/www.africa-press.net\/cameroun\/politique\/visite-de-macron-ladministration-grippee-les-routes-barricadees-lactivite-economique-au-point-mort#primaryimage"},"thumbnailUrl":"https:\/\/static.africa-press.net\/cameroun\/sites\/57\/2022\/07\/img-62e02f32ddc06.jpg","keywords":["Africa Press","Africa Press-Cameroun","Cameroun"],"articleSection":["homepage-french","Politique","Toutes les actualit\u00e9s"],"inLanguage":"fr-FR","potentialAction":[{"@type":"CommentAction","name":"Comment","target":["https:\/\/www.africa-press.net\/cameroun\/politique\/visite-de-macron-ladministration-grippee-les-routes-barricadees-lactivite-economique-au-point-mort#respond"]}]},{"@type":"WebPage","@id":"https:\/\/www.africa-press.net\/cameroun\/politique\/visite-de-macron-ladministration-grippee-les-routes-barricadees-lactivite-economique-au-point-mort","url":"https:\/\/www.africa-press.net\/cameroun\/politique\/visite-de-macron-ladministration-grippee-les-routes-barricadees-lactivite-economique-au-point-mort","name":"Visite de Macron: L'administration gripp\u00e9e, les routes barricad\u00e9es, l'activit\u00e9 \u00e9conomique au point mort - Cameroun","isPartOf":{"@id":"https:\/\/www.africa-press.net\/cameroun\/#website"},"primaryImageOfPage":{"@id":"https:\/\/www.africa-press.net\/cameroun\/politique\/visite-de-macron-ladministration-grippee-les-routes-barricadees-lactivite-economique-au-point-mort#primaryimage"},"image":{"@id":"https:\/\/www.africa-press.net\/cameroun\/politique\/visite-de-macron-ladministration-grippee-les-routes-barricadees-lactivite-economique-au-point-mort#primaryimage"},"thumbnailUrl":"https:\/\/static.africa-press.net\/cameroun\/sites\/57\/2022\/07\/img-62e02f32ddc06.jpg","datePublished":"2022-07-26T18:15:25+00:00","dateModified":"2022-07-26T18:15:41+00:00","author":{"@id":"https:\/\/www.africa-press.net\/cameroun\/#\/schema\/person\/2b1cf3cd81a31e3cd26889ca66d677f1"},"description":"Le pr\u00e9sident fran\u00e7ais Emmanuel Macron, arriv\u00e9 au Cameroun dans la nuit du lundi 25 juillet 2022, a pass\u00e9 sa premi\u00e8re nui ...","breadcrumb":{"@id":"https:\/\/www.africa-press.net\/cameroun\/politique\/visite-de-macron-ladministration-grippee-les-routes-barricadees-lactivite-economique-au-point-mort#breadcrumb"},"inLanguage":"fr-FR","potentialAction":[{"@type":"ReadAction","target":["https:\/\/www.africa-press.net\/cameroun\/politique\/visite-de-macron-ladministration-grippee-les-routes-barricadees-lactivite-economique-au-point-mort"]}]},{"@type":"ImageObject","inLanguage":"fr-FR","@id":"https:\/\/www.africa-press.net\/cameroun\/politique\/visite-de-macron-ladministration-grippee-les-routes-barricadees-lactivite-economique-au-point-mort#primaryimage","url":"https:\/\/static.africa-press.net\/cameroun\/sites\/57\/2022\/07\/img-62e02f32ddc06.jpg","contentUrl":"https:\/\/static.africa-press.net\/cameroun\/sites\/57\/2022\/07\/img-62e02f32ddc06.jpg","width":800,"height":589,"caption":"Visite de Macron: L'administration gripp\u00e9e, les routes barricad\u00e9es, l'activit\u00e9 \u00e9conomique au point mort"},{"@type":"BreadcrumbList","@id":"https:\/\/www.africa-press.net\/cameroun\/politique\/visite-de-macron-ladministration-grippee-les-routes-barricadees-lactivite-economique-au-point-mort#breadcrumb","itemListElement":[{"@type":"ListItem","position":1,"name":"Accueil","item":"https:\/\/www.africa-press.net\/cameroun\/"},{"@type":"ListItem","position":2,"name":"Visite de Macron: L&#8217;administration gripp\u00e9e, les routes barricad\u00e9es, l&#8217;activit\u00e9 \u00e9conomique au point mort"}]},{"@type":"WebSite","@id":"https:\/\/www.africa-press.net\/cameroun\/#website","url":"https:\/\/www.africa-press.net\/cameroun\/","name":"Cameroun","description":"Just another Africa News Agency Sites site","potentialAction":[{"@type":"SearchAction","target":{"@type":"EntryPoint","urlTemplate":"https:\/\/www.africa-press.net\/cameroun\/?s={search_term_string}"},"query-input":{"@type":"PropertyValueSpecification","valueRequired":true,"valueName":"search_term_string"}}],"inLanguage":"fr-FR"},{"@type":"Person","@id":"https:\/\/www.africa-press.net\/cameroun\/#\/schema\/person\/2b1cf3cd81a31e3cd26889ca66d677f1","name":"cfeditorfr"}]}},"_links":{"self":[{"href":"https:\/\/www.africa-press.net\/cameroun\/wp-json\/wp\/v2\/posts\/24209","targetHints":{"allow":["GET"]}}],"collection":[{"href":"https:\/\/www.africa-press.net\/cameroun\/wp-json\/wp\/v2\/posts"}],"about":[{"href":"https:\/\/www.africa-press.net\/cameroun\/wp-json\/wp\/v2\/types\/post"}],"author":[{"embeddable":true,"href":"https:\/\/www.africa-press.net\/cameroun\/wp-json\/wp\/v2\/users\/82"}],"replies":[{"embeddable":true,"href":"https:\/\/www.africa-press.net\/cameroun\/wp-json\/wp\/v2\/comments?post=24209"}],"version-history":[{"count":0,"href":"https:\/\/www.africa-press.net\/cameroun\/wp-json\/wp\/v2\/posts\/24209\/revisions"}],"wp:featuredmedia":[{"embeddable":true,"href":"https:\/\/www.africa-press.net\/cameroun\/wp-json\/wp\/v2\/media\/24208"}],"wp:attachment":[{"href":"https:\/\/www.africa-press.net\/cameroun\/wp-json\/wp\/v2\/media?parent=24209"}],"wp:term":[{"taxonomy":"category","embeddable":true,"href":"https:\/\/www.africa-press.net\/cameroun\/wp-json\/wp\/v2\/categories?post=24209"},{"taxonomy":"post_tag","embeddable":true,"href":"https:\/\/www.africa-press.net\/cameroun\/wp-json\/wp\/v2\/tags?post=24209"}],"curies":[{"name":"wp","href":"https:\/\/api.w.org\/{rel}","templated":true}]}}