{"id":24215,"date":"2022-07-26T15:33:42","date_gmt":"2022-07-26T15:33:42","guid":{"rendered":"https:\/\/www.africa-press.net\/cameroun\/politique\/visite-demmanuel-macron-la-presse-camerounaise-indesirable-a-la-residence-de-france"},"modified":"2022-07-26T18:16:55","modified_gmt":"2022-07-26T18:16:55","slug":"visite-demmanuel-macron-la-presse-camerounaise-indesirable-a-la-residence-de-france","status":"publish","type":"post","link":"https:\/\/www.africa-press.net\/cameroun\/politique\/visite-demmanuel-macron-la-presse-camerounaise-indesirable-a-la-residence-de-france","title":{"rendered":"Visite d\u2019Emmanuel Macron: La presse camerounaise ind\u00e9sirable \u00e0 la R\u00e9sidence de France"},"content":{"rendered":"<p><span style=\"color: #ff6600\"><strong>Africa-Press &#8211; Cameroun. <\/strong><\/span>Grosse d\u00e9ception ce matin pour les journalistes camerounais venus couvrir la rencontre entre le pr\u00e9sident fran\u00e7ais et les communaut\u00e9s fran\u00e7aise et des affaires pr\u00e9vue \u00e0 partir de 10 heures. Ils n\u2019ont pas \u00e9t\u00e9 autoris\u00e9s \u00e0 int\u00e9grer les lieux, les organisateurs leur ayant rappel\u00e9 que \u00ab c\u2019est un territoire fran\u00e7ais \u00bb. Et que par cons\u00e9quent \u00ab seule la presse de l&rsquo;Elys\u00e9e y a acc\u00e8s \u00bb, comme s\u2019est entendu r\u00e9pondre sur place un confr\u00e8re de la presse locale.<\/p>\n<p>Il rapporte qu\u2019un agent de s\u00e9curit\u00e9 lui a balanc\u00e9 qu\u2019\u00a0\u00bbil n&rsquo;y a pas la presse camerounaise \u00e0 l&rsquo;int\u00e9rieur\u00a0\u00bb. L\u2019homme en tenue agissait sous les ordres de l&rsquo;ambassadeur de France au Cameroun Christophe Guilhou. Celui-ci va d\u2019ailleurs lancer \u00e0 un couple de Noirs : \u00ab\u00a0les invitations sont personnelles. Si vous \u00eates sur la liste, il n&rsquo;y a pas de probl\u00e8me. Sinon&#8230;\u00a0\u00bb<\/p>\n<p>Par contre toute la presse accr\u00e9dit\u00e9e pourra prendre part aux autres \u00e9v\u00e9nements de ce 26 Juillet. L\u2019articulation du programme la plus attendue de la journ\u00e9e est la rencontre avec le pr\u00e9sident camerounais Paul Biya. Le \u00ab t\u00eate-\u00e0-t\u00eate strict \u00bb d\u00e9bute \u00e0 12 heures et 10 minutes au Palais de l\u2019Unit\u00e9. Pendant ce temps, les ministres fran\u00e7ais rejoignent leurs homologues camerounais pour des entretiens bilat\u00e9raux. Les autres membres de la d\u00e9l\u00e9gation fran\u00e7aise vont attendre dans un salon proche. Puis, ce sera l\u2019\u00e9change de cadeaux de protocole \u00e0 protocole.<\/p>\n<p>La conf\u00e9rence de presse des chefs d\u2019Etat fran\u00e7ais et camerounais est pr\u00e9vue \u00e0 13 heures. La rencontre avec les hommes de m\u00e9dias va durer 30 minutes.<\/p>\n<p><strong>Pour plus d&rsquo;informations et d&rsquo;analyses sur la <a href=\"https:\/\/www.africa-press.net\/cameroun\">Cameroun<\/a>, suivez <a href=\"https:\/\/www.africa-press.net\/\">Africa-Press<\/a><\/strong><\/p>\n","protected":false},"excerpt":{"rendered":"<p>Africa-Press &#8211; Cameroun. Grosse d\u00e9ception ce matin pour les journalistes camerounais venus couvrir la rencontre entre le pr\u00e9sident fran\u00e7ais et les communaut\u00e9s fran\u00e7aise et des affaires pr\u00e9vue \u00e0 partir de 10 heures. Ils n\u2019ont pas \u00e9t\u00e9 autoris\u00e9s \u00e0 int\u00e9grer les lieux, les organisateurs leur ayant rappel\u00e9 que \u00ab c\u2019est un territoire fran\u00e7ais \u00bb. Et que [&hellip;]<\/p>\n","protected":false},"author":82,"featured_media":24214,"comment_status":"open","ping_status":"closed","sticky":false,"template":"","format":"standard","meta":{"footnotes":""},"categories":[11,2,10],"tags":[36,50,49],"class_list":["post-24215","post","type-post","status-publish","format-standard","has-post-thumbnail","hentry","category-homepage-french","category-politique","category-toutes-les-actualites","tag-africa-press","tag-africa-press-cameroun","tag-cameroun"],"yoast_head":"<!-- This site is optimized with the Yoast SEO Premium plugin v26.1 (Yoast SEO v27.0) - https:\/\/yoast.com\/product\/yoast-seo-premium-wordpress\/ -->\n<title>Visite d\u2019Emmanuel Macron: La presse camerounaise ind\u00e9sirable \u00e0 la R\u00e9sidence de France - Cameroun<\/title>\n<meta name=\"description\" content=\"Grosse d\u00e9ception ce matin pour les journalistes camerounais venus couvrir la rencontre entre le pr\u00e9sident fran\u00e7ais et le ...\" \/>\n<meta name=\"robots\" content=\"index, follow, max-snippet:-1, max-image-preview:large, max-video-preview:-1\" \/>\n<link rel=\"canonical\" href=\"https:\/\/www.africa-press.net\/cameroun\/politique\/visite-demmanuel-macron-la-presse-camerounaise-indesirable-a-la-residence-de-france\" \/>\n<meta property=\"og:locale\" content=\"fr_FR\" \/>\n<meta property=\"og:type\" content=\"article\" \/>\n<meta property=\"og:title\" content=\"Visite d\u2019Emmanuel Macron: La presse camerounaise ind\u00e9sirable \u00e0 la R\u00e9sidence de France\" \/>\n<meta property=\"og:description\" content=\"Grosse d\u00e9ception ce matin pour les journalistes camerounais venus couvrir la rencontre entre le pr\u00e9sident fran\u00e7ais et le ...\" \/>\n<meta property=\"og:url\" content=\"https:\/\/www.africa-press.net\/cameroun\/politique\/visite-demmanuel-macron-la-presse-camerounaise-indesirable-a-la-residence-de-france\" \/>\n<meta property=\"og:site_name\" content=\"Cameroun\" \/>\n<meta property=\"article:published_time\" content=\"2022-07-26T15:33:42+00:00\" \/>\n<meta property=\"article:modified_time\" content=\"2022-07-26T18:16:55+00:00\" \/>\n<meta property=\"og:image\" content=\"https:\/\/static.africa-press.net\/cameroun\/sites\/57\/2022\/07\/img-62e02f80aaf74.jpg\" \/>\n\t<meta property=\"og:image:width\" content=\"800\" \/>\n\t<meta property=\"og:image:height\" content=\"449\" \/>\n\t<meta property=\"og:image:type\" content=\"image\/jpeg\" \/>\n<meta name=\"author\" content=\"cfeditorfr\" \/>\n<meta name=\"twitter:card\" content=\"summary_large_image\" \/>\n<meta name=\"twitter:label1\" content=\"\u00c9crit par\" \/>\n\t<meta name=\"twitter:data1\" content=\"cfeditorfr\" \/>\n\t<meta name=\"twitter:label2\" content=\"Dur\u00e9e de lecture estim\u00e9e\" \/>\n\t<meta name=\"twitter:data2\" content=\"2 minutes\" \/>\n<script type=\"application\/ld+json\" class=\"yoast-schema-graph\">{\"@context\":\"https:\/\/schema.org\",\"@graph\":[{\"@type\":\"Article\",\"@id\":\"https:\/\/www.africa-press.net\/cameroun\/politique\/visite-demmanuel-macron-la-presse-camerounaise-indesirable-a-la-residence-de-france#article\",\"isPartOf\":{\"@id\":\"https:\/\/www.africa-press.net\/cameroun\/politique\/visite-demmanuel-macron-la-presse-camerounaise-indesirable-a-la-residence-de-france\"},\"author\":{\"name\":\"cfeditorfr\",\"@id\":\"https:\/\/www.africa-press.net\/cameroun\/#\/schema\/person\/2b1cf3cd81a31e3cd26889ca66d677f1\"},\"headline\":\"Visite d\u2019Emmanuel Macron: La presse camerounaise ind\u00e9sirable \u00e0 la R\u00e9sidence de France\",\"datePublished\":\"2022-07-26T15:33:42+00:00\",\"dateModified\":\"2022-07-26T18:16:55+00:00\",\"mainEntityOfPage\":{\"@id\":\"https:\/\/www.africa-press.net\/cameroun\/politique\/visite-demmanuel-macron-la-presse-camerounaise-indesirable-a-la-residence-de-france\"},\"wordCount\":309,\"commentCount\":0,\"image\":{\"@id\":\"https:\/\/www.africa-press.net\/cameroun\/politique\/visite-demmanuel-macron-la-presse-camerounaise-indesirable-a-la-residence-de-france#primaryimage\"},\"thumbnailUrl\":\"https:\/\/static.africa-press.net\/cameroun\/sites\/57\/2022\/07\/img-62e02f80aaf74.jpg\",\"keywords\":[\"Africa Press\",\"Africa Press-Cameroun\",\"Cameroun\"],\"articleSection\":[\"homepage-french\",\"Politique\",\"Toutes les actualit\u00e9s\"],\"inLanguage\":\"fr-FR\",\"potentialAction\":[{\"@type\":\"CommentAction\",\"name\":\"Comment\",\"target\":[\"https:\/\/www.africa-press.net\/cameroun\/politique\/visite-demmanuel-macron-la-presse-camerounaise-indesirable-a-la-residence-de-france#respond\"]}]},{\"@type\":\"WebPage\",\"@id\":\"https:\/\/www.africa-press.net\/cameroun\/politique\/visite-demmanuel-macron-la-presse-camerounaise-indesirable-a-la-residence-de-france\",\"url\":\"https:\/\/www.africa-press.net\/cameroun\/politique\/visite-demmanuel-macron-la-presse-camerounaise-indesirable-a-la-residence-de-france\",\"name\":\"Visite d\u2019Emmanuel Macron: La presse camerounaise ind\u00e9sirable \u00e0 la R\u00e9sidence de France - Cameroun\",\"isPartOf\":{\"@id\":\"https:\/\/www.africa-press.net\/cameroun\/#website\"},\"primaryImageOfPage\":{\"@id\":\"https:\/\/www.africa-press.net\/cameroun\/politique\/visite-demmanuel-macron-la-presse-camerounaise-indesirable-a-la-residence-de-france#primaryimage\"},\"image\":{\"@id\":\"https:\/\/www.africa-press.net\/cameroun\/politique\/visite-demmanuel-macron-la-presse-camerounaise-indesirable-a-la-residence-de-france#primaryimage\"},\"thumbnailUrl\":\"https:\/\/static.africa-press.net\/cameroun\/sites\/57\/2022\/07\/img-62e02f80aaf74.jpg\",\"datePublished\":\"2022-07-26T15:33:42+00:00\",\"dateModified\":\"2022-07-26T18:16:55+00:00\",\"author\":{\"@id\":\"https:\/\/www.africa-press.net\/cameroun\/#\/schema\/person\/2b1cf3cd81a31e3cd26889ca66d677f1\"},\"description\":\"Grosse d\u00e9ception ce matin pour les journalistes camerounais venus couvrir la rencontre entre le pr\u00e9sident fran\u00e7ais et le ...\",\"breadcrumb\":{\"@id\":\"https:\/\/www.africa-press.net\/cameroun\/politique\/visite-demmanuel-macron-la-presse-camerounaise-indesirable-a-la-residence-de-france#breadcrumb\"},\"inLanguage\":\"fr-FR\",\"potentialAction\":[{\"@type\":\"ReadAction\",\"target\":[\"https:\/\/www.africa-press.net\/cameroun\/politique\/visite-demmanuel-macron-la-presse-camerounaise-indesirable-a-la-residence-de-france\"]}]},{\"@type\":\"ImageObject\",\"inLanguage\":\"fr-FR\",\"@id\":\"https:\/\/www.africa-press.net\/cameroun\/politique\/visite-demmanuel-macron-la-presse-camerounaise-indesirable-a-la-residence-de-france#primaryimage\",\"url\":\"https:\/\/static.africa-press.net\/cameroun\/sites\/57\/2022\/07\/img-62e02f80aaf74.jpg\",\"contentUrl\":\"https:\/\/static.africa-press.net\/cameroun\/sites\/57\/2022\/07\/img-62e02f80aaf74.jpg\",\"width\":800,\"height\":449,\"caption\":\"Visite d\u2019Emmanuel Macron: La presse camerounaise ind\u00e9sirable \u00e0 la R\u00e9sidence de France\"},{\"@type\":\"BreadcrumbList\",\"@id\":\"https:\/\/www.africa-press.net\/cameroun\/politique\/visite-demmanuel-macron-la-presse-camerounaise-indesirable-a-la-residence-de-france#breadcrumb\",\"itemListElement\":[{\"@type\":\"ListItem\",\"position\":1,\"name\":\"Accueil\",\"item\":\"https:\/\/www.africa-press.net\/cameroun\/\"},{\"@type\":\"ListItem\",\"position\":2,\"name\":\"Visite d\u2019Emmanuel Macron: La presse camerounaise ind\u00e9sirable \u00e0 la R\u00e9sidence de France\"}]},{\"@type\":\"WebSite\",\"@id\":\"https:\/\/www.africa-press.net\/cameroun\/#website\",\"url\":\"https:\/\/www.africa-press.net\/cameroun\/\",\"name\":\"Cameroun\",\"description\":\"Just another Africa News Agency Sites site\",\"potentialAction\":[{\"@type\":\"SearchAction\",\"target\":{\"@type\":\"EntryPoint\",\"urlTemplate\":\"https:\/\/www.africa-press.net\/cameroun\/?s={search_term_string}\"},\"query-input\":{\"@type\":\"PropertyValueSpecification\",\"valueRequired\":true,\"valueName\":\"search_term_string\"}}],\"inLanguage\":\"fr-FR\"},{\"@type\":\"Person\",\"@id\":\"https:\/\/www.africa-press.net\/cameroun\/#\/schema\/person\/2b1cf3cd81a31e3cd26889ca66d677f1\",\"name\":\"cfeditorfr\"}]}<\/script>\n<!-- \/ Yoast SEO Premium plugin. -->","yoast_head_json":{"title":"Visite d\u2019Emmanuel Macron: La presse camerounaise ind\u00e9sirable \u00e0 la R\u00e9sidence de France - Cameroun","description":"Grosse d\u00e9ception ce matin pour les journalistes camerounais venus couvrir la rencontre entre le pr\u00e9sident fran\u00e7ais et le ...","robots":{"index":"index","follow":"follow","max-snippet":"max-snippet:-1","max-image-preview":"max-image-preview:large","max-video-preview":"max-video-preview:-1"},"canonical":"https:\/\/www.africa-press.net\/cameroun\/politique\/visite-demmanuel-macron-la-presse-camerounaise-indesirable-a-la-residence-de-france","og_locale":"fr_FR","og_type":"article","og_title":"Visite d\u2019Emmanuel Macron: La presse camerounaise ind\u00e9sirable \u00e0 la R\u00e9sidence de France","og_description":"Grosse d\u00e9ception ce matin pour les journalistes camerounais venus couvrir la rencontre entre le pr\u00e9sident fran\u00e7ais et le ...","og_url":"https:\/\/www.africa-press.net\/cameroun\/politique\/visite-demmanuel-macron-la-presse-camerounaise-indesirable-a-la-residence-de-france","og_site_name":"Cameroun","article_published_time":"2022-07-26T15:33:42+00:00","article_modified_time":"2022-07-26T18:16:55+00:00","og_image":[{"width":800,"height":449,"url":"https:\/\/static.africa-press.net\/cameroun\/sites\/57\/2022\/07\/img-62e02f80aaf74.jpg","type":"image\/jpeg"}],"author":"cfeditorfr","twitter_card":"summary_large_image","twitter_misc":{"\u00c9crit par":"cfeditorfr","Dur\u00e9e de lecture estim\u00e9e":"2 minutes"},"schema":{"@context":"https:\/\/schema.org","@graph":[{"@type":"Article","@id":"https:\/\/www.africa-press.net\/cameroun\/politique\/visite-demmanuel-macron-la-presse-camerounaise-indesirable-a-la-residence-de-france#article","isPartOf":{"@id":"https:\/\/www.africa-press.net\/cameroun\/politique\/visite-demmanuel-macron-la-presse-camerounaise-indesirable-a-la-residence-de-france"},"author":{"name":"cfeditorfr","@id":"https:\/\/www.africa-press.net\/cameroun\/#\/schema\/person\/2b1cf3cd81a31e3cd26889ca66d677f1"},"headline":"Visite d\u2019Emmanuel Macron: La presse camerounaise ind\u00e9sirable \u00e0 la R\u00e9sidence de France","datePublished":"2022-07-26T15:33:42+00:00","dateModified":"2022-07-26T18:16:55+00:00","mainEntityOfPage":{"@id":"https:\/\/www.africa-press.net\/cameroun\/politique\/visite-demmanuel-macron-la-presse-camerounaise-indesirable-a-la-residence-de-france"},"wordCount":309,"commentCount":0,"image":{"@id":"https:\/\/www.africa-press.net\/cameroun\/politique\/visite-demmanuel-macron-la-presse-camerounaise-indesirable-a-la-residence-de-france#primaryimage"},"thumbnailUrl":"https:\/\/static.africa-press.net\/cameroun\/sites\/57\/2022\/07\/img-62e02f80aaf74.jpg","keywords":["Africa Press","Africa Press-Cameroun","Cameroun"],"articleSection":["homepage-french","Politique","Toutes les actualit\u00e9s"],"inLanguage":"fr-FR","potentialAction":[{"@type":"CommentAction","name":"Comment","target":["https:\/\/www.africa-press.net\/cameroun\/politique\/visite-demmanuel-macron-la-presse-camerounaise-indesirable-a-la-residence-de-france#respond"]}]},{"@type":"WebPage","@id":"https:\/\/www.africa-press.net\/cameroun\/politique\/visite-demmanuel-macron-la-presse-camerounaise-indesirable-a-la-residence-de-france","url":"https:\/\/www.africa-press.net\/cameroun\/politique\/visite-demmanuel-macron-la-presse-camerounaise-indesirable-a-la-residence-de-france","name":"Visite d\u2019Emmanuel Macron: La presse camerounaise ind\u00e9sirable \u00e0 la R\u00e9sidence de France - Cameroun","isPartOf":{"@id":"https:\/\/www.africa-press.net\/cameroun\/#website"},"primaryImageOfPage":{"@id":"https:\/\/www.africa-press.net\/cameroun\/politique\/visite-demmanuel-macron-la-presse-camerounaise-indesirable-a-la-residence-de-france#primaryimage"},"image":{"@id":"https:\/\/www.africa-press.net\/cameroun\/politique\/visite-demmanuel-macron-la-presse-camerounaise-indesirable-a-la-residence-de-france#primaryimage"},"thumbnailUrl":"https:\/\/static.africa-press.net\/cameroun\/sites\/57\/2022\/07\/img-62e02f80aaf74.jpg","datePublished":"2022-07-26T15:33:42+00:00","dateModified":"2022-07-26T18:16:55+00:00","author":{"@id":"https:\/\/www.africa-press.net\/cameroun\/#\/schema\/person\/2b1cf3cd81a31e3cd26889ca66d677f1"},"description":"Grosse d\u00e9ception ce matin pour les journalistes camerounais venus couvrir la rencontre entre le pr\u00e9sident fran\u00e7ais et le ...","breadcrumb":{"@id":"https:\/\/www.africa-press.net\/cameroun\/politique\/visite-demmanuel-macron-la-presse-camerounaise-indesirable-a-la-residence-de-france#breadcrumb"},"inLanguage":"fr-FR","potentialAction":[{"@type":"ReadAction","target":["https:\/\/www.africa-press.net\/cameroun\/politique\/visite-demmanuel-macron-la-presse-camerounaise-indesirable-a-la-residence-de-france"]}]},{"@type":"ImageObject","inLanguage":"fr-FR","@id":"https:\/\/www.africa-press.net\/cameroun\/politique\/visite-demmanuel-macron-la-presse-camerounaise-indesirable-a-la-residence-de-france#primaryimage","url":"https:\/\/static.africa-press.net\/cameroun\/sites\/57\/2022\/07\/img-62e02f80aaf74.jpg","contentUrl":"https:\/\/static.africa-press.net\/cameroun\/sites\/57\/2022\/07\/img-62e02f80aaf74.jpg","width":800,"height":449,"caption":"Visite d\u2019Emmanuel Macron: La presse camerounaise ind\u00e9sirable \u00e0 la R\u00e9sidence de France"},{"@type":"BreadcrumbList","@id":"https:\/\/www.africa-press.net\/cameroun\/politique\/visite-demmanuel-macron-la-presse-camerounaise-indesirable-a-la-residence-de-france#breadcrumb","itemListElement":[{"@type":"ListItem","position":1,"name":"Accueil","item":"https:\/\/www.africa-press.net\/cameroun\/"},{"@type":"ListItem","position":2,"name":"Visite d\u2019Emmanuel Macron: La presse camerounaise ind\u00e9sirable \u00e0 la R\u00e9sidence de France"}]},{"@type":"WebSite","@id":"https:\/\/www.africa-press.net\/cameroun\/#website","url":"https:\/\/www.africa-press.net\/cameroun\/","name":"Cameroun","description":"Just another Africa News Agency Sites site","potentialAction":[{"@type":"SearchAction","target":{"@type":"EntryPoint","urlTemplate":"https:\/\/www.africa-press.net\/cameroun\/?s={search_term_string}"},"query-input":{"@type":"PropertyValueSpecification","valueRequired":true,"valueName":"search_term_string"}}],"inLanguage":"fr-FR"},{"@type":"Person","@id":"https:\/\/www.africa-press.net\/cameroun\/#\/schema\/person\/2b1cf3cd81a31e3cd26889ca66d677f1","name":"cfeditorfr"}]}},"_links":{"self":[{"href":"https:\/\/www.africa-press.net\/cameroun\/wp-json\/wp\/v2\/posts\/24215","targetHints":{"allow":["GET"]}}],"collection":[{"href":"https:\/\/www.africa-press.net\/cameroun\/wp-json\/wp\/v2\/posts"}],"about":[{"href":"https:\/\/www.africa-press.net\/cameroun\/wp-json\/wp\/v2\/types\/post"}],"author":[{"embeddable":true,"href":"https:\/\/www.africa-press.net\/cameroun\/wp-json\/wp\/v2\/users\/82"}],"replies":[{"embeddable":true,"href":"https:\/\/www.africa-press.net\/cameroun\/wp-json\/wp\/v2\/comments?post=24215"}],"version-history":[{"count":0,"href":"https:\/\/www.africa-press.net\/cameroun\/wp-json\/wp\/v2\/posts\/24215\/revisions"}],"wp:featuredmedia":[{"embeddable":true,"href":"https:\/\/www.africa-press.net\/cameroun\/wp-json\/wp\/v2\/media\/24214"}],"wp:attachment":[{"href":"https:\/\/www.africa-press.net\/cameroun\/wp-json\/wp\/v2\/media?parent=24215"}],"wp:term":[{"taxonomy":"category","embeddable":true,"href":"https:\/\/www.africa-press.net\/cameroun\/wp-json\/wp\/v2\/categories?post=24215"},{"taxonomy":"post_tag","embeddable":true,"href":"https:\/\/www.africa-press.net\/cameroun\/wp-json\/wp\/v2\/tags?post=24215"}],"curies":[{"name":"wp","href":"https:\/\/api.w.org\/{rel}","templated":true}]}}