{"id":24221,"date":"2022-07-26T15:46:45","date_gmt":"2022-07-26T15:46:45","guid":{"rendered":"https:\/\/www.africa-press.net\/cameroun\/politique\/cameroun-lancien-gouverneur-du-nord-gambo-haman-decede-en-tunisie"},"modified":"2022-07-26T18:17:57","modified_gmt":"2022-07-26T18:17:57","slug":"cameroun-lancien-gouverneur-du-nord-gambo-haman-decede-en-tunisie","status":"publish","type":"post","link":"https:\/\/www.africa-press.net\/cameroun\/politique\/cameroun-lancien-gouverneur-du-nord-gambo-haman-decede-en-tunisie","title":{"rendered":"Cameroun: L\u2019ancien gouverneur du Nord Gambo Haman d\u00e9c\u00e8de en Tunisie !"},"content":{"rendered":"<p><span style=\"color: #ff6600\"><strong>Africa-Press &#8211; Cameroun. <\/strong><\/span>Plusieurs plateformes de partage de nouvelles de la r\u00e9gion du Nord sur le r\u00e9seau social Facebook annoncent le d\u00e9c\u00e8s ce mardi 26 juillet 2022, de l\u2019ancien Gouverneur de la r\u00e9gion du Nord, Gambo Haman. L\u2019annonce de cette triste nouvelle a \u00e9t\u00e9 confirm\u00e9e \u00e0 Cameroon-info.net par un proche de l\u2019ancien administrateur en service \u00e0 la Soci\u00e9t\u00e9 de D\u00e9veloppement du Coton (Sodecoton).<\/p>\n<p>L\u2019ex haut commis de l\u2019Etat est d\u00e9c\u00e9d\u00e9 \u00e0 Tunis en Tunisie des suites de maladie, ajoute notre confident. Il y avait \u00e9t\u00e9 \u00e9vacu\u00e9 depuis quelques temps en raison de ses probl\u00e8mes de sant\u00e9.<\/p>\n<p>Gambo Haman fut donc Gouverneur de la r\u00e9gion du Nord et avait \u00e9t\u00e9 envoy\u00e9 \u00e0 la retraite en avril 2012, remplac\u00e9 par Joseph Otto Wilson apr\u00e8s seulement deux ann\u00e9es pass\u00e9es \u00e0 la t\u00eate de cette r\u00e9gion. Il a \u00e9galement occup\u00e9 le poste de pr\u00e9sident du conseil d\u2019administration de l\u2019Office C\u00e9r\u00e9alier, la centrale d\u2019achats des c\u00e9r\u00e9ales du gouvernement charg\u00e9e de lutter contre l\u2019ins\u00e9curit\u00e9 alimentaire dans les r\u00e9gions de l\u2019Extr\u00eame-Nord, du Nord et de l\u2019Adamaoua.<\/p>\n<p>Il fut \u00e9galement deuxi\u00e8me Commissaire du Cameroun \u00e0 l&rsquo;Autorit\u00e9 du Bassin du Niger, Pr\u00e9sident du Conseil de Direction de l&rsquo;Unit\u00e9 de Traitements Agricoles par voie A\u00e9rienne, puis ancien pr\u00e9sident du conseil d\u2019administration de la Sodecoton \u00e9galement.<\/p>\n<p>Le 20 mai 2019, cet Administrateur civil principal hors \u00e9chelle, a \u00e9t\u00e9 \u00e9lev\u00e9 au grade de Commandeur de l\u2019ordre de la valeur par le pr\u00e9sident de la R\u00e9publique Paul Biya.<\/p>\n<p><strong>Pour plus d&rsquo;informations et d&rsquo;analyses sur la <a href=\"https:\/\/www.africa-press.net\/cameroun\">Cameroun<\/a>, suivez <a href=\"https:\/\/www.africa-press.net\/\">Africa-Press<\/a><\/strong><\/p>\n","protected":false},"excerpt":{"rendered":"<p>Africa-Press &#8211; Cameroun. Plusieurs plateformes de partage de nouvelles de la r\u00e9gion du Nord sur le r\u00e9seau social Facebook annoncent le d\u00e9c\u00e8s ce mardi 26 juillet 2022, de l\u2019ancien Gouverneur de la r\u00e9gion du Nord, Gambo Haman. L\u2019annonce de cette triste nouvelle a \u00e9t\u00e9 confirm\u00e9e \u00e0 Cameroon-info.net par un proche de l\u2019ancien administrateur en service [&hellip;]<\/p>\n","protected":false},"author":82,"featured_media":24220,"comment_status":"open","ping_status":"closed","sticky":false,"template":"","format":"standard","meta":{"footnotes":""},"categories":[11,2,10],"tags":[36,50,49],"class_list":["post-24221","post","type-post","status-publish","format-standard","has-post-thumbnail","hentry","category-homepage-french","category-politique","category-toutes-les-actualites","tag-africa-press","tag-africa-press-cameroun","tag-cameroun"],"yoast_head":"<!-- This site is optimized with the Yoast SEO Premium plugin v26.1 (Yoast SEO v27.0) - https:\/\/yoast.com\/product\/yoast-seo-premium-wordpress\/ -->\n<title>Cameroun: L\u2019ancien gouverneur du Nord Gambo Haman d\u00e9c\u00e8de en Tunisie ! - Cameroun<\/title>\n<meta name=\"description\" content=\"Plusieurs plateformes de partage de nouvelles de la r\u00e9gion du Nord sur le r\u00e9seau social Facebook annoncent le d\u00e9c\u00e8s ce m ...\" \/>\n<meta name=\"robots\" content=\"index, follow, max-snippet:-1, max-image-preview:large, max-video-preview:-1\" \/>\n<link rel=\"canonical\" href=\"https:\/\/www.africa-press.net\/cameroun\/politique\/cameroun-lancien-gouverneur-du-nord-gambo-haman-decede-en-tunisie\" \/>\n<meta property=\"og:locale\" content=\"fr_FR\" \/>\n<meta property=\"og:type\" content=\"article\" \/>\n<meta property=\"og:title\" content=\"Cameroun: L\u2019ancien gouverneur du Nord Gambo Haman d\u00e9c\u00e8de en Tunisie !\" \/>\n<meta property=\"og:description\" content=\"Plusieurs plateformes de partage de nouvelles de la r\u00e9gion du Nord sur le r\u00e9seau social Facebook annoncent le d\u00e9c\u00e8s ce m ...\" \/>\n<meta property=\"og:url\" content=\"https:\/\/www.africa-press.net\/cameroun\/politique\/cameroun-lancien-gouverneur-du-nord-gambo-haman-decede-en-tunisie\" \/>\n<meta property=\"og:site_name\" content=\"Cameroun\" \/>\n<meta property=\"article:published_time\" content=\"2022-07-26T15:46:45+00:00\" \/>\n<meta property=\"article:modified_time\" content=\"2022-07-26T18:17:57+00:00\" \/>\n<meta property=\"og:image\" content=\"https:\/\/static.africa-press.net\/cameroun\/sites\/57\/2022\/07\/img-62e02fc054665.jpg\" \/>\n\t<meta property=\"og:image:width\" content=\"800\" \/>\n\t<meta property=\"og:image:height\" content=\"937\" \/>\n\t<meta property=\"og:image:type\" content=\"image\/jpeg\" \/>\n<meta name=\"author\" content=\"cfeditorfr\" \/>\n<meta name=\"twitter:card\" content=\"summary_large_image\" \/>\n<meta name=\"twitter:label1\" content=\"\u00c9crit par\" \/>\n\t<meta name=\"twitter:data1\" content=\"cfeditorfr\" \/>\n\t<meta name=\"twitter:label2\" content=\"Dur\u00e9e de lecture estim\u00e9e\" \/>\n\t<meta name=\"twitter:data2\" content=\"2 minutes\" \/>\n<script type=\"application\/ld+json\" class=\"yoast-schema-graph\">{\"@context\":\"https:\/\/schema.org\",\"@graph\":[{\"@type\":\"Article\",\"@id\":\"https:\/\/www.africa-press.net\/cameroun\/politique\/cameroun-lancien-gouverneur-du-nord-gambo-haman-decede-en-tunisie#article\",\"isPartOf\":{\"@id\":\"https:\/\/www.africa-press.net\/cameroun\/politique\/cameroun-lancien-gouverneur-du-nord-gambo-haman-decede-en-tunisie\"},\"author\":{\"name\":\"cfeditorfr\",\"@id\":\"https:\/\/www.africa-press.net\/cameroun\/#\/schema\/person\/2b1cf3cd81a31e3cd26889ca66d677f1\"},\"headline\":\"Cameroun: L\u2019ancien gouverneur du Nord Gambo Haman d\u00e9c\u00e8de en Tunisie !\",\"datePublished\":\"2022-07-26T15:46:45+00:00\",\"dateModified\":\"2022-07-26T18:17:57+00:00\",\"mainEntityOfPage\":{\"@id\":\"https:\/\/www.africa-press.net\/cameroun\/politique\/cameroun-lancien-gouverneur-du-nord-gambo-haman-decede-en-tunisie\"},\"wordCount\":297,\"commentCount\":0,\"image\":{\"@id\":\"https:\/\/www.africa-press.net\/cameroun\/politique\/cameroun-lancien-gouverneur-du-nord-gambo-haman-decede-en-tunisie#primaryimage\"},\"thumbnailUrl\":\"https:\/\/static.africa-press.net\/cameroun\/sites\/57\/2022\/07\/img-62e02fc054665.jpg\",\"keywords\":[\"Africa Press\",\"Africa Press-Cameroun\",\"Cameroun\"],\"articleSection\":[\"homepage-french\",\"Politique\",\"Toutes les actualit\u00e9s\"],\"inLanguage\":\"fr-FR\",\"potentialAction\":[{\"@type\":\"CommentAction\",\"name\":\"Comment\",\"target\":[\"https:\/\/www.africa-press.net\/cameroun\/politique\/cameroun-lancien-gouverneur-du-nord-gambo-haman-decede-en-tunisie#respond\"]}]},{\"@type\":\"WebPage\",\"@id\":\"https:\/\/www.africa-press.net\/cameroun\/politique\/cameroun-lancien-gouverneur-du-nord-gambo-haman-decede-en-tunisie\",\"url\":\"https:\/\/www.africa-press.net\/cameroun\/politique\/cameroun-lancien-gouverneur-du-nord-gambo-haman-decede-en-tunisie\",\"name\":\"Cameroun: L\u2019ancien gouverneur du Nord Gambo Haman d\u00e9c\u00e8de en Tunisie ! - Cameroun\",\"isPartOf\":{\"@id\":\"https:\/\/www.africa-press.net\/cameroun\/#website\"},\"primaryImageOfPage\":{\"@id\":\"https:\/\/www.africa-press.net\/cameroun\/politique\/cameroun-lancien-gouverneur-du-nord-gambo-haman-decede-en-tunisie#primaryimage\"},\"image\":{\"@id\":\"https:\/\/www.africa-press.net\/cameroun\/politique\/cameroun-lancien-gouverneur-du-nord-gambo-haman-decede-en-tunisie#primaryimage\"},\"thumbnailUrl\":\"https:\/\/static.africa-press.net\/cameroun\/sites\/57\/2022\/07\/img-62e02fc054665.jpg\",\"datePublished\":\"2022-07-26T15:46:45+00:00\",\"dateModified\":\"2022-07-26T18:17:57+00:00\",\"author\":{\"@id\":\"https:\/\/www.africa-press.net\/cameroun\/#\/schema\/person\/2b1cf3cd81a31e3cd26889ca66d677f1\"},\"description\":\"Plusieurs plateformes de partage de nouvelles de la r\u00e9gion du Nord sur le r\u00e9seau social Facebook annoncent le d\u00e9c\u00e8s ce m ...\",\"breadcrumb\":{\"@id\":\"https:\/\/www.africa-press.net\/cameroun\/politique\/cameroun-lancien-gouverneur-du-nord-gambo-haman-decede-en-tunisie#breadcrumb\"},\"inLanguage\":\"fr-FR\",\"potentialAction\":[{\"@type\":\"ReadAction\",\"target\":[\"https:\/\/www.africa-press.net\/cameroun\/politique\/cameroun-lancien-gouverneur-du-nord-gambo-haman-decede-en-tunisie\"]}]},{\"@type\":\"ImageObject\",\"inLanguage\":\"fr-FR\",\"@id\":\"https:\/\/www.africa-press.net\/cameroun\/politique\/cameroun-lancien-gouverneur-du-nord-gambo-haman-decede-en-tunisie#primaryimage\",\"url\":\"https:\/\/static.africa-press.net\/cameroun\/sites\/57\/2022\/07\/img-62e02fc054665.jpg\",\"contentUrl\":\"https:\/\/static.africa-press.net\/cameroun\/sites\/57\/2022\/07\/img-62e02fc054665.jpg\",\"width\":800,\"height\":937,\"caption\":\"Cameroun: L\u2019ancien gouverneur du Nord Gambo Haman d\u00e9c\u00e8de en Tunisie !\"},{\"@type\":\"BreadcrumbList\",\"@id\":\"https:\/\/www.africa-press.net\/cameroun\/politique\/cameroun-lancien-gouverneur-du-nord-gambo-haman-decede-en-tunisie#breadcrumb\",\"itemListElement\":[{\"@type\":\"ListItem\",\"position\":1,\"name\":\"Accueil\",\"item\":\"https:\/\/www.africa-press.net\/cameroun\/\"},{\"@type\":\"ListItem\",\"position\":2,\"name\":\"Cameroun: L\u2019ancien gouverneur du Nord Gambo Haman d\u00e9c\u00e8de en Tunisie !\"}]},{\"@type\":\"WebSite\",\"@id\":\"https:\/\/www.africa-press.net\/cameroun\/#website\",\"url\":\"https:\/\/www.africa-press.net\/cameroun\/\",\"name\":\"Cameroun\",\"description\":\"Just another Africa News Agency Sites site\",\"potentialAction\":[{\"@type\":\"SearchAction\",\"target\":{\"@type\":\"EntryPoint\",\"urlTemplate\":\"https:\/\/www.africa-press.net\/cameroun\/?s={search_term_string}\"},\"query-input\":{\"@type\":\"PropertyValueSpecification\",\"valueRequired\":true,\"valueName\":\"search_term_string\"}}],\"inLanguage\":\"fr-FR\"},{\"@type\":\"Person\",\"@id\":\"https:\/\/www.africa-press.net\/cameroun\/#\/schema\/person\/2b1cf3cd81a31e3cd26889ca66d677f1\",\"name\":\"cfeditorfr\"}]}<\/script>\n<!-- \/ Yoast SEO Premium plugin. -->","yoast_head_json":{"title":"Cameroun: L\u2019ancien gouverneur du Nord Gambo Haman d\u00e9c\u00e8de en Tunisie ! - Cameroun","description":"Plusieurs plateformes de partage de nouvelles de la r\u00e9gion du Nord sur le r\u00e9seau social Facebook annoncent le d\u00e9c\u00e8s ce m ...","robots":{"index":"index","follow":"follow","max-snippet":"max-snippet:-1","max-image-preview":"max-image-preview:large","max-video-preview":"max-video-preview:-1"},"canonical":"https:\/\/www.africa-press.net\/cameroun\/politique\/cameroun-lancien-gouverneur-du-nord-gambo-haman-decede-en-tunisie","og_locale":"fr_FR","og_type":"article","og_title":"Cameroun: L\u2019ancien gouverneur du Nord Gambo Haman d\u00e9c\u00e8de en Tunisie !","og_description":"Plusieurs plateformes de partage de nouvelles de la r\u00e9gion du Nord sur le r\u00e9seau social Facebook annoncent le d\u00e9c\u00e8s ce m ...","og_url":"https:\/\/www.africa-press.net\/cameroun\/politique\/cameroun-lancien-gouverneur-du-nord-gambo-haman-decede-en-tunisie","og_site_name":"Cameroun","article_published_time":"2022-07-26T15:46:45+00:00","article_modified_time":"2022-07-26T18:17:57+00:00","og_image":[{"width":800,"height":937,"url":"https:\/\/static.africa-press.net\/cameroun\/sites\/57\/2022\/07\/img-62e02fc054665.jpg","type":"image\/jpeg"}],"author":"cfeditorfr","twitter_card":"summary_large_image","twitter_misc":{"\u00c9crit par":"cfeditorfr","Dur\u00e9e de lecture estim\u00e9e":"2 minutes"},"schema":{"@context":"https:\/\/schema.org","@graph":[{"@type":"Article","@id":"https:\/\/www.africa-press.net\/cameroun\/politique\/cameroun-lancien-gouverneur-du-nord-gambo-haman-decede-en-tunisie#article","isPartOf":{"@id":"https:\/\/www.africa-press.net\/cameroun\/politique\/cameroun-lancien-gouverneur-du-nord-gambo-haman-decede-en-tunisie"},"author":{"name":"cfeditorfr","@id":"https:\/\/www.africa-press.net\/cameroun\/#\/schema\/person\/2b1cf3cd81a31e3cd26889ca66d677f1"},"headline":"Cameroun: L\u2019ancien gouverneur du Nord Gambo Haman d\u00e9c\u00e8de en Tunisie !","datePublished":"2022-07-26T15:46:45+00:00","dateModified":"2022-07-26T18:17:57+00:00","mainEntityOfPage":{"@id":"https:\/\/www.africa-press.net\/cameroun\/politique\/cameroun-lancien-gouverneur-du-nord-gambo-haman-decede-en-tunisie"},"wordCount":297,"commentCount":0,"image":{"@id":"https:\/\/www.africa-press.net\/cameroun\/politique\/cameroun-lancien-gouverneur-du-nord-gambo-haman-decede-en-tunisie#primaryimage"},"thumbnailUrl":"https:\/\/static.africa-press.net\/cameroun\/sites\/57\/2022\/07\/img-62e02fc054665.jpg","keywords":["Africa Press","Africa Press-Cameroun","Cameroun"],"articleSection":["homepage-french","Politique","Toutes les actualit\u00e9s"],"inLanguage":"fr-FR","potentialAction":[{"@type":"CommentAction","name":"Comment","target":["https:\/\/www.africa-press.net\/cameroun\/politique\/cameroun-lancien-gouverneur-du-nord-gambo-haman-decede-en-tunisie#respond"]}]},{"@type":"WebPage","@id":"https:\/\/www.africa-press.net\/cameroun\/politique\/cameroun-lancien-gouverneur-du-nord-gambo-haman-decede-en-tunisie","url":"https:\/\/www.africa-press.net\/cameroun\/politique\/cameroun-lancien-gouverneur-du-nord-gambo-haman-decede-en-tunisie","name":"Cameroun: L\u2019ancien gouverneur du Nord Gambo Haman d\u00e9c\u00e8de en Tunisie ! - Cameroun","isPartOf":{"@id":"https:\/\/www.africa-press.net\/cameroun\/#website"},"primaryImageOfPage":{"@id":"https:\/\/www.africa-press.net\/cameroun\/politique\/cameroun-lancien-gouverneur-du-nord-gambo-haman-decede-en-tunisie#primaryimage"},"image":{"@id":"https:\/\/www.africa-press.net\/cameroun\/politique\/cameroun-lancien-gouverneur-du-nord-gambo-haman-decede-en-tunisie#primaryimage"},"thumbnailUrl":"https:\/\/static.africa-press.net\/cameroun\/sites\/57\/2022\/07\/img-62e02fc054665.jpg","datePublished":"2022-07-26T15:46:45+00:00","dateModified":"2022-07-26T18:17:57+00:00","author":{"@id":"https:\/\/www.africa-press.net\/cameroun\/#\/schema\/person\/2b1cf3cd81a31e3cd26889ca66d677f1"},"description":"Plusieurs plateformes de partage de nouvelles de la r\u00e9gion du Nord sur le r\u00e9seau social Facebook annoncent le d\u00e9c\u00e8s ce m ...","breadcrumb":{"@id":"https:\/\/www.africa-press.net\/cameroun\/politique\/cameroun-lancien-gouverneur-du-nord-gambo-haman-decede-en-tunisie#breadcrumb"},"inLanguage":"fr-FR","potentialAction":[{"@type":"ReadAction","target":["https:\/\/www.africa-press.net\/cameroun\/politique\/cameroun-lancien-gouverneur-du-nord-gambo-haman-decede-en-tunisie"]}]},{"@type":"ImageObject","inLanguage":"fr-FR","@id":"https:\/\/www.africa-press.net\/cameroun\/politique\/cameroun-lancien-gouverneur-du-nord-gambo-haman-decede-en-tunisie#primaryimage","url":"https:\/\/static.africa-press.net\/cameroun\/sites\/57\/2022\/07\/img-62e02fc054665.jpg","contentUrl":"https:\/\/static.africa-press.net\/cameroun\/sites\/57\/2022\/07\/img-62e02fc054665.jpg","width":800,"height":937,"caption":"Cameroun: L\u2019ancien gouverneur du Nord Gambo Haman d\u00e9c\u00e8de en Tunisie !"},{"@type":"BreadcrumbList","@id":"https:\/\/www.africa-press.net\/cameroun\/politique\/cameroun-lancien-gouverneur-du-nord-gambo-haman-decede-en-tunisie#breadcrumb","itemListElement":[{"@type":"ListItem","position":1,"name":"Accueil","item":"https:\/\/www.africa-press.net\/cameroun\/"},{"@type":"ListItem","position":2,"name":"Cameroun: L\u2019ancien gouverneur du Nord Gambo Haman d\u00e9c\u00e8de en Tunisie !"}]},{"@type":"WebSite","@id":"https:\/\/www.africa-press.net\/cameroun\/#website","url":"https:\/\/www.africa-press.net\/cameroun\/","name":"Cameroun","description":"Just another Africa News Agency Sites site","potentialAction":[{"@type":"SearchAction","target":{"@type":"EntryPoint","urlTemplate":"https:\/\/www.africa-press.net\/cameroun\/?s={search_term_string}"},"query-input":{"@type":"PropertyValueSpecification","valueRequired":true,"valueName":"search_term_string"}}],"inLanguage":"fr-FR"},{"@type":"Person","@id":"https:\/\/www.africa-press.net\/cameroun\/#\/schema\/person\/2b1cf3cd81a31e3cd26889ca66d677f1","name":"cfeditorfr"}]}},"_links":{"self":[{"href":"https:\/\/www.africa-press.net\/cameroun\/wp-json\/wp\/v2\/posts\/24221","targetHints":{"allow":["GET"]}}],"collection":[{"href":"https:\/\/www.africa-press.net\/cameroun\/wp-json\/wp\/v2\/posts"}],"about":[{"href":"https:\/\/www.africa-press.net\/cameroun\/wp-json\/wp\/v2\/types\/post"}],"author":[{"embeddable":true,"href":"https:\/\/www.africa-press.net\/cameroun\/wp-json\/wp\/v2\/users\/82"}],"replies":[{"embeddable":true,"href":"https:\/\/www.africa-press.net\/cameroun\/wp-json\/wp\/v2\/comments?post=24221"}],"version-history":[{"count":0,"href":"https:\/\/www.africa-press.net\/cameroun\/wp-json\/wp\/v2\/posts\/24221\/revisions"}],"wp:featuredmedia":[{"embeddable":true,"href":"https:\/\/www.africa-press.net\/cameroun\/wp-json\/wp\/v2\/media\/24220"}],"wp:attachment":[{"href":"https:\/\/www.africa-press.net\/cameroun\/wp-json\/wp\/v2\/media?parent=24221"}],"wp:term":[{"taxonomy":"category","embeddable":true,"href":"https:\/\/www.africa-press.net\/cameroun\/wp-json\/wp\/v2\/categories?post=24221"},{"taxonomy":"post_tag","embeddable":true,"href":"https:\/\/www.africa-press.net\/cameroun\/wp-json\/wp\/v2\/tags?post=24221"}],"curies":[{"name":"wp","href":"https:\/\/api.w.org\/{rel}","templated":true}]}}