{"id":24230,"date":"2022-07-26T16:13:25","date_gmt":"2022-07-26T16:13:25","guid":{"rendered":"https:\/\/www.africa-press.net\/cameroun\/politique\/cameroun-16-milliard-de-fcfa-pour-renforcer-la-paix-dans-lextreme-nord"},"modified":"2022-07-26T18:19:37","modified_gmt":"2022-07-26T18:19:37","slug":"cameroun-16-milliard-de-fcfa-pour-renforcer-la-paix-dans-lextreme-nord","status":"publish","type":"post","link":"https:\/\/www.africa-press.net\/cameroun\/toutes-les-actualites\/cameroun-16-milliard-de-fcfa-pour-renforcer-la-paix-dans-lextreme-nord","title":{"rendered":"Cameroun: 1,6 milliard de FCFA pour renforcer la paix dans l&rsquo;Extr\u00eame-Nord"},"content":{"rendered":"<p><span style=\"color: #ff6600\"><strong>Africa-Press &#8211; Cameroun. <\/strong><\/span>De sources officielles, CIN a appris qu\u2019\u00e0 l\u2019Extr\u00eame-nord du Cameroun, l\u2019OMS et l\u2019OIM financent \u00e0 hauteur d\u20191,6 milliard de FCFA le projet intitul\u00e9 \u00ab La sant\u00e9 au service de la paix : Consolidation de la paix et r\u00e9duction de la violence dans les communaut\u00e9s de la r\u00e9gion de l\u2019Extr\u00eame-Nord, gr\u00e2ce aux interventions sanitaires et sociales inclusives (PBF) \u00bb. A travers le projet PBF, les deux organismes du syst\u00e8me des Nations unies visent \u00ab la cr\u00e9ation de conditions d\u2019une paix effective et durable au Cameroun, notamment \u00e0 l\u2019Extr\u00eame-nord (une r\u00e9gion dont les populations sont victimes des affres de la crise s\u00e9curitaire n\u00e9e de la guerre contre Boko Haram et des conflits intercommunautaires) en utilisant les interventions sanitaires comme point d\u2019entr\u00e9e \u00bb.<\/p>\n<p>Au plan op\u00e9rationnel, le projet va renforcer les capacit\u00e9s de 15 comit\u00e9s de sant\u00e9 (COSA) qui vont accompagner les communaut\u00e9s dans le dialogue et la planification des projets communautaires int\u00e9grant les soins de sant\u00e9 partag\u00e9s aux services qui se sont d\u00e9t\u00e9rior\u00e9s en raison de la crise. Le PBF entend \u00e9galement renforcer les capacit\u00e9s des institutions de l\u2019\u00c9tat dans les processus d\u2019\u00e9laboration du cadre national de d\u00e9sarmement de d\u00e9mobilisation et de r\u00e9int\u00e9gration, en tenant compte des consid\u00e9rations sp\u00e9cifiques au genre.<\/p>\n<p>Le projet compte sur les responsables des 15 Cosa form\u00e9s pour la coordination des programmes de formation vocationnelle pour le renforcement \u00e9conomique des communaut\u00e9s. Ces responsables vont \u00e9galement renforcer les capacit\u00e9s des groupes vuln\u00e9rables, en particulier les jeunes menac\u00e9s d\u2019exploitation par des groupes arm\u00e9s, y compris les filles et les jeunes femmes, afin qu\u2019ils soient dot\u00e9s d\u2019aptitudes et de comp\u00e9tences pour des alternatives viables \u00e0 la violence.<\/p>\n<p>Selon l\u2019OMS et l\u2019OIM, les principales cibles du projet PBF sont les ex associ\u00e9s de Boko Haram, les personnes \u00e0 risque de recrutement notamment les jeunes, les membres vuln\u00e9rables de la communaut\u00e9 d\u2019accueil, les repr\u00e9sentants des communaut\u00e9s, chefs traditionnels et repr\u00e9sentants des structures de sant\u00e9 locales, les autorit\u00e9s locales et responsables gouvernementaux notamment ceux du comit\u00e9 national de d\u00e9sarmement, d\u00e9mobilisation et r\u00e9int\u00e9gration (Cnddr) et les populations mobiles telles que les d\u00e9plac\u00e9s internes, les retourn\u00e9s et les rapatri\u00e9s. Lanc\u00e9 le 16 juillet 2022 par le gouverneur de la r\u00e9gion de l\u2019Extr\u00eame-nord, Midjiyawa Bakari, il sera mis en \u0153uvre dans les d\u00e9partements du Logone et Chari, Mayo-Sava et Mayo Tsanaga jusqu\u2019en juin 2023.<\/p>\n<p>Bernard Bangda<\/p>\n<p><strong>Pour plus d&rsquo;informations et d&rsquo;analyses sur la <a href=\"https:\/\/www.africa-press.net\/cameroun\">Cameroun<\/a>, suivez <a href=\"https:\/\/www.africa-press.net\/\">Africa-Press<\/a><\/strong><\/p>\n","protected":false},"excerpt":{"rendered":"<p>Africa-Press &#8211; Cameroun. De sources officielles, CIN a appris qu\u2019\u00e0 l\u2019Extr\u00eame-nord du Cameroun, l\u2019OMS et l\u2019OIM financent \u00e0 hauteur d\u20191,6 milliard de FCFA le projet intitul\u00e9 \u00ab La sant\u00e9 au service de la paix : Consolidation de la paix et r\u00e9duction de la violence dans les communaut\u00e9s de la r\u00e9gion de l\u2019Extr\u00eame-Nord, gr\u00e2ce aux interventions [&hellip;]<\/p>\n","protected":false},"author":82,"featured_media":24229,"comment_status":"open","ping_status":"closed","sticky":false,"template":"","format":"standard","meta":{"footnotes":""},"categories":[21,11,10],"tags":[36,50,49],"class_list":["post-24230","post","type-post","status-publish","format-standard","has-post-thumbnail","hentry","category-communaute","category-homepage-french","category-toutes-les-actualites","tag-africa-press","tag-africa-press-cameroun","tag-cameroun"],"yoast_head":"<!-- This site is optimized with the Yoast SEO Premium plugin v26.1 (Yoast SEO v27.0) - https:\/\/yoast.com\/product\/yoast-seo-premium-wordpress\/ -->\n<title>Cameroun: 1,6 milliard de FCFA pour renforcer la paix dans l&#039;Extr\u00eame-Nord - Cameroun<\/title>\n<meta name=\"description\" content=\"De sources officielles, CIN a appris qu\u2019\u00e0 l\u2019Extr\u00eame-nord du Cameroun, l\u2019OMS et l\u2019OIM financent \u00e0 hauteur d\u20191,6 milliard ...\" \/>\n<meta name=\"robots\" content=\"index, follow, max-snippet:-1, max-image-preview:large, max-video-preview:-1\" \/>\n<link rel=\"canonical\" href=\"https:\/\/www.africa-press.net\/cameroun\/toutes-les-actualites\/cameroun-16-milliard-de-fcfa-pour-renforcer-la-paix-dans-lextreme-nord\" \/>\n<meta property=\"og:locale\" content=\"fr_FR\" \/>\n<meta property=\"og:type\" content=\"article\" \/>\n<meta property=\"og:title\" content=\"Cameroun: 1,6 milliard de FCFA pour renforcer la paix dans l&#039;Extr\u00eame-Nord\" \/>\n<meta property=\"og:description\" content=\"De sources officielles, CIN a appris qu\u2019\u00e0 l\u2019Extr\u00eame-nord du Cameroun, l\u2019OMS et l\u2019OIM financent \u00e0 hauteur d\u20191,6 milliard ...\" \/>\n<meta property=\"og:url\" content=\"https:\/\/www.africa-press.net\/cameroun\/toutes-les-actualites\/cameroun-16-milliard-de-fcfa-pour-renforcer-la-paix-dans-lextreme-nord\" \/>\n<meta property=\"og:site_name\" content=\"Cameroun\" \/>\n<meta property=\"article:published_time\" content=\"2022-07-26T16:13:25+00:00\" \/>\n<meta property=\"article:modified_time\" content=\"2022-07-26T18:19:37+00:00\" \/>\n<meta property=\"og:image\" content=\"https:\/\/static.africa-press.net\/cameroun\/sites\/57\/2022\/07\/img-62e0302336def.jpg\" \/>\n\t<meta property=\"og:image:width\" content=\"800\" \/>\n\t<meta property=\"og:image:height\" content=\"513\" \/>\n\t<meta property=\"og:image:type\" content=\"image\/jpeg\" \/>\n<meta name=\"author\" content=\"cfeditorfr\" \/>\n<meta name=\"twitter:card\" content=\"summary_large_image\" \/>\n<meta name=\"twitter:label1\" content=\"\u00c9crit par\" \/>\n\t<meta name=\"twitter:data1\" content=\"cfeditorfr\" \/>\n\t<meta name=\"twitter:label2\" content=\"Dur\u00e9e de lecture estim\u00e9e\" \/>\n\t<meta name=\"twitter:data2\" content=\"2 minutes\" \/>\n<script type=\"application\/ld+json\" class=\"yoast-schema-graph\">{\"@context\":\"https:\/\/schema.org\",\"@graph\":[{\"@type\":\"Article\",\"@id\":\"https:\/\/www.africa-press.net\/cameroun\/toutes-les-actualites\/cameroun-16-milliard-de-fcfa-pour-renforcer-la-paix-dans-lextreme-nord#article\",\"isPartOf\":{\"@id\":\"https:\/\/www.africa-press.net\/cameroun\/toutes-les-actualites\/cameroun-16-milliard-de-fcfa-pour-renforcer-la-paix-dans-lextreme-nord\"},\"author\":{\"name\":\"cfeditorfr\",\"@id\":\"https:\/\/www.africa-press.net\/cameroun\/#\/schema\/person\/2b1cf3cd81a31e3cd26889ca66d677f1\"},\"headline\":\"Cameroun: 1,6 milliard de FCFA pour renforcer la paix dans l&rsquo;Extr\u00eame-Nord\",\"datePublished\":\"2022-07-26T16:13:25+00:00\",\"dateModified\":\"2022-07-26T18:19:37+00:00\",\"mainEntityOfPage\":{\"@id\":\"https:\/\/www.africa-press.net\/cameroun\/toutes-les-actualites\/cameroun-16-milliard-de-fcfa-pour-renforcer-la-paix-dans-lextreme-nord\"},\"wordCount\":463,\"commentCount\":0,\"image\":{\"@id\":\"https:\/\/www.africa-press.net\/cameroun\/toutes-les-actualites\/cameroun-16-milliard-de-fcfa-pour-renforcer-la-paix-dans-lextreme-nord#primaryimage\"},\"thumbnailUrl\":\"https:\/\/static.africa-press.net\/cameroun\/sites\/57\/2022\/07\/img-62e0302336def.jpg\",\"keywords\":[\"Africa Press\",\"Africa Press-Cameroun\",\"Cameroun\"],\"articleSection\":[\"Communaut\u00e9\",\"homepage-french\",\"Toutes les actualit\u00e9s\"],\"inLanguage\":\"fr-FR\",\"potentialAction\":[{\"@type\":\"CommentAction\",\"name\":\"Comment\",\"target\":[\"https:\/\/www.africa-press.net\/cameroun\/toutes-les-actualites\/cameroun-16-milliard-de-fcfa-pour-renforcer-la-paix-dans-lextreme-nord#respond\"]}]},{\"@type\":\"WebPage\",\"@id\":\"https:\/\/www.africa-press.net\/cameroun\/toutes-les-actualites\/cameroun-16-milliard-de-fcfa-pour-renforcer-la-paix-dans-lextreme-nord\",\"url\":\"https:\/\/www.africa-press.net\/cameroun\/toutes-les-actualites\/cameroun-16-milliard-de-fcfa-pour-renforcer-la-paix-dans-lextreme-nord\",\"name\":\"Cameroun: 1,6 milliard de FCFA pour renforcer la paix dans l'Extr\u00eame-Nord - Cameroun\",\"isPartOf\":{\"@id\":\"https:\/\/www.africa-press.net\/cameroun\/#website\"},\"primaryImageOfPage\":{\"@id\":\"https:\/\/www.africa-press.net\/cameroun\/toutes-les-actualites\/cameroun-16-milliard-de-fcfa-pour-renforcer-la-paix-dans-lextreme-nord#primaryimage\"},\"image\":{\"@id\":\"https:\/\/www.africa-press.net\/cameroun\/toutes-les-actualites\/cameroun-16-milliard-de-fcfa-pour-renforcer-la-paix-dans-lextreme-nord#primaryimage\"},\"thumbnailUrl\":\"https:\/\/static.africa-press.net\/cameroun\/sites\/57\/2022\/07\/img-62e0302336def.jpg\",\"datePublished\":\"2022-07-26T16:13:25+00:00\",\"dateModified\":\"2022-07-26T18:19:37+00:00\",\"author\":{\"@id\":\"https:\/\/www.africa-press.net\/cameroun\/#\/schema\/person\/2b1cf3cd81a31e3cd26889ca66d677f1\"},\"description\":\"De sources officielles, CIN a appris qu\u2019\u00e0 l\u2019Extr\u00eame-nord du Cameroun, l\u2019OMS et l\u2019OIM financent \u00e0 hauteur d\u20191,6 milliard ...\",\"breadcrumb\":{\"@id\":\"https:\/\/www.africa-press.net\/cameroun\/toutes-les-actualites\/cameroun-16-milliard-de-fcfa-pour-renforcer-la-paix-dans-lextreme-nord#breadcrumb\"},\"inLanguage\":\"fr-FR\",\"potentialAction\":[{\"@type\":\"ReadAction\",\"target\":[\"https:\/\/www.africa-press.net\/cameroun\/toutes-les-actualites\/cameroun-16-milliard-de-fcfa-pour-renforcer-la-paix-dans-lextreme-nord\"]}]},{\"@type\":\"ImageObject\",\"inLanguage\":\"fr-FR\",\"@id\":\"https:\/\/www.africa-press.net\/cameroun\/toutes-les-actualites\/cameroun-16-milliard-de-fcfa-pour-renforcer-la-paix-dans-lextreme-nord#primaryimage\",\"url\":\"https:\/\/static.africa-press.net\/cameroun\/sites\/57\/2022\/07\/img-62e0302336def.jpg\",\"contentUrl\":\"https:\/\/static.africa-press.net\/cameroun\/sites\/57\/2022\/07\/img-62e0302336def.jpg\",\"width\":800,\"height\":513,\"caption\":\"Cameroun: 1,6 milliard de FCFA pour renforcer la paix dans l'Extr\u00eame-Nord\"},{\"@type\":\"BreadcrumbList\",\"@id\":\"https:\/\/www.africa-press.net\/cameroun\/toutes-les-actualites\/cameroun-16-milliard-de-fcfa-pour-renforcer-la-paix-dans-lextreme-nord#breadcrumb\",\"itemListElement\":[{\"@type\":\"ListItem\",\"position\":1,\"name\":\"Accueil\",\"item\":\"https:\/\/www.africa-press.net\/cameroun\/\"},{\"@type\":\"ListItem\",\"position\":2,\"name\":\"Cameroun: 1,6 milliard de FCFA pour renforcer la paix dans l&#8217;Extr\u00eame-Nord\"}]},{\"@type\":\"WebSite\",\"@id\":\"https:\/\/www.africa-press.net\/cameroun\/#website\",\"url\":\"https:\/\/www.africa-press.net\/cameroun\/\",\"name\":\"Cameroun\",\"description\":\"Just another Africa News Agency Sites site\",\"potentialAction\":[{\"@type\":\"SearchAction\",\"target\":{\"@type\":\"EntryPoint\",\"urlTemplate\":\"https:\/\/www.africa-press.net\/cameroun\/?s={search_term_string}\"},\"query-input\":{\"@type\":\"PropertyValueSpecification\",\"valueRequired\":true,\"valueName\":\"search_term_string\"}}],\"inLanguage\":\"fr-FR\"},{\"@type\":\"Person\",\"@id\":\"https:\/\/www.africa-press.net\/cameroun\/#\/schema\/person\/2b1cf3cd81a31e3cd26889ca66d677f1\",\"name\":\"cfeditorfr\"}]}<\/script>\n<!-- \/ Yoast SEO Premium plugin. -->","yoast_head_json":{"title":"Cameroun: 1,6 milliard de FCFA pour renforcer la paix dans l'Extr\u00eame-Nord - Cameroun","description":"De sources officielles, CIN a appris qu\u2019\u00e0 l\u2019Extr\u00eame-nord du Cameroun, l\u2019OMS et l\u2019OIM financent \u00e0 hauteur d\u20191,6 milliard ...","robots":{"index":"index","follow":"follow","max-snippet":"max-snippet:-1","max-image-preview":"max-image-preview:large","max-video-preview":"max-video-preview:-1"},"canonical":"https:\/\/www.africa-press.net\/cameroun\/toutes-les-actualites\/cameroun-16-milliard-de-fcfa-pour-renforcer-la-paix-dans-lextreme-nord","og_locale":"fr_FR","og_type":"article","og_title":"Cameroun: 1,6 milliard de FCFA pour renforcer la paix dans l'Extr\u00eame-Nord","og_description":"De sources officielles, CIN a appris qu\u2019\u00e0 l\u2019Extr\u00eame-nord du Cameroun, l\u2019OMS et l\u2019OIM financent \u00e0 hauteur d\u20191,6 milliard ...","og_url":"https:\/\/www.africa-press.net\/cameroun\/toutes-les-actualites\/cameroun-16-milliard-de-fcfa-pour-renforcer-la-paix-dans-lextreme-nord","og_site_name":"Cameroun","article_published_time":"2022-07-26T16:13:25+00:00","article_modified_time":"2022-07-26T18:19:37+00:00","og_image":[{"width":800,"height":513,"url":"https:\/\/static.africa-press.net\/cameroun\/sites\/57\/2022\/07\/img-62e0302336def.jpg","type":"image\/jpeg"}],"author":"cfeditorfr","twitter_card":"summary_large_image","twitter_misc":{"\u00c9crit par":"cfeditorfr","Dur\u00e9e de lecture estim\u00e9e":"2 minutes"},"schema":{"@context":"https:\/\/schema.org","@graph":[{"@type":"Article","@id":"https:\/\/www.africa-press.net\/cameroun\/toutes-les-actualites\/cameroun-16-milliard-de-fcfa-pour-renforcer-la-paix-dans-lextreme-nord#article","isPartOf":{"@id":"https:\/\/www.africa-press.net\/cameroun\/toutes-les-actualites\/cameroun-16-milliard-de-fcfa-pour-renforcer-la-paix-dans-lextreme-nord"},"author":{"name":"cfeditorfr","@id":"https:\/\/www.africa-press.net\/cameroun\/#\/schema\/person\/2b1cf3cd81a31e3cd26889ca66d677f1"},"headline":"Cameroun: 1,6 milliard de FCFA pour renforcer la paix dans l&rsquo;Extr\u00eame-Nord","datePublished":"2022-07-26T16:13:25+00:00","dateModified":"2022-07-26T18:19:37+00:00","mainEntityOfPage":{"@id":"https:\/\/www.africa-press.net\/cameroun\/toutes-les-actualites\/cameroun-16-milliard-de-fcfa-pour-renforcer-la-paix-dans-lextreme-nord"},"wordCount":463,"commentCount":0,"image":{"@id":"https:\/\/www.africa-press.net\/cameroun\/toutes-les-actualites\/cameroun-16-milliard-de-fcfa-pour-renforcer-la-paix-dans-lextreme-nord#primaryimage"},"thumbnailUrl":"https:\/\/static.africa-press.net\/cameroun\/sites\/57\/2022\/07\/img-62e0302336def.jpg","keywords":["Africa Press","Africa Press-Cameroun","Cameroun"],"articleSection":["Communaut\u00e9","homepage-french","Toutes les actualit\u00e9s"],"inLanguage":"fr-FR","potentialAction":[{"@type":"CommentAction","name":"Comment","target":["https:\/\/www.africa-press.net\/cameroun\/toutes-les-actualites\/cameroun-16-milliard-de-fcfa-pour-renforcer-la-paix-dans-lextreme-nord#respond"]}]},{"@type":"WebPage","@id":"https:\/\/www.africa-press.net\/cameroun\/toutes-les-actualites\/cameroun-16-milliard-de-fcfa-pour-renforcer-la-paix-dans-lextreme-nord","url":"https:\/\/www.africa-press.net\/cameroun\/toutes-les-actualites\/cameroun-16-milliard-de-fcfa-pour-renforcer-la-paix-dans-lextreme-nord","name":"Cameroun: 1,6 milliard de FCFA pour renforcer la paix dans l'Extr\u00eame-Nord - Cameroun","isPartOf":{"@id":"https:\/\/www.africa-press.net\/cameroun\/#website"},"primaryImageOfPage":{"@id":"https:\/\/www.africa-press.net\/cameroun\/toutes-les-actualites\/cameroun-16-milliard-de-fcfa-pour-renforcer-la-paix-dans-lextreme-nord#primaryimage"},"image":{"@id":"https:\/\/www.africa-press.net\/cameroun\/toutes-les-actualites\/cameroun-16-milliard-de-fcfa-pour-renforcer-la-paix-dans-lextreme-nord#primaryimage"},"thumbnailUrl":"https:\/\/static.africa-press.net\/cameroun\/sites\/57\/2022\/07\/img-62e0302336def.jpg","datePublished":"2022-07-26T16:13:25+00:00","dateModified":"2022-07-26T18:19:37+00:00","author":{"@id":"https:\/\/www.africa-press.net\/cameroun\/#\/schema\/person\/2b1cf3cd81a31e3cd26889ca66d677f1"},"description":"De sources officielles, CIN a appris qu\u2019\u00e0 l\u2019Extr\u00eame-nord du Cameroun, l\u2019OMS et l\u2019OIM financent \u00e0 hauteur d\u20191,6 milliard ...","breadcrumb":{"@id":"https:\/\/www.africa-press.net\/cameroun\/toutes-les-actualites\/cameroun-16-milliard-de-fcfa-pour-renforcer-la-paix-dans-lextreme-nord#breadcrumb"},"inLanguage":"fr-FR","potentialAction":[{"@type":"ReadAction","target":["https:\/\/www.africa-press.net\/cameroun\/toutes-les-actualites\/cameroun-16-milliard-de-fcfa-pour-renforcer-la-paix-dans-lextreme-nord"]}]},{"@type":"ImageObject","inLanguage":"fr-FR","@id":"https:\/\/www.africa-press.net\/cameroun\/toutes-les-actualites\/cameroun-16-milliard-de-fcfa-pour-renforcer-la-paix-dans-lextreme-nord#primaryimage","url":"https:\/\/static.africa-press.net\/cameroun\/sites\/57\/2022\/07\/img-62e0302336def.jpg","contentUrl":"https:\/\/static.africa-press.net\/cameroun\/sites\/57\/2022\/07\/img-62e0302336def.jpg","width":800,"height":513,"caption":"Cameroun: 1,6 milliard de FCFA pour renforcer la paix dans l'Extr\u00eame-Nord"},{"@type":"BreadcrumbList","@id":"https:\/\/www.africa-press.net\/cameroun\/toutes-les-actualites\/cameroun-16-milliard-de-fcfa-pour-renforcer-la-paix-dans-lextreme-nord#breadcrumb","itemListElement":[{"@type":"ListItem","position":1,"name":"Accueil","item":"https:\/\/www.africa-press.net\/cameroun\/"},{"@type":"ListItem","position":2,"name":"Cameroun: 1,6 milliard de FCFA pour renforcer la paix dans l&#8217;Extr\u00eame-Nord"}]},{"@type":"WebSite","@id":"https:\/\/www.africa-press.net\/cameroun\/#website","url":"https:\/\/www.africa-press.net\/cameroun\/","name":"Cameroun","description":"Just another Africa News Agency Sites site","potentialAction":[{"@type":"SearchAction","target":{"@type":"EntryPoint","urlTemplate":"https:\/\/www.africa-press.net\/cameroun\/?s={search_term_string}"},"query-input":{"@type":"PropertyValueSpecification","valueRequired":true,"valueName":"search_term_string"}}],"inLanguage":"fr-FR"},{"@type":"Person","@id":"https:\/\/www.africa-press.net\/cameroun\/#\/schema\/person\/2b1cf3cd81a31e3cd26889ca66d677f1","name":"cfeditorfr"}]}},"_links":{"self":[{"href":"https:\/\/www.africa-press.net\/cameroun\/wp-json\/wp\/v2\/posts\/24230","targetHints":{"allow":["GET"]}}],"collection":[{"href":"https:\/\/www.africa-press.net\/cameroun\/wp-json\/wp\/v2\/posts"}],"about":[{"href":"https:\/\/www.africa-press.net\/cameroun\/wp-json\/wp\/v2\/types\/post"}],"author":[{"embeddable":true,"href":"https:\/\/www.africa-press.net\/cameroun\/wp-json\/wp\/v2\/users\/82"}],"replies":[{"embeddable":true,"href":"https:\/\/www.africa-press.net\/cameroun\/wp-json\/wp\/v2\/comments?post=24230"}],"version-history":[{"count":0,"href":"https:\/\/www.africa-press.net\/cameroun\/wp-json\/wp\/v2\/posts\/24230\/revisions"}],"wp:featuredmedia":[{"embeddable":true,"href":"https:\/\/www.africa-press.net\/cameroun\/wp-json\/wp\/v2\/media\/24229"}],"wp:attachment":[{"href":"https:\/\/www.africa-press.net\/cameroun\/wp-json\/wp\/v2\/media?parent=24230"}],"wp:term":[{"taxonomy":"category","embeddable":true,"href":"https:\/\/www.africa-press.net\/cameroun\/wp-json\/wp\/v2\/categories?post=24230"},{"taxonomy":"post_tag","embeddable":true,"href":"https:\/\/www.africa-press.net\/cameroun\/wp-json\/wp\/v2\/tags?post=24230"}],"curies":[{"name":"wp","href":"https:\/\/api.w.org\/{rel}","templated":true}]}}