{"id":24233,"date":"2022-07-26T16:18:57","date_gmt":"2022-07-26T16:18:57","guid":{"rendered":"https:\/\/www.africa-press.net\/cameroun\/politique\/succession-au-pouvoir-paul-biya-quand-mon-mandat-arrivera-a-expiration-vous-saurez-si-je-reste-ou-si-je-vais-au-village"},"modified":"2022-07-26T18:20:16","modified_gmt":"2022-07-26T18:20:16","slug":"succession-au-pouvoir-paul-biya-quand-mon-mandat-arrivera-a-expiration-vous-saurez-si-je-reste-ou-si-je-vais-au-village","status":"publish","type":"post","link":"https:\/\/www.africa-press.net\/cameroun\/politique\/succession-au-pouvoir-paul-biya-quand-mon-mandat-arrivera-a-expiration-vous-saurez-si-je-reste-ou-si-je-vais-au-village","title":{"rendered":"Succession au pouvoir\/Paul Biya: \u00abQuand mon mandat arrivera \u00e0 expiration, vous saurez si je reste ou si je vais au village\u00bb"},"content":{"rendered":"<p><span style=\"color: #ff6600\"><strong>Africa-Press &#8211; Cameroun. <\/strong><\/span>Le moins que l\u2019on puisse dire, c\u2019est que malgr\u00e9 le poids de l\u2019\u00e2ge, Paul Biya n\u2019a pas perdu sa verve myst\u00e9rieuse, surtout lorsqu\u2019il s\u2019agit de s\u2019\u00e9pancher sur les questions relatives \u00e0 l\u2019alternance \u00e0 la t\u00eate du pays, ou plus petitement encore \u00e0 la t\u00eate de son parti le Rassemblement D\u00e9mocratique du Peuple Camerounais (RDPC).<\/p>\n<p>Et comme il fallait s\u2019y attendre, la presse fran\u00e7aise n\u2019a pas manqu\u00e9 de le titiller sur sa long\u00e9vit\u00e9 au pouvoir, et les perspectives de son \u00e9ventuelle reconduction en 2025, ce mardi 26 juillet 2022 lors de la conf\u00e9rence de presse entre Paul Biya et Emmanuel Macron, l\u2019un des temps fort de la visite du pr\u00e9sident fran\u00e7ais. C\u2019est la cons\u0153ur Am\u00e9lie Tulet de Radio France Internationale (RFI) qui s\u2019est coltin\u00e9e ce r\u00f4le.<\/p>\n<p>Voici l\u2019extrait de cet \u00e9change diffus\u00e9 par la CRTV :<\/p>\n<p>RFI : \u00ab Puisqu\u2019on parle d\u2019avenir, esp\u00e9rez-vous briguer un nouveau mandat en 2025, ou souhaitez-vous qu\u2019une nouvelle g\u00e9n\u00e9ration porte les couleurs du RDPC \u00e0 la prochaine pr\u00e9sidentielle ? \u00bb<\/p>\n<p>Paul Biya : \u00ab Je vous remercie madame. Comme vous savez, le Cameroun est dirig\u00e9 conform\u00e9ment \u00e0 sa Constitution. D\u2019apr\u00e8s cette Constitution, le mandat que je m\u00e8ne a une dur\u00e9e de 7 ans. Alors, essayez de faire la soustraction : 7-4 ou 3, et vous saurez combien de temps il me reste \u00e0 diriger le pays. Mais autrement, \u00e7a sera su quand ce mandat arrivera \u00e0 expiration. Vous serez inform\u00e9s sur le point de savoir si je reste ou si je m\u2019en vais au village \u00bb.<\/p>\n<p><strong>Pour plus d&rsquo;informations et d&rsquo;analyses sur la <a href=\"https:\/\/www.africa-press.net\/cameroun\">Cameroun<\/a>, suivez <a href=\"https:\/\/www.africa-press.net\/\">Africa-Press<\/a><\/strong><\/p>\n","protected":false},"excerpt":{"rendered":"<p>Africa-Press &#8211; Cameroun. Le moins que l\u2019on puisse dire, c\u2019est que malgr\u00e9 le poids de l\u2019\u00e2ge, Paul Biya n\u2019a pas perdu sa verve myst\u00e9rieuse, surtout lorsqu\u2019il s\u2019agit de s\u2019\u00e9pancher sur les questions relatives \u00e0 l\u2019alternance \u00e0 la t\u00eate du pays, ou plus petitement encore \u00e0 la t\u00eate de son parti le Rassemblement D\u00e9mocratique du Peuple [&hellip;]<\/p>\n","protected":false},"author":82,"featured_media":24232,"comment_status":"open","ping_status":"closed","sticky":false,"template":"","format":"standard","meta":{"footnotes":""},"categories":[11,2,20,10],"tags":[36,50,49],"class_list":["post-24233","post","type-post","status-publish","format-standard","has-post-thumbnail","hentry","category-homepage-french","category-politique","category-top-nouvelles","category-toutes-les-actualites","tag-africa-press","tag-africa-press-cameroun","tag-cameroun"],"yoast_head":"<!-- This site is optimized with the Yoast SEO Premium plugin v26.1 (Yoast SEO v27.0) - https:\/\/yoast.com\/product\/yoast-seo-premium-wordpress\/ -->\n<title>Succession au pouvoir\/Paul Biya: \u00abQuand mon mandat arrivera \u00e0 expiration, vous saurez si je reste ou si je vais au village\u00bb - Cameroun<\/title>\n<meta name=\"description\" content=\"Le moins que l\u2019on puisse dire, c\u2019est que malgr\u00e9 le poids de l\u2019\u00e2ge, Paul Biya n\u2019a pas perdu sa verve myst\u00e9rieuse, surtout ...\" \/>\n<meta name=\"robots\" content=\"index, follow, max-snippet:-1, max-image-preview:large, max-video-preview:-1\" \/>\n<link rel=\"canonical\" href=\"https:\/\/www.africa-press.net\/cameroun\/politique\/succession-au-pouvoir-paul-biya-quand-mon-mandat-arrivera-a-expiration-vous-saurez-si-je-reste-ou-si-je-vais-au-village\" \/>\n<meta property=\"og:locale\" content=\"fr_FR\" \/>\n<meta property=\"og:type\" content=\"article\" \/>\n<meta property=\"og:title\" content=\"Succession au pouvoir\/Paul Biya: \u00abQuand mon mandat arrivera \u00e0 expiration, vous saurez si je reste ou si je vais au village\u00bb\" \/>\n<meta property=\"og:description\" content=\"Le moins que l\u2019on puisse dire, c\u2019est que malgr\u00e9 le poids de l\u2019\u00e2ge, Paul Biya n\u2019a pas perdu sa verve myst\u00e9rieuse, surtout ...\" \/>\n<meta property=\"og:url\" content=\"https:\/\/www.africa-press.net\/cameroun\/politique\/succession-au-pouvoir-paul-biya-quand-mon-mandat-arrivera-a-expiration-vous-saurez-si-je-reste-ou-si-je-vais-au-village\" \/>\n<meta property=\"og:site_name\" content=\"Cameroun\" \/>\n<meta property=\"article:published_time\" content=\"2022-07-26T16:18:57+00:00\" \/>\n<meta property=\"article:modified_time\" content=\"2022-07-26T18:20:16+00:00\" \/>\n<meta property=\"og:image\" content=\"https:\/\/static.africa-press.net\/cameroun\/sites\/57\/2022\/07\/img-62e0304387c1f.jpg\" \/>\n\t<meta property=\"og:image:width\" content=\"800\" \/>\n\t<meta property=\"og:image:height\" content=\"437\" \/>\n\t<meta property=\"og:image:type\" content=\"image\/jpeg\" \/>\n<meta name=\"author\" content=\"cfeditorfr\" \/>\n<meta name=\"twitter:card\" content=\"summary_large_image\" \/>\n<meta name=\"twitter:label1\" content=\"\u00c9crit par\" \/>\n\t<meta name=\"twitter:data1\" content=\"cfeditorfr\" \/>\n\t<meta name=\"twitter:label2\" content=\"Dur\u00e9e de lecture estim\u00e9e\" \/>\n\t<meta name=\"twitter:data2\" content=\"2 minutes\" \/>\n<script type=\"application\/ld+json\" class=\"yoast-schema-graph\">{\"@context\":\"https:\/\/schema.org\",\"@graph\":[{\"@type\":\"Article\",\"@id\":\"https:\/\/www.africa-press.net\/cameroun\/politique\/succession-au-pouvoir-paul-biya-quand-mon-mandat-arrivera-a-expiration-vous-saurez-si-je-reste-ou-si-je-vais-au-village#article\",\"isPartOf\":{\"@id\":\"https:\/\/www.africa-press.net\/cameroun\/politique\/succession-au-pouvoir-paul-biya-quand-mon-mandat-arrivera-a-expiration-vous-saurez-si-je-reste-ou-si-je-vais-au-village\"},\"author\":{\"name\":\"cfeditorfr\",\"@id\":\"https:\/\/www.africa-press.net\/cameroun\/#\/schema\/person\/2b1cf3cd81a31e3cd26889ca66d677f1\"},\"headline\":\"Succession au pouvoir\/Paul Biya: \u00abQuand mon mandat arrivera \u00e0 expiration, vous saurez si je reste ou si je vais au village\u00bb\",\"datePublished\":\"2022-07-26T16:18:57+00:00\",\"dateModified\":\"2022-07-26T18:20:16+00:00\",\"mainEntityOfPage\":{\"@id\":\"https:\/\/www.africa-press.net\/cameroun\/politique\/succession-au-pouvoir-paul-biya-quand-mon-mandat-arrivera-a-expiration-vous-saurez-si-je-reste-ou-si-je-vais-au-village\"},\"wordCount\":305,\"commentCount\":0,\"image\":{\"@id\":\"https:\/\/www.africa-press.net\/cameroun\/politique\/succession-au-pouvoir-paul-biya-quand-mon-mandat-arrivera-a-expiration-vous-saurez-si-je-reste-ou-si-je-vais-au-village#primaryimage\"},\"thumbnailUrl\":\"https:\/\/static.africa-press.net\/cameroun\/sites\/57\/2022\/07\/img-62e0304387c1f.jpg\",\"keywords\":[\"Africa Press\",\"Africa Press-Cameroun\",\"Cameroun\"],\"articleSection\":[\"homepage-french\",\"Politique\",\"Top Nouvelles\",\"Toutes les actualit\u00e9s\"],\"inLanguage\":\"fr-FR\",\"potentialAction\":[{\"@type\":\"CommentAction\",\"name\":\"Comment\",\"target\":[\"https:\/\/www.africa-press.net\/cameroun\/politique\/succession-au-pouvoir-paul-biya-quand-mon-mandat-arrivera-a-expiration-vous-saurez-si-je-reste-ou-si-je-vais-au-village#respond\"]}]},{\"@type\":\"WebPage\",\"@id\":\"https:\/\/www.africa-press.net\/cameroun\/politique\/succession-au-pouvoir-paul-biya-quand-mon-mandat-arrivera-a-expiration-vous-saurez-si-je-reste-ou-si-je-vais-au-village\",\"url\":\"https:\/\/www.africa-press.net\/cameroun\/politique\/succession-au-pouvoir-paul-biya-quand-mon-mandat-arrivera-a-expiration-vous-saurez-si-je-reste-ou-si-je-vais-au-village\",\"name\":\"Succession au pouvoir\/Paul Biya: \u00abQuand mon mandat arrivera \u00e0 expiration, vous saurez si je reste ou si je vais au village\u00bb - Cameroun\",\"isPartOf\":{\"@id\":\"https:\/\/www.africa-press.net\/cameroun\/#website\"},\"primaryImageOfPage\":{\"@id\":\"https:\/\/www.africa-press.net\/cameroun\/politique\/succession-au-pouvoir-paul-biya-quand-mon-mandat-arrivera-a-expiration-vous-saurez-si-je-reste-ou-si-je-vais-au-village#primaryimage\"},\"image\":{\"@id\":\"https:\/\/www.africa-press.net\/cameroun\/politique\/succession-au-pouvoir-paul-biya-quand-mon-mandat-arrivera-a-expiration-vous-saurez-si-je-reste-ou-si-je-vais-au-village#primaryimage\"},\"thumbnailUrl\":\"https:\/\/static.africa-press.net\/cameroun\/sites\/57\/2022\/07\/img-62e0304387c1f.jpg\",\"datePublished\":\"2022-07-26T16:18:57+00:00\",\"dateModified\":\"2022-07-26T18:20:16+00:00\",\"author\":{\"@id\":\"https:\/\/www.africa-press.net\/cameroun\/#\/schema\/person\/2b1cf3cd81a31e3cd26889ca66d677f1\"},\"description\":\"Le moins que l\u2019on puisse dire, c\u2019est que malgr\u00e9 le poids de l\u2019\u00e2ge, Paul Biya n\u2019a pas perdu sa verve myst\u00e9rieuse, surtout ...\",\"breadcrumb\":{\"@id\":\"https:\/\/www.africa-press.net\/cameroun\/politique\/succession-au-pouvoir-paul-biya-quand-mon-mandat-arrivera-a-expiration-vous-saurez-si-je-reste-ou-si-je-vais-au-village#breadcrumb\"},\"inLanguage\":\"fr-FR\",\"potentialAction\":[{\"@type\":\"ReadAction\",\"target\":[\"https:\/\/www.africa-press.net\/cameroun\/politique\/succession-au-pouvoir-paul-biya-quand-mon-mandat-arrivera-a-expiration-vous-saurez-si-je-reste-ou-si-je-vais-au-village\"]}]},{\"@type\":\"ImageObject\",\"inLanguage\":\"fr-FR\",\"@id\":\"https:\/\/www.africa-press.net\/cameroun\/politique\/succession-au-pouvoir-paul-biya-quand-mon-mandat-arrivera-a-expiration-vous-saurez-si-je-reste-ou-si-je-vais-au-village#primaryimage\",\"url\":\"https:\/\/static.africa-press.net\/cameroun\/sites\/57\/2022\/07\/img-62e0304387c1f.jpg\",\"contentUrl\":\"https:\/\/static.africa-press.net\/cameroun\/sites\/57\/2022\/07\/img-62e0304387c1f.jpg\",\"width\":800,\"height\":437,\"caption\":\"Succession au pouvoir\/Paul Biya: \u00abQuand mon mandat arrivera \u00e0 expiration, vous saurez si je reste ou si je vais au village\u00bb\"},{\"@type\":\"BreadcrumbList\",\"@id\":\"https:\/\/www.africa-press.net\/cameroun\/politique\/succession-au-pouvoir-paul-biya-quand-mon-mandat-arrivera-a-expiration-vous-saurez-si-je-reste-ou-si-je-vais-au-village#breadcrumb\",\"itemListElement\":[{\"@type\":\"ListItem\",\"position\":1,\"name\":\"Accueil\",\"item\":\"https:\/\/www.africa-press.net\/cameroun\/\"},{\"@type\":\"ListItem\",\"position\":2,\"name\":\"Succession au pouvoir\/Paul Biya: \u00abQuand mon mandat arrivera \u00e0 expiration, vous saurez si je reste ou si je vais au village\u00bb\"}]},{\"@type\":\"WebSite\",\"@id\":\"https:\/\/www.africa-press.net\/cameroun\/#website\",\"url\":\"https:\/\/www.africa-press.net\/cameroun\/\",\"name\":\"Cameroun\",\"description\":\"Just another Africa News Agency Sites site\",\"potentialAction\":[{\"@type\":\"SearchAction\",\"target\":{\"@type\":\"EntryPoint\",\"urlTemplate\":\"https:\/\/www.africa-press.net\/cameroun\/?s={search_term_string}\"},\"query-input\":{\"@type\":\"PropertyValueSpecification\",\"valueRequired\":true,\"valueName\":\"search_term_string\"}}],\"inLanguage\":\"fr-FR\"},{\"@type\":\"Person\",\"@id\":\"https:\/\/www.africa-press.net\/cameroun\/#\/schema\/person\/2b1cf3cd81a31e3cd26889ca66d677f1\",\"name\":\"cfeditorfr\"}]}<\/script>\n<!-- \/ Yoast SEO Premium plugin. -->","yoast_head_json":{"title":"Succession au pouvoir\/Paul Biya: \u00abQuand mon mandat arrivera \u00e0 expiration, vous saurez si je reste ou si je vais au village\u00bb - Cameroun","description":"Le moins que l\u2019on puisse dire, c\u2019est que malgr\u00e9 le poids de l\u2019\u00e2ge, Paul Biya n\u2019a pas perdu sa verve myst\u00e9rieuse, surtout ...","robots":{"index":"index","follow":"follow","max-snippet":"max-snippet:-1","max-image-preview":"max-image-preview:large","max-video-preview":"max-video-preview:-1"},"canonical":"https:\/\/www.africa-press.net\/cameroun\/politique\/succession-au-pouvoir-paul-biya-quand-mon-mandat-arrivera-a-expiration-vous-saurez-si-je-reste-ou-si-je-vais-au-village","og_locale":"fr_FR","og_type":"article","og_title":"Succession au pouvoir\/Paul Biya: \u00abQuand mon mandat arrivera \u00e0 expiration, vous saurez si je reste ou si je vais au village\u00bb","og_description":"Le moins que l\u2019on puisse dire, c\u2019est que malgr\u00e9 le poids de l\u2019\u00e2ge, Paul Biya n\u2019a pas perdu sa verve myst\u00e9rieuse, surtout ...","og_url":"https:\/\/www.africa-press.net\/cameroun\/politique\/succession-au-pouvoir-paul-biya-quand-mon-mandat-arrivera-a-expiration-vous-saurez-si-je-reste-ou-si-je-vais-au-village","og_site_name":"Cameroun","article_published_time":"2022-07-26T16:18:57+00:00","article_modified_time":"2022-07-26T18:20:16+00:00","og_image":[{"width":800,"height":437,"url":"https:\/\/static.africa-press.net\/cameroun\/sites\/57\/2022\/07\/img-62e0304387c1f.jpg","type":"image\/jpeg"}],"author":"cfeditorfr","twitter_card":"summary_large_image","twitter_misc":{"\u00c9crit par":"cfeditorfr","Dur\u00e9e de lecture estim\u00e9e":"2 minutes"},"schema":{"@context":"https:\/\/schema.org","@graph":[{"@type":"Article","@id":"https:\/\/www.africa-press.net\/cameroun\/politique\/succession-au-pouvoir-paul-biya-quand-mon-mandat-arrivera-a-expiration-vous-saurez-si-je-reste-ou-si-je-vais-au-village#article","isPartOf":{"@id":"https:\/\/www.africa-press.net\/cameroun\/politique\/succession-au-pouvoir-paul-biya-quand-mon-mandat-arrivera-a-expiration-vous-saurez-si-je-reste-ou-si-je-vais-au-village"},"author":{"name":"cfeditorfr","@id":"https:\/\/www.africa-press.net\/cameroun\/#\/schema\/person\/2b1cf3cd81a31e3cd26889ca66d677f1"},"headline":"Succession au pouvoir\/Paul Biya: \u00abQuand mon mandat arrivera \u00e0 expiration, vous saurez si je reste ou si je vais au village\u00bb","datePublished":"2022-07-26T16:18:57+00:00","dateModified":"2022-07-26T18:20:16+00:00","mainEntityOfPage":{"@id":"https:\/\/www.africa-press.net\/cameroun\/politique\/succession-au-pouvoir-paul-biya-quand-mon-mandat-arrivera-a-expiration-vous-saurez-si-je-reste-ou-si-je-vais-au-village"},"wordCount":305,"commentCount":0,"image":{"@id":"https:\/\/www.africa-press.net\/cameroun\/politique\/succession-au-pouvoir-paul-biya-quand-mon-mandat-arrivera-a-expiration-vous-saurez-si-je-reste-ou-si-je-vais-au-village#primaryimage"},"thumbnailUrl":"https:\/\/static.africa-press.net\/cameroun\/sites\/57\/2022\/07\/img-62e0304387c1f.jpg","keywords":["Africa Press","Africa Press-Cameroun","Cameroun"],"articleSection":["homepage-french","Politique","Top Nouvelles","Toutes les actualit\u00e9s"],"inLanguage":"fr-FR","potentialAction":[{"@type":"CommentAction","name":"Comment","target":["https:\/\/www.africa-press.net\/cameroun\/politique\/succession-au-pouvoir-paul-biya-quand-mon-mandat-arrivera-a-expiration-vous-saurez-si-je-reste-ou-si-je-vais-au-village#respond"]}]},{"@type":"WebPage","@id":"https:\/\/www.africa-press.net\/cameroun\/politique\/succession-au-pouvoir-paul-biya-quand-mon-mandat-arrivera-a-expiration-vous-saurez-si-je-reste-ou-si-je-vais-au-village","url":"https:\/\/www.africa-press.net\/cameroun\/politique\/succession-au-pouvoir-paul-biya-quand-mon-mandat-arrivera-a-expiration-vous-saurez-si-je-reste-ou-si-je-vais-au-village","name":"Succession au pouvoir\/Paul Biya: \u00abQuand mon mandat arrivera \u00e0 expiration, vous saurez si je reste ou si je vais au village\u00bb - Cameroun","isPartOf":{"@id":"https:\/\/www.africa-press.net\/cameroun\/#website"},"primaryImageOfPage":{"@id":"https:\/\/www.africa-press.net\/cameroun\/politique\/succession-au-pouvoir-paul-biya-quand-mon-mandat-arrivera-a-expiration-vous-saurez-si-je-reste-ou-si-je-vais-au-village#primaryimage"},"image":{"@id":"https:\/\/www.africa-press.net\/cameroun\/politique\/succession-au-pouvoir-paul-biya-quand-mon-mandat-arrivera-a-expiration-vous-saurez-si-je-reste-ou-si-je-vais-au-village#primaryimage"},"thumbnailUrl":"https:\/\/static.africa-press.net\/cameroun\/sites\/57\/2022\/07\/img-62e0304387c1f.jpg","datePublished":"2022-07-26T16:18:57+00:00","dateModified":"2022-07-26T18:20:16+00:00","author":{"@id":"https:\/\/www.africa-press.net\/cameroun\/#\/schema\/person\/2b1cf3cd81a31e3cd26889ca66d677f1"},"description":"Le moins que l\u2019on puisse dire, c\u2019est que malgr\u00e9 le poids de l\u2019\u00e2ge, Paul Biya n\u2019a pas perdu sa verve myst\u00e9rieuse, surtout ...","breadcrumb":{"@id":"https:\/\/www.africa-press.net\/cameroun\/politique\/succession-au-pouvoir-paul-biya-quand-mon-mandat-arrivera-a-expiration-vous-saurez-si-je-reste-ou-si-je-vais-au-village#breadcrumb"},"inLanguage":"fr-FR","potentialAction":[{"@type":"ReadAction","target":["https:\/\/www.africa-press.net\/cameroun\/politique\/succession-au-pouvoir-paul-biya-quand-mon-mandat-arrivera-a-expiration-vous-saurez-si-je-reste-ou-si-je-vais-au-village"]}]},{"@type":"ImageObject","inLanguage":"fr-FR","@id":"https:\/\/www.africa-press.net\/cameroun\/politique\/succession-au-pouvoir-paul-biya-quand-mon-mandat-arrivera-a-expiration-vous-saurez-si-je-reste-ou-si-je-vais-au-village#primaryimage","url":"https:\/\/static.africa-press.net\/cameroun\/sites\/57\/2022\/07\/img-62e0304387c1f.jpg","contentUrl":"https:\/\/static.africa-press.net\/cameroun\/sites\/57\/2022\/07\/img-62e0304387c1f.jpg","width":800,"height":437,"caption":"Succession au pouvoir\/Paul Biya: \u00abQuand mon mandat arrivera \u00e0 expiration, vous saurez si je reste ou si je vais au village\u00bb"},{"@type":"BreadcrumbList","@id":"https:\/\/www.africa-press.net\/cameroun\/politique\/succession-au-pouvoir-paul-biya-quand-mon-mandat-arrivera-a-expiration-vous-saurez-si-je-reste-ou-si-je-vais-au-village#breadcrumb","itemListElement":[{"@type":"ListItem","position":1,"name":"Accueil","item":"https:\/\/www.africa-press.net\/cameroun\/"},{"@type":"ListItem","position":2,"name":"Succession au pouvoir\/Paul Biya: \u00abQuand mon mandat arrivera \u00e0 expiration, vous saurez si je reste ou si je vais au village\u00bb"}]},{"@type":"WebSite","@id":"https:\/\/www.africa-press.net\/cameroun\/#website","url":"https:\/\/www.africa-press.net\/cameroun\/","name":"Cameroun","description":"Just another Africa News Agency Sites site","potentialAction":[{"@type":"SearchAction","target":{"@type":"EntryPoint","urlTemplate":"https:\/\/www.africa-press.net\/cameroun\/?s={search_term_string}"},"query-input":{"@type":"PropertyValueSpecification","valueRequired":true,"valueName":"search_term_string"}}],"inLanguage":"fr-FR"},{"@type":"Person","@id":"https:\/\/www.africa-press.net\/cameroun\/#\/schema\/person\/2b1cf3cd81a31e3cd26889ca66d677f1","name":"cfeditorfr"}]}},"_links":{"self":[{"href":"https:\/\/www.africa-press.net\/cameroun\/wp-json\/wp\/v2\/posts\/24233","targetHints":{"allow":["GET"]}}],"collection":[{"href":"https:\/\/www.africa-press.net\/cameroun\/wp-json\/wp\/v2\/posts"}],"about":[{"href":"https:\/\/www.africa-press.net\/cameroun\/wp-json\/wp\/v2\/types\/post"}],"author":[{"embeddable":true,"href":"https:\/\/www.africa-press.net\/cameroun\/wp-json\/wp\/v2\/users\/82"}],"replies":[{"embeddable":true,"href":"https:\/\/www.africa-press.net\/cameroun\/wp-json\/wp\/v2\/comments?post=24233"}],"version-history":[{"count":0,"href":"https:\/\/www.africa-press.net\/cameroun\/wp-json\/wp\/v2\/posts\/24233\/revisions"}],"wp:featuredmedia":[{"embeddable":true,"href":"https:\/\/www.africa-press.net\/cameroun\/wp-json\/wp\/v2\/media\/24232"}],"wp:attachment":[{"href":"https:\/\/www.africa-press.net\/cameroun\/wp-json\/wp\/v2\/media?parent=24233"}],"wp:term":[{"taxonomy":"category","embeddable":true,"href":"https:\/\/www.africa-press.net\/cameroun\/wp-json\/wp\/v2\/categories?post=24233"},{"taxonomy":"post_tag","embeddable":true,"href":"https:\/\/www.africa-press.net\/cameroun\/wp-json\/wp\/v2\/tags?post=24233"}],"curies":[{"name":"wp","href":"https:\/\/api.w.org\/{rel}","templated":true}]}}