{"id":24236,"date":"2022-07-26T16:26:52","date_gmt":"2022-07-26T16:26:52","guid":{"rendered":"https:\/\/www.africa-press.net\/cameroun\/politique\/cameroun-securite-memoire-et-pas-de-sujet-qui-fache-lessentiel-de-la-rencontre-entre-paul-biya-et-emmanuel-macron"},"modified":"2022-07-26T18:21:11","modified_gmt":"2022-07-26T18:21:11","slug":"cameroun-securite-memoire-et-pas-de-sujet-qui-fache-lessentiel-de-la-rencontre-entre-paul-biya-et-emmanuel-macron","status":"publish","type":"post","link":"https:\/\/www.africa-press.net\/cameroun\/dossiers\/cameroun-securite-memoire-et-pas-de-sujet-qui-fache-lessentiel-de-la-rencontre-entre-paul-biya-et-emmanuel-macron","title":{"rendered":"Cameroun : s\u00e9curit\u00e9, m\u00e9moire et pas de sujet qui f\u00e2che\u2026 L\u2019essentiel de la rencontre entre Paul Biya et Emmanuel Macron"},"content":{"rendered":"<p><span style=\"color: #ff6600\"><strong>Africa-Press &#8211; Cameroun. <\/strong><\/span>Cens\u00e9es durer 90 minutes, les discussions entre Paul Biya et Emmanuel Macron ont finalement l\u00e9g\u00e8rement d\u00e9pass\u00e9 les deux heures, ce mardi 26 juillet. \u00c0 l\u2019issue de leur entretien qui s\u2019est tenu \u00e0 la mi-journ\u00e9e \u00e0 Yaound\u00e9, les deux chefs d\u2019\u00c9tats ont regagn\u00e9 le salon des ambassadeurs du palais de l\u2019Unit\u00e9 o\u00f9 s\u2019est d\u00e9roul\u00e9e la traditionnelle conf\u00e9rence de presse organis\u00e9e lors des visites officielles. Au cours de leurs \u00e9changes, tous les deux ont r\u00e9affirm\u00e9 \u00ab la solidit\u00e9 des relations \u00bb entre leurs deux pays, avant de revenir un peu plus en d\u00e9tail sur le contenu de leur conversations.<\/p>\n<p>Malgr\u00e9 la promesse fran\u00e7aise de renouveler la relation entre Paris et l\u2019Afrique, pas de sujet qui f\u00e2che au menu de cette visite, la premi\u00e8re du pr\u00e9sident fran\u00e7ais en Afrique depuis sa r\u00e9\u00e9lection en mai dernier. Premier sujet abord\u00e9 au cours du t\u00eate-\u00e0-t\u00eate : la crise en Ukraine et ses cons\u00e9quences n\u00e9gatives sur la s\u00e9curit\u00e9 alimentaire. Les deux pr\u00e9sidents ont convenu \u00ab que tout doit \u00eatre mis en \u0153uvre pour une cessation rapide des hostilit\u00e9s \u00bb, ceci en rempla\u00e7ant la \u00ab logique de la confrontation \u00e0 celle de la conciliation et du dialogue \u00bb.<\/p>\n<p>Reprendre du terrain<\/p>\n<p>Le pr\u00e9sident camerounais s\u2019est cependant garder de condamner la Russie, faisant valoir le droit de non-ing\u00e9rence qui caract\u00e9rise la diplomatie de son pays. Le pr\u00e9sident fran\u00e7ais a pour sa part manifest\u00e9 son inqui\u00e9tude quant \u00e0 l\u2019avanc\u00e9e de l\u2019influence russe en Centrafrique et au Mali, d\u00e9non\u00e7ant \u00ab des man\u0153uvres de captation des mati\u00e8res premi\u00e8res en \u00e9change d\u2019un soutien s\u00e9curitaire \u00e0 des pouvoirs politiques affaiblis ou \u00e0 des juntes \u00bb.<\/p>\n<p>EN DIRECT | Conf\u00e9rence de presse du Pr\u00e9sident @EmmanuelMacron et du Pr\u00e9sident de la R\u00e9publique du Cameroun Paul Biya depuis Yaound\u00e9. https:\/\/t.co\/2qGrHt5Er3<\/p>\n<p>C\u2019est bien l\u00e0 l\u2019enjeu de ce d\u00e9placement \u00e0 haut risque du pr\u00e9sident fran\u00e7ais : tenter de reconqu\u00e9rir du terrain face \u00e0 d\u2019autres puissances. Sur le plan \u00e9conomique, le pr\u00e9sident fran\u00e7ais a reconnu le recul de la pr\u00e9sence \u00e9conomique fran\u00e7aise au Cameroun. Il a ainsi salu\u00e9 le dynamisme de l\u2019\u00e9conomie camerounaise qui b\u00e9n\u00e9ficie de \u00ab cet effet de concurrence \u00bb.<\/p>\n<p>Emmanuel Macron a \u00e9voqu\u00e9 son ambition de diversifier la coop\u00e9ration entre son pays et le Cameroun en mettant l\u2019accent sur le secteur agricole. Prenant exemple sur le fran\u00e7ais Pierre Castel qui, a travers sa filiale SABC, a investi pr\u00e8s de 18 milliards de F CFA dans une ma\u00efserie, le pr\u00e9sident fran\u00e7ais a pr\u00e9sent\u00e9 son initiative Food &amp; Agriculture Resilience Mission (FARM) et des opportunit\u00e9s qu\u2019elle pourrait ouvrir au Cameroun.<\/p>\n<p>Ouverture des archives<\/p>\n<p>Emmanuel Macron et Paul Biya ont \u00e9galement longuement \u00e9voqu\u00e9 les questions de d\u00e9fense, notamment les crises s\u00e9curitaires auquel est confront\u00e9 le Cameroun, dans le Nord menac\u00e9 par Boko Haram et dans les r\u00e9gions occidentales en proie aux vell\u00e9it\u00e9s s\u00e9paratistes. Le pr\u00e9sident camerounais a plaid\u00e9 pour un renforcement de la coop\u00e9ration militaire entre les deux pays, sp\u00e9cifiquement en ce qui concerne la formation des officiers et des unit\u00e9s sur le terrain. De son c\u00f4t\u00e9, Emmanuel Macron a soulign\u00e9 la n\u00e9cessit\u00e9 de proc\u00e9der \u00e0 \u00ab une v\u00e9ritable d\u00e9centralisation \u00bb, pr\u00e9sentant la r\u00e9gionalisation comme une solution \u00e0 la crise qui secoue les r\u00e9gions anglophones du Nord-Ouest et du Sud-Ouest.<\/p>\n<p>\u00c9galement attendu sur les questions de m\u00e9moires, Emmanuel Macron a promis qu\u2019une \u00e9quipe d\u2019historiens ferait la lumi\u00e8re sur le pass\u00e9 pour \u00e9crire une histoire commune des relations entre les deux pays. \u00ab Nous devons lancer ensemble un travail conjoint d\u2019historiens fran\u00e7ais et camerounais qui pourront ainsi avoir acc\u00e8s \u00e0 la totalit\u00e9 de nos archives. Je prends ici l\u2019engagement d\u2019ouvrir en totalit\u00e9 nos archives pour \u00e9clairer ce pass\u00e9 \u00bb, a-t-il indiqu\u00e9 en conf\u00e9rence de presse.<\/p>\n<p>\u00ab Je n\u2019entends pas \u00bb<\/p>\n<p>Aucune autre annonce forte n\u2019a \u00e9t\u00e9 faite \u00e0 l\u2019issue des \u00e9changes entre les deux pr\u00e9sidents. Les question d\u00e9licates relatives \u00e0 l\u2019\u00e9tat de droit dans le pays ont \u00e9t\u00e9 \u00e9vit\u00e9es, Emmanuel Macron assurant qu\u2019il parlera des questions de d\u00e9mocratie avec des jeunes repr\u00e9sentants des soci\u00e9t\u00e9s civiles fran\u00e7aises et camerounaises plus tard dans la journ\u00e9e. Il devait assurer une rencontre sur ce th\u00e8me \u00e0 \u00c9toudi, le village de Yannick Noah, avant de s\u2019envoler le 27 juillet vers le B\u00e9nin puis la Guin\u00e9e-Bissau.<\/p>\n<p>Pas un mot, non plus, sur l\u2019extraordinaire long\u00e9vit\u00e9 \u2013 40 ans \u2013 de Paul Biya au pouvoir\u2026 ou presque. \u00c0 la question d\u2019une journaliste de RFI qui souhaitait savoir si le pr\u00e9sident camerounais se repr\u00e9senterait en 2025, celui-ci a d\u2019abord r\u00e9pondu qu\u2019il \u00ab n\u2019entendait pas \u00bb, avant que d\u2019assurer que le \u00ab Cameroun est dirig\u00e9 conform\u00e9ment \u00e0 sa Constitution \u00bb. \u00ab Quand ce mandat arrivera \u00e0 expiration, vous serez inform\u00e9s sur le point de savoir si je reste ou si je vais au village \u00bb, a-t-il conclu.<\/p>\n<p><strong>Pour plus d&rsquo;informations et d&rsquo;analyses sur la <a href=\"https:\/\/www.africa-press.net\/cameroun\">Cameroun<\/a>, suivez <a href=\"https:\/\/www.africa-press.net\/\">Africa-Press<\/a><\/strong><\/p>\n","protected":false},"excerpt":{"rendered":"<p>Africa-Press &#8211; Cameroun. Cens\u00e9es durer 90 minutes, les discussions entre Paul Biya et Emmanuel Macron ont finalement l\u00e9g\u00e8rement d\u00e9pass\u00e9 les deux heures, ce mardi 26 juillet. \u00c0 l\u2019issue de leur entretien qui s\u2019est tenu \u00e0 la mi-journ\u00e9e \u00e0 Yaound\u00e9, les deux chefs d\u2019\u00c9tats ont regagn\u00e9 le salon des ambassadeurs du palais de l\u2019Unit\u00e9 o\u00f9 s\u2019est [&hellip;]<\/p>\n","protected":false},"author":82,"featured_media":24235,"comment_status":"open","ping_status":"closed","sticky":false,"template":"","format":"standard","meta":{"footnotes":""},"categories":[7,11,20,10],"tags":[36,50,49],"class_list":["post-24236","post","type-post","status-publish","format-standard","has-post-thumbnail","hentry","category-dossiers","category-homepage-french","category-top-nouvelles","category-toutes-les-actualites","tag-africa-press","tag-africa-press-cameroun","tag-cameroun"],"yoast_head":"<!-- This site is optimized with the Yoast SEO Premium plugin v26.1 (Yoast SEO v27.0) - https:\/\/yoast.com\/product\/yoast-seo-premium-wordpress\/ -->\n<title>Cameroun : s\u00e9curit\u00e9, m\u00e9moire et pas de sujet qui f\u00e2che\u2026 L\u2019essentiel de la rencontre entre Paul Biya et Emmanuel Macron - Cameroun<\/title>\n<meta name=\"description\" content=\"Cens\u00e9es durer 90 minutes, les discussions entre Paul Biya et Emmanuel Macron ont finalement l\u00e9g\u00e8rement d\u00e9pass\u00e9 les deux ...\" \/>\n<meta name=\"robots\" content=\"index, follow, max-snippet:-1, max-image-preview:large, max-video-preview:-1\" \/>\n<link rel=\"canonical\" href=\"https:\/\/www.africa-press.net\/cameroun\/dossiers\/cameroun-securite-memoire-et-pas-de-sujet-qui-fache-lessentiel-de-la-rencontre-entre-paul-biya-et-emmanuel-macron\" \/>\n<meta property=\"og:locale\" content=\"fr_FR\" \/>\n<meta property=\"og:type\" content=\"article\" \/>\n<meta property=\"og:title\" content=\"Cameroun : s\u00e9curit\u00e9, m\u00e9moire et pas de sujet qui f\u00e2che\u2026 L\u2019essentiel de la rencontre entre Paul Biya et Emmanuel Macron\" \/>\n<meta property=\"og:description\" content=\"Cens\u00e9es durer 90 minutes, les discussions entre Paul Biya et Emmanuel Macron ont finalement l\u00e9g\u00e8rement d\u00e9pass\u00e9 les deux ...\" \/>\n<meta property=\"og:url\" content=\"https:\/\/www.africa-press.net\/cameroun\/dossiers\/cameroun-securite-memoire-et-pas-de-sujet-qui-fache-lessentiel-de-la-rencontre-entre-paul-biya-et-emmanuel-macron\" \/>\n<meta property=\"og:site_name\" content=\"Cameroun\" \/>\n<meta property=\"article:published_time\" content=\"2022-07-26T16:26:52+00:00\" \/>\n<meta property=\"article:modified_time\" content=\"2022-07-26T18:21:11+00:00\" \/>\n<meta property=\"og:image\" content=\"https:\/\/static.africa-press.net\/cameroun\/sites\/57\/2022\/07\/img-62e0307806952.jpg\" \/>\n\t<meta property=\"og:image:width\" content=\"1256\" \/>\n\t<meta property=\"og:image:height\" content=\"628\" \/>\n\t<meta property=\"og:image:type\" content=\"image\/jpeg\" \/>\n<meta name=\"author\" content=\"cfeditorfr\" \/>\n<meta name=\"twitter:card\" content=\"summary_large_image\" \/>\n<meta name=\"twitter:label1\" content=\"\u00c9crit par\" \/>\n\t<meta name=\"twitter:data1\" content=\"cfeditorfr\" \/>\n\t<meta name=\"twitter:label2\" content=\"Dur\u00e9e de lecture estim\u00e9e\" \/>\n\t<meta name=\"twitter:data2\" content=\"4 minutes\" \/>\n<script type=\"application\/ld+json\" class=\"yoast-schema-graph\">{\"@context\":\"https:\/\/schema.org\",\"@graph\":[{\"@type\":\"Article\",\"@id\":\"https:\/\/www.africa-press.net\/cameroun\/dossiers\/cameroun-securite-memoire-et-pas-de-sujet-qui-fache-lessentiel-de-la-rencontre-entre-paul-biya-et-emmanuel-macron#article\",\"isPartOf\":{\"@id\":\"https:\/\/www.africa-press.net\/cameroun\/dossiers\/cameroun-securite-memoire-et-pas-de-sujet-qui-fache-lessentiel-de-la-rencontre-entre-paul-biya-et-emmanuel-macron\"},\"author\":{\"name\":\"cfeditorfr\",\"@id\":\"https:\/\/www.africa-press.net\/cameroun\/#\/schema\/person\/2b1cf3cd81a31e3cd26889ca66d677f1\"},\"headline\":\"Cameroun : s\u00e9curit\u00e9, m\u00e9moire et pas de sujet qui f\u00e2che\u2026 L\u2019essentiel de la rencontre entre Paul Biya et Emmanuel Macron\",\"datePublished\":\"2022-07-26T16:26:52+00:00\",\"dateModified\":\"2022-07-26T18:21:11+00:00\",\"mainEntityOfPage\":{\"@id\":\"https:\/\/www.africa-press.net\/cameroun\/dossiers\/cameroun-securite-memoire-et-pas-de-sujet-qui-fache-lessentiel-de-la-rencontre-entre-paul-biya-et-emmanuel-macron\"},\"wordCount\":892,\"commentCount\":0,\"image\":{\"@id\":\"https:\/\/www.africa-press.net\/cameroun\/dossiers\/cameroun-securite-memoire-et-pas-de-sujet-qui-fache-lessentiel-de-la-rencontre-entre-paul-biya-et-emmanuel-macron#primaryimage\"},\"thumbnailUrl\":\"https:\/\/static.africa-press.net\/cameroun\/sites\/57\/2022\/07\/img-62e0307806952.jpg\",\"keywords\":[\"Africa Press\",\"Africa Press-Cameroun\",\"Cameroun\"],\"articleSection\":[\"Dossiers\",\"homepage-french\",\"Top Nouvelles\",\"Toutes les actualit\u00e9s\"],\"inLanguage\":\"fr-FR\",\"potentialAction\":[{\"@type\":\"CommentAction\",\"name\":\"Comment\",\"target\":[\"https:\/\/www.africa-press.net\/cameroun\/dossiers\/cameroun-securite-memoire-et-pas-de-sujet-qui-fache-lessentiel-de-la-rencontre-entre-paul-biya-et-emmanuel-macron#respond\"]}]},{\"@type\":\"WebPage\",\"@id\":\"https:\/\/www.africa-press.net\/cameroun\/dossiers\/cameroun-securite-memoire-et-pas-de-sujet-qui-fache-lessentiel-de-la-rencontre-entre-paul-biya-et-emmanuel-macron\",\"url\":\"https:\/\/www.africa-press.net\/cameroun\/dossiers\/cameroun-securite-memoire-et-pas-de-sujet-qui-fache-lessentiel-de-la-rencontre-entre-paul-biya-et-emmanuel-macron\",\"name\":\"Cameroun : s\u00e9curit\u00e9, m\u00e9moire et pas de sujet qui f\u00e2che\u2026 L\u2019essentiel de la rencontre entre Paul Biya et Emmanuel Macron - Cameroun\",\"isPartOf\":{\"@id\":\"https:\/\/www.africa-press.net\/cameroun\/#website\"},\"primaryImageOfPage\":{\"@id\":\"https:\/\/www.africa-press.net\/cameroun\/dossiers\/cameroun-securite-memoire-et-pas-de-sujet-qui-fache-lessentiel-de-la-rencontre-entre-paul-biya-et-emmanuel-macron#primaryimage\"},\"image\":{\"@id\":\"https:\/\/www.africa-press.net\/cameroun\/dossiers\/cameroun-securite-memoire-et-pas-de-sujet-qui-fache-lessentiel-de-la-rencontre-entre-paul-biya-et-emmanuel-macron#primaryimage\"},\"thumbnailUrl\":\"https:\/\/static.africa-press.net\/cameroun\/sites\/57\/2022\/07\/img-62e0307806952.jpg\",\"datePublished\":\"2022-07-26T16:26:52+00:00\",\"dateModified\":\"2022-07-26T18:21:11+00:00\",\"author\":{\"@id\":\"https:\/\/www.africa-press.net\/cameroun\/#\/schema\/person\/2b1cf3cd81a31e3cd26889ca66d677f1\"},\"description\":\"Cens\u00e9es durer 90 minutes, les discussions entre Paul Biya et Emmanuel Macron ont finalement l\u00e9g\u00e8rement d\u00e9pass\u00e9 les deux ...\",\"breadcrumb\":{\"@id\":\"https:\/\/www.africa-press.net\/cameroun\/dossiers\/cameroun-securite-memoire-et-pas-de-sujet-qui-fache-lessentiel-de-la-rencontre-entre-paul-biya-et-emmanuel-macron#breadcrumb\"},\"inLanguage\":\"fr-FR\",\"potentialAction\":[{\"@type\":\"ReadAction\",\"target\":[\"https:\/\/www.africa-press.net\/cameroun\/dossiers\/cameroun-securite-memoire-et-pas-de-sujet-qui-fache-lessentiel-de-la-rencontre-entre-paul-biya-et-emmanuel-macron\"]}]},{\"@type\":\"ImageObject\",\"inLanguage\":\"fr-FR\",\"@id\":\"https:\/\/www.africa-press.net\/cameroun\/dossiers\/cameroun-securite-memoire-et-pas-de-sujet-qui-fache-lessentiel-de-la-rencontre-entre-paul-biya-et-emmanuel-macron#primaryimage\",\"url\":\"https:\/\/static.africa-press.net\/cameroun\/sites\/57\/2022\/07\/img-62e0307806952.jpg\",\"contentUrl\":\"https:\/\/static.africa-press.net\/cameroun\/sites\/57\/2022\/07\/img-62e0307806952.jpg\",\"width\":1256,\"height\":628,\"caption\":\"Cameroun : s\u00e9curit\u00e9, m\u00e9moire et pas de sujet qui f\u00e2che\u2026 L\u2019essentiel de la rencontre entre Paul Biya et Emmanuel Macron\"},{\"@type\":\"BreadcrumbList\",\"@id\":\"https:\/\/www.africa-press.net\/cameroun\/dossiers\/cameroun-securite-memoire-et-pas-de-sujet-qui-fache-lessentiel-de-la-rencontre-entre-paul-biya-et-emmanuel-macron#breadcrumb\",\"itemListElement\":[{\"@type\":\"ListItem\",\"position\":1,\"name\":\"Accueil\",\"item\":\"https:\/\/www.africa-press.net\/cameroun\/\"},{\"@type\":\"ListItem\",\"position\":2,\"name\":\"Cameroun : s\u00e9curit\u00e9, m\u00e9moire et pas de sujet qui f\u00e2che\u2026 L\u2019essentiel de la rencontre entre Paul Biya et Emmanuel Macron\"}]},{\"@type\":\"WebSite\",\"@id\":\"https:\/\/www.africa-press.net\/cameroun\/#website\",\"url\":\"https:\/\/www.africa-press.net\/cameroun\/\",\"name\":\"Cameroun\",\"description\":\"Just another Africa News Agency Sites site\",\"potentialAction\":[{\"@type\":\"SearchAction\",\"target\":{\"@type\":\"EntryPoint\",\"urlTemplate\":\"https:\/\/www.africa-press.net\/cameroun\/?s={search_term_string}\"},\"query-input\":{\"@type\":\"PropertyValueSpecification\",\"valueRequired\":true,\"valueName\":\"search_term_string\"}}],\"inLanguage\":\"fr-FR\"},{\"@type\":\"Person\",\"@id\":\"https:\/\/www.africa-press.net\/cameroun\/#\/schema\/person\/2b1cf3cd81a31e3cd26889ca66d677f1\",\"name\":\"cfeditorfr\"}]}<\/script>\n<!-- \/ Yoast SEO Premium plugin. -->","yoast_head_json":{"title":"Cameroun : s\u00e9curit\u00e9, m\u00e9moire et pas de sujet qui f\u00e2che\u2026 L\u2019essentiel de la rencontre entre Paul Biya et Emmanuel Macron - Cameroun","description":"Cens\u00e9es durer 90 minutes, les discussions entre Paul Biya et Emmanuel Macron ont finalement l\u00e9g\u00e8rement d\u00e9pass\u00e9 les deux ...","robots":{"index":"index","follow":"follow","max-snippet":"max-snippet:-1","max-image-preview":"max-image-preview:large","max-video-preview":"max-video-preview:-1"},"canonical":"https:\/\/www.africa-press.net\/cameroun\/dossiers\/cameroun-securite-memoire-et-pas-de-sujet-qui-fache-lessentiel-de-la-rencontre-entre-paul-biya-et-emmanuel-macron","og_locale":"fr_FR","og_type":"article","og_title":"Cameroun : s\u00e9curit\u00e9, m\u00e9moire et pas de sujet qui f\u00e2che\u2026 L\u2019essentiel de la rencontre entre Paul Biya et Emmanuel Macron","og_description":"Cens\u00e9es durer 90 minutes, les discussions entre Paul Biya et Emmanuel Macron ont finalement l\u00e9g\u00e8rement d\u00e9pass\u00e9 les deux ...","og_url":"https:\/\/www.africa-press.net\/cameroun\/dossiers\/cameroun-securite-memoire-et-pas-de-sujet-qui-fache-lessentiel-de-la-rencontre-entre-paul-biya-et-emmanuel-macron","og_site_name":"Cameroun","article_published_time":"2022-07-26T16:26:52+00:00","article_modified_time":"2022-07-26T18:21:11+00:00","og_image":[{"width":1256,"height":628,"url":"https:\/\/static.africa-press.net\/cameroun\/sites\/57\/2022\/07\/img-62e0307806952.jpg","type":"image\/jpeg"}],"author":"cfeditorfr","twitter_card":"summary_large_image","twitter_misc":{"\u00c9crit par":"cfeditorfr","Dur\u00e9e de lecture estim\u00e9e":"4 minutes"},"schema":{"@context":"https:\/\/schema.org","@graph":[{"@type":"Article","@id":"https:\/\/www.africa-press.net\/cameroun\/dossiers\/cameroun-securite-memoire-et-pas-de-sujet-qui-fache-lessentiel-de-la-rencontre-entre-paul-biya-et-emmanuel-macron#article","isPartOf":{"@id":"https:\/\/www.africa-press.net\/cameroun\/dossiers\/cameroun-securite-memoire-et-pas-de-sujet-qui-fache-lessentiel-de-la-rencontre-entre-paul-biya-et-emmanuel-macron"},"author":{"name":"cfeditorfr","@id":"https:\/\/www.africa-press.net\/cameroun\/#\/schema\/person\/2b1cf3cd81a31e3cd26889ca66d677f1"},"headline":"Cameroun : s\u00e9curit\u00e9, m\u00e9moire et pas de sujet qui f\u00e2che\u2026 L\u2019essentiel de la rencontre entre Paul Biya et Emmanuel Macron","datePublished":"2022-07-26T16:26:52+00:00","dateModified":"2022-07-26T18:21:11+00:00","mainEntityOfPage":{"@id":"https:\/\/www.africa-press.net\/cameroun\/dossiers\/cameroun-securite-memoire-et-pas-de-sujet-qui-fache-lessentiel-de-la-rencontre-entre-paul-biya-et-emmanuel-macron"},"wordCount":892,"commentCount":0,"image":{"@id":"https:\/\/www.africa-press.net\/cameroun\/dossiers\/cameroun-securite-memoire-et-pas-de-sujet-qui-fache-lessentiel-de-la-rencontre-entre-paul-biya-et-emmanuel-macron#primaryimage"},"thumbnailUrl":"https:\/\/static.africa-press.net\/cameroun\/sites\/57\/2022\/07\/img-62e0307806952.jpg","keywords":["Africa Press","Africa Press-Cameroun","Cameroun"],"articleSection":["Dossiers","homepage-french","Top Nouvelles","Toutes les actualit\u00e9s"],"inLanguage":"fr-FR","potentialAction":[{"@type":"CommentAction","name":"Comment","target":["https:\/\/www.africa-press.net\/cameroun\/dossiers\/cameroun-securite-memoire-et-pas-de-sujet-qui-fache-lessentiel-de-la-rencontre-entre-paul-biya-et-emmanuel-macron#respond"]}]},{"@type":"WebPage","@id":"https:\/\/www.africa-press.net\/cameroun\/dossiers\/cameroun-securite-memoire-et-pas-de-sujet-qui-fache-lessentiel-de-la-rencontre-entre-paul-biya-et-emmanuel-macron","url":"https:\/\/www.africa-press.net\/cameroun\/dossiers\/cameroun-securite-memoire-et-pas-de-sujet-qui-fache-lessentiel-de-la-rencontre-entre-paul-biya-et-emmanuel-macron","name":"Cameroun : s\u00e9curit\u00e9, m\u00e9moire et pas de sujet qui f\u00e2che\u2026 L\u2019essentiel de la rencontre entre Paul Biya et Emmanuel Macron - Cameroun","isPartOf":{"@id":"https:\/\/www.africa-press.net\/cameroun\/#website"},"primaryImageOfPage":{"@id":"https:\/\/www.africa-press.net\/cameroun\/dossiers\/cameroun-securite-memoire-et-pas-de-sujet-qui-fache-lessentiel-de-la-rencontre-entre-paul-biya-et-emmanuel-macron#primaryimage"},"image":{"@id":"https:\/\/www.africa-press.net\/cameroun\/dossiers\/cameroun-securite-memoire-et-pas-de-sujet-qui-fache-lessentiel-de-la-rencontre-entre-paul-biya-et-emmanuel-macron#primaryimage"},"thumbnailUrl":"https:\/\/static.africa-press.net\/cameroun\/sites\/57\/2022\/07\/img-62e0307806952.jpg","datePublished":"2022-07-26T16:26:52+00:00","dateModified":"2022-07-26T18:21:11+00:00","author":{"@id":"https:\/\/www.africa-press.net\/cameroun\/#\/schema\/person\/2b1cf3cd81a31e3cd26889ca66d677f1"},"description":"Cens\u00e9es durer 90 minutes, les discussions entre Paul Biya et Emmanuel Macron ont finalement l\u00e9g\u00e8rement d\u00e9pass\u00e9 les deux ...","breadcrumb":{"@id":"https:\/\/www.africa-press.net\/cameroun\/dossiers\/cameroun-securite-memoire-et-pas-de-sujet-qui-fache-lessentiel-de-la-rencontre-entre-paul-biya-et-emmanuel-macron#breadcrumb"},"inLanguage":"fr-FR","potentialAction":[{"@type":"ReadAction","target":["https:\/\/www.africa-press.net\/cameroun\/dossiers\/cameroun-securite-memoire-et-pas-de-sujet-qui-fache-lessentiel-de-la-rencontre-entre-paul-biya-et-emmanuel-macron"]}]},{"@type":"ImageObject","inLanguage":"fr-FR","@id":"https:\/\/www.africa-press.net\/cameroun\/dossiers\/cameroun-securite-memoire-et-pas-de-sujet-qui-fache-lessentiel-de-la-rencontre-entre-paul-biya-et-emmanuel-macron#primaryimage","url":"https:\/\/static.africa-press.net\/cameroun\/sites\/57\/2022\/07\/img-62e0307806952.jpg","contentUrl":"https:\/\/static.africa-press.net\/cameroun\/sites\/57\/2022\/07\/img-62e0307806952.jpg","width":1256,"height":628,"caption":"Cameroun : s\u00e9curit\u00e9, m\u00e9moire et pas de sujet qui f\u00e2che\u2026 L\u2019essentiel de la rencontre entre Paul Biya et Emmanuel Macron"},{"@type":"BreadcrumbList","@id":"https:\/\/www.africa-press.net\/cameroun\/dossiers\/cameroun-securite-memoire-et-pas-de-sujet-qui-fache-lessentiel-de-la-rencontre-entre-paul-biya-et-emmanuel-macron#breadcrumb","itemListElement":[{"@type":"ListItem","position":1,"name":"Accueil","item":"https:\/\/www.africa-press.net\/cameroun\/"},{"@type":"ListItem","position":2,"name":"Cameroun : s\u00e9curit\u00e9, m\u00e9moire et pas de sujet qui f\u00e2che\u2026 L\u2019essentiel de la rencontre entre Paul Biya et Emmanuel Macron"}]},{"@type":"WebSite","@id":"https:\/\/www.africa-press.net\/cameroun\/#website","url":"https:\/\/www.africa-press.net\/cameroun\/","name":"Cameroun","description":"Just another Africa News Agency Sites site","potentialAction":[{"@type":"SearchAction","target":{"@type":"EntryPoint","urlTemplate":"https:\/\/www.africa-press.net\/cameroun\/?s={search_term_string}"},"query-input":{"@type":"PropertyValueSpecification","valueRequired":true,"valueName":"search_term_string"}}],"inLanguage":"fr-FR"},{"@type":"Person","@id":"https:\/\/www.africa-press.net\/cameroun\/#\/schema\/person\/2b1cf3cd81a31e3cd26889ca66d677f1","name":"cfeditorfr"}]}},"_links":{"self":[{"href":"https:\/\/www.africa-press.net\/cameroun\/wp-json\/wp\/v2\/posts\/24236","targetHints":{"allow":["GET"]}}],"collection":[{"href":"https:\/\/www.africa-press.net\/cameroun\/wp-json\/wp\/v2\/posts"}],"about":[{"href":"https:\/\/www.africa-press.net\/cameroun\/wp-json\/wp\/v2\/types\/post"}],"author":[{"embeddable":true,"href":"https:\/\/www.africa-press.net\/cameroun\/wp-json\/wp\/v2\/users\/82"}],"replies":[{"embeddable":true,"href":"https:\/\/www.africa-press.net\/cameroun\/wp-json\/wp\/v2\/comments?post=24236"}],"version-history":[{"count":0,"href":"https:\/\/www.africa-press.net\/cameroun\/wp-json\/wp\/v2\/posts\/24236\/revisions"}],"wp:featuredmedia":[{"embeddable":true,"href":"https:\/\/www.africa-press.net\/cameroun\/wp-json\/wp\/v2\/media\/24235"}],"wp:attachment":[{"href":"https:\/\/www.africa-press.net\/cameroun\/wp-json\/wp\/v2\/media?parent=24236"}],"wp:term":[{"taxonomy":"category","embeddable":true,"href":"https:\/\/www.africa-press.net\/cameroun\/wp-json\/wp\/v2\/categories?post=24236"},{"taxonomy":"post_tag","embeddable":true,"href":"https:\/\/www.africa-press.net\/cameroun\/wp-json\/wp\/v2\/tags?post=24236"}],"curies":[{"name":"wp","href":"https:\/\/api.w.org\/{rel}","templated":true}]}}