{"id":24242,"date":"2022-07-26T16:41:04","date_gmt":"2022-07-26T16:41:04","guid":{"rendered":"https:\/\/www.africa-press.net\/cameroun\/politique\/cabral-libii-le-cameroun-ne-sera-jamais-une-bananeraie-que-les-gens-se-transmettront-de-pere-en-fils"},"modified":"2022-07-26T18:22:22","modified_gmt":"2022-07-26T18:22:22","slug":"cabral-libii-le-cameroun-ne-sera-jamais-une-bananeraie-que-les-gens-se-transmettront-de-pere-en-fils","status":"publish","type":"post","link":"https:\/\/www.africa-press.net\/cameroun\/politique\/cabral-libii-le-cameroun-ne-sera-jamais-une-bananeraie-que-les-gens-se-transmettront-de-pere-en-fils","title":{"rendered":"Cabral Libii : \u00ab Le Cameroun ne sera jamais une bananeraie que les gens se transmettront de p\u00e8re en fils \u00bb"},"content":{"rendered":"<p><span style=\"color: #ff6600\"><strong>Africa-Press &#8211; Cameroun. <\/strong><\/span>Le pr\u00e9sident du Parti camerounais pour la r\u00e9conciliation nationale (Pcrn) rejette en bloc la succession de Biya p\u00e8re \u00e0 Biya fils au Cameroun.<\/p>\n<p>Cabral Libii est remont\u00e9e contre la succession dynastique qui se pr\u00e9pare au Cameroun. Un mouvement dit franckiste met au-devant de la sc\u00e8ne depuis quelques ann\u00e9es, la figure de Franck Biya. C\u2019est le fils ain\u00e9 de l\u2019actuel chef de l\u2019Etat camerounais Paul Biya.<\/p>\n<p>Ce dernier, \u00e2g\u00e9 de 89 ans et aux commandes depuis le 06 novembre 1982, est \u00e0 3 ans de la fin du mandat en cours. Et pour sa succession, le syst\u00e8me pr\u00e9pare l\u2019opinion pour accepter son fils. Ce qui ne passe pas aux yeux de Cabral Libii, opposant, candidat arriv\u00e9 3\u00e8 lors de la pr\u00e9sidentielle du 7 octobre 2018.<\/p>\n<p>Dans une publication en r\u00e9action \u00e0 une s\u00e9rie de questions de Dieudonn\u00e9 Essomba, un \u00e9conomiste habitu\u00e9 des plateaux de t\u00e9l\u00e9vision, Cabral Libii laisse lire :<\/p>\n<p>\u00ab Le pouvoir ne se ramasse pas comme des gousses d\u2019ail au march\u00e9. Le pouvoir ne se donne pas comme une poign\u00e9e d\u2019arachides. Le Cameroun n\u2019est et ne sera jamais une bananeraie que les gens se transmettront de p\u00e8re en fils. Jamais! (\u2026) Je le dis avec insistance car, que les uns et les autres le retiennent bien : il n\u2019y aura plus au Cameroun un pr\u00e9sident \u00e9lu dans la fraude \u00e9lectorale. Jamais!\u00bb, d\u00e9nonce-t-il dans un post sur Facebook.<\/p>\n<p>Ce 26 juillet, le plus jeune candidat \u00e0 la pr\u00e9sidentielle de 2018 a mis en garde le pr\u00e9sident fran\u00e7ais Emmanuel Macron \u00e0 ce sujet. Sur les ondes de Radio France internationale (RFI), Cabral a laiss\u00e9 entendre qu\u2019il n\u2019est pas question que le chef de l\u2019Etat fran\u00e7ais en visite au Cameroun soutienne un tel projet.<\/p>\n<p>\u00ab J\u2019esp\u00e8re de tout c\u0153ur que le pr\u00e9sident Macron ne viendra pas faire du double langage au Cameroun. On sait tous ce qu\u2019il dit de la d\u00e9mocratie, de l\u2019alternance vis-\u00e0-vis du Cameroun (\u2026) Il n\u2019est nullement question de quelques petits coups foireux d\u2019alternance dynastique. Ce serait une provocation inacceptable de la France de venir au Cameroun adouber quelque projets mafieux. Ce serait m\u00eame du pur banditisme politique que d\u2019essayer quelque chose comme \u00e7a \u00bb, pr\u00e9vient Cabral Libii.<\/p>\n<p><strong>Pour plus d&rsquo;informations et d&rsquo;analyses sur la <a href=\"https:\/\/www.africa-press.net\/cameroun\">Cameroun<\/a>, suivez <a href=\"https:\/\/www.africa-press.net\/\">Africa-Press<\/a><\/strong><\/p>\n","protected":false},"excerpt":{"rendered":"<p>Africa-Press &#8211; Cameroun. Le pr\u00e9sident du Parti camerounais pour la r\u00e9conciliation nationale (Pcrn) rejette en bloc la succession de Biya p\u00e8re \u00e0 Biya fils au Cameroun. Cabral Libii est remont\u00e9e contre la succession dynastique qui se pr\u00e9pare au Cameroun. Un mouvement dit franckiste met au-devant de la sc\u00e8ne depuis quelques ann\u00e9es, la figure de Franck [&hellip;]<\/p>\n","protected":false},"author":82,"featured_media":24241,"comment_status":"open","ping_status":"closed","sticky":false,"template":"","format":"standard","meta":{"footnotes":""},"categories":[11,2,10],"tags":[36,50,49],"class_list":["post-24242","post","type-post","status-publish","format-standard","has-post-thumbnail","hentry","category-homepage-french","category-politique","category-toutes-les-actualites","tag-africa-press","tag-africa-press-cameroun","tag-cameroun"],"yoast_head":"<!-- This site is optimized with the Yoast SEO Premium plugin v26.1 (Yoast SEO v27.0) - https:\/\/yoast.com\/product\/yoast-seo-premium-wordpress\/ -->\n<title>Cabral Libii : \u00ab Le Cameroun ne sera jamais une bananeraie que les gens se transmettront de p\u00e8re en fils \u00bb - Cameroun<\/title>\n<meta name=\"description\" content=\"Le pr\u00e9sident du Parti camerounais pour la r\u00e9conciliation nationale (Pcrn) rejette en bloc la succession de Biya p\u00e8re \u00e0 B ...\" \/>\n<meta name=\"robots\" content=\"index, follow, max-snippet:-1, max-image-preview:large, max-video-preview:-1\" \/>\n<link rel=\"canonical\" href=\"https:\/\/www.africa-press.net\/cameroun\/politique\/cabral-libii-le-cameroun-ne-sera-jamais-une-bananeraie-que-les-gens-se-transmettront-de-pere-en-fils\" \/>\n<meta property=\"og:locale\" content=\"fr_FR\" \/>\n<meta property=\"og:type\" content=\"article\" \/>\n<meta property=\"og:title\" content=\"Cabral Libii : \u00ab Le Cameroun ne sera jamais une bananeraie que les gens se transmettront de p\u00e8re en fils \u00bb\" \/>\n<meta property=\"og:description\" content=\"Le pr\u00e9sident du Parti camerounais pour la r\u00e9conciliation nationale (Pcrn) rejette en bloc la succession de Biya p\u00e8re \u00e0 B ...\" \/>\n<meta property=\"og:url\" content=\"https:\/\/www.africa-press.net\/cameroun\/politique\/cabral-libii-le-cameroun-ne-sera-jamais-une-bananeraie-que-les-gens-se-transmettront-de-pere-en-fils\" \/>\n<meta property=\"og:site_name\" content=\"Cameroun\" \/>\n<meta property=\"article:published_time\" content=\"2022-07-26T16:41:04+00:00\" \/>\n<meta property=\"article:modified_time\" content=\"2022-07-26T18:22:22+00:00\" \/>\n<meta property=\"og:image\" content=\"https:\/\/static.africa-press.net\/cameroun\/sites\/57\/2022\/07\/img-62e030c06f7e9.jpg\" \/>\n\t<meta property=\"og:image:width\" content=\"720\" \/>\n\t<meta property=\"og:image:height\" content=\"462\" \/>\n\t<meta property=\"og:image:type\" content=\"image\/jpeg\" \/>\n<meta name=\"author\" content=\"cfeditorfr\" \/>\n<meta name=\"twitter:card\" content=\"summary_large_image\" \/>\n<meta name=\"twitter:label1\" content=\"\u00c9crit par\" \/>\n\t<meta name=\"twitter:data1\" content=\"cfeditorfr\" \/>\n\t<meta name=\"twitter:label2\" content=\"Dur\u00e9e de lecture estim\u00e9e\" \/>\n\t<meta name=\"twitter:data2\" content=\"2 minutes\" \/>\n<script type=\"application\/ld+json\" class=\"yoast-schema-graph\">{\"@context\":\"https:\/\/schema.org\",\"@graph\":[{\"@type\":\"Article\",\"@id\":\"https:\/\/www.africa-press.net\/cameroun\/politique\/cabral-libii-le-cameroun-ne-sera-jamais-une-bananeraie-que-les-gens-se-transmettront-de-pere-en-fils#article\",\"isPartOf\":{\"@id\":\"https:\/\/www.africa-press.net\/cameroun\/politique\/cabral-libii-le-cameroun-ne-sera-jamais-une-bananeraie-que-les-gens-se-transmettront-de-pere-en-fils\"},\"author\":{\"name\":\"cfeditorfr\",\"@id\":\"https:\/\/www.africa-press.net\/cameroun\/#\/schema\/person\/2b1cf3cd81a31e3cd26889ca66d677f1\"},\"headline\":\"Cabral Libii : \u00ab Le Cameroun ne sera jamais une bananeraie que les gens se transmettront de p\u00e8re en fils \u00bb\",\"datePublished\":\"2022-07-26T16:41:04+00:00\",\"dateModified\":\"2022-07-26T18:22:22+00:00\",\"mainEntityOfPage\":{\"@id\":\"https:\/\/www.africa-press.net\/cameroun\/politique\/cabral-libii-le-cameroun-ne-sera-jamais-une-bananeraie-que-les-gens-se-transmettront-de-pere-en-fils\"},\"wordCount\":418,\"commentCount\":0,\"image\":{\"@id\":\"https:\/\/www.africa-press.net\/cameroun\/politique\/cabral-libii-le-cameroun-ne-sera-jamais-une-bananeraie-que-les-gens-se-transmettront-de-pere-en-fils#primaryimage\"},\"thumbnailUrl\":\"https:\/\/static.africa-press.net\/cameroun\/sites\/57\/2022\/07\/img-62e030c06f7e9.jpg\",\"keywords\":[\"Africa Press\",\"Africa Press-Cameroun\",\"Cameroun\"],\"articleSection\":[\"homepage-french\",\"Politique\",\"Toutes les actualit\u00e9s\"],\"inLanguage\":\"fr-FR\",\"potentialAction\":[{\"@type\":\"CommentAction\",\"name\":\"Comment\",\"target\":[\"https:\/\/www.africa-press.net\/cameroun\/politique\/cabral-libii-le-cameroun-ne-sera-jamais-une-bananeraie-que-les-gens-se-transmettront-de-pere-en-fils#respond\"]}]},{\"@type\":\"WebPage\",\"@id\":\"https:\/\/www.africa-press.net\/cameroun\/politique\/cabral-libii-le-cameroun-ne-sera-jamais-une-bananeraie-que-les-gens-se-transmettront-de-pere-en-fils\",\"url\":\"https:\/\/www.africa-press.net\/cameroun\/politique\/cabral-libii-le-cameroun-ne-sera-jamais-une-bananeraie-que-les-gens-se-transmettront-de-pere-en-fils\",\"name\":\"Cabral Libii : \u00ab Le Cameroun ne sera jamais une bananeraie que les gens se transmettront de p\u00e8re en fils \u00bb - Cameroun\",\"isPartOf\":{\"@id\":\"https:\/\/www.africa-press.net\/cameroun\/#website\"},\"primaryImageOfPage\":{\"@id\":\"https:\/\/www.africa-press.net\/cameroun\/politique\/cabral-libii-le-cameroun-ne-sera-jamais-une-bananeraie-que-les-gens-se-transmettront-de-pere-en-fils#primaryimage\"},\"image\":{\"@id\":\"https:\/\/www.africa-press.net\/cameroun\/politique\/cabral-libii-le-cameroun-ne-sera-jamais-une-bananeraie-que-les-gens-se-transmettront-de-pere-en-fils#primaryimage\"},\"thumbnailUrl\":\"https:\/\/static.africa-press.net\/cameroun\/sites\/57\/2022\/07\/img-62e030c06f7e9.jpg\",\"datePublished\":\"2022-07-26T16:41:04+00:00\",\"dateModified\":\"2022-07-26T18:22:22+00:00\",\"author\":{\"@id\":\"https:\/\/www.africa-press.net\/cameroun\/#\/schema\/person\/2b1cf3cd81a31e3cd26889ca66d677f1\"},\"description\":\"Le pr\u00e9sident du Parti camerounais pour la r\u00e9conciliation nationale (Pcrn) rejette en bloc la succession de Biya p\u00e8re \u00e0 B ...\",\"breadcrumb\":{\"@id\":\"https:\/\/www.africa-press.net\/cameroun\/politique\/cabral-libii-le-cameroun-ne-sera-jamais-une-bananeraie-que-les-gens-se-transmettront-de-pere-en-fils#breadcrumb\"},\"inLanguage\":\"fr-FR\",\"potentialAction\":[{\"@type\":\"ReadAction\",\"target\":[\"https:\/\/www.africa-press.net\/cameroun\/politique\/cabral-libii-le-cameroun-ne-sera-jamais-une-bananeraie-que-les-gens-se-transmettront-de-pere-en-fils\"]}]},{\"@type\":\"ImageObject\",\"inLanguage\":\"fr-FR\",\"@id\":\"https:\/\/www.africa-press.net\/cameroun\/politique\/cabral-libii-le-cameroun-ne-sera-jamais-une-bananeraie-que-les-gens-se-transmettront-de-pere-en-fils#primaryimage\",\"url\":\"https:\/\/static.africa-press.net\/cameroun\/sites\/57\/2022\/07\/img-62e030c06f7e9.jpg\",\"contentUrl\":\"https:\/\/static.africa-press.net\/cameroun\/sites\/57\/2022\/07\/img-62e030c06f7e9.jpg\",\"width\":720,\"height\":462,\"caption\":\"Cabral Libii : \u00ab Le Cameroun ne sera jamais une bananeraie que les gens se transmettront de p\u00e8re en fils \u00bb\"},{\"@type\":\"BreadcrumbList\",\"@id\":\"https:\/\/www.africa-press.net\/cameroun\/politique\/cabral-libii-le-cameroun-ne-sera-jamais-une-bananeraie-que-les-gens-se-transmettront-de-pere-en-fils#breadcrumb\",\"itemListElement\":[{\"@type\":\"ListItem\",\"position\":1,\"name\":\"Accueil\",\"item\":\"https:\/\/www.africa-press.net\/cameroun\/\"},{\"@type\":\"ListItem\",\"position\":2,\"name\":\"Cabral Libii : \u00ab Le Cameroun ne sera jamais une bananeraie que les gens se transmettront de p\u00e8re en fils \u00bb\"}]},{\"@type\":\"WebSite\",\"@id\":\"https:\/\/www.africa-press.net\/cameroun\/#website\",\"url\":\"https:\/\/www.africa-press.net\/cameroun\/\",\"name\":\"Cameroun\",\"description\":\"Just another Africa News Agency Sites site\",\"potentialAction\":[{\"@type\":\"SearchAction\",\"target\":{\"@type\":\"EntryPoint\",\"urlTemplate\":\"https:\/\/www.africa-press.net\/cameroun\/?s={search_term_string}\"},\"query-input\":{\"@type\":\"PropertyValueSpecification\",\"valueRequired\":true,\"valueName\":\"search_term_string\"}}],\"inLanguage\":\"fr-FR\"},{\"@type\":\"Person\",\"@id\":\"https:\/\/www.africa-press.net\/cameroun\/#\/schema\/person\/2b1cf3cd81a31e3cd26889ca66d677f1\",\"name\":\"cfeditorfr\"}]}<\/script>\n<!-- \/ Yoast SEO Premium plugin. -->","yoast_head_json":{"title":"Cabral Libii : \u00ab Le Cameroun ne sera jamais une bananeraie que les gens se transmettront de p\u00e8re en fils \u00bb - Cameroun","description":"Le pr\u00e9sident du Parti camerounais pour la r\u00e9conciliation nationale (Pcrn) rejette en bloc la succession de Biya p\u00e8re \u00e0 B ...","robots":{"index":"index","follow":"follow","max-snippet":"max-snippet:-1","max-image-preview":"max-image-preview:large","max-video-preview":"max-video-preview:-1"},"canonical":"https:\/\/www.africa-press.net\/cameroun\/politique\/cabral-libii-le-cameroun-ne-sera-jamais-une-bananeraie-que-les-gens-se-transmettront-de-pere-en-fils","og_locale":"fr_FR","og_type":"article","og_title":"Cabral Libii : \u00ab Le Cameroun ne sera jamais une bananeraie que les gens se transmettront de p\u00e8re en fils \u00bb","og_description":"Le pr\u00e9sident du Parti camerounais pour la r\u00e9conciliation nationale (Pcrn) rejette en bloc la succession de Biya p\u00e8re \u00e0 B ...","og_url":"https:\/\/www.africa-press.net\/cameroun\/politique\/cabral-libii-le-cameroun-ne-sera-jamais-une-bananeraie-que-les-gens-se-transmettront-de-pere-en-fils","og_site_name":"Cameroun","article_published_time":"2022-07-26T16:41:04+00:00","article_modified_time":"2022-07-26T18:22:22+00:00","og_image":[{"width":720,"height":462,"url":"https:\/\/static.africa-press.net\/cameroun\/sites\/57\/2022\/07\/img-62e030c06f7e9.jpg","type":"image\/jpeg"}],"author":"cfeditorfr","twitter_card":"summary_large_image","twitter_misc":{"\u00c9crit par":"cfeditorfr","Dur\u00e9e de lecture estim\u00e9e":"2 minutes"},"schema":{"@context":"https:\/\/schema.org","@graph":[{"@type":"Article","@id":"https:\/\/www.africa-press.net\/cameroun\/politique\/cabral-libii-le-cameroun-ne-sera-jamais-une-bananeraie-que-les-gens-se-transmettront-de-pere-en-fils#article","isPartOf":{"@id":"https:\/\/www.africa-press.net\/cameroun\/politique\/cabral-libii-le-cameroun-ne-sera-jamais-une-bananeraie-que-les-gens-se-transmettront-de-pere-en-fils"},"author":{"name":"cfeditorfr","@id":"https:\/\/www.africa-press.net\/cameroun\/#\/schema\/person\/2b1cf3cd81a31e3cd26889ca66d677f1"},"headline":"Cabral Libii : \u00ab Le Cameroun ne sera jamais une bananeraie que les gens se transmettront de p\u00e8re en fils \u00bb","datePublished":"2022-07-26T16:41:04+00:00","dateModified":"2022-07-26T18:22:22+00:00","mainEntityOfPage":{"@id":"https:\/\/www.africa-press.net\/cameroun\/politique\/cabral-libii-le-cameroun-ne-sera-jamais-une-bananeraie-que-les-gens-se-transmettront-de-pere-en-fils"},"wordCount":418,"commentCount":0,"image":{"@id":"https:\/\/www.africa-press.net\/cameroun\/politique\/cabral-libii-le-cameroun-ne-sera-jamais-une-bananeraie-que-les-gens-se-transmettront-de-pere-en-fils#primaryimage"},"thumbnailUrl":"https:\/\/static.africa-press.net\/cameroun\/sites\/57\/2022\/07\/img-62e030c06f7e9.jpg","keywords":["Africa Press","Africa Press-Cameroun","Cameroun"],"articleSection":["homepage-french","Politique","Toutes les actualit\u00e9s"],"inLanguage":"fr-FR","potentialAction":[{"@type":"CommentAction","name":"Comment","target":["https:\/\/www.africa-press.net\/cameroun\/politique\/cabral-libii-le-cameroun-ne-sera-jamais-une-bananeraie-que-les-gens-se-transmettront-de-pere-en-fils#respond"]}]},{"@type":"WebPage","@id":"https:\/\/www.africa-press.net\/cameroun\/politique\/cabral-libii-le-cameroun-ne-sera-jamais-une-bananeraie-que-les-gens-se-transmettront-de-pere-en-fils","url":"https:\/\/www.africa-press.net\/cameroun\/politique\/cabral-libii-le-cameroun-ne-sera-jamais-une-bananeraie-que-les-gens-se-transmettront-de-pere-en-fils","name":"Cabral Libii : \u00ab Le Cameroun ne sera jamais une bananeraie que les gens se transmettront de p\u00e8re en fils \u00bb - Cameroun","isPartOf":{"@id":"https:\/\/www.africa-press.net\/cameroun\/#website"},"primaryImageOfPage":{"@id":"https:\/\/www.africa-press.net\/cameroun\/politique\/cabral-libii-le-cameroun-ne-sera-jamais-une-bananeraie-que-les-gens-se-transmettront-de-pere-en-fils#primaryimage"},"image":{"@id":"https:\/\/www.africa-press.net\/cameroun\/politique\/cabral-libii-le-cameroun-ne-sera-jamais-une-bananeraie-que-les-gens-se-transmettront-de-pere-en-fils#primaryimage"},"thumbnailUrl":"https:\/\/static.africa-press.net\/cameroun\/sites\/57\/2022\/07\/img-62e030c06f7e9.jpg","datePublished":"2022-07-26T16:41:04+00:00","dateModified":"2022-07-26T18:22:22+00:00","author":{"@id":"https:\/\/www.africa-press.net\/cameroun\/#\/schema\/person\/2b1cf3cd81a31e3cd26889ca66d677f1"},"description":"Le pr\u00e9sident du Parti camerounais pour la r\u00e9conciliation nationale (Pcrn) rejette en bloc la succession de Biya p\u00e8re \u00e0 B ...","breadcrumb":{"@id":"https:\/\/www.africa-press.net\/cameroun\/politique\/cabral-libii-le-cameroun-ne-sera-jamais-une-bananeraie-que-les-gens-se-transmettront-de-pere-en-fils#breadcrumb"},"inLanguage":"fr-FR","potentialAction":[{"@type":"ReadAction","target":["https:\/\/www.africa-press.net\/cameroun\/politique\/cabral-libii-le-cameroun-ne-sera-jamais-une-bananeraie-que-les-gens-se-transmettront-de-pere-en-fils"]}]},{"@type":"ImageObject","inLanguage":"fr-FR","@id":"https:\/\/www.africa-press.net\/cameroun\/politique\/cabral-libii-le-cameroun-ne-sera-jamais-une-bananeraie-que-les-gens-se-transmettront-de-pere-en-fils#primaryimage","url":"https:\/\/static.africa-press.net\/cameroun\/sites\/57\/2022\/07\/img-62e030c06f7e9.jpg","contentUrl":"https:\/\/static.africa-press.net\/cameroun\/sites\/57\/2022\/07\/img-62e030c06f7e9.jpg","width":720,"height":462,"caption":"Cabral Libii : \u00ab Le Cameroun ne sera jamais une bananeraie que les gens se transmettront de p\u00e8re en fils \u00bb"},{"@type":"BreadcrumbList","@id":"https:\/\/www.africa-press.net\/cameroun\/politique\/cabral-libii-le-cameroun-ne-sera-jamais-une-bananeraie-que-les-gens-se-transmettront-de-pere-en-fils#breadcrumb","itemListElement":[{"@type":"ListItem","position":1,"name":"Accueil","item":"https:\/\/www.africa-press.net\/cameroun\/"},{"@type":"ListItem","position":2,"name":"Cabral Libii : \u00ab Le Cameroun ne sera jamais une bananeraie que les gens se transmettront de p\u00e8re en fils \u00bb"}]},{"@type":"WebSite","@id":"https:\/\/www.africa-press.net\/cameroun\/#website","url":"https:\/\/www.africa-press.net\/cameroun\/","name":"Cameroun","description":"Just another Africa News Agency Sites site","potentialAction":[{"@type":"SearchAction","target":{"@type":"EntryPoint","urlTemplate":"https:\/\/www.africa-press.net\/cameroun\/?s={search_term_string}"},"query-input":{"@type":"PropertyValueSpecification","valueRequired":true,"valueName":"search_term_string"}}],"inLanguage":"fr-FR"},{"@type":"Person","@id":"https:\/\/www.africa-press.net\/cameroun\/#\/schema\/person\/2b1cf3cd81a31e3cd26889ca66d677f1","name":"cfeditorfr"}]}},"_links":{"self":[{"href":"https:\/\/www.africa-press.net\/cameroun\/wp-json\/wp\/v2\/posts\/24242","targetHints":{"allow":["GET"]}}],"collection":[{"href":"https:\/\/www.africa-press.net\/cameroun\/wp-json\/wp\/v2\/posts"}],"about":[{"href":"https:\/\/www.africa-press.net\/cameroun\/wp-json\/wp\/v2\/types\/post"}],"author":[{"embeddable":true,"href":"https:\/\/www.africa-press.net\/cameroun\/wp-json\/wp\/v2\/users\/82"}],"replies":[{"embeddable":true,"href":"https:\/\/www.africa-press.net\/cameroun\/wp-json\/wp\/v2\/comments?post=24242"}],"version-history":[{"count":0,"href":"https:\/\/www.africa-press.net\/cameroun\/wp-json\/wp\/v2\/posts\/24242\/revisions"}],"wp:featuredmedia":[{"embeddable":true,"href":"https:\/\/www.africa-press.net\/cameroun\/wp-json\/wp\/v2\/media\/24241"}],"wp:attachment":[{"href":"https:\/\/www.africa-press.net\/cameroun\/wp-json\/wp\/v2\/media?parent=24242"}],"wp:term":[{"taxonomy":"category","embeddable":true,"href":"https:\/\/www.africa-press.net\/cameroun\/wp-json\/wp\/v2\/categories?post=24242"},{"taxonomy":"post_tag","embeddable":true,"href":"https:\/\/www.africa-press.net\/cameroun\/wp-json\/wp\/v2\/tags?post=24242"}],"curies":[{"name":"wp","href":"https:\/\/api.w.org\/{rel}","templated":true}]}}