{"id":24245,"date":"2022-07-26T16:49:39","date_gmt":"2022-07-26T16:49:39","guid":{"rendered":"https:\/\/www.africa-press.net\/cameroun\/politique\/cameroun-elle-abandon-son-foyer-pour-causedinondation"},"modified":"2022-07-26T18:22:51","modified_gmt":"2022-07-26T18:22:51","slug":"cameroun-elle-abandon-son-foyer-pour-causedinondation","status":"publish","type":"post","link":"https:\/\/www.africa-press.net\/cameroun\/toutes-les-actualites\/cameroun-elle-abandon-son-foyer-pour-causedinondation","title":{"rendered":"Cameroun : elle abandon son foyer pour cause\u2026d\u2019inondation"},"content":{"rendered":"<p><span style=\"color: #ff6600\"><strong>Africa-Press &#8211; Cameroun. <\/strong><\/span>Emilienne O., dont la fille a \u00e9t\u00e9 sauv\u00e9e des eaux l\u2019ann\u00e9e derni\u00e8re par des jeunes du quartier, n\u2019a pas voulu des risques cette saison.<\/p>\n<p>Il y a quelques jours, Emilienne O., 31 ans, m\u00e8re de trois enfants, a quitt\u00e9 le domicile conjugal \u00e0 Bonab\u00e9ri, lieu-dit Ndobo (dans l\u2019arrondissement de Douala IV) pour retourner en famille \u00e0 PK13. Raison ? Le risque d\u2019inondation auquel est expos\u00e9 son foyer. De sources proches de l\u2019affaire, la jeune femme a failli perdre sa fille l\u2019ann\u00e9e derni\u00e8re \u00e0 pareille p\u00e9riode : apr\u00e8s de fortes pluies, les eaux avaient emport\u00e9es l\u2019enfant, qui n\u2019a \u00e9t\u00e9 sauv\u00e9e que gr\u00e2ce \u00e0 l\u2019intervention des jeunes du quartier.<\/p>\n<p>Un moment d\u2019horrible frayeur pour Emilienne, laquelle avait en son temps manifest\u00e9 par son \u00e9poux Boniface sa r\u00e9ticence pour le lieu o\u00f9 ce dernier comptait \u00e9riger leur demeure lorsqu\u2019ils avaient le lopin de terre il y a quelques ann\u00e9es. Les protestations de l\u2019\u00e9pouse n\u2019avaient rien donn\u00e9. Son propre p\u00e8re lui aurait d\u2019ailleurs rappel\u00e9 \u00e0 l\u2019\u00e9poque que \u00ab c\u2019est le mari qui choisit le lieu d\u2019habitation du couple \u00bb.<\/p>\n<p>En croire Cameroon tribune, apr\u00e8s la trag\u00e9die manqu\u00e9e de 2021, Boniface avait envoy\u00e9 sa famille en cong\u00e9s chez ses beaux-parents. Les pluies de cette ann\u00e9e-l\u00e0 sont pass\u00e9es, mais le souvenir ne s\u2019est pas effac\u00e9 chez Emilienne.<\/p>\n<p>Quand la saison des averses arrive, elle propose \u00e0 son mari qu\u2019ils aillent en location, le temps au moins que passent les flots\u2026Boniface refuse. Ces deniers jours de fortes pluies tombent sur la ville de Douala et \u00e0 Bonab\u00e9ri, selon des donn\u00e9es fournies par la mairie d\u2019arrondissement, plus de 60% des terres sont inondables. Emilienne n\u2019a pas voulu courir le moindre risque.<\/p>\n<p>Profitant d\u2019une absence de son mari, la jeune femme a pris leurs trois enfants et quelques affaires, et est partie pour la concession familiale sise PK13. Une note laiss\u00e9e \u00e0 la maison puis un coup de fil pass\u00e9 ont servi \u00e0 l\u2019information de la situation. En substance, Emilienne a dit \u00e0 son \u00e9poux qu\u2019elle ne reviendrait pas vers lui tant qu\u2019il habitera ce lieu de Ndobo. Aux derni\u00e8res nouvelles, Boniface se bat pour le moment contre les eaux\u2026<\/p>\n<p><strong>Pour plus d&rsquo;informations et d&rsquo;analyses sur la <a href=\"https:\/\/www.africa-press.net\/cameroun\">Cameroun<\/a>, suivez <a href=\"https:\/\/www.africa-press.net\/\">Africa-Press<\/a><\/strong><\/p>\n","protected":false},"excerpt":{"rendered":"<p>Africa-Press &#8211; Cameroun. Emilienne O., dont la fille a \u00e9t\u00e9 sauv\u00e9e des eaux l\u2019ann\u00e9e derni\u00e8re par des jeunes du quartier, n\u2019a pas voulu des risques cette saison. Il y a quelques jours, Emilienne O., 31 ans, m\u00e8re de trois enfants, a quitt\u00e9 le domicile conjugal \u00e0 Bonab\u00e9ri, lieu-dit Ndobo (dans l\u2019arrondissement de Douala IV) pour [&hellip;]<\/p>\n","protected":false},"author":82,"featured_media":24244,"comment_status":"open","ping_status":"closed","sticky":false,"template":"","format":"standard","meta":{"footnotes":""},"categories":[21,11,10],"tags":[36,50,49],"class_list":["post-24245","post","type-post","status-publish","format-standard","has-post-thumbnail","hentry","category-communaute","category-homepage-french","category-toutes-les-actualites","tag-africa-press","tag-africa-press-cameroun","tag-cameroun"],"yoast_head":"<!-- This site is optimized with the Yoast SEO Premium plugin v26.1 (Yoast SEO v27.0) - https:\/\/yoast.com\/product\/yoast-seo-premium-wordpress\/ -->\n<title>Cameroun : elle abandon son foyer pour cause\u2026d\u2019inondation - Cameroun<\/title>\n<meta name=\"description\" content=\"Emilienne O., dont la fille a \u00e9t\u00e9 sauv\u00e9e des eaux l\u2019ann\u00e9e derni\u00e8re par des jeunes du quartier, n\u2019a pas voulu des risques ...\" \/>\n<meta name=\"robots\" content=\"index, follow, max-snippet:-1, max-image-preview:large, max-video-preview:-1\" \/>\n<link rel=\"canonical\" href=\"https:\/\/www.africa-press.net\/cameroun\/toutes-les-actualites\/cameroun-elle-abandon-son-foyer-pour-causedinondation\" \/>\n<meta property=\"og:locale\" content=\"fr_FR\" \/>\n<meta property=\"og:type\" content=\"article\" \/>\n<meta property=\"og:title\" content=\"Cameroun : elle abandon son foyer pour cause\u2026d\u2019inondation\" \/>\n<meta property=\"og:description\" content=\"Emilienne O., dont la fille a \u00e9t\u00e9 sauv\u00e9e des eaux l\u2019ann\u00e9e derni\u00e8re par des jeunes du quartier, n\u2019a pas voulu des risques ...\" \/>\n<meta property=\"og:url\" content=\"https:\/\/www.africa-press.net\/cameroun\/toutes-les-actualites\/cameroun-elle-abandon-son-foyer-pour-causedinondation\" \/>\n<meta property=\"og:site_name\" content=\"Cameroun\" \/>\n<meta property=\"article:published_time\" content=\"2022-07-26T16:49:39+00:00\" \/>\n<meta property=\"article:modified_time\" content=\"2022-07-26T18:22:51+00:00\" \/>\n<meta property=\"og:image\" content=\"https:\/\/static.africa-press.net\/cameroun\/sites\/57\/2022\/07\/img-62e030e4db514.jpg\" \/>\n\t<meta property=\"og:image:width\" content=\"1080\" \/>\n\t<meta property=\"og:image:height\" content=\"608\" \/>\n\t<meta property=\"og:image:type\" content=\"image\/jpeg\" \/>\n<meta name=\"author\" content=\"cfeditorfr\" \/>\n<meta name=\"twitter:card\" content=\"summary_large_image\" \/>\n<meta name=\"twitter:label1\" content=\"\u00c9crit par\" \/>\n\t<meta name=\"twitter:data1\" content=\"cfeditorfr\" \/>\n\t<meta name=\"twitter:label2\" content=\"Dur\u00e9e de lecture estim\u00e9e\" \/>\n\t<meta name=\"twitter:data2\" content=\"2 minutes\" \/>\n<script type=\"application\/ld+json\" class=\"yoast-schema-graph\">{\"@context\":\"https:\/\/schema.org\",\"@graph\":[{\"@type\":\"Article\",\"@id\":\"https:\/\/www.africa-press.net\/cameroun\/toutes-les-actualites\/cameroun-elle-abandon-son-foyer-pour-causedinondation#article\",\"isPartOf\":{\"@id\":\"https:\/\/www.africa-press.net\/cameroun\/toutes-les-actualites\/cameroun-elle-abandon-son-foyer-pour-causedinondation\"},\"author\":{\"name\":\"cfeditorfr\",\"@id\":\"https:\/\/www.africa-press.net\/cameroun\/#\/schema\/person\/2b1cf3cd81a31e3cd26889ca66d677f1\"},\"headline\":\"Cameroun : elle abandon son foyer pour cause\u2026d\u2019inondation\",\"datePublished\":\"2022-07-26T16:49:39+00:00\",\"dateModified\":\"2022-07-26T18:22:51+00:00\",\"mainEntityOfPage\":{\"@id\":\"https:\/\/www.africa-press.net\/cameroun\/toutes-les-actualites\/cameroun-elle-abandon-son-foyer-pour-causedinondation\"},\"wordCount\":409,\"commentCount\":0,\"image\":{\"@id\":\"https:\/\/www.africa-press.net\/cameroun\/toutes-les-actualites\/cameroun-elle-abandon-son-foyer-pour-causedinondation#primaryimage\"},\"thumbnailUrl\":\"https:\/\/static.africa-press.net\/cameroun\/sites\/57\/2022\/07\/img-62e030e4db514.jpg\",\"keywords\":[\"Africa Press\",\"Africa Press-Cameroun\",\"Cameroun\"],\"articleSection\":[\"Communaut\u00e9\",\"homepage-french\",\"Toutes les actualit\u00e9s\"],\"inLanguage\":\"fr-FR\",\"potentialAction\":[{\"@type\":\"CommentAction\",\"name\":\"Comment\",\"target\":[\"https:\/\/www.africa-press.net\/cameroun\/toutes-les-actualites\/cameroun-elle-abandon-son-foyer-pour-causedinondation#respond\"]}]},{\"@type\":\"WebPage\",\"@id\":\"https:\/\/www.africa-press.net\/cameroun\/toutes-les-actualites\/cameroun-elle-abandon-son-foyer-pour-causedinondation\",\"url\":\"https:\/\/www.africa-press.net\/cameroun\/toutes-les-actualites\/cameroun-elle-abandon-son-foyer-pour-causedinondation\",\"name\":\"Cameroun : elle abandon son foyer pour cause\u2026d\u2019inondation - Cameroun\",\"isPartOf\":{\"@id\":\"https:\/\/www.africa-press.net\/cameroun\/#website\"},\"primaryImageOfPage\":{\"@id\":\"https:\/\/www.africa-press.net\/cameroun\/toutes-les-actualites\/cameroun-elle-abandon-son-foyer-pour-causedinondation#primaryimage\"},\"image\":{\"@id\":\"https:\/\/www.africa-press.net\/cameroun\/toutes-les-actualites\/cameroun-elle-abandon-son-foyer-pour-causedinondation#primaryimage\"},\"thumbnailUrl\":\"https:\/\/static.africa-press.net\/cameroun\/sites\/57\/2022\/07\/img-62e030e4db514.jpg\",\"datePublished\":\"2022-07-26T16:49:39+00:00\",\"dateModified\":\"2022-07-26T18:22:51+00:00\",\"author\":{\"@id\":\"https:\/\/www.africa-press.net\/cameroun\/#\/schema\/person\/2b1cf3cd81a31e3cd26889ca66d677f1\"},\"description\":\"Emilienne O., dont la fille a \u00e9t\u00e9 sauv\u00e9e des eaux l\u2019ann\u00e9e derni\u00e8re par des jeunes du quartier, n\u2019a pas voulu des risques ...\",\"breadcrumb\":{\"@id\":\"https:\/\/www.africa-press.net\/cameroun\/toutes-les-actualites\/cameroun-elle-abandon-son-foyer-pour-causedinondation#breadcrumb\"},\"inLanguage\":\"fr-FR\",\"potentialAction\":[{\"@type\":\"ReadAction\",\"target\":[\"https:\/\/www.africa-press.net\/cameroun\/toutes-les-actualites\/cameroun-elle-abandon-son-foyer-pour-causedinondation\"]}]},{\"@type\":\"ImageObject\",\"inLanguage\":\"fr-FR\",\"@id\":\"https:\/\/www.africa-press.net\/cameroun\/toutes-les-actualites\/cameroun-elle-abandon-son-foyer-pour-causedinondation#primaryimage\",\"url\":\"https:\/\/static.africa-press.net\/cameroun\/sites\/57\/2022\/07\/img-62e030e4db514.jpg\",\"contentUrl\":\"https:\/\/static.africa-press.net\/cameroun\/sites\/57\/2022\/07\/img-62e030e4db514.jpg\",\"width\":1080,\"height\":608,\"caption\":\"Cameroun : elle abandon son foyer pour cause\u2026d\u2019inondation\"},{\"@type\":\"BreadcrumbList\",\"@id\":\"https:\/\/www.africa-press.net\/cameroun\/toutes-les-actualites\/cameroun-elle-abandon-son-foyer-pour-causedinondation#breadcrumb\",\"itemListElement\":[{\"@type\":\"ListItem\",\"position\":1,\"name\":\"Accueil\",\"item\":\"https:\/\/www.africa-press.net\/cameroun\/\"},{\"@type\":\"ListItem\",\"position\":2,\"name\":\"Cameroun : elle abandon son foyer pour cause\u2026d\u2019inondation\"}]},{\"@type\":\"WebSite\",\"@id\":\"https:\/\/www.africa-press.net\/cameroun\/#website\",\"url\":\"https:\/\/www.africa-press.net\/cameroun\/\",\"name\":\"Cameroun\",\"description\":\"Just another Africa News Agency Sites site\",\"potentialAction\":[{\"@type\":\"SearchAction\",\"target\":{\"@type\":\"EntryPoint\",\"urlTemplate\":\"https:\/\/www.africa-press.net\/cameroun\/?s={search_term_string}\"},\"query-input\":{\"@type\":\"PropertyValueSpecification\",\"valueRequired\":true,\"valueName\":\"search_term_string\"}}],\"inLanguage\":\"fr-FR\"},{\"@type\":\"Person\",\"@id\":\"https:\/\/www.africa-press.net\/cameroun\/#\/schema\/person\/2b1cf3cd81a31e3cd26889ca66d677f1\",\"name\":\"cfeditorfr\"}]}<\/script>\n<!-- \/ Yoast SEO Premium plugin. -->","yoast_head_json":{"title":"Cameroun : elle abandon son foyer pour cause\u2026d\u2019inondation - Cameroun","description":"Emilienne O., dont la fille a \u00e9t\u00e9 sauv\u00e9e des eaux l\u2019ann\u00e9e derni\u00e8re par des jeunes du quartier, n\u2019a pas voulu des risques ...","robots":{"index":"index","follow":"follow","max-snippet":"max-snippet:-1","max-image-preview":"max-image-preview:large","max-video-preview":"max-video-preview:-1"},"canonical":"https:\/\/www.africa-press.net\/cameroun\/toutes-les-actualites\/cameroun-elle-abandon-son-foyer-pour-causedinondation","og_locale":"fr_FR","og_type":"article","og_title":"Cameroun : elle abandon son foyer pour cause\u2026d\u2019inondation","og_description":"Emilienne O., dont la fille a \u00e9t\u00e9 sauv\u00e9e des eaux l\u2019ann\u00e9e derni\u00e8re par des jeunes du quartier, n\u2019a pas voulu des risques ...","og_url":"https:\/\/www.africa-press.net\/cameroun\/toutes-les-actualites\/cameroun-elle-abandon-son-foyer-pour-causedinondation","og_site_name":"Cameroun","article_published_time":"2022-07-26T16:49:39+00:00","article_modified_time":"2022-07-26T18:22:51+00:00","og_image":[{"width":1080,"height":608,"url":"https:\/\/static.africa-press.net\/cameroun\/sites\/57\/2022\/07\/img-62e030e4db514.jpg","type":"image\/jpeg"}],"author":"cfeditorfr","twitter_card":"summary_large_image","twitter_misc":{"\u00c9crit par":"cfeditorfr","Dur\u00e9e de lecture estim\u00e9e":"2 minutes"},"schema":{"@context":"https:\/\/schema.org","@graph":[{"@type":"Article","@id":"https:\/\/www.africa-press.net\/cameroun\/toutes-les-actualites\/cameroun-elle-abandon-son-foyer-pour-causedinondation#article","isPartOf":{"@id":"https:\/\/www.africa-press.net\/cameroun\/toutes-les-actualites\/cameroun-elle-abandon-son-foyer-pour-causedinondation"},"author":{"name":"cfeditorfr","@id":"https:\/\/www.africa-press.net\/cameroun\/#\/schema\/person\/2b1cf3cd81a31e3cd26889ca66d677f1"},"headline":"Cameroun : elle abandon son foyer pour cause\u2026d\u2019inondation","datePublished":"2022-07-26T16:49:39+00:00","dateModified":"2022-07-26T18:22:51+00:00","mainEntityOfPage":{"@id":"https:\/\/www.africa-press.net\/cameroun\/toutes-les-actualites\/cameroun-elle-abandon-son-foyer-pour-causedinondation"},"wordCount":409,"commentCount":0,"image":{"@id":"https:\/\/www.africa-press.net\/cameroun\/toutes-les-actualites\/cameroun-elle-abandon-son-foyer-pour-causedinondation#primaryimage"},"thumbnailUrl":"https:\/\/static.africa-press.net\/cameroun\/sites\/57\/2022\/07\/img-62e030e4db514.jpg","keywords":["Africa Press","Africa Press-Cameroun","Cameroun"],"articleSection":["Communaut\u00e9","homepage-french","Toutes les actualit\u00e9s"],"inLanguage":"fr-FR","potentialAction":[{"@type":"CommentAction","name":"Comment","target":["https:\/\/www.africa-press.net\/cameroun\/toutes-les-actualites\/cameroun-elle-abandon-son-foyer-pour-causedinondation#respond"]}]},{"@type":"WebPage","@id":"https:\/\/www.africa-press.net\/cameroun\/toutes-les-actualites\/cameroun-elle-abandon-son-foyer-pour-causedinondation","url":"https:\/\/www.africa-press.net\/cameroun\/toutes-les-actualites\/cameroun-elle-abandon-son-foyer-pour-causedinondation","name":"Cameroun : elle abandon son foyer pour cause\u2026d\u2019inondation - Cameroun","isPartOf":{"@id":"https:\/\/www.africa-press.net\/cameroun\/#website"},"primaryImageOfPage":{"@id":"https:\/\/www.africa-press.net\/cameroun\/toutes-les-actualites\/cameroun-elle-abandon-son-foyer-pour-causedinondation#primaryimage"},"image":{"@id":"https:\/\/www.africa-press.net\/cameroun\/toutes-les-actualites\/cameroun-elle-abandon-son-foyer-pour-causedinondation#primaryimage"},"thumbnailUrl":"https:\/\/static.africa-press.net\/cameroun\/sites\/57\/2022\/07\/img-62e030e4db514.jpg","datePublished":"2022-07-26T16:49:39+00:00","dateModified":"2022-07-26T18:22:51+00:00","author":{"@id":"https:\/\/www.africa-press.net\/cameroun\/#\/schema\/person\/2b1cf3cd81a31e3cd26889ca66d677f1"},"description":"Emilienne O., dont la fille a \u00e9t\u00e9 sauv\u00e9e des eaux l\u2019ann\u00e9e derni\u00e8re par des jeunes du quartier, n\u2019a pas voulu des risques ...","breadcrumb":{"@id":"https:\/\/www.africa-press.net\/cameroun\/toutes-les-actualites\/cameroun-elle-abandon-son-foyer-pour-causedinondation#breadcrumb"},"inLanguage":"fr-FR","potentialAction":[{"@type":"ReadAction","target":["https:\/\/www.africa-press.net\/cameroun\/toutes-les-actualites\/cameroun-elle-abandon-son-foyer-pour-causedinondation"]}]},{"@type":"ImageObject","inLanguage":"fr-FR","@id":"https:\/\/www.africa-press.net\/cameroun\/toutes-les-actualites\/cameroun-elle-abandon-son-foyer-pour-causedinondation#primaryimage","url":"https:\/\/static.africa-press.net\/cameroun\/sites\/57\/2022\/07\/img-62e030e4db514.jpg","contentUrl":"https:\/\/static.africa-press.net\/cameroun\/sites\/57\/2022\/07\/img-62e030e4db514.jpg","width":1080,"height":608,"caption":"Cameroun : elle abandon son foyer pour cause\u2026d\u2019inondation"},{"@type":"BreadcrumbList","@id":"https:\/\/www.africa-press.net\/cameroun\/toutes-les-actualites\/cameroun-elle-abandon-son-foyer-pour-causedinondation#breadcrumb","itemListElement":[{"@type":"ListItem","position":1,"name":"Accueil","item":"https:\/\/www.africa-press.net\/cameroun\/"},{"@type":"ListItem","position":2,"name":"Cameroun : elle abandon son foyer pour cause\u2026d\u2019inondation"}]},{"@type":"WebSite","@id":"https:\/\/www.africa-press.net\/cameroun\/#website","url":"https:\/\/www.africa-press.net\/cameroun\/","name":"Cameroun","description":"Just another Africa News Agency Sites site","potentialAction":[{"@type":"SearchAction","target":{"@type":"EntryPoint","urlTemplate":"https:\/\/www.africa-press.net\/cameroun\/?s={search_term_string}"},"query-input":{"@type":"PropertyValueSpecification","valueRequired":true,"valueName":"search_term_string"}}],"inLanguage":"fr-FR"},{"@type":"Person","@id":"https:\/\/www.africa-press.net\/cameroun\/#\/schema\/person\/2b1cf3cd81a31e3cd26889ca66d677f1","name":"cfeditorfr"}]}},"_links":{"self":[{"href":"https:\/\/www.africa-press.net\/cameroun\/wp-json\/wp\/v2\/posts\/24245","targetHints":{"allow":["GET"]}}],"collection":[{"href":"https:\/\/www.africa-press.net\/cameroun\/wp-json\/wp\/v2\/posts"}],"about":[{"href":"https:\/\/www.africa-press.net\/cameroun\/wp-json\/wp\/v2\/types\/post"}],"author":[{"embeddable":true,"href":"https:\/\/www.africa-press.net\/cameroun\/wp-json\/wp\/v2\/users\/82"}],"replies":[{"embeddable":true,"href":"https:\/\/www.africa-press.net\/cameroun\/wp-json\/wp\/v2\/comments?post=24245"}],"version-history":[{"count":0,"href":"https:\/\/www.africa-press.net\/cameroun\/wp-json\/wp\/v2\/posts\/24245\/revisions"}],"wp:featuredmedia":[{"embeddable":true,"href":"https:\/\/www.africa-press.net\/cameroun\/wp-json\/wp\/v2\/media\/24244"}],"wp:attachment":[{"href":"https:\/\/www.africa-press.net\/cameroun\/wp-json\/wp\/v2\/media?parent=24245"}],"wp:term":[{"taxonomy":"category","embeddable":true,"href":"https:\/\/www.africa-press.net\/cameroun\/wp-json\/wp\/v2\/categories?post=24245"},{"taxonomy":"post_tag","embeddable":true,"href":"https:\/\/www.africa-press.net\/cameroun\/wp-json\/wp\/v2\/tags?post=24245"}],"curies":[{"name":"wp","href":"https:\/\/api.w.org\/{rel}","templated":true}]}}