{"id":24248,"date":"2022-07-26T16:59:09","date_gmt":"2022-07-26T16:59:09","guid":{"rendered":"https:\/\/www.africa-press.net\/cameroun\/politique\/cameroun-la-proposition-demmanuel-macron-pour-resoudre-la-crise-anglophone"},"modified":"2022-07-26T18:23:26","modified_gmt":"2022-07-26T18:23:26","slug":"cameroun-la-proposition-demmanuel-macron-pour-resoudre-la-crise-anglophone","status":"publish","type":"post","link":"https:\/\/www.africa-press.net\/cameroun\/politique\/cameroun-la-proposition-demmanuel-macron-pour-resoudre-la-crise-anglophone","title":{"rendered":"Cameroun\u00a0: la proposition d\u2019Emmanuel Macron pour r\u00e9soudre la crise anglophone"},"content":{"rendered":"<p><span style=\"color: #ff6600\"><strong>Africa-Press &#8211; Cameroun. <\/strong><\/span>Il l\u2019a fait savoir lors de la conf\u00e9rence de presse donn\u00e9e au Palais de l\u2019unit\u00e9 ce 26 juillet 2022.<\/p>\n<p>\u00ab Je demeure convaincu que la r\u00e9gionalisation demeure la r\u00e9ponse \u00e0 la crise qui affecte le Cameroun dans les r\u00e9gions du Nord-Ouest et Sud-Ouest et que c\u2019est par ce processus politique de dialogue, de r\u00e9forme, qu\u2019une r\u00e9solution durable pourra \u00eatre trouv\u00e9e \u00bb, Emmanuel Macron.<\/p>\n<p>Sur le terrain, les experts d\u00e9noncent plusieurs freins \u00e0 la \u00ab D\u00e9centralisation \u00bb au Cameroun. Ceux-ci indiquent que le Cameroun a une d\u00e9centralisation de fa\u00e7ade, un personnel local plus militant que comp\u00e9tent, les transferts de comp\u00e9tences bloqu\u00e9s et des allocations des ressources en d\u00e9phasage entre autres.<\/p>\n<p>Les deux pr\u00e9sidents ont discut\u00e9 de la s\u00e9curit\u00e9 sur fond de menaces jihadistes dans le nord du Cameroun, avec Boko Haram, et du conflit opposant dans le Nord-Ouest et le Sud-Ouest, depuis plus de cinq ans, des groupes arm\u00e9s s\u00e9paratistes aux forces de l\u2019ordre. \u00ab Je souhaite consacrer plus de temps au Cameroun durant ce second quinquennat \u00bb, a-t-il soulign\u00e9.<\/p>\n<p>Lors de la conf\u00e9rence de presse conjointe avec Paul Biya, Emmanuel Macron a soulign\u00e9 que le Cameroun \u00ab \u00e9tait un partenaire strat\u00e9gique en Afrique centrale \u00bb, une r\u00e9gion \u00e0 laquelle le pr\u00e9sident fran\u00e7ais souhaite consacrer plus de temps lors de son second mandat.<\/p>\n<p>Emmanuel Macron a \u00e9galement d\u00e9nonc\u00e9 \u00ab l\u2018hypocrisie \u00bb entendue, \u00ab en particulier sur le continent africain \u00bb, consistant \u00e0 ne pas reconna\u00eetre clairement une \u00ab agression unilat\u00e9rale \u00bb de la Russie envers l\u2019Ukraine, comme le fait l\u2019Union europ\u00e9enne.<\/p>\n<p>\u00ab Le choix qui a \u00e9t\u00e9 fait par les Europ\u00e9ens (\u2026) n\u2019est en aucun cas de participer \u00e0 cette guerre mais de la reconna\u00eetre et de la nommer, l\u00e0 o\u00f9 je vois trop souvent de l\u2019hypocrisie, en particulier sur le continent africain (\u2026), \u00e0 ne pas savoir qualifier une guerre qui en est une et ne pas savoir dire qui l\u2019a lanc\u00e9e \u00bb, a d\u00e9clar\u00e9 le pr\u00e9sident fran\u00e7ais.<\/p>\n<p>Il a par ailleurs, manifest\u00e9 le v\u0153u de renfoncer les partenariats avec le Cameroun dans les domaines de l\u2019agriculture et la technologie entre autres.<\/p>\n<p>C\u2019est le premier d\u00e9placement du pr\u00e9sident fran\u00e7ais sur le continent africain depuis sa r\u00e9\u00e9lection, en mai dernier, mais aussi la premi\u00e8re visite d\u2019un chef d\u2019\u00c9tat fran\u00e7ais \u00e0 Yaound\u00e9, depuis 2015, quand Fran\u00e7ois Hollande s\u2019y \u00e9tait rendu.<\/p>\n<p><strong>Pour plus d&rsquo;informations et d&rsquo;analyses sur la <a href=\"https:\/\/www.africa-press.net\/cameroun\">Cameroun<\/a>, suivez <a href=\"https:\/\/www.africa-press.net\/\">Africa-Press<\/a><\/strong><\/p>\n","protected":false},"excerpt":{"rendered":"<p>Africa-Press &#8211; Cameroun. Il l\u2019a fait savoir lors de la conf\u00e9rence de presse donn\u00e9e au Palais de l\u2019unit\u00e9 ce 26 juillet 2022. \u00ab Je demeure convaincu que la r\u00e9gionalisation demeure la r\u00e9ponse \u00e0 la crise qui affecte le Cameroun dans les r\u00e9gions du Nord-Ouest et Sud-Ouest et que c\u2019est par ce processus politique de dialogue, [&hellip;]<\/p>\n","protected":false},"author":82,"featured_media":24247,"comment_status":"open","ping_status":"closed","sticky":false,"template":"","format":"standard","meta":{"footnotes":""},"categories":[11,2,10],"tags":[36,50,49],"class_list":["post-24248","post","type-post","status-publish","format-standard","has-post-thumbnail","hentry","category-homepage-french","category-politique","category-toutes-les-actualites","tag-africa-press","tag-africa-press-cameroun","tag-cameroun"],"yoast_head":"<!-- This site is optimized with the Yoast SEO Premium plugin v26.1 (Yoast SEO v27.0) - https:\/\/yoast.com\/product\/yoast-seo-premium-wordpress\/ -->\n<title>Cameroun\u00a0: la proposition d\u2019Emmanuel Macron pour r\u00e9soudre la crise anglophone - Cameroun<\/title>\n<meta name=\"description\" content=\"Il l\u2019a fait savoir lors de la conf\u00e9rence de presse donn\u00e9e au Palais de l\u2019unit\u00e9 ce 26 juillet 2022. \u00ab Je demeure convain ...\" \/>\n<meta name=\"robots\" content=\"index, follow, max-snippet:-1, max-image-preview:large, max-video-preview:-1\" \/>\n<link rel=\"canonical\" href=\"https:\/\/www.africa-press.net\/cameroun\/politique\/cameroun-la-proposition-demmanuel-macron-pour-resoudre-la-crise-anglophone\" \/>\n<meta property=\"og:locale\" content=\"fr_FR\" \/>\n<meta property=\"og:type\" content=\"article\" \/>\n<meta property=\"og:title\" content=\"Cameroun\u00a0: la proposition d\u2019Emmanuel Macron pour r\u00e9soudre la crise anglophone\" \/>\n<meta property=\"og:description\" content=\"Il l\u2019a fait savoir lors de la conf\u00e9rence de presse donn\u00e9e au Palais de l\u2019unit\u00e9 ce 26 juillet 2022. \u00ab Je demeure convain ...\" \/>\n<meta property=\"og:url\" content=\"https:\/\/www.africa-press.net\/cameroun\/politique\/cameroun-la-proposition-demmanuel-macron-pour-resoudre-la-crise-anglophone\" \/>\n<meta property=\"og:site_name\" content=\"Cameroun\" \/>\n<meta property=\"article:published_time\" content=\"2022-07-26T16:59:09+00:00\" \/>\n<meta property=\"article:modified_time\" content=\"2022-07-26T18:23:26+00:00\" \/>\n<meta property=\"og:image\" content=\"https:\/\/static.africa-press.net\/cameroun\/sites\/57\/2022\/07\/img-62e0310178e2e.jpg\" \/>\n\t<meta property=\"og:image:width\" content=\"843\" \/>\n\t<meta property=\"og:image:height\" content=\"475\" \/>\n\t<meta property=\"og:image:type\" content=\"image\/jpeg\" \/>\n<meta name=\"author\" content=\"cfeditorfr\" \/>\n<meta name=\"twitter:card\" content=\"summary_large_image\" \/>\n<meta name=\"twitter:label1\" content=\"\u00c9crit par\" \/>\n\t<meta name=\"twitter:data1\" content=\"cfeditorfr\" \/>\n\t<meta name=\"twitter:label2\" content=\"Dur\u00e9e de lecture estim\u00e9e\" \/>\n\t<meta name=\"twitter:data2\" content=\"2 minutes\" \/>\n<script type=\"application\/ld+json\" class=\"yoast-schema-graph\">{\"@context\":\"https:\/\/schema.org\",\"@graph\":[{\"@type\":\"Article\",\"@id\":\"https:\/\/www.africa-press.net\/cameroun\/politique\/cameroun-la-proposition-demmanuel-macron-pour-resoudre-la-crise-anglophone#article\",\"isPartOf\":{\"@id\":\"https:\/\/www.africa-press.net\/cameroun\/politique\/cameroun-la-proposition-demmanuel-macron-pour-resoudre-la-crise-anglophone\"},\"author\":{\"name\":\"cfeditorfr\",\"@id\":\"https:\/\/www.africa-press.net\/cameroun\/#\/schema\/person\/2b1cf3cd81a31e3cd26889ca66d677f1\"},\"headline\":\"Cameroun\u00a0: la proposition d\u2019Emmanuel Macron pour r\u00e9soudre la crise anglophone\",\"datePublished\":\"2022-07-26T16:59:09+00:00\",\"dateModified\":\"2022-07-26T18:23:26+00:00\",\"mainEntityOfPage\":{\"@id\":\"https:\/\/www.africa-press.net\/cameroun\/politique\/cameroun-la-proposition-demmanuel-macron-pour-resoudre-la-crise-anglophone\"},\"wordCount\":436,\"commentCount\":0,\"image\":{\"@id\":\"https:\/\/www.africa-press.net\/cameroun\/politique\/cameroun-la-proposition-demmanuel-macron-pour-resoudre-la-crise-anglophone#primaryimage\"},\"thumbnailUrl\":\"https:\/\/static.africa-press.net\/cameroun\/sites\/57\/2022\/07\/img-62e0310178e2e.jpg\",\"keywords\":[\"Africa Press\",\"Africa Press-Cameroun\",\"Cameroun\"],\"articleSection\":[\"homepage-french\",\"Politique\",\"Toutes les actualit\u00e9s\"],\"inLanguage\":\"fr-FR\",\"potentialAction\":[{\"@type\":\"CommentAction\",\"name\":\"Comment\",\"target\":[\"https:\/\/www.africa-press.net\/cameroun\/politique\/cameroun-la-proposition-demmanuel-macron-pour-resoudre-la-crise-anglophone#respond\"]}]},{\"@type\":\"WebPage\",\"@id\":\"https:\/\/www.africa-press.net\/cameroun\/politique\/cameroun-la-proposition-demmanuel-macron-pour-resoudre-la-crise-anglophone\",\"url\":\"https:\/\/www.africa-press.net\/cameroun\/politique\/cameroun-la-proposition-demmanuel-macron-pour-resoudre-la-crise-anglophone\",\"name\":\"Cameroun\u00a0: la proposition d\u2019Emmanuel Macron pour r\u00e9soudre la crise anglophone - Cameroun\",\"isPartOf\":{\"@id\":\"https:\/\/www.africa-press.net\/cameroun\/#website\"},\"primaryImageOfPage\":{\"@id\":\"https:\/\/www.africa-press.net\/cameroun\/politique\/cameroun-la-proposition-demmanuel-macron-pour-resoudre-la-crise-anglophone#primaryimage\"},\"image\":{\"@id\":\"https:\/\/www.africa-press.net\/cameroun\/politique\/cameroun-la-proposition-demmanuel-macron-pour-resoudre-la-crise-anglophone#primaryimage\"},\"thumbnailUrl\":\"https:\/\/static.africa-press.net\/cameroun\/sites\/57\/2022\/07\/img-62e0310178e2e.jpg\",\"datePublished\":\"2022-07-26T16:59:09+00:00\",\"dateModified\":\"2022-07-26T18:23:26+00:00\",\"author\":{\"@id\":\"https:\/\/www.africa-press.net\/cameroun\/#\/schema\/person\/2b1cf3cd81a31e3cd26889ca66d677f1\"},\"description\":\"Il l\u2019a fait savoir lors de la conf\u00e9rence de presse donn\u00e9e au Palais de l\u2019unit\u00e9 ce 26 juillet 2022. \u00ab Je demeure convain ...\",\"breadcrumb\":{\"@id\":\"https:\/\/www.africa-press.net\/cameroun\/politique\/cameroun-la-proposition-demmanuel-macron-pour-resoudre-la-crise-anglophone#breadcrumb\"},\"inLanguage\":\"fr-FR\",\"potentialAction\":[{\"@type\":\"ReadAction\",\"target\":[\"https:\/\/www.africa-press.net\/cameroun\/politique\/cameroun-la-proposition-demmanuel-macron-pour-resoudre-la-crise-anglophone\"]}]},{\"@type\":\"ImageObject\",\"inLanguage\":\"fr-FR\",\"@id\":\"https:\/\/www.africa-press.net\/cameroun\/politique\/cameroun-la-proposition-demmanuel-macron-pour-resoudre-la-crise-anglophone#primaryimage\",\"url\":\"https:\/\/static.africa-press.net\/cameroun\/sites\/57\/2022\/07\/img-62e0310178e2e.jpg\",\"contentUrl\":\"https:\/\/static.africa-press.net\/cameroun\/sites\/57\/2022\/07\/img-62e0310178e2e.jpg\",\"width\":843,\"height\":475,\"caption\":\"Cameroun\u00a0: la proposition d\u2019Emmanuel Macron pour r\u00e9soudre la crise anglophone\"},{\"@type\":\"BreadcrumbList\",\"@id\":\"https:\/\/www.africa-press.net\/cameroun\/politique\/cameroun-la-proposition-demmanuel-macron-pour-resoudre-la-crise-anglophone#breadcrumb\",\"itemListElement\":[{\"@type\":\"ListItem\",\"position\":1,\"name\":\"Accueil\",\"item\":\"https:\/\/www.africa-press.net\/cameroun\/\"},{\"@type\":\"ListItem\",\"position\":2,\"name\":\"Cameroun\u00a0: la proposition d\u2019Emmanuel Macron pour r\u00e9soudre la crise anglophone\"}]},{\"@type\":\"WebSite\",\"@id\":\"https:\/\/www.africa-press.net\/cameroun\/#website\",\"url\":\"https:\/\/www.africa-press.net\/cameroun\/\",\"name\":\"Cameroun\",\"description\":\"Just another Africa News Agency Sites site\",\"potentialAction\":[{\"@type\":\"SearchAction\",\"target\":{\"@type\":\"EntryPoint\",\"urlTemplate\":\"https:\/\/www.africa-press.net\/cameroun\/?s={search_term_string}\"},\"query-input\":{\"@type\":\"PropertyValueSpecification\",\"valueRequired\":true,\"valueName\":\"search_term_string\"}}],\"inLanguage\":\"fr-FR\"},{\"@type\":\"Person\",\"@id\":\"https:\/\/www.africa-press.net\/cameroun\/#\/schema\/person\/2b1cf3cd81a31e3cd26889ca66d677f1\",\"name\":\"cfeditorfr\"}]}<\/script>\n<!-- \/ Yoast SEO Premium plugin. -->","yoast_head_json":{"title":"Cameroun\u00a0: la proposition d\u2019Emmanuel Macron pour r\u00e9soudre la crise anglophone - Cameroun","description":"Il l\u2019a fait savoir lors de la conf\u00e9rence de presse donn\u00e9e au Palais de l\u2019unit\u00e9 ce 26 juillet 2022. \u00ab Je demeure convain ...","robots":{"index":"index","follow":"follow","max-snippet":"max-snippet:-1","max-image-preview":"max-image-preview:large","max-video-preview":"max-video-preview:-1"},"canonical":"https:\/\/www.africa-press.net\/cameroun\/politique\/cameroun-la-proposition-demmanuel-macron-pour-resoudre-la-crise-anglophone","og_locale":"fr_FR","og_type":"article","og_title":"Cameroun\u00a0: la proposition d\u2019Emmanuel Macron pour r\u00e9soudre la crise anglophone","og_description":"Il l\u2019a fait savoir lors de la conf\u00e9rence de presse donn\u00e9e au Palais de l\u2019unit\u00e9 ce 26 juillet 2022. \u00ab Je demeure convain ...","og_url":"https:\/\/www.africa-press.net\/cameroun\/politique\/cameroun-la-proposition-demmanuel-macron-pour-resoudre-la-crise-anglophone","og_site_name":"Cameroun","article_published_time":"2022-07-26T16:59:09+00:00","article_modified_time":"2022-07-26T18:23:26+00:00","og_image":[{"width":843,"height":475,"url":"https:\/\/static.africa-press.net\/cameroun\/sites\/57\/2022\/07\/img-62e0310178e2e.jpg","type":"image\/jpeg"}],"author":"cfeditorfr","twitter_card":"summary_large_image","twitter_misc":{"\u00c9crit par":"cfeditorfr","Dur\u00e9e de lecture estim\u00e9e":"2 minutes"},"schema":{"@context":"https:\/\/schema.org","@graph":[{"@type":"Article","@id":"https:\/\/www.africa-press.net\/cameroun\/politique\/cameroun-la-proposition-demmanuel-macron-pour-resoudre-la-crise-anglophone#article","isPartOf":{"@id":"https:\/\/www.africa-press.net\/cameroun\/politique\/cameroun-la-proposition-demmanuel-macron-pour-resoudre-la-crise-anglophone"},"author":{"name":"cfeditorfr","@id":"https:\/\/www.africa-press.net\/cameroun\/#\/schema\/person\/2b1cf3cd81a31e3cd26889ca66d677f1"},"headline":"Cameroun\u00a0: la proposition d\u2019Emmanuel Macron pour r\u00e9soudre la crise anglophone","datePublished":"2022-07-26T16:59:09+00:00","dateModified":"2022-07-26T18:23:26+00:00","mainEntityOfPage":{"@id":"https:\/\/www.africa-press.net\/cameroun\/politique\/cameroun-la-proposition-demmanuel-macron-pour-resoudre-la-crise-anglophone"},"wordCount":436,"commentCount":0,"image":{"@id":"https:\/\/www.africa-press.net\/cameroun\/politique\/cameroun-la-proposition-demmanuel-macron-pour-resoudre-la-crise-anglophone#primaryimage"},"thumbnailUrl":"https:\/\/static.africa-press.net\/cameroun\/sites\/57\/2022\/07\/img-62e0310178e2e.jpg","keywords":["Africa Press","Africa Press-Cameroun","Cameroun"],"articleSection":["homepage-french","Politique","Toutes les actualit\u00e9s"],"inLanguage":"fr-FR","potentialAction":[{"@type":"CommentAction","name":"Comment","target":["https:\/\/www.africa-press.net\/cameroun\/politique\/cameroun-la-proposition-demmanuel-macron-pour-resoudre-la-crise-anglophone#respond"]}]},{"@type":"WebPage","@id":"https:\/\/www.africa-press.net\/cameroun\/politique\/cameroun-la-proposition-demmanuel-macron-pour-resoudre-la-crise-anglophone","url":"https:\/\/www.africa-press.net\/cameroun\/politique\/cameroun-la-proposition-demmanuel-macron-pour-resoudre-la-crise-anglophone","name":"Cameroun\u00a0: la proposition d\u2019Emmanuel Macron pour r\u00e9soudre la crise anglophone - Cameroun","isPartOf":{"@id":"https:\/\/www.africa-press.net\/cameroun\/#website"},"primaryImageOfPage":{"@id":"https:\/\/www.africa-press.net\/cameroun\/politique\/cameroun-la-proposition-demmanuel-macron-pour-resoudre-la-crise-anglophone#primaryimage"},"image":{"@id":"https:\/\/www.africa-press.net\/cameroun\/politique\/cameroun-la-proposition-demmanuel-macron-pour-resoudre-la-crise-anglophone#primaryimage"},"thumbnailUrl":"https:\/\/static.africa-press.net\/cameroun\/sites\/57\/2022\/07\/img-62e0310178e2e.jpg","datePublished":"2022-07-26T16:59:09+00:00","dateModified":"2022-07-26T18:23:26+00:00","author":{"@id":"https:\/\/www.africa-press.net\/cameroun\/#\/schema\/person\/2b1cf3cd81a31e3cd26889ca66d677f1"},"description":"Il l\u2019a fait savoir lors de la conf\u00e9rence de presse donn\u00e9e au Palais de l\u2019unit\u00e9 ce 26 juillet 2022. \u00ab Je demeure convain ...","breadcrumb":{"@id":"https:\/\/www.africa-press.net\/cameroun\/politique\/cameroun-la-proposition-demmanuel-macron-pour-resoudre-la-crise-anglophone#breadcrumb"},"inLanguage":"fr-FR","potentialAction":[{"@type":"ReadAction","target":["https:\/\/www.africa-press.net\/cameroun\/politique\/cameroun-la-proposition-demmanuel-macron-pour-resoudre-la-crise-anglophone"]}]},{"@type":"ImageObject","inLanguage":"fr-FR","@id":"https:\/\/www.africa-press.net\/cameroun\/politique\/cameroun-la-proposition-demmanuel-macron-pour-resoudre-la-crise-anglophone#primaryimage","url":"https:\/\/static.africa-press.net\/cameroun\/sites\/57\/2022\/07\/img-62e0310178e2e.jpg","contentUrl":"https:\/\/static.africa-press.net\/cameroun\/sites\/57\/2022\/07\/img-62e0310178e2e.jpg","width":843,"height":475,"caption":"Cameroun\u00a0: la proposition d\u2019Emmanuel Macron pour r\u00e9soudre la crise anglophone"},{"@type":"BreadcrumbList","@id":"https:\/\/www.africa-press.net\/cameroun\/politique\/cameroun-la-proposition-demmanuel-macron-pour-resoudre-la-crise-anglophone#breadcrumb","itemListElement":[{"@type":"ListItem","position":1,"name":"Accueil","item":"https:\/\/www.africa-press.net\/cameroun\/"},{"@type":"ListItem","position":2,"name":"Cameroun\u00a0: la proposition d\u2019Emmanuel Macron pour r\u00e9soudre la crise anglophone"}]},{"@type":"WebSite","@id":"https:\/\/www.africa-press.net\/cameroun\/#website","url":"https:\/\/www.africa-press.net\/cameroun\/","name":"Cameroun","description":"Just another Africa News Agency Sites site","potentialAction":[{"@type":"SearchAction","target":{"@type":"EntryPoint","urlTemplate":"https:\/\/www.africa-press.net\/cameroun\/?s={search_term_string}"},"query-input":{"@type":"PropertyValueSpecification","valueRequired":true,"valueName":"search_term_string"}}],"inLanguage":"fr-FR"},{"@type":"Person","@id":"https:\/\/www.africa-press.net\/cameroun\/#\/schema\/person\/2b1cf3cd81a31e3cd26889ca66d677f1","name":"cfeditorfr"}]}},"_links":{"self":[{"href":"https:\/\/www.africa-press.net\/cameroun\/wp-json\/wp\/v2\/posts\/24248","targetHints":{"allow":["GET"]}}],"collection":[{"href":"https:\/\/www.africa-press.net\/cameroun\/wp-json\/wp\/v2\/posts"}],"about":[{"href":"https:\/\/www.africa-press.net\/cameroun\/wp-json\/wp\/v2\/types\/post"}],"author":[{"embeddable":true,"href":"https:\/\/www.africa-press.net\/cameroun\/wp-json\/wp\/v2\/users\/82"}],"replies":[{"embeddable":true,"href":"https:\/\/www.africa-press.net\/cameroun\/wp-json\/wp\/v2\/comments?post=24248"}],"version-history":[{"count":0,"href":"https:\/\/www.africa-press.net\/cameroun\/wp-json\/wp\/v2\/posts\/24248\/revisions"}],"wp:featuredmedia":[{"embeddable":true,"href":"https:\/\/www.africa-press.net\/cameroun\/wp-json\/wp\/v2\/media\/24247"}],"wp:attachment":[{"href":"https:\/\/www.africa-press.net\/cameroun\/wp-json\/wp\/v2\/media?parent=24248"}],"wp:term":[{"taxonomy":"category","embeddable":true,"href":"https:\/\/www.africa-press.net\/cameroun\/wp-json\/wp\/v2\/categories?post=24248"},{"taxonomy":"post_tag","embeddable":true,"href":"https:\/\/www.africa-press.net\/cameroun\/wp-json\/wp\/v2\/tags?post=24248"}],"curies":[{"name":"wp","href":"https:\/\/api.w.org\/{rel}","templated":true}]}}