{"id":24251,"date":"2022-07-26T17:03:44","date_gmt":"2022-07-26T17:03:44","guid":{"rendered":"https:\/\/www.africa-press.net\/cameroun\/politique\/cameroun-sdf-les-nominations-de-john-fru-ndi-annulees-lors-de-la-reunion-du-nec"},"modified":"2022-07-26T18:24:00","modified_gmt":"2022-07-26T18:24:00","slug":"cameroun-sdf-les-nominations-de-john-fru-ndi-annulees-lors-de-la-reunion-du-nec","status":"publish","type":"post","link":"https:\/\/www.africa-press.net\/cameroun\/politique\/cameroun-sdf-les-nominations-de-john-fru-ndi-annulees-lors-de-la-reunion-du-nec","title":{"rendered":"Cameroun-SDF : les nominations de John Fru Ndi annul\u00e9es lors de la r\u00e9union du Nec"},"content":{"rendered":"<p><span style=\"color: #ff6600\"><strong>Africa-Press &#8211; Cameroun. <\/strong><\/span>Le Comit\u00e9 ex\u00e9cutif national du Social Democratic Frund a tenu une r\u00e9union le 23 juillet 2022 au si\u00e8ge du parti \u00e0 Yaound\u00e9.<\/p>\n<p>Ce f\u00fbt une dure journ\u00e9e pour les membres du Comit\u00e9 ex\u00e9cutif national du Social Democratic Frund (SDF). Regroup\u00e9s lors de la r\u00e9union du NEC \u00e0 Yaound\u00e9, ils avaient comme point de discussion principal les derni\u00e8res nominations faites par le pr\u00e9sident du parti, Ni John Fru Ndi. A cette occasion, les participants ont pr\u00e9sent\u00e9 la D\u00e9claration de Mbouda pour r\u00e9gler la question.<\/p>\n<p>Le document sign\u00e9 le 22 juin 2022 demande que le pr\u00e9sident annule ses nominations au sein du parti qui ont \u00e9t\u00e9 faites le 16 juin 2022. Selon les initiateurs de la d\u00e9claration de Mbouda, les d\u00e9cisions de Fru Ndi n\u2019ont pas respect\u00e9 les textes du parti.<\/p>\n<p>C\u2019est en s\u2019appuyant sur l\u2019article 18.5 de la constitution du parti, que les 27 signataires de la d\u00e9claration de Mbouda ont utilis\u00e9 pour demander au chairman de pr\u00e9senter d\u2019abord ses nominations au comit\u00e9 ex\u00e9cutif national pour validation.<\/p>\n<p>Cl\u00f4turant la rencontre, Ni John Fru Ndi a profit\u00e9 de l\u2019occasion pour inviter les membres du parti \u00e0 mettre de c\u00f4t\u00e9 leurs diverses diff\u00e9rences et \u00e0 se concentrer sur la construction d\u2019un SDF plus fort.<\/p>\n<p><strong>Pour plus d&rsquo;informations et d&rsquo;analyses sur la <a href=\"https:\/\/www.africa-press.net\/cameroun\">Cameroun<\/a>, suivez <a href=\"https:\/\/www.africa-press.net\/\">Africa-Press<\/a><\/strong><\/p>\n","protected":false},"excerpt":{"rendered":"<p>Africa-Press &#8211; Cameroun. Le Comit\u00e9 ex\u00e9cutif national du Social Democratic Frund a tenu une r\u00e9union le 23 juillet 2022 au si\u00e8ge du parti \u00e0 Yaound\u00e9. Ce f\u00fbt une dure journ\u00e9e pour les membres du Comit\u00e9 ex\u00e9cutif national du Social Democratic Frund (SDF). Regroup\u00e9s lors de la r\u00e9union du NEC \u00e0 Yaound\u00e9, ils avaient comme point [&hellip;]<\/p>\n","protected":false},"author":82,"featured_media":24250,"comment_status":"open","ping_status":"closed","sticky":false,"template":"","format":"standard","meta":{"footnotes":""},"categories":[11,2,10],"tags":[36,50,49],"class_list":["post-24251","post","type-post","status-publish","format-standard","has-post-thumbnail","hentry","category-homepage-french","category-politique","category-toutes-les-actualites","tag-africa-press","tag-africa-press-cameroun","tag-cameroun"],"yoast_head":"<!-- This site is optimized with the Yoast SEO Premium plugin v26.1 (Yoast SEO v27.0) - https:\/\/yoast.com\/product\/yoast-seo-premium-wordpress\/ -->\n<title>Cameroun-SDF : les nominations de John Fru Ndi annul\u00e9es lors de la r\u00e9union du Nec - Cameroun<\/title>\n<meta name=\"description\" content=\"Le Comit\u00e9 ex\u00e9cutif national du Social Democratic Frund a tenu une r\u00e9union le 23 juillet 2022 au si\u00e8ge du parti \u00e0 Yaound\u00e9 ...\" \/>\n<meta name=\"robots\" content=\"index, follow, max-snippet:-1, max-image-preview:large, max-video-preview:-1\" \/>\n<link rel=\"canonical\" href=\"https:\/\/www.africa-press.net\/cameroun\/politique\/cameroun-sdf-les-nominations-de-john-fru-ndi-annulees-lors-de-la-reunion-du-nec\" \/>\n<meta property=\"og:locale\" content=\"fr_FR\" \/>\n<meta property=\"og:type\" content=\"article\" \/>\n<meta property=\"og:title\" content=\"Cameroun-SDF : les nominations de John Fru Ndi annul\u00e9es lors de la r\u00e9union du Nec\" \/>\n<meta property=\"og:description\" content=\"Le Comit\u00e9 ex\u00e9cutif national du Social Democratic Frund a tenu une r\u00e9union le 23 juillet 2022 au si\u00e8ge du parti \u00e0 Yaound\u00e9 ...\" \/>\n<meta property=\"og:url\" content=\"https:\/\/www.africa-press.net\/cameroun\/politique\/cameroun-sdf-les-nominations-de-john-fru-ndi-annulees-lors-de-la-reunion-du-nec\" \/>\n<meta property=\"og:site_name\" content=\"Cameroun\" \/>\n<meta property=\"article:published_time\" content=\"2022-07-26T17:03:44+00:00\" \/>\n<meta property=\"article:modified_time\" content=\"2022-07-26T18:24:00+00:00\" \/>\n<meta property=\"og:image\" content=\"https:\/\/static.africa-press.net\/cameroun\/sites\/57\/2022\/07\/img-62e031257923a.jpg\" \/>\n\t<meta property=\"og:image:width\" content=\"800\" \/>\n\t<meta property=\"og:image:height\" content=\"600\" \/>\n\t<meta property=\"og:image:type\" content=\"image\/jpeg\" \/>\n<meta name=\"author\" content=\"cfeditorfr\" \/>\n<meta name=\"twitter:card\" content=\"summary_large_image\" \/>\n<meta name=\"twitter:label1\" content=\"\u00c9crit par\" \/>\n\t<meta name=\"twitter:data1\" content=\"cfeditorfr\" \/>\n\t<meta name=\"twitter:label2\" content=\"Dur\u00e9e de lecture estim\u00e9e\" \/>\n\t<meta name=\"twitter:data2\" content=\"2 minutes\" \/>\n<script type=\"application\/ld+json\" class=\"yoast-schema-graph\">{\"@context\":\"https:\/\/schema.org\",\"@graph\":[{\"@type\":\"Article\",\"@id\":\"https:\/\/www.africa-press.net\/cameroun\/politique\/cameroun-sdf-les-nominations-de-john-fru-ndi-annulees-lors-de-la-reunion-du-nec#article\",\"isPartOf\":{\"@id\":\"https:\/\/www.africa-press.net\/cameroun\/politique\/cameroun-sdf-les-nominations-de-john-fru-ndi-annulees-lors-de-la-reunion-du-nec\"},\"author\":{\"name\":\"cfeditorfr\",\"@id\":\"https:\/\/www.africa-press.net\/cameroun\/#\/schema\/person\/2b1cf3cd81a31e3cd26889ca66d677f1\"},\"headline\":\"Cameroun-SDF : les nominations de John Fru Ndi annul\u00e9es lors de la r\u00e9union du Nec\",\"datePublished\":\"2022-07-26T17:03:44+00:00\",\"dateModified\":\"2022-07-26T18:24:00+00:00\",\"mainEntityOfPage\":{\"@id\":\"https:\/\/www.africa-press.net\/cameroun\/politique\/cameroun-sdf-les-nominations-de-john-fru-ndi-annulees-lors-de-la-reunion-du-nec\"},\"wordCount\":249,\"commentCount\":0,\"image\":{\"@id\":\"https:\/\/www.africa-press.net\/cameroun\/politique\/cameroun-sdf-les-nominations-de-john-fru-ndi-annulees-lors-de-la-reunion-du-nec#primaryimage\"},\"thumbnailUrl\":\"https:\/\/static.africa-press.net\/cameroun\/sites\/57\/2022\/07\/img-62e031257923a.jpg\",\"keywords\":[\"Africa Press\",\"Africa Press-Cameroun\",\"Cameroun\"],\"articleSection\":[\"homepage-french\",\"Politique\",\"Toutes les actualit\u00e9s\"],\"inLanguage\":\"fr-FR\",\"potentialAction\":[{\"@type\":\"CommentAction\",\"name\":\"Comment\",\"target\":[\"https:\/\/www.africa-press.net\/cameroun\/politique\/cameroun-sdf-les-nominations-de-john-fru-ndi-annulees-lors-de-la-reunion-du-nec#respond\"]}]},{\"@type\":\"WebPage\",\"@id\":\"https:\/\/www.africa-press.net\/cameroun\/politique\/cameroun-sdf-les-nominations-de-john-fru-ndi-annulees-lors-de-la-reunion-du-nec\",\"url\":\"https:\/\/www.africa-press.net\/cameroun\/politique\/cameroun-sdf-les-nominations-de-john-fru-ndi-annulees-lors-de-la-reunion-du-nec\",\"name\":\"Cameroun-SDF : les nominations de John Fru Ndi annul\u00e9es lors de la r\u00e9union du Nec - Cameroun\",\"isPartOf\":{\"@id\":\"https:\/\/www.africa-press.net\/cameroun\/#website\"},\"primaryImageOfPage\":{\"@id\":\"https:\/\/www.africa-press.net\/cameroun\/politique\/cameroun-sdf-les-nominations-de-john-fru-ndi-annulees-lors-de-la-reunion-du-nec#primaryimage\"},\"image\":{\"@id\":\"https:\/\/www.africa-press.net\/cameroun\/politique\/cameroun-sdf-les-nominations-de-john-fru-ndi-annulees-lors-de-la-reunion-du-nec#primaryimage\"},\"thumbnailUrl\":\"https:\/\/static.africa-press.net\/cameroun\/sites\/57\/2022\/07\/img-62e031257923a.jpg\",\"datePublished\":\"2022-07-26T17:03:44+00:00\",\"dateModified\":\"2022-07-26T18:24:00+00:00\",\"author\":{\"@id\":\"https:\/\/www.africa-press.net\/cameroun\/#\/schema\/person\/2b1cf3cd81a31e3cd26889ca66d677f1\"},\"description\":\"Le Comit\u00e9 ex\u00e9cutif national du Social Democratic Frund a tenu une r\u00e9union le 23 juillet 2022 au si\u00e8ge du parti \u00e0 Yaound\u00e9 ...\",\"breadcrumb\":{\"@id\":\"https:\/\/www.africa-press.net\/cameroun\/politique\/cameroun-sdf-les-nominations-de-john-fru-ndi-annulees-lors-de-la-reunion-du-nec#breadcrumb\"},\"inLanguage\":\"fr-FR\",\"potentialAction\":[{\"@type\":\"ReadAction\",\"target\":[\"https:\/\/www.africa-press.net\/cameroun\/politique\/cameroun-sdf-les-nominations-de-john-fru-ndi-annulees-lors-de-la-reunion-du-nec\"]}]},{\"@type\":\"ImageObject\",\"inLanguage\":\"fr-FR\",\"@id\":\"https:\/\/www.africa-press.net\/cameroun\/politique\/cameroun-sdf-les-nominations-de-john-fru-ndi-annulees-lors-de-la-reunion-du-nec#primaryimage\",\"url\":\"https:\/\/static.africa-press.net\/cameroun\/sites\/57\/2022\/07\/img-62e031257923a.jpg\",\"contentUrl\":\"https:\/\/static.africa-press.net\/cameroun\/sites\/57\/2022\/07\/img-62e031257923a.jpg\",\"width\":800,\"height\":600,\"caption\":\"Cameroun-SDF : les nominations de John Fru Ndi annul\u00e9es lors de la r\u00e9union du Nec\"},{\"@type\":\"BreadcrumbList\",\"@id\":\"https:\/\/www.africa-press.net\/cameroun\/politique\/cameroun-sdf-les-nominations-de-john-fru-ndi-annulees-lors-de-la-reunion-du-nec#breadcrumb\",\"itemListElement\":[{\"@type\":\"ListItem\",\"position\":1,\"name\":\"Accueil\",\"item\":\"https:\/\/www.africa-press.net\/cameroun\/\"},{\"@type\":\"ListItem\",\"position\":2,\"name\":\"Cameroun-SDF : les nominations de John Fru Ndi annul\u00e9es lors de la r\u00e9union du Nec\"}]},{\"@type\":\"WebSite\",\"@id\":\"https:\/\/www.africa-press.net\/cameroun\/#website\",\"url\":\"https:\/\/www.africa-press.net\/cameroun\/\",\"name\":\"Cameroun\",\"description\":\"Just another Africa News Agency Sites site\",\"potentialAction\":[{\"@type\":\"SearchAction\",\"target\":{\"@type\":\"EntryPoint\",\"urlTemplate\":\"https:\/\/www.africa-press.net\/cameroun\/?s={search_term_string}\"},\"query-input\":{\"@type\":\"PropertyValueSpecification\",\"valueRequired\":true,\"valueName\":\"search_term_string\"}}],\"inLanguage\":\"fr-FR\"},{\"@type\":\"Person\",\"@id\":\"https:\/\/www.africa-press.net\/cameroun\/#\/schema\/person\/2b1cf3cd81a31e3cd26889ca66d677f1\",\"name\":\"cfeditorfr\"}]}<\/script>\n<!-- \/ Yoast SEO Premium plugin. -->","yoast_head_json":{"title":"Cameroun-SDF : les nominations de John Fru Ndi annul\u00e9es lors de la r\u00e9union du Nec - Cameroun","description":"Le Comit\u00e9 ex\u00e9cutif national du Social Democratic Frund a tenu une r\u00e9union le 23 juillet 2022 au si\u00e8ge du parti \u00e0 Yaound\u00e9 ...","robots":{"index":"index","follow":"follow","max-snippet":"max-snippet:-1","max-image-preview":"max-image-preview:large","max-video-preview":"max-video-preview:-1"},"canonical":"https:\/\/www.africa-press.net\/cameroun\/politique\/cameroun-sdf-les-nominations-de-john-fru-ndi-annulees-lors-de-la-reunion-du-nec","og_locale":"fr_FR","og_type":"article","og_title":"Cameroun-SDF : les nominations de John Fru Ndi annul\u00e9es lors de la r\u00e9union du Nec","og_description":"Le Comit\u00e9 ex\u00e9cutif national du Social Democratic Frund a tenu une r\u00e9union le 23 juillet 2022 au si\u00e8ge du parti \u00e0 Yaound\u00e9 ...","og_url":"https:\/\/www.africa-press.net\/cameroun\/politique\/cameroun-sdf-les-nominations-de-john-fru-ndi-annulees-lors-de-la-reunion-du-nec","og_site_name":"Cameroun","article_published_time":"2022-07-26T17:03:44+00:00","article_modified_time":"2022-07-26T18:24:00+00:00","og_image":[{"width":800,"height":600,"url":"https:\/\/static.africa-press.net\/cameroun\/sites\/57\/2022\/07\/img-62e031257923a.jpg","type":"image\/jpeg"}],"author":"cfeditorfr","twitter_card":"summary_large_image","twitter_misc":{"\u00c9crit par":"cfeditorfr","Dur\u00e9e de lecture estim\u00e9e":"2 minutes"},"schema":{"@context":"https:\/\/schema.org","@graph":[{"@type":"Article","@id":"https:\/\/www.africa-press.net\/cameroun\/politique\/cameroun-sdf-les-nominations-de-john-fru-ndi-annulees-lors-de-la-reunion-du-nec#article","isPartOf":{"@id":"https:\/\/www.africa-press.net\/cameroun\/politique\/cameroun-sdf-les-nominations-de-john-fru-ndi-annulees-lors-de-la-reunion-du-nec"},"author":{"name":"cfeditorfr","@id":"https:\/\/www.africa-press.net\/cameroun\/#\/schema\/person\/2b1cf3cd81a31e3cd26889ca66d677f1"},"headline":"Cameroun-SDF : les nominations de John Fru Ndi annul\u00e9es lors de la r\u00e9union du Nec","datePublished":"2022-07-26T17:03:44+00:00","dateModified":"2022-07-26T18:24:00+00:00","mainEntityOfPage":{"@id":"https:\/\/www.africa-press.net\/cameroun\/politique\/cameroun-sdf-les-nominations-de-john-fru-ndi-annulees-lors-de-la-reunion-du-nec"},"wordCount":249,"commentCount":0,"image":{"@id":"https:\/\/www.africa-press.net\/cameroun\/politique\/cameroun-sdf-les-nominations-de-john-fru-ndi-annulees-lors-de-la-reunion-du-nec#primaryimage"},"thumbnailUrl":"https:\/\/static.africa-press.net\/cameroun\/sites\/57\/2022\/07\/img-62e031257923a.jpg","keywords":["Africa Press","Africa Press-Cameroun","Cameroun"],"articleSection":["homepage-french","Politique","Toutes les actualit\u00e9s"],"inLanguage":"fr-FR","potentialAction":[{"@type":"CommentAction","name":"Comment","target":["https:\/\/www.africa-press.net\/cameroun\/politique\/cameroun-sdf-les-nominations-de-john-fru-ndi-annulees-lors-de-la-reunion-du-nec#respond"]}]},{"@type":"WebPage","@id":"https:\/\/www.africa-press.net\/cameroun\/politique\/cameroun-sdf-les-nominations-de-john-fru-ndi-annulees-lors-de-la-reunion-du-nec","url":"https:\/\/www.africa-press.net\/cameroun\/politique\/cameroun-sdf-les-nominations-de-john-fru-ndi-annulees-lors-de-la-reunion-du-nec","name":"Cameroun-SDF : les nominations de John Fru Ndi annul\u00e9es lors de la r\u00e9union du Nec - Cameroun","isPartOf":{"@id":"https:\/\/www.africa-press.net\/cameroun\/#website"},"primaryImageOfPage":{"@id":"https:\/\/www.africa-press.net\/cameroun\/politique\/cameroun-sdf-les-nominations-de-john-fru-ndi-annulees-lors-de-la-reunion-du-nec#primaryimage"},"image":{"@id":"https:\/\/www.africa-press.net\/cameroun\/politique\/cameroun-sdf-les-nominations-de-john-fru-ndi-annulees-lors-de-la-reunion-du-nec#primaryimage"},"thumbnailUrl":"https:\/\/static.africa-press.net\/cameroun\/sites\/57\/2022\/07\/img-62e031257923a.jpg","datePublished":"2022-07-26T17:03:44+00:00","dateModified":"2022-07-26T18:24:00+00:00","author":{"@id":"https:\/\/www.africa-press.net\/cameroun\/#\/schema\/person\/2b1cf3cd81a31e3cd26889ca66d677f1"},"description":"Le Comit\u00e9 ex\u00e9cutif national du Social Democratic Frund a tenu une r\u00e9union le 23 juillet 2022 au si\u00e8ge du parti \u00e0 Yaound\u00e9 ...","breadcrumb":{"@id":"https:\/\/www.africa-press.net\/cameroun\/politique\/cameroun-sdf-les-nominations-de-john-fru-ndi-annulees-lors-de-la-reunion-du-nec#breadcrumb"},"inLanguage":"fr-FR","potentialAction":[{"@type":"ReadAction","target":["https:\/\/www.africa-press.net\/cameroun\/politique\/cameroun-sdf-les-nominations-de-john-fru-ndi-annulees-lors-de-la-reunion-du-nec"]}]},{"@type":"ImageObject","inLanguage":"fr-FR","@id":"https:\/\/www.africa-press.net\/cameroun\/politique\/cameroun-sdf-les-nominations-de-john-fru-ndi-annulees-lors-de-la-reunion-du-nec#primaryimage","url":"https:\/\/static.africa-press.net\/cameroun\/sites\/57\/2022\/07\/img-62e031257923a.jpg","contentUrl":"https:\/\/static.africa-press.net\/cameroun\/sites\/57\/2022\/07\/img-62e031257923a.jpg","width":800,"height":600,"caption":"Cameroun-SDF : les nominations de John Fru Ndi annul\u00e9es lors de la r\u00e9union du Nec"},{"@type":"BreadcrumbList","@id":"https:\/\/www.africa-press.net\/cameroun\/politique\/cameroun-sdf-les-nominations-de-john-fru-ndi-annulees-lors-de-la-reunion-du-nec#breadcrumb","itemListElement":[{"@type":"ListItem","position":1,"name":"Accueil","item":"https:\/\/www.africa-press.net\/cameroun\/"},{"@type":"ListItem","position":2,"name":"Cameroun-SDF : les nominations de John Fru Ndi annul\u00e9es lors de la r\u00e9union du Nec"}]},{"@type":"WebSite","@id":"https:\/\/www.africa-press.net\/cameroun\/#website","url":"https:\/\/www.africa-press.net\/cameroun\/","name":"Cameroun","description":"Just another Africa News Agency Sites site","potentialAction":[{"@type":"SearchAction","target":{"@type":"EntryPoint","urlTemplate":"https:\/\/www.africa-press.net\/cameroun\/?s={search_term_string}"},"query-input":{"@type":"PropertyValueSpecification","valueRequired":true,"valueName":"search_term_string"}}],"inLanguage":"fr-FR"},{"@type":"Person","@id":"https:\/\/www.africa-press.net\/cameroun\/#\/schema\/person\/2b1cf3cd81a31e3cd26889ca66d677f1","name":"cfeditorfr"}]}},"_links":{"self":[{"href":"https:\/\/www.africa-press.net\/cameroun\/wp-json\/wp\/v2\/posts\/24251","targetHints":{"allow":["GET"]}}],"collection":[{"href":"https:\/\/www.africa-press.net\/cameroun\/wp-json\/wp\/v2\/posts"}],"about":[{"href":"https:\/\/www.africa-press.net\/cameroun\/wp-json\/wp\/v2\/types\/post"}],"author":[{"embeddable":true,"href":"https:\/\/www.africa-press.net\/cameroun\/wp-json\/wp\/v2\/users\/82"}],"replies":[{"embeddable":true,"href":"https:\/\/www.africa-press.net\/cameroun\/wp-json\/wp\/v2\/comments?post=24251"}],"version-history":[{"count":0,"href":"https:\/\/www.africa-press.net\/cameroun\/wp-json\/wp\/v2\/posts\/24251\/revisions"}],"wp:featuredmedia":[{"embeddable":true,"href":"https:\/\/www.africa-press.net\/cameroun\/wp-json\/wp\/v2\/media\/24250"}],"wp:attachment":[{"href":"https:\/\/www.africa-press.net\/cameroun\/wp-json\/wp\/v2\/media?parent=24251"}],"wp:term":[{"taxonomy":"category","embeddable":true,"href":"https:\/\/www.africa-press.net\/cameroun\/wp-json\/wp\/v2\/categories?post=24251"},{"taxonomy":"post_tag","embeddable":true,"href":"https:\/\/www.africa-press.net\/cameroun\/wp-json\/wp\/v2\/tags?post=24251"}],"curies":[{"name":"wp","href":"https:\/\/api.w.org\/{rel}","templated":true}]}}