{"id":24257,"date":"2022-07-26T17:20:47","date_gmt":"2022-07-26T17:20:47","guid":{"rendered":"https:\/\/www.africa-press.net\/cameroun\/politique\/visite-de-macron-au-cameroun-babissakana-plaide-pour-la-cloture-du-compte-des-operations-de-la-beac-en-france"},"modified":"2022-07-26T18:25:01","modified_gmt":"2022-07-26T18:25:01","slug":"visite-de-macron-au-cameroun-babissakana-plaide-pour-la-cloture-du-compte-des-operations-de-la-beac-en-france","status":"publish","type":"post","link":"https:\/\/www.africa-press.net\/cameroun\/economie\/visite-de-macron-au-cameroun-babissakana-plaide-pour-la-cloture-du-compte-des-operations-de-la-beac-en-france","title":{"rendered":"Visite de Macron au Cameroun\u00a0: Babissakana plaide pour la cl\u00f4ture du compte des op\u00e9rations de la Beac en France"},"content":{"rendered":"<p><span style=\"color: #ff6600\"><strong>Africa-Press &#8211; Cameroun. <\/strong><\/span>Investir au Cameroun) &#8211; A l\u2019occasion de la visite d\u2019Emmanuel Macron au Cameroun, l\u2019ing\u00e9nieur financier camerounais, Babissakana (photo), lui a adress\u00e9 une lettre ouverte pour plaider notamment la cl\u00f4ture du compte des op\u00e9rations de la Banque des \u00c9tats de l\u2019Afrique centrale (Beac) en France. C\u2019est \u00e0 travers ce compte que les pays de la Cemac peuvent acheter des biens en devises et qui, selon certains experts, garantit, en partie, la convertibilit\u00e9 et la parit\u00e9 fixe du FCFA \u00e0 l\u2019euro.<\/p>\n<p>Babissakana explique sa position en indiquant que le fait pour les \u00c9tats membres de la Beac (Cameroun, Centrafrique, Congo, Gabon, Guin\u00e9e \u00e9quatoriale et Tchad) de devoir d\u00e9poser leurs avoirs ext\u00e9rieurs (3\u2009798 milliards de FCFA au 31 d\u00e9cembre 2021) dans ce compte des op\u00e9rations, log\u00e9 au tr\u00e9sor fran\u00e7ais est \u00ab\u2009sans justification soutenable\u2009\u00bb.<\/p>\n<p>Pour l\u2019expert financier, il s\u2019agit d\u2019une ing\u00e9rence fran\u00e7aise dans la souverainet\u00e9 mon\u00e9taire de la Cemac qu\u2019il faut restituer. Il affirme que la d\u00e9cision de restitution de cette souverainet\u00e9 mon\u00e9taire peut \u00eatre prise par la France en application de l\u2019article 17 de la convention de coop\u00e9ration mon\u00e9taire qui lie les \u00c9tats membres de la Beac \u00e0 la R\u00e9publique fran\u00e7aise depuis le 23 novembre 1972. Cet article dispose que \u00ab\u2009tout \u00c9tat signataire peut d\u00e9noncer la pr\u00e9sente convention. Cette d\u00e9cision prend effet \u00e0 compter de la date de sa notification \u00e0 l\u2019\u00c9tat d\u00e9positaire. La n\u00e9gociation des arrangements n\u00e9cessaires sera entreprise imm\u00e9diatement entre les \u00c9tats signataires \u00e0 la diligence de l\u2019un quelconque d\u2019entre eux.\u2009\u00bb<\/p>\n<p>L\u2019ing\u00e9nieur financier plaide aussi pour le retrait des repr\u00e9sentants de la France du Conseil d\u2019administration de la Beac, du coll\u00e8ge des censeurs de la Beac, du Comit\u00e9 de la politique mon\u00e9taire de la Banque centrale et de la Commission bancaire de l\u2019Afrique Centrale ; l\u2019annulation par la France de sa garantie de convertibilit\u00e9 du FCFA vers l\u2019euro pour soutenir le r\u00e9gime de change fixe.<\/p>\n<p>\u00ab\u2009Dans cette optique de restauration de notre souverainet\u00e9 mon\u00e9taire, le changement ou non du nom de la monnaie tout comme le choix du r\u00e9gime de change incombent aux chefs d\u2019\u00c9tat de la Cemac. Dans le cas o\u00f9 le r\u00e9gime de change fixe conventionnel est maintenu comme instrument de qu\u00eate de stabilit\u00e9 mon\u00e9taire, la garantie de la France pr\u00e9tendument d\u00e9nomm\u00e9e \u201cgarantie de convertibilit\u00e9 illimit\u00e9e\u201d sera remplac\u00e9e des instruments financiers plus adapt\u00e9s pour une meilleure maitrise du risque de liquidit\u00e9 internationale (le risque d\u2019\u00e9puisement ou de manque des r\u00e9serves internationales dont dispose la Beac pour honorer ses engagements internationaux), et surtout un d\u00e9veloppement durable de la cr\u00e9dibilit\u00e9 du r\u00e9gime de change et de la parit\u00e9 de notre monnaie\u2009\u00bb, conclut Babissakana.<\/p>\n<p>L\u2019expert financier avait adress\u00e9 une lettre ouverte similaire \u00e0 l\u2019ancien pr\u00e9sident fran\u00e7ais Fran\u00e7ois Hollande lors de sa visite au Cameroun en juillet 2015. Comme ce f\u00fbt le cas lors de ce s\u00e9jour, la question n\u2019a pas \u00e9t\u00e9 abord\u00e9e en public lors de la conf\u00e9rence de presse entre les pr\u00e9sidents Paul Biya et Emmanuel Macron. En d\u00e9cembre 2019, les chefs d\u2019\u00c9tat de la Cemac ont charg\u00e9 la Commission de la Cemac et la Beac de r\u00e9fl\u00e9chir \u00e0 une r\u00e9forme du FCFA. On ignore \u00e0 quel niveau se trouve cette r\u00e9flexion \u00e0 ce jour.<\/p>\n<p>S.A.<\/p>\n<p><strong>Pour plus d&rsquo;informations et d&rsquo;analyses sur la <a href=\"https:\/\/www.africa-press.net\/cameroun\">Cameroun<\/a>, suivez <a href=\"https:\/\/www.africa-press.net\/\">Africa-Press<\/a><\/strong><\/p>\n","protected":false},"excerpt":{"rendered":"<p>Africa-Press &#8211; Cameroun. Investir au Cameroun) &#8211; A l\u2019occasion de la visite d\u2019Emmanuel Macron au Cameroun, l\u2019ing\u00e9nieur financier camerounais, Babissakana (photo), lui a adress\u00e9 une lettre ouverte pour plaider notamment la cl\u00f4ture du compte des op\u00e9rations de la Banque des \u00c9tats de l\u2019Afrique centrale (Beac) en France. C\u2019est \u00e0 travers ce compte que les pays [&hellip;]<\/p>\n","protected":false},"author":82,"featured_media":24256,"comment_status":"open","ping_status":"closed","sticky":false,"template":"","format":"standard","meta":{"footnotes":""},"categories":[3,11,10],"tags":[36,50,49],"class_list":["post-24257","post","type-post","status-publish","format-standard","has-post-thumbnail","hentry","category-economie","category-homepage-french","category-toutes-les-actualites","tag-africa-press","tag-africa-press-cameroun","tag-cameroun"],"yoast_head":"<!-- This site is optimized with the Yoast SEO Premium plugin v26.1 (Yoast SEO v27.0) - https:\/\/yoast.com\/product\/yoast-seo-premium-wordpress\/ -->\n<title>Visite de Macron au Cameroun\u00a0: Babissakana plaide pour la cl\u00f4ture du compte des op\u00e9rations de la Beac en France - Cameroun<\/title>\n<meta name=\"description\" content=\"Investir au Cameroun) - A l\u2019occasion de la visite d\u2019Emmanuel Macron au Cameroun, l\u2019ing\u00e9nieur financier camerounais, Babi ...\" \/>\n<meta name=\"robots\" content=\"index, follow, max-snippet:-1, max-image-preview:large, max-video-preview:-1\" \/>\n<link rel=\"canonical\" href=\"https:\/\/www.africa-press.net\/cameroun\/economie\/visite-de-macron-au-cameroun-babissakana-plaide-pour-la-cloture-du-compte-des-operations-de-la-beac-en-france\" \/>\n<meta property=\"og:locale\" content=\"fr_FR\" \/>\n<meta property=\"og:type\" content=\"article\" \/>\n<meta property=\"og:title\" content=\"Visite de Macron au Cameroun\u00a0: Babissakana plaide pour la cl\u00f4ture du compte des op\u00e9rations de la Beac en France\" \/>\n<meta property=\"og:description\" content=\"Investir au Cameroun) - A l\u2019occasion de la visite d\u2019Emmanuel Macron au Cameroun, l\u2019ing\u00e9nieur financier camerounais, Babi ...\" \/>\n<meta property=\"og:url\" content=\"https:\/\/www.africa-press.net\/cameroun\/economie\/visite-de-macron-au-cameroun-babissakana-plaide-pour-la-cloture-du-compte-des-operations-de-la-beac-en-france\" \/>\n<meta property=\"og:site_name\" content=\"Cameroun\" \/>\n<meta property=\"article:published_time\" content=\"2022-07-26T17:20:47+00:00\" \/>\n<meta property=\"article:modified_time\" content=\"2022-07-26T18:25:01+00:00\" \/>\n<meta property=\"og:image\" content=\"https:\/\/static.africa-press.net\/cameroun\/sites\/57\/2022\/07\/img-62e03166a013b.jpg\" \/>\n\t<meta property=\"og:image:width\" content=\"720\" \/>\n\t<meta property=\"og:image:height\" content=\"479\" \/>\n\t<meta property=\"og:image:type\" content=\"image\/jpeg\" \/>\n<meta name=\"author\" content=\"cfeditorfr\" \/>\n<meta name=\"twitter:card\" content=\"summary_large_image\" \/>\n<meta name=\"twitter:label1\" content=\"\u00c9crit par\" \/>\n\t<meta name=\"twitter:data1\" content=\"cfeditorfr\" \/>\n\t<meta name=\"twitter:label2\" content=\"Dur\u00e9e de lecture estim\u00e9e\" \/>\n\t<meta name=\"twitter:data2\" content=\"3 minutes\" \/>\n<script type=\"application\/ld+json\" class=\"yoast-schema-graph\">{\"@context\":\"https:\/\/schema.org\",\"@graph\":[{\"@type\":\"Article\",\"@id\":\"https:\/\/www.africa-press.net\/cameroun\/economie\/visite-de-macron-au-cameroun-babissakana-plaide-pour-la-cloture-du-compte-des-operations-de-la-beac-en-france#article\",\"isPartOf\":{\"@id\":\"https:\/\/www.africa-press.net\/cameroun\/economie\/visite-de-macron-au-cameroun-babissakana-plaide-pour-la-cloture-du-compte-des-operations-de-la-beac-en-france\"},\"author\":{\"name\":\"cfeditorfr\",\"@id\":\"https:\/\/www.africa-press.net\/cameroun\/#\/schema\/person\/2b1cf3cd81a31e3cd26889ca66d677f1\"},\"headline\":\"Visite de Macron au Cameroun\u00a0: Babissakana plaide pour la cl\u00f4ture du compte des op\u00e9rations de la Beac en France\",\"datePublished\":\"2022-07-26T17:20:47+00:00\",\"dateModified\":\"2022-07-26T18:25:01+00:00\",\"mainEntityOfPage\":{\"@id\":\"https:\/\/www.africa-press.net\/cameroun\/economie\/visite-de-macron-au-cameroun-babissakana-plaide-pour-la-cloture-du-compte-des-operations-de-la-beac-en-france\"},\"wordCount\":617,\"commentCount\":0,\"image\":{\"@id\":\"https:\/\/www.africa-press.net\/cameroun\/economie\/visite-de-macron-au-cameroun-babissakana-plaide-pour-la-cloture-du-compte-des-operations-de-la-beac-en-france#primaryimage\"},\"thumbnailUrl\":\"https:\/\/static.africa-press.net\/cameroun\/sites\/57\/2022\/07\/img-62e03166a013b.jpg\",\"keywords\":[\"Africa Press\",\"Africa Press-Cameroun\",\"Cameroun\"],\"articleSection\":[\"\u00c9conomie\",\"homepage-french\",\"Toutes les actualit\u00e9s\"],\"inLanguage\":\"fr-FR\",\"potentialAction\":[{\"@type\":\"CommentAction\",\"name\":\"Comment\",\"target\":[\"https:\/\/www.africa-press.net\/cameroun\/economie\/visite-de-macron-au-cameroun-babissakana-plaide-pour-la-cloture-du-compte-des-operations-de-la-beac-en-france#respond\"]}]},{\"@type\":\"WebPage\",\"@id\":\"https:\/\/www.africa-press.net\/cameroun\/economie\/visite-de-macron-au-cameroun-babissakana-plaide-pour-la-cloture-du-compte-des-operations-de-la-beac-en-france\",\"url\":\"https:\/\/www.africa-press.net\/cameroun\/economie\/visite-de-macron-au-cameroun-babissakana-plaide-pour-la-cloture-du-compte-des-operations-de-la-beac-en-france\",\"name\":\"Visite de Macron au Cameroun\u00a0: Babissakana plaide pour la cl\u00f4ture du compte des op\u00e9rations de la Beac en France - Cameroun\",\"isPartOf\":{\"@id\":\"https:\/\/www.africa-press.net\/cameroun\/#website\"},\"primaryImageOfPage\":{\"@id\":\"https:\/\/www.africa-press.net\/cameroun\/economie\/visite-de-macron-au-cameroun-babissakana-plaide-pour-la-cloture-du-compte-des-operations-de-la-beac-en-france#primaryimage\"},\"image\":{\"@id\":\"https:\/\/www.africa-press.net\/cameroun\/economie\/visite-de-macron-au-cameroun-babissakana-plaide-pour-la-cloture-du-compte-des-operations-de-la-beac-en-france#primaryimage\"},\"thumbnailUrl\":\"https:\/\/static.africa-press.net\/cameroun\/sites\/57\/2022\/07\/img-62e03166a013b.jpg\",\"datePublished\":\"2022-07-26T17:20:47+00:00\",\"dateModified\":\"2022-07-26T18:25:01+00:00\",\"author\":{\"@id\":\"https:\/\/www.africa-press.net\/cameroun\/#\/schema\/person\/2b1cf3cd81a31e3cd26889ca66d677f1\"},\"description\":\"Investir au Cameroun) - A l\u2019occasion de la visite d\u2019Emmanuel Macron au Cameroun, l\u2019ing\u00e9nieur financier camerounais, Babi ...\",\"breadcrumb\":{\"@id\":\"https:\/\/www.africa-press.net\/cameroun\/economie\/visite-de-macron-au-cameroun-babissakana-plaide-pour-la-cloture-du-compte-des-operations-de-la-beac-en-france#breadcrumb\"},\"inLanguage\":\"fr-FR\",\"potentialAction\":[{\"@type\":\"ReadAction\",\"target\":[\"https:\/\/www.africa-press.net\/cameroun\/economie\/visite-de-macron-au-cameroun-babissakana-plaide-pour-la-cloture-du-compte-des-operations-de-la-beac-en-france\"]}]},{\"@type\":\"ImageObject\",\"inLanguage\":\"fr-FR\",\"@id\":\"https:\/\/www.africa-press.net\/cameroun\/economie\/visite-de-macron-au-cameroun-babissakana-plaide-pour-la-cloture-du-compte-des-operations-de-la-beac-en-france#primaryimage\",\"url\":\"https:\/\/static.africa-press.net\/cameroun\/sites\/57\/2022\/07\/img-62e03166a013b.jpg\",\"contentUrl\":\"https:\/\/static.africa-press.net\/cameroun\/sites\/57\/2022\/07\/img-62e03166a013b.jpg\",\"width\":720,\"height\":479,\"caption\":\"Visite de Macron au Cameroun\u00a0: Babissakana plaide pour la cl\u00f4ture du compte des op\u00e9rations de la Beac en France\"},{\"@type\":\"BreadcrumbList\",\"@id\":\"https:\/\/www.africa-press.net\/cameroun\/economie\/visite-de-macron-au-cameroun-babissakana-plaide-pour-la-cloture-du-compte-des-operations-de-la-beac-en-france#breadcrumb\",\"itemListElement\":[{\"@type\":\"ListItem\",\"position\":1,\"name\":\"Accueil\",\"item\":\"https:\/\/www.africa-press.net\/cameroun\/\"},{\"@type\":\"ListItem\",\"position\":2,\"name\":\"Visite de Macron au Cameroun\u00a0: Babissakana plaide pour la cl\u00f4ture du compte des op\u00e9rations de la Beac en France\"}]},{\"@type\":\"WebSite\",\"@id\":\"https:\/\/www.africa-press.net\/cameroun\/#website\",\"url\":\"https:\/\/www.africa-press.net\/cameroun\/\",\"name\":\"Cameroun\",\"description\":\"Just another Africa News Agency Sites site\",\"potentialAction\":[{\"@type\":\"SearchAction\",\"target\":{\"@type\":\"EntryPoint\",\"urlTemplate\":\"https:\/\/www.africa-press.net\/cameroun\/?s={search_term_string}\"},\"query-input\":{\"@type\":\"PropertyValueSpecification\",\"valueRequired\":true,\"valueName\":\"search_term_string\"}}],\"inLanguage\":\"fr-FR\"},{\"@type\":\"Person\",\"@id\":\"https:\/\/www.africa-press.net\/cameroun\/#\/schema\/person\/2b1cf3cd81a31e3cd26889ca66d677f1\",\"name\":\"cfeditorfr\"}]}<\/script>\n<!-- \/ Yoast SEO Premium plugin. -->","yoast_head_json":{"title":"Visite de Macron au Cameroun\u00a0: Babissakana plaide pour la cl\u00f4ture du compte des op\u00e9rations de la Beac en France - Cameroun","description":"Investir au Cameroun) - A l\u2019occasion de la visite d\u2019Emmanuel Macron au Cameroun, l\u2019ing\u00e9nieur financier camerounais, Babi ...","robots":{"index":"index","follow":"follow","max-snippet":"max-snippet:-1","max-image-preview":"max-image-preview:large","max-video-preview":"max-video-preview:-1"},"canonical":"https:\/\/www.africa-press.net\/cameroun\/economie\/visite-de-macron-au-cameroun-babissakana-plaide-pour-la-cloture-du-compte-des-operations-de-la-beac-en-france","og_locale":"fr_FR","og_type":"article","og_title":"Visite de Macron au Cameroun\u00a0: Babissakana plaide pour la cl\u00f4ture du compte des op\u00e9rations de la Beac en France","og_description":"Investir au Cameroun) - A l\u2019occasion de la visite d\u2019Emmanuel Macron au Cameroun, l\u2019ing\u00e9nieur financier camerounais, Babi ...","og_url":"https:\/\/www.africa-press.net\/cameroun\/economie\/visite-de-macron-au-cameroun-babissakana-plaide-pour-la-cloture-du-compte-des-operations-de-la-beac-en-france","og_site_name":"Cameroun","article_published_time":"2022-07-26T17:20:47+00:00","article_modified_time":"2022-07-26T18:25:01+00:00","og_image":[{"width":720,"height":479,"url":"https:\/\/static.africa-press.net\/cameroun\/sites\/57\/2022\/07\/img-62e03166a013b.jpg","type":"image\/jpeg"}],"author":"cfeditorfr","twitter_card":"summary_large_image","twitter_misc":{"\u00c9crit par":"cfeditorfr","Dur\u00e9e de lecture estim\u00e9e":"3 minutes"},"schema":{"@context":"https:\/\/schema.org","@graph":[{"@type":"Article","@id":"https:\/\/www.africa-press.net\/cameroun\/economie\/visite-de-macron-au-cameroun-babissakana-plaide-pour-la-cloture-du-compte-des-operations-de-la-beac-en-france#article","isPartOf":{"@id":"https:\/\/www.africa-press.net\/cameroun\/economie\/visite-de-macron-au-cameroun-babissakana-plaide-pour-la-cloture-du-compte-des-operations-de-la-beac-en-france"},"author":{"name":"cfeditorfr","@id":"https:\/\/www.africa-press.net\/cameroun\/#\/schema\/person\/2b1cf3cd81a31e3cd26889ca66d677f1"},"headline":"Visite de Macron au Cameroun\u00a0: Babissakana plaide pour la cl\u00f4ture du compte des op\u00e9rations de la Beac en France","datePublished":"2022-07-26T17:20:47+00:00","dateModified":"2022-07-26T18:25:01+00:00","mainEntityOfPage":{"@id":"https:\/\/www.africa-press.net\/cameroun\/economie\/visite-de-macron-au-cameroun-babissakana-plaide-pour-la-cloture-du-compte-des-operations-de-la-beac-en-france"},"wordCount":617,"commentCount":0,"image":{"@id":"https:\/\/www.africa-press.net\/cameroun\/economie\/visite-de-macron-au-cameroun-babissakana-plaide-pour-la-cloture-du-compte-des-operations-de-la-beac-en-france#primaryimage"},"thumbnailUrl":"https:\/\/static.africa-press.net\/cameroun\/sites\/57\/2022\/07\/img-62e03166a013b.jpg","keywords":["Africa Press","Africa Press-Cameroun","Cameroun"],"articleSection":["\u00c9conomie","homepage-french","Toutes les actualit\u00e9s"],"inLanguage":"fr-FR","potentialAction":[{"@type":"CommentAction","name":"Comment","target":["https:\/\/www.africa-press.net\/cameroun\/economie\/visite-de-macron-au-cameroun-babissakana-plaide-pour-la-cloture-du-compte-des-operations-de-la-beac-en-france#respond"]}]},{"@type":"WebPage","@id":"https:\/\/www.africa-press.net\/cameroun\/economie\/visite-de-macron-au-cameroun-babissakana-plaide-pour-la-cloture-du-compte-des-operations-de-la-beac-en-france","url":"https:\/\/www.africa-press.net\/cameroun\/economie\/visite-de-macron-au-cameroun-babissakana-plaide-pour-la-cloture-du-compte-des-operations-de-la-beac-en-france","name":"Visite de Macron au Cameroun\u00a0: Babissakana plaide pour la cl\u00f4ture du compte des op\u00e9rations de la Beac en France - Cameroun","isPartOf":{"@id":"https:\/\/www.africa-press.net\/cameroun\/#website"},"primaryImageOfPage":{"@id":"https:\/\/www.africa-press.net\/cameroun\/economie\/visite-de-macron-au-cameroun-babissakana-plaide-pour-la-cloture-du-compte-des-operations-de-la-beac-en-france#primaryimage"},"image":{"@id":"https:\/\/www.africa-press.net\/cameroun\/economie\/visite-de-macron-au-cameroun-babissakana-plaide-pour-la-cloture-du-compte-des-operations-de-la-beac-en-france#primaryimage"},"thumbnailUrl":"https:\/\/static.africa-press.net\/cameroun\/sites\/57\/2022\/07\/img-62e03166a013b.jpg","datePublished":"2022-07-26T17:20:47+00:00","dateModified":"2022-07-26T18:25:01+00:00","author":{"@id":"https:\/\/www.africa-press.net\/cameroun\/#\/schema\/person\/2b1cf3cd81a31e3cd26889ca66d677f1"},"description":"Investir au Cameroun) - A l\u2019occasion de la visite d\u2019Emmanuel Macron au Cameroun, l\u2019ing\u00e9nieur financier camerounais, Babi ...","breadcrumb":{"@id":"https:\/\/www.africa-press.net\/cameroun\/economie\/visite-de-macron-au-cameroun-babissakana-plaide-pour-la-cloture-du-compte-des-operations-de-la-beac-en-france#breadcrumb"},"inLanguage":"fr-FR","potentialAction":[{"@type":"ReadAction","target":["https:\/\/www.africa-press.net\/cameroun\/economie\/visite-de-macron-au-cameroun-babissakana-plaide-pour-la-cloture-du-compte-des-operations-de-la-beac-en-france"]}]},{"@type":"ImageObject","inLanguage":"fr-FR","@id":"https:\/\/www.africa-press.net\/cameroun\/economie\/visite-de-macron-au-cameroun-babissakana-plaide-pour-la-cloture-du-compte-des-operations-de-la-beac-en-france#primaryimage","url":"https:\/\/static.africa-press.net\/cameroun\/sites\/57\/2022\/07\/img-62e03166a013b.jpg","contentUrl":"https:\/\/static.africa-press.net\/cameroun\/sites\/57\/2022\/07\/img-62e03166a013b.jpg","width":720,"height":479,"caption":"Visite de Macron au Cameroun\u00a0: Babissakana plaide pour la cl\u00f4ture du compte des op\u00e9rations de la Beac en France"},{"@type":"BreadcrumbList","@id":"https:\/\/www.africa-press.net\/cameroun\/economie\/visite-de-macron-au-cameroun-babissakana-plaide-pour-la-cloture-du-compte-des-operations-de-la-beac-en-france#breadcrumb","itemListElement":[{"@type":"ListItem","position":1,"name":"Accueil","item":"https:\/\/www.africa-press.net\/cameroun\/"},{"@type":"ListItem","position":2,"name":"Visite de Macron au Cameroun\u00a0: Babissakana plaide pour la cl\u00f4ture du compte des op\u00e9rations de la Beac en France"}]},{"@type":"WebSite","@id":"https:\/\/www.africa-press.net\/cameroun\/#website","url":"https:\/\/www.africa-press.net\/cameroun\/","name":"Cameroun","description":"Just another Africa News Agency Sites site","potentialAction":[{"@type":"SearchAction","target":{"@type":"EntryPoint","urlTemplate":"https:\/\/www.africa-press.net\/cameroun\/?s={search_term_string}"},"query-input":{"@type":"PropertyValueSpecification","valueRequired":true,"valueName":"search_term_string"}}],"inLanguage":"fr-FR"},{"@type":"Person","@id":"https:\/\/www.africa-press.net\/cameroun\/#\/schema\/person\/2b1cf3cd81a31e3cd26889ca66d677f1","name":"cfeditorfr"}]}},"_links":{"self":[{"href":"https:\/\/www.africa-press.net\/cameroun\/wp-json\/wp\/v2\/posts\/24257","targetHints":{"allow":["GET"]}}],"collection":[{"href":"https:\/\/www.africa-press.net\/cameroun\/wp-json\/wp\/v2\/posts"}],"about":[{"href":"https:\/\/www.africa-press.net\/cameroun\/wp-json\/wp\/v2\/types\/post"}],"author":[{"embeddable":true,"href":"https:\/\/www.africa-press.net\/cameroun\/wp-json\/wp\/v2\/users\/82"}],"replies":[{"embeddable":true,"href":"https:\/\/www.africa-press.net\/cameroun\/wp-json\/wp\/v2\/comments?post=24257"}],"version-history":[{"count":0,"href":"https:\/\/www.africa-press.net\/cameroun\/wp-json\/wp\/v2\/posts\/24257\/revisions"}],"wp:featuredmedia":[{"embeddable":true,"href":"https:\/\/www.africa-press.net\/cameroun\/wp-json\/wp\/v2\/media\/24256"}],"wp:attachment":[{"href":"https:\/\/www.africa-press.net\/cameroun\/wp-json\/wp\/v2\/media?parent=24257"}],"wp:term":[{"taxonomy":"category","embeddable":true,"href":"https:\/\/www.africa-press.net\/cameroun\/wp-json\/wp\/v2\/categories?post=24257"},{"taxonomy":"post_tag","embeddable":true,"href":"https:\/\/www.africa-press.net\/cameroun\/wp-json\/wp\/v2\/tags?post=24257"}],"curies":[{"name":"wp","href":"https:\/\/api.w.org\/{rel}","templated":true}]}}