{"id":24269,"date":"2022-07-26T18:15:25","date_gmt":"2022-07-26T18:15:25","guid":{"rendered":"https:\/\/www.africa-press.net\/cameroun\/politique\/cameroun-en-colere-macron-traite-les-africains-dhypocrites-devant-biya"},"modified":"2022-07-26T18:59:26","modified_gmt":"2022-07-26T18:59:26","slug":"cameroun-en-colere-macron-traite-les-africains-dhypocrites-devant-biya","status":"publish","type":"post","link":"https:\/\/www.africa-press.net\/cameroun\/politique\/cameroun-en-colere-macron-traite-les-africains-dhypocrites-devant-biya","title":{"rendered":"Cameroun : en col\u00e8re Macron traite les Africains d\u2019hypocrites devant Biya"},"content":{"rendered":"<p><span style=\"color: #ff6600\"><strong>Africa-Press &#8211; Cameroun. <\/strong><\/span>Emmanuel Macron suit son programme officiel au Cameroun. Apr\u00e8s l\u2019entretien avec le pr\u00e9sident camerounais Paul Biya, les deux chefs d\u2019Etat ont anim\u00e9 une conf\u00e9rence de presse. Un journaliste de la CRTV durant cet exercice, a interrog\u00e9 Emmanuel Macron sur le traitement pr\u00e9f\u00e9rentiel accord\u00e9 \u00e0 l\u2019Ukraine alors que plusieurs pays d\u2019Afrique dans des situations pareilles n\u2019ont pas eu droit au m\u00eame soutien de la France.<\/p>\n<p>\u00ab Des africains et particuli\u00e8rement des Camerounais sont t\u00e9moins des concours financiers, de la qualit\u00e9 du mat\u00e9riel militaire que l&rsquo;occident apporte \u00e0 l&rsquo;Ukraine en guerre. Lorsque l&rsquo;on sait que des pays africains en difficult\u00e9 \u00e9conomique ou m\u00eame en conflit ont du mal \u00e0 avoir pareil bienveillance, comment assumez-vous ces deux poids de mesure? \u00bb, s\u2019interroge le journaliste.<\/p>\n<p>La question a vraisemblablement d\u00e9rang\u00e9 Emmanuel Macron qui a rapidement port\u00e9 son manteau de donneur de le\u00e7on. Pour le pr\u00e9sident fran\u00e7ais, les Africains font preuve d\u2019hypocrisie en refusant de condamner la guerre en Ukraine.<\/p>\n<p>\u00ab On dit beaucoup d&rsquo;approximations sur ce qui se passe en Ukraine (\u2026) Le Choix qui a \u00e9t\u00e9 fait par les europ\u00e9ens n&rsquo;est en aucun cas de participer \u00e0 cette guerre mais de la reconna\u00eetre et de la renommer. L\u00e0 o\u00f9 je vois trop souvent de l&rsquo;hypocrisie particuli\u00e8rement sur le continent africain. Je vous le dis avec beaucoup de calme et de s\u00e9r\u00e9nit\u00e9, a-t-il d\u00e9clar\u00e9 avant de s&rsquo;\u00e9tonner que les Africains n&rsquo;arriver pas qualifier une guerre ni d\u00e9signer celui qui l&rsquo;a lanc\u00e9e. \u00bb, cette r\u00e9ponse violente d\u2019Emmanuel Macron au journaliste de la CRTV est en r\u00e9alit\u00e9 adress\u00e9e au pr\u00e9sident camerounais Paul Biya.<\/p>\n<p>En effet lors de l\u2019Assembl\u00e9e g\u00e9n\u00e9rale des Nations Unies, le Cameroun n\u2019 a pas particip\u00e9 au vote de la condamnation de la guerre en Ukraine. Emmanuel Macron fid\u00e8le \u00e0 lui-m\u00eame continue par croire que tous les Africains qui ne soutiennent pas l\u2019Ukraine et l\u2019Europe sont manipul\u00e9s par la Russie.<\/p>\n<p>Il l\u2019a d\u2019ailleurs r\u00e9affirm\u00e9 pr\u00e9cisant que la Russie m\u00e8ne une pr\u00e9sence hybride en Afrique. Une conventionnelle, et une autre marqu\u00e9e par l\u2019envoie des groupes de mercenaires et la captation des richesses naturelles des pays africains. Il donne entre autres l\u2019exemple du Mali et de la R\u00e9publique de la Centrafrique.<\/p>\n<p><strong>Pour plus d&rsquo;informations et d&rsquo;analyses sur la <a href=\"https:\/\/www.africa-press.net\/cameroun\">Cameroun<\/a>, suivez <a href=\"https:\/\/www.africa-press.net\/\">Africa-Press<\/a><\/strong><\/p>\n","protected":false},"excerpt":{"rendered":"<p>Africa-Press &#8211; Cameroun. Emmanuel Macron suit son programme officiel au Cameroun. Apr\u00e8s l\u2019entretien avec le pr\u00e9sident camerounais Paul Biya, les deux chefs d\u2019Etat ont anim\u00e9 une conf\u00e9rence de presse. Un journaliste de la CRTV durant cet exercice, a interrog\u00e9 Emmanuel Macron sur le traitement pr\u00e9f\u00e9rentiel accord\u00e9 \u00e0 l\u2019Ukraine alors que plusieurs pays d\u2019Afrique dans des [&hellip;]<\/p>\n","protected":false},"author":82,"featured_media":24268,"comment_status":"open","ping_status":"closed","sticky":false,"template":"","format":"standard","meta":{"footnotes":""},"categories":[11,2,10],"tags":[36,50,49],"class_list":["post-24269","post","type-post","status-publish","format-standard","has-post-thumbnail","hentry","category-homepage-french","category-politique","category-toutes-les-actualites","tag-africa-press","tag-africa-press-cameroun","tag-cameroun"],"yoast_head":"<!-- This site is optimized with the Yoast SEO Premium plugin v26.1 (Yoast SEO v27.0) - https:\/\/yoast.com\/product\/yoast-seo-premium-wordpress\/ -->\n<title>Cameroun : en col\u00e8re Macron traite les Africains d\u2019hypocrites devant Biya - Cameroun<\/title>\n<meta name=\"description\" content=\"Emmanuel Macron suit son programme officiel au Cameroun. Apr\u00e8s l\u2019entretien avec le pr\u00e9sident camerounais Paul Biya, les ...\" \/>\n<meta name=\"robots\" content=\"index, follow, max-snippet:-1, max-image-preview:large, max-video-preview:-1\" \/>\n<link rel=\"canonical\" href=\"https:\/\/www.africa-press.net\/cameroun\/politique\/cameroun-en-colere-macron-traite-les-africains-dhypocrites-devant-biya\" \/>\n<meta property=\"og:locale\" content=\"fr_FR\" \/>\n<meta property=\"og:type\" content=\"article\" \/>\n<meta property=\"og:title\" content=\"Cameroun : en col\u00e8re Macron traite les Africains d\u2019hypocrites devant Biya\" \/>\n<meta property=\"og:description\" content=\"Emmanuel Macron suit son programme officiel au Cameroun. Apr\u00e8s l\u2019entretien avec le pr\u00e9sident camerounais Paul Biya, les ...\" \/>\n<meta property=\"og:url\" content=\"https:\/\/www.africa-press.net\/cameroun\/politique\/cameroun-en-colere-macron-traite-les-africains-dhypocrites-devant-biya\" \/>\n<meta property=\"og:site_name\" content=\"Cameroun\" \/>\n<meta property=\"article:published_time\" content=\"2022-07-26T18:15:25+00:00\" \/>\n<meta property=\"article:modified_time\" content=\"2022-07-26T18:59:26+00:00\" \/>\n<meta property=\"og:image\" content=\"https:\/\/static.africa-press.net\/cameroun\/sites\/57\/2022\/07\/postQueueImg_1-62e0396093a0c.jpg\" \/>\n\t<meta property=\"og:image:width\" content=\"752\" \/>\n\t<meta property=\"og:image:height\" content=\"423\" \/>\n\t<meta property=\"og:image:type\" content=\"image\/jpeg\" \/>\n<meta name=\"author\" content=\"cfeditorfr\" \/>\n<meta name=\"twitter:card\" content=\"summary_large_image\" \/>\n<meta name=\"twitter:label1\" content=\"\u00c9crit par\" \/>\n\t<meta name=\"twitter:data1\" content=\"cfeditorfr\" \/>\n\t<meta name=\"twitter:label2\" content=\"Dur\u00e9e de lecture estim\u00e9e\" \/>\n\t<meta name=\"twitter:data2\" content=\"2 minutes\" \/>\n<script type=\"application\/ld+json\" class=\"yoast-schema-graph\">{\"@context\":\"https:\/\/schema.org\",\"@graph\":[{\"@type\":\"Article\",\"@id\":\"https:\/\/www.africa-press.net\/cameroun\/politique\/cameroun-en-colere-macron-traite-les-africains-dhypocrites-devant-biya#article\",\"isPartOf\":{\"@id\":\"https:\/\/www.africa-press.net\/cameroun\/politique\/cameroun-en-colere-macron-traite-les-africains-dhypocrites-devant-biya\"},\"author\":{\"name\":\"cfeditorfr\",\"@id\":\"https:\/\/www.africa-press.net\/cameroun\/#\/schema\/person\/2b1cf3cd81a31e3cd26889ca66d677f1\"},\"headline\":\"Cameroun : en col\u00e8re Macron traite les Africains d\u2019hypocrites devant Biya\",\"datePublished\":\"2022-07-26T18:15:25+00:00\",\"dateModified\":\"2022-07-26T18:59:26+00:00\",\"mainEntityOfPage\":{\"@id\":\"https:\/\/www.africa-press.net\/cameroun\/politique\/cameroun-en-colere-macron-traite-les-africains-dhypocrites-devant-biya\"},\"wordCount\":434,\"commentCount\":0,\"image\":{\"@id\":\"https:\/\/www.africa-press.net\/cameroun\/politique\/cameroun-en-colere-macron-traite-les-africains-dhypocrites-devant-biya#primaryimage\"},\"thumbnailUrl\":\"https:\/\/static.africa-press.net\/cameroun\/sites\/57\/2022\/07\/postQueueImg_1-62e0396093a0c.jpg\",\"keywords\":[\"Africa Press\",\"Africa Press-Cameroun\",\"Cameroun\"],\"articleSection\":[\"homepage-french\",\"Politique\",\"Toutes les actualit\u00e9s\"],\"inLanguage\":\"fr-FR\",\"potentialAction\":[{\"@type\":\"CommentAction\",\"name\":\"Comment\",\"target\":[\"https:\/\/www.africa-press.net\/cameroun\/politique\/cameroun-en-colere-macron-traite-les-africains-dhypocrites-devant-biya#respond\"]}]},{\"@type\":\"WebPage\",\"@id\":\"https:\/\/www.africa-press.net\/cameroun\/politique\/cameroun-en-colere-macron-traite-les-africains-dhypocrites-devant-biya\",\"url\":\"https:\/\/www.africa-press.net\/cameroun\/politique\/cameroun-en-colere-macron-traite-les-africains-dhypocrites-devant-biya\",\"name\":\"Cameroun : en col\u00e8re Macron traite les Africains d\u2019hypocrites devant Biya - Cameroun\",\"isPartOf\":{\"@id\":\"https:\/\/www.africa-press.net\/cameroun\/#website\"},\"primaryImageOfPage\":{\"@id\":\"https:\/\/www.africa-press.net\/cameroun\/politique\/cameroun-en-colere-macron-traite-les-africains-dhypocrites-devant-biya#primaryimage\"},\"image\":{\"@id\":\"https:\/\/www.africa-press.net\/cameroun\/politique\/cameroun-en-colere-macron-traite-les-africains-dhypocrites-devant-biya#primaryimage\"},\"thumbnailUrl\":\"https:\/\/static.africa-press.net\/cameroun\/sites\/57\/2022\/07\/postQueueImg_1-62e0396093a0c.jpg\",\"datePublished\":\"2022-07-26T18:15:25+00:00\",\"dateModified\":\"2022-07-26T18:59:26+00:00\",\"author\":{\"@id\":\"https:\/\/www.africa-press.net\/cameroun\/#\/schema\/person\/2b1cf3cd81a31e3cd26889ca66d677f1\"},\"description\":\"Emmanuel Macron suit son programme officiel au Cameroun. Apr\u00e8s l\u2019entretien avec le pr\u00e9sident camerounais Paul Biya, les ...\",\"breadcrumb\":{\"@id\":\"https:\/\/www.africa-press.net\/cameroun\/politique\/cameroun-en-colere-macron-traite-les-africains-dhypocrites-devant-biya#breadcrumb\"},\"inLanguage\":\"fr-FR\",\"potentialAction\":[{\"@type\":\"ReadAction\",\"target\":[\"https:\/\/www.africa-press.net\/cameroun\/politique\/cameroun-en-colere-macron-traite-les-africains-dhypocrites-devant-biya\"]}]},{\"@type\":\"ImageObject\",\"inLanguage\":\"fr-FR\",\"@id\":\"https:\/\/www.africa-press.net\/cameroun\/politique\/cameroun-en-colere-macron-traite-les-africains-dhypocrites-devant-biya#primaryimage\",\"url\":\"https:\/\/static.africa-press.net\/cameroun\/sites\/57\/2022\/07\/postQueueImg_1-62e0396093a0c.jpg\",\"contentUrl\":\"https:\/\/static.africa-press.net\/cameroun\/sites\/57\/2022\/07\/postQueueImg_1-62e0396093a0c.jpg\",\"width\":752,\"height\":423,\"caption\":\"Cameroun : en col\u00e8re Macron traite les Africains d\u2019hypocrites devant Biya\"},{\"@type\":\"BreadcrumbList\",\"@id\":\"https:\/\/www.africa-press.net\/cameroun\/politique\/cameroun-en-colere-macron-traite-les-africains-dhypocrites-devant-biya#breadcrumb\",\"itemListElement\":[{\"@type\":\"ListItem\",\"position\":1,\"name\":\"Accueil\",\"item\":\"https:\/\/www.africa-press.net\/cameroun\/\"},{\"@type\":\"ListItem\",\"position\":2,\"name\":\"Cameroun : en col\u00e8re Macron traite les Africains d\u2019hypocrites devant Biya\"}]},{\"@type\":\"WebSite\",\"@id\":\"https:\/\/www.africa-press.net\/cameroun\/#website\",\"url\":\"https:\/\/www.africa-press.net\/cameroun\/\",\"name\":\"Cameroun\",\"description\":\"Just another Africa News Agency Sites site\",\"potentialAction\":[{\"@type\":\"SearchAction\",\"target\":{\"@type\":\"EntryPoint\",\"urlTemplate\":\"https:\/\/www.africa-press.net\/cameroun\/?s={search_term_string}\"},\"query-input\":{\"@type\":\"PropertyValueSpecification\",\"valueRequired\":true,\"valueName\":\"search_term_string\"}}],\"inLanguage\":\"fr-FR\"},{\"@type\":\"Person\",\"@id\":\"https:\/\/www.africa-press.net\/cameroun\/#\/schema\/person\/2b1cf3cd81a31e3cd26889ca66d677f1\",\"name\":\"cfeditorfr\"}]}<\/script>\n<!-- \/ Yoast SEO Premium plugin. -->","yoast_head_json":{"title":"Cameroun : en col\u00e8re Macron traite les Africains d\u2019hypocrites devant Biya - Cameroun","description":"Emmanuel Macron suit son programme officiel au Cameroun. Apr\u00e8s l\u2019entretien avec le pr\u00e9sident camerounais Paul Biya, les ...","robots":{"index":"index","follow":"follow","max-snippet":"max-snippet:-1","max-image-preview":"max-image-preview:large","max-video-preview":"max-video-preview:-1"},"canonical":"https:\/\/www.africa-press.net\/cameroun\/politique\/cameroun-en-colere-macron-traite-les-africains-dhypocrites-devant-biya","og_locale":"fr_FR","og_type":"article","og_title":"Cameroun : en col\u00e8re Macron traite les Africains d\u2019hypocrites devant Biya","og_description":"Emmanuel Macron suit son programme officiel au Cameroun. Apr\u00e8s l\u2019entretien avec le pr\u00e9sident camerounais Paul Biya, les ...","og_url":"https:\/\/www.africa-press.net\/cameroun\/politique\/cameroun-en-colere-macron-traite-les-africains-dhypocrites-devant-biya","og_site_name":"Cameroun","article_published_time":"2022-07-26T18:15:25+00:00","article_modified_time":"2022-07-26T18:59:26+00:00","og_image":[{"width":752,"height":423,"url":"https:\/\/static.africa-press.net\/cameroun\/sites\/57\/2022\/07\/postQueueImg_1-62e0396093a0c.jpg","type":"image\/jpeg"}],"author":"cfeditorfr","twitter_card":"summary_large_image","twitter_misc":{"\u00c9crit par":"cfeditorfr","Dur\u00e9e de lecture estim\u00e9e":"2 minutes"},"schema":{"@context":"https:\/\/schema.org","@graph":[{"@type":"Article","@id":"https:\/\/www.africa-press.net\/cameroun\/politique\/cameroun-en-colere-macron-traite-les-africains-dhypocrites-devant-biya#article","isPartOf":{"@id":"https:\/\/www.africa-press.net\/cameroun\/politique\/cameroun-en-colere-macron-traite-les-africains-dhypocrites-devant-biya"},"author":{"name":"cfeditorfr","@id":"https:\/\/www.africa-press.net\/cameroun\/#\/schema\/person\/2b1cf3cd81a31e3cd26889ca66d677f1"},"headline":"Cameroun : en col\u00e8re Macron traite les Africains d\u2019hypocrites devant Biya","datePublished":"2022-07-26T18:15:25+00:00","dateModified":"2022-07-26T18:59:26+00:00","mainEntityOfPage":{"@id":"https:\/\/www.africa-press.net\/cameroun\/politique\/cameroun-en-colere-macron-traite-les-africains-dhypocrites-devant-biya"},"wordCount":434,"commentCount":0,"image":{"@id":"https:\/\/www.africa-press.net\/cameroun\/politique\/cameroun-en-colere-macron-traite-les-africains-dhypocrites-devant-biya#primaryimage"},"thumbnailUrl":"https:\/\/static.africa-press.net\/cameroun\/sites\/57\/2022\/07\/postQueueImg_1-62e0396093a0c.jpg","keywords":["Africa Press","Africa Press-Cameroun","Cameroun"],"articleSection":["homepage-french","Politique","Toutes les actualit\u00e9s"],"inLanguage":"fr-FR","potentialAction":[{"@type":"CommentAction","name":"Comment","target":["https:\/\/www.africa-press.net\/cameroun\/politique\/cameroun-en-colere-macron-traite-les-africains-dhypocrites-devant-biya#respond"]}]},{"@type":"WebPage","@id":"https:\/\/www.africa-press.net\/cameroun\/politique\/cameroun-en-colere-macron-traite-les-africains-dhypocrites-devant-biya","url":"https:\/\/www.africa-press.net\/cameroun\/politique\/cameroun-en-colere-macron-traite-les-africains-dhypocrites-devant-biya","name":"Cameroun : en col\u00e8re Macron traite les Africains d\u2019hypocrites devant Biya - Cameroun","isPartOf":{"@id":"https:\/\/www.africa-press.net\/cameroun\/#website"},"primaryImageOfPage":{"@id":"https:\/\/www.africa-press.net\/cameroun\/politique\/cameroun-en-colere-macron-traite-les-africains-dhypocrites-devant-biya#primaryimage"},"image":{"@id":"https:\/\/www.africa-press.net\/cameroun\/politique\/cameroun-en-colere-macron-traite-les-africains-dhypocrites-devant-biya#primaryimage"},"thumbnailUrl":"https:\/\/static.africa-press.net\/cameroun\/sites\/57\/2022\/07\/postQueueImg_1-62e0396093a0c.jpg","datePublished":"2022-07-26T18:15:25+00:00","dateModified":"2022-07-26T18:59:26+00:00","author":{"@id":"https:\/\/www.africa-press.net\/cameroun\/#\/schema\/person\/2b1cf3cd81a31e3cd26889ca66d677f1"},"description":"Emmanuel Macron suit son programme officiel au Cameroun. Apr\u00e8s l\u2019entretien avec le pr\u00e9sident camerounais Paul Biya, les ...","breadcrumb":{"@id":"https:\/\/www.africa-press.net\/cameroun\/politique\/cameroun-en-colere-macron-traite-les-africains-dhypocrites-devant-biya#breadcrumb"},"inLanguage":"fr-FR","potentialAction":[{"@type":"ReadAction","target":["https:\/\/www.africa-press.net\/cameroun\/politique\/cameroun-en-colere-macron-traite-les-africains-dhypocrites-devant-biya"]}]},{"@type":"ImageObject","inLanguage":"fr-FR","@id":"https:\/\/www.africa-press.net\/cameroun\/politique\/cameroun-en-colere-macron-traite-les-africains-dhypocrites-devant-biya#primaryimage","url":"https:\/\/static.africa-press.net\/cameroun\/sites\/57\/2022\/07\/postQueueImg_1-62e0396093a0c.jpg","contentUrl":"https:\/\/static.africa-press.net\/cameroun\/sites\/57\/2022\/07\/postQueueImg_1-62e0396093a0c.jpg","width":752,"height":423,"caption":"Cameroun : en col\u00e8re Macron traite les Africains d\u2019hypocrites devant Biya"},{"@type":"BreadcrumbList","@id":"https:\/\/www.africa-press.net\/cameroun\/politique\/cameroun-en-colere-macron-traite-les-africains-dhypocrites-devant-biya#breadcrumb","itemListElement":[{"@type":"ListItem","position":1,"name":"Accueil","item":"https:\/\/www.africa-press.net\/cameroun\/"},{"@type":"ListItem","position":2,"name":"Cameroun : en col\u00e8re Macron traite les Africains d\u2019hypocrites devant Biya"}]},{"@type":"WebSite","@id":"https:\/\/www.africa-press.net\/cameroun\/#website","url":"https:\/\/www.africa-press.net\/cameroun\/","name":"Cameroun","description":"Just another Africa News Agency Sites site","potentialAction":[{"@type":"SearchAction","target":{"@type":"EntryPoint","urlTemplate":"https:\/\/www.africa-press.net\/cameroun\/?s={search_term_string}"},"query-input":{"@type":"PropertyValueSpecification","valueRequired":true,"valueName":"search_term_string"}}],"inLanguage":"fr-FR"},{"@type":"Person","@id":"https:\/\/www.africa-press.net\/cameroun\/#\/schema\/person\/2b1cf3cd81a31e3cd26889ca66d677f1","name":"cfeditorfr"}]}},"_links":{"self":[{"href":"https:\/\/www.africa-press.net\/cameroun\/wp-json\/wp\/v2\/posts\/24269","targetHints":{"allow":["GET"]}}],"collection":[{"href":"https:\/\/www.africa-press.net\/cameroun\/wp-json\/wp\/v2\/posts"}],"about":[{"href":"https:\/\/www.africa-press.net\/cameroun\/wp-json\/wp\/v2\/types\/post"}],"author":[{"embeddable":true,"href":"https:\/\/www.africa-press.net\/cameroun\/wp-json\/wp\/v2\/users\/82"}],"replies":[{"embeddable":true,"href":"https:\/\/www.africa-press.net\/cameroun\/wp-json\/wp\/v2\/comments?post=24269"}],"version-history":[{"count":0,"href":"https:\/\/www.africa-press.net\/cameroun\/wp-json\/wp\/v2\/posts\/24269\/revisions"}],"wp:featuredmedia":[{"embeddable":true,"href":"https:\/\/www.africa-press.net\/cameroun\/wp-json\/wp\/v2\/media\/24268"}],"wp:attachment":[{"href":"https:\/\/www.africa-press.net\/cameroun\/wp-json\/wp\/v2\/media?parent=24269"}],"wp:term":[{"taxonomy":"category","embeddable":true,"href":"https:\/\/www.africa-press.net\/cameroun\/wp-json\/wp\/v2\/categories?post=24269"},{"taxonomy":"post_tag","embeddable":true,"href":"https:\/\/www.africa-press.net\/cameroun\/wp-json\/wp\/v2\/tags?post=24269"}],"curies":[{"name":"wp","href":"https:\/\/api.w.org\/{rel}","templated":true}]}}