{"id":2428,"date":"2021-04-24T16:25:07","date_gmt":"2021-04-24T16:25:07","guid":{"rendered":"https:\/\/www.africa-press.net\/cameroun\/?p=2428"},"modified":"2021-04-26T02:02:51","modified_gmt":"2021-04-26T02:02:51","slug":"kah-wallah-saisit-lonu-pour-demander-la-liberation-de-ses-militants-incarceres","status":"publish","type":"post","link":"https:\/\/www.africa-press.net\/cameroun\/politique\/kah-wallah-saisit-lonu-pour-demander-la-liberation-de-ses-militants-incarceres","title":{"rendered":"Kah Wallah saisit l\u2019ONU pour demander la lib\u00e9ration de ses militants incarc\u00e9r\u00e9s"},"content":{"rendered":"<p><span style=\"color: #ff6600\"><strong><a href=\"https:\/\/www.africa-press.net\/\">Africa-Press<\/a> &#8211; <a href=\"https:\/\/www.africa-press.net\/cameroun\">Cameroun<\/a>. <\/strong><\/span>D\u2019apr\u00e8s le secr\u00e9taire g\u00e9n\u00e9ral du Cameroon People\u2019s Party (CPP), Franck Essi, le parti dirig\u00e9 par Kah Wallah (photo) a saisi l\u2019ONU pour demander la lib\u00e9ration de quatre de ses militants incarc\u00e9r\u00e9s. \u00ab Pour tenter de le faire lib\u00e9rer, le CPP a entrepris de nombreuses d\u00e9marches. Au niveau international, confie le cadre du parti, nous avons saisi l\u2019ONU \u00bb a expliqu\u00e9<\/p>\n<p>En effet, Ntsama Etienne, Moussa Bello, Tehle Membou et Mira Angoung ont \u00e9t\u00e9 interpell\u00e9s \u00e0 Douala le 18 septembre 2020 dans le cadre des marches du Mouvement pour la renaissance du Cameroun (MRC). Le MRC avait organis\u00e9 des marches, le 22 septembre 2020. pour exiger le d\u00e9part du pr\u00e9sident Paul Biya du pouvoir. Ces manifestations avaient \u00e9t\u00e9 interdites par les autorit\u00e9s. Mais pour le CPP, ses militants n\u2019ont rien avoir avec ladite manifestation. Pourtant ils ont \u00e9t\u00e9 arr\u00eat\u00e9s sans mandat ni autorisation et sont accus\u00e9s d&rsquo;insurrection notamment.<\/p>\n<p>Alors que le proc\u00e8s a d\u00e9j\u00e0 connu plusieurs renvois, ce parti d\u2019opposition souhaite contacter d\u2019autres organisations charg\u00e9es des questions des droits de l\u2019Homme pour peser sur la lib\u00e9ration de ses militants qui risquent une peine d\u2019emprisonnement \u00e0 vie.<\/p>\n<p>Notons que cette op\u00e9ration avait aussi conduit \u00e0 l&rsquo;arrestation des militants du MRC. Le parti de Maurice Kamto \u00e9galement a entrepris d&rsquo;alerter la communaut\u00e9 internationale en faveur de la lib\u00e9ration de ses militants.<\/p>\n","protected":false},"excerpt":{"rendered":"<p>Africa-Press &#8211; Cameroun. D\u2019apr\u00e8s le secr\u00e9taire g\u00e9n\u00e9ral du Cameroon People\u2019s Party (CPP), Franck Essi, le parti dirig\u00e9 par Kah Wallah (photo) a saisi l\u2019ONU pour demander la lib\u00e9ration de quatre de ses militants incarc\u00e9r\u00e9s. \u00ab Pour tenter de le faire lib\u00e9rer, le CPP a entrepris de nombreuses d\u00e9marches. Au niveau international, confie le cadre du [&hellip;]<\/p>\n","protected":false},"author":82,"featured_media":2427,"comment_status":"open","ping_status":"closed","sticky":false,"template":"","format":"standard","meta":{"footnotes":""},"categories":[11,2,10],"tags":[36,50,49],"class_list":["post-2428","post","type-post","status-publish","format-standard","has-post-thumbnail","hentry","category-homepage-french","category-politique","category-toutes-les-actualites","tag-africa-press","tag-africa-press-cameroun","tag-cameroun"],"yoast_head":"<!-- This site is optimized with the Yoast SEO Premium plugin v26.1 (Yoast SEO v27.0) - https:\/\/yoast.com\/product\/yoast-seo-premium-wordpress\/ -->\n<title>Kah Wallah saisit l\u2019ONU pour demander la lib\u00e9ration de ses militants incarc\u00e9r\u00e9s - Cameroun<\/title>\n<meta name=\"description\" content=\"D\u2019apr\u00e8s le secr\u00e9taire g\u00e9n\u00e9ral du Cameroon People\u2019s Party (CPP), Franck Essi, le parti dirig\u00e9 par Kah Wallah (photo) a sa ...\" \/>\n<meta name=\"robots\" content=\"index, follow, max-snippet:-1, max-image-preview:large, max-video-preview:-1\" \/>\n<link rel=\"canonical\" href=\"https:\/\/www.africa-press.net\/cameroun\/politique\/kah-wallah-saisit-lonu-pour-demander-la-liberation-de-ses-militants-incarceres\" \/>\n<meta property=\"og:locale\" content=\"fr_FR\" \/>\n<meta property=\"og:type\" content=\"article\" \/>\n<meta property=\"og:title\" content=\"Kah Wallah saisit l\u2019ONU pour demander la lib\u00e9ration de ses militants incarc\u00e9r\u00e9s\" \/>\n<meta property=\"og:description\" content=\"D\u2019apr\u00e8s le secr\u00e9taire g\u00e9n\u00e9ral du Cameroon People\u2019s Party (CPP), Franck Essi, le parti dirig\u00e9 par Kah Wallah (photo) a sa ...\" \/>\n<meta property=\"og:url\" content=\"https:\/\/www.africa-press.net\/cameroun\/politique\/kah-wallah-saisit-lonu-pour-demander-la-liberation-de-ses-militants-incarceres\" \/>\n<meta property=\"og:site_name\" content=\"Cameroun\" \/>\n<meta property=\"article:published_time\" content=\"2021-04-24T16:25:07+00:00\" \/>\n<meta property=\"article:modified_time\" content=\"2021-04-26T02:02:51+00:00\" \/>\n<meta property=\"og:image\" content=\"https:\/\/static.africa-press.net\/cameroun\/sites\/57\/2021\/04\/img-608456091cadf.jpg\" \/>\n\t<meta property=\"og:image:width\" content=\"720\" \/>\n\t<meta property=\"og:image:height\" content=\"413\" \/>\n\t<meta property=\"og:image:type\" content=\"image\/jpeg\" \/>\n<meta name=\"author\" content=\"cfeditorfr\" \/>\n<meta name=\"twitter:card\" content=\"summary_large_image\" \/>\n<meta name=\"twitter:label1\" content=\"\u00c9crit par\" \/>\n\t<meta name=\"twitter:data1\" content=\"cfeditorfr\" \/>\n\t<meta name=\"twitter:label2\" content=\"Dur\u00e9e de lecture estim\u00e9e\" \/>\n\t<meta name=\"twitter:data2\" content=\"1 minute\" \/>\n<script type=\"application\/ld+json\" class=\"yoast-schema-graph\">{\"@context\":\"https:\/\/schema.org\",\"@graph\":[{\"@type\":\"Article\",\"@id\":\"https:\/\/www.africa-press.net\/cameroun\/politique\/kah-wallah-saisit-lonu-pour-demander-la-liberation-de-ses-militants-incarceres#article\",\"isPartOf\":{\"@id\":\"https:\/\/www.africa-press.net\/cameroun\/politique\/kah-wallah-saisit-lonu-pour-demander-la-liberation-de-ses-militants-incarceres\"},\"author\":{\"name\":\"cfeditorfr\",\"@id\":\"https:\/\/www.africa-press.net\/cameroun\/#\/schema\/person\/2b1cf3cd81a31e3cd26889ca66d677f1\"},\"headline\":\"Kah Wallah saisit l\u2019ONU pour demander la lib\u00e9ration de ses militants incarc\u00e9r\u00e9s\",\"datePublished\":\"2021-04-24T16:25:07+00:00\",\"dateModified\":\"2021-04-26T02:02:51+00:00\",\"mainEntityOfPage\":{\"@id\":\"https:\/\/www.africa-press.net\/cameroun\/politique\/kah-wallah-saisit-lonu-pour-demander-la-liberation-de-ses-militants-incarceres\"},\"wordCount\":262,\"commentCount\":0,\"image\":{\"@id\":\"https:\/\/www.africa-press.net\/cameroun\/politique\/kah-wallah-saisit-lonu-pour-demander-la-liberation-de-ses-militants-incarceres#primaryimage\"},\"thumbnailUrl\":\"https:\/\/static.africa-press.net\/cameroun\/sites\/57\/2021\/04\/img-608456091cadf.jpg\",\"keywords\":[\"Africa Press\",\"Africa Press-Cameroun\",\"Cameroun\"],\"articleSection\":[\"homepage-french\",\"Politique\",\"Toutes les actualit\u00e9s\"],\"inLanguage\":\"fr-FR\",\"potentialAction\":[{\"@type\":\"CommentAction\",\"name\":\"Comment\",\"target\":[\"https:\/\/www.africa-press.net\/cameroun\/politique\/kah-wallah-saisit-lonu-pour-demander-la-liberation-de-ses-militants-incarceres#respond\"]}]},{\"@type\":\"WebPage\",\"@id\":\"https:\/\/www.africa-press.net\/cameroun\/politique\/kah-wallah-saisit-lonu-pour-demander-la-liberation-de-ses-militants-incarceres\",\"url\":\"https:\/\/www.africa-press.net\/cameroun\/politique\/kah-wallah-saisit-lonu-pour-demander-la-liberation-de-ses-militants-incarceres\",\"name\":\"Kah Wallah saisit l\u2019ONU pour demander la lib\u00e9ration de ses militants incarc\u00e9r\u00e9s - Cameroun\",\"isPartOf\":{\"@id\":\"https:\/\/www.africa-press.net\/cameroun\/#website\"},\"primaryImageOfPage\":{\"@id\":\"https:\/\/www.africa-press.net\/cameroun\/politique\/kah-wallah-saisit-lonu-pour-demander-la-liberation-de-ses-militants-incarceres#primaryimage\"},\"image\":{\"@id\":\"https:\/\/www.africa-press.net\/cameroun\/politique\/kah-wallah-saisit-lonu-pour-demander-la-liberation-de-ses-militants-incarceres#primaryimage\"},\"thumbnailUrl\":\"https:\/\/static.africa-press.net\/cameroun\/sites\/57\/2021\/04\/img-608456091cadf.jpg\",\"datePublished\":\"2021-04-24T16:25:07+00:00\",\"dateModified\":\"2021-04-26T02:02:51+00:00\",\"author\":{\"@id\":\"https:\/\/www.africa-press.net\/cameroun\/#\/schema\/person\/2b1cf3cd81a31e3cd26889ca66d677f1\"},\"description\":\"D\u2019apr\u00e8s le secr\u00e9taire g\u00e9n\u00e9ral du Cameroon People\u2019s Party (CPP), Franck Essi, le parti dirig\u00e9 par Kah Wallah (photo) a sa ...\",\"breadcrumb\":{\"@id\":\"https:\/\/www.africa-press.net\/cameroun\/politique\/kah-wallah-saisit-lonu-pour-demander-la-liberation-de-ses-militants-incarceres#breadcrumb\"},\"inLanguage\":\"fr-FR\",\"potentialAction\":[{\"@type\":\"ReadAction\",\"target\":[\"https:\/\/www.africa-press.net\/cameroun\/politique\/kah-wallah-saisit-lonu-pour-demander-la-liberation-de-ses-militants-incarceres\"]}]},{\"@type\":\"ImageObject\",\"inLanguage\":\"fr-FR\",\"@id\":\"https:\/\/www.africa-press.net\/cameroun\/politique\/kah-wallah-saisit-lonu-pour-demander-la-liberation-de-ses-militants-incarceres#primaryimage\",\"url\":\"https:\/\/static.africa-press.net\/cameroun\/sites\/57\/2021\/04\/img-608456091cadf.jpg\",\"contentUrl\":\"https:\/\/static.africa-press.net\/cameroun\/sites\/57\/2021\/04\/img-608456091cadf.jpg\",\"width\":720,\"height\":413,\"caption\":\"Kah Wallah saisit l\u2019ONU pour demander la lib\u00e9ration de ses militants incarc\u00e9r\u00e9s\"},{\"@type\":\"BreadcrumbList\",\"@id\":\"https:\/\/www.africa-press.net\/cameroun\/politique\/kah-wallah-saisit-lonu-pour-demander-la-liberation-de-ses-militants-incarceres#breadcrumb\",\"itemListElement\":[{\"@type\":\"ListItem\",\"position\":1,\"name\":\"Accueil\",\"item\":\"https:\/\/www.africa-press.net\/cameroun\/\"},{\"@type\":\"ListItem\",\"position\":2,\"name\":\"Kah Wallah saisit l\u2019ONU pour demander la lib\u00e9ration de ses militants incarc\u00e9r\u00e9s\"}]},{\"@type\":\"WebSite\",\"@id\":\"https:\/\/www.africa-press.net\/cameroun\/#website\",\"url\":\"https:\/\/www.africa-press.net\/cameroun\/\",\"name\":\"Cameroun\",\"description\":\"Just another Africa News Agency Sites site\",\"potentialAction\":[{\"@type\":\"SearchAction\",\"target\":{\"@type\":\"EntryPoint\",\"urlTemplate\":\"https:\/\/www.africa-press.net\/cameroun\/?s={search_term_string}\"},\"query-input\":{\"@type\":\"PropertyValueSpecification\",\"valueRequired\":true,\"valueName\":\"search_term_string\"}}],\"inLanguage\":\"fr-FR\"},{\"@type\":\"Person\",\"@id\":\"https:\/\/www.africa-press.net\/cameroun\/#\/schema\/person\/2b1cf3cd81a31e3cd26889ca66d677f1\",\"name\":\"cfeditorfr\"}]}<\/script>\n<!-- \/ Yoast SEO Premium plugin. -->","yoast_head_json":{"title":"Kah Wallah saisit l\u2019ONU pour demander la lib\u00e9ration de ses militants incarc\u00e9r\u00e9s - Cameroun","description":"D\u2019apr\u00e8s le secr\u00e9taire g\u00e9n\u00e9ral du Cameroon People\u2019s Party (CPP), Franck Essi, le parti dirig\u00e9 par Kah Wallah (photo) a sa ...","robots":{"index":"index","follow":"follow","max-snippet":"max-snippet:-1","max-image-preview":"max-image-preview:large","max-video-preview":"max-video-preview:-1"},"canonical":"https:\/\/www.africa-press.net\/cameroun\/politique\/kah-wallah-saisit-lonu-pour-demander-la-liberation-de-ses-militants-incarceres","og_locale":"fr_FR","og_type":"article","og_title":"Kah Wallah saisit l\u2019ONU pour demander la lib\u00e9ration de ses militants incarc\u00e9r\u00e9s","og_description":"D\u2019apr\u00e8s le secr\u00e9taire g\u00e9n\u00e9ral du Cameroon People\u2019s Party (CPP), Franck Essi, le parti dirig\u00e9 par Kah Wallah (photo) a sa ...","og_url":"https:\/\/www.africa-press.net\/cameroun\/politique\/kah-wallah-saisit-lonu-pour-demander-la-liberation-de-ses-militants-incarceres","og_site_name":"Cameroun","article_published_time":"2021-04-24T16:25:07+00:00","article_modified_time":"2021-04-26T02:02:51+00:00","og_image":[{"width":720,"height":413,"url":"https:\/\/static.africa-press.net\/cameroun\/sites\/57\/2021\/04\/img-608456091cadf.jpg","type":"image\/jpeg"}],"author":"cfeditorfr","twitter_card":"summary_large_image","twitter_misc":{"\u00c9crit par":"cfeditorfr","Dur\u00e9e de lecture estim\u00e9e":"1 minute"},"schema":{"@context":"https:\/\/schema.org","@graph":[{"@type":"Article","@id":"https:\/\/www.africa-press.net\/cameroun\/politique\/kah-wallah-saisit-lonu-pour-demander-la-liberation-de-ses-militants-incarceres#article","isPartOf":{"@id":"https:\/\/www.africa-press.net\/cameroun\/politique\/kah-wallah-saisit-lonu-pour-demander-la-liberation-de-ses-militants-incarceres"},"author":{"name":"cfeditorfr","@id":"https:\/\/www.africa-press.net\/cameroun\/#\/schema\/person\/2b1cf3cd81a31e3cd26889ca66d677f1"},"headline":"Kah Wallah saisit l\u2019ONU pour demander la lib\u00e9ration de ses militants incarc\u00e9r\u00e9s","datePublished":"2021-04-24T16:25:07+00:00","dateModified":"2021-04-26T02:02:51+00:00","mainEntityOfPage":{"@id":"https:\/\/www.africa-press.net\/cameroun\/politique\/kah-wallah-saisit-lonu-pour-demander-la-liberation-de-ses-militants-incarceres"},"wordCount":262,"commentCount":0,"image":{"@id":"https:\/\/www.africa-press.net\/cameroun\/politique\/kah-wallah-saisit-lonu-pour-demander-la-liberation-de-ses-militants-incarceres#primaryimage"},"thumbnailUrl":"https:\/\/static.africa-press.net\/cameroun\/sites\/57\/2021\/04\/img-608456091cadf.jpg","keywords":["Africa Press","Africa Press-Cameroun","Cameroun"],"articleSection":["homepage-french","Politique","Toutes les actualit\u00e9s"],"inLanguage":"fr-FR","potentialAction":[{"@type":"CommentAction","name":"Comment","target":["https:\/\/www.africa-press.net\/cameroun\/politique\/kah-wallah-saisit-lonu-pour-demander-la-liberation-de-ses-militants-incarceres#respond"]}]},{"@type":"WebPage","@id":"https:\/\/www.africa-press.net\/cameroun\/politique\/kah-wallah-saisit-lonu-pour-demander-la-liberation-de-ses-militants-incarceres","url":"https:\/\/www.africa-press.net\/cameroun\/politique\/kah-wallah-saisit-lonu-pour-demander-la-liberation-de-ses-militants-incarceres","name":"Kah Wallah saisit l\u2019ONU pour demander la lib\u00e9ration de ses militants incarc\u00e9r\u00e9s - Cameroun","isPartOf":{"@id":"https:\/\/www.africa-press.net\/cameroun\/#website"},"primaryImageOfPage":{"@id":"https:\/\/www.africa-press.net\/cameroun\/politique\/kah-wallah-saisit-lonu-pour-demander-la-liberation-de-ses-militants-incarceres#primaryimage"},"image":{"@id":"https:\/\/www.africa-press.net\/cameroun\/politique\/kah-wallah-saisit-lonu-pour-demander-la-liberation-de-ses-militants-incarceres#primaryimage"},"thumbnailUrl":"https:\/\/static.africa-press.net\/cameroun\/sites\/57\/2021\/04\/img-608456091cadf.jpg","datePublished":"2021-04-24T16:25:07+00:00","dateModified":"2021-04-26T02:02:51+00:00","author":{"@id":"https:\/\/www.africa-press.net\/cameroun\/#\/schema\/person\/2b1cf3cd81a31e3cd26889ca66d677f1"},"description":"D\u2019apr\u00e8s le secr\u00e9taire g\u00e9n\u00e9ral du Cameroon People\u2019s Party (CPP), Franck Essi, le parti dirig\u00e9 par Kah Wallah (photo) a sa ...","breadcrumb":{"@id":"https:\/\/www.africa-press.net\/cameroun\/politique\/kah-wallah-saisit-lonu-pour-demander-la-liberation-de-ses-militants-incarceres#breadcrumb"},"inLanguage":"fr-FR","potentialAction":[{"@type":"ReadAction","target":["https:\/\/www.africa-press.net\/cameroun\/politique\/kah-wallah-saisit-lonu-pour-demander-la-liberation-de-ses-militants-incarceres"]}]},{"@type":"ImageObject","inLanguage":"fr-FR","@id":"https:\/\/www.africa-press.net\/cameroun\/politique\/kah-wallah-saisit-lonu-pour-demander-la-liberation-de-ses-militants-incarceres#primaryimage","url":"https:\/\/static.africa-press.net\/cameroun\/sites\/57\/2021\/04\/img-608456091cadf.jpg","contentUrl":"https:\/\/static.africa-press.net\/cameroun\/sites\/57\/2021\/04\/img-608456091cadf.jpg","width":720,"height":413,"caption":"Kah Wallah saisit l\u2019ONU pour demander la lib\u00e9ration de ses militants incarc\u00e9r\u00e9s"},{"@type":"BreadcrumbList","@id":"https:\/\/www.africa-press.net\/cameroun\/politique\/kah-wallah-saisit-lonu-pour-demander-la-liberation-de-ses-militants-incarceres#breadcrumb","itemListElement":[{"@type":"ListItem","position":1,"name":"Accueil","item":"https:\/\/www.africa-press.net\/cameroun\/"},{"@type":"ListItem","position":2,"name":"Kah Wallah saisit l\u2019ONU pour demander la lib\u00e9ration de ses militants incarc\u00e9r\u00e9s"}]},{"@type":"WebSite","@id":"https:\/\/www.africa-press.net\/cameroun\/#website","url":"https:\/\/www.africa-press.net\/cameroun\/","name":"Cameroun","description":"Just another Africa News Agency Sites site","potentialAction":[{"@type":"SearchAction","target":{"@type":"EntryPoint","urlTemplate":"https:\/\/www.africa-press.net\/cameroun\/?s={search_term_string}"},"query-input":{"@type":"PropertyValueSpecification","valueRequired":true,"valueName":"search_term_string"}}],"inLanguage":"fr-FR"},{"@type":"Person","@id":"https:\/\/www.africa-press.net\/cameroun\/#\/schema\/person\/2b1cf3cd81a31e3cd26889ca66d677f1","name":"cfeditorfr"}]}},"_links":{"self":[{"href":"https:\/\/www.africa-press.net\/cameroun\/wp-json\/wp\/v2\/posts\/2428","targetHints":{"allow":["GET"]}}],"collection":[{"href":"https:\/\/www.africa-press.net\/cameroun\/wp-json\/wp\/v2\/posts"}],"about":[{"href":"https:\/\/www.africa-press.net\/cameroun\/wp-json\/wp\/v2\/types\/post"}],"author":[{"embeddable":true,"href":"https:\/\/www.africa-press.net\/cameroun\/wp-json\/wp\/v2\/users\/82"}],"replies":[{"embeddable":true,"href":"https:\/\/www.africa-press.net\/cameroun\/wp-json\/wp\/v2\/comments?post=2428"}],"version-history":[{"count":0,"href":"https:\/\/www.africa-press.net\/cameroun\/wp-json\/wp\/v2\/posts\/2428\/revisions"}],"wp:featuredmedia":[{"embeddable":true,"href":"https:\/\/www.africa-press.net\/cameroun\/wp-json\/wp\/v2\/media\/2427"}],"wp:attachment":[{"href":"https:\/\/www.africa-press.net\/cameroun\/wp-json\/wp\/v2\/media?parent=2428"}],"wp:term":[{"taxonomy":"category","embeddable":true,"href":"https:\/\/www.africa-press.net\/cameroun\/wp-json\/wp\/v2\/categories?post=2428"},{"taxonomy":"post_tag","embeddable":true,"href":"https:\/\/www.africa-press.net\/cameroun\/wp-json\/wp\/v2\/tags?post=2428"}],"curies":[{"name":"wp","href":"https:\/\/api.w.org\/{rel}","templated":true}]}}