{"id":24286,"date":"2022-07-27T15:56:49","date_gmt":"2022-07-27T15:56:49","guid":{"rendered":"https:\/\/www.africa-press.net\/cameroun\/politique\/diplomatie-emmanuel-macron-quitte-nuitamment-le-cameroun-direction-le-benin"},"modified":"2022-07-27T15:57:03","modified_gmt":"2022-07-27T15:57:03","slug":"diplomatie-emmanuel-macron-quitte-nuitamment-le-cameroun-direction-le-benin","status":"publish","type":"post","link":"https:\/\/www.africa-press.net\/cameroun\/politique\/diplomatie-emmanuel-macron-quitte-nuitamment-le-cameroun-direction-le-benin","title":{"rendered":"Diplomatie: Emmanuel Macron quitte nuitamment le Cameroun, direction le B\u00e9nin"},"content":{"rendered":"<p><span style=\"color: #ff6600\"><strong>Africa-Press &#8211; Cameroun. <\/strong><\/span>Le pr\u00e9sident fran\u00e7ais Emmanuel Macron a quitt\u00e9 le Cameroun dans la soir\u00e9e du mardi 26 juillet 2022, apr\u00e8s deux jours d\u2019une visite officielle en terre camerounaise. Il a embarqu\u00e9 avec l\u2019ensemble de sa d\u00e9l\u00e9gation \u00e0 bord d\u2019un avion de la compagnie fran\u00e7aise Air France, qui a quitt\u00e9 le tarmac de l\u2019a\u00e9roport international de Yaound\u00e9-Nsimalen, aux encablures de 22H30, heure camerounaise. \u00ab Merci pour cette journ\u00e9e \u00e0 Yaound\u00e9. Je n\u2019oublierai jamais ce que j\u2019ai v\u00e9cu \u00bb, a-t-il confi\u00e9 \u00e0 la t\u00e9l\u00e9vision nationale, Cameroon Radio Television (CRTV), au pied de la passerelle de son avion.<\/p>\n<p>Le pr\u00e9sident fran\u00e7ais a eu une journ\u00e9e de mardi tr\u00e8s charg\u00e9e, marqu\u00e9e notamment par une audience au Palais de l\u2019Unit\u00e9 avec son homologue camerounais Paul Biya. Les deux hommes se sont ensuite pr\u00e9sent\u00e9s en conf\u00e9rence de presse, pour r\u00e9pondre aux questions de la presse des deux pays sur divers sujets, notamment sur la gouvernance, le conflit russo-ukrainien, la question de l\u2019industrie manufacturi\u00e8re africaine, l\u2019agriculture\u2026<\/p>\n<p>Emmanuel Macron a boucl\u00e9 sa journ\u00e9e par une visite moins protocolaire au \u00ab Village Noah \u00bb, un oasis appartenant \u00e0 l\u2019ancien tennisman franco-camerounais Yannick Noah, autour d\u2019un verre et un concert donn\u00e9 par des artistes locaux, et le propri\u00e9taire des lieux.<\/p>\n<p>Le pr\u00e9sident fran\u00e7ais a donc quitt\u00e9 le Cameroun, et poursuivra sa visite par le B\u00e9nin o\u00f9 il est attendu ce mercredi 27 juillet 2022. Il partira de l\u00e0 pour la Guin\u00e9e-Bissau, ultime \u00e9tape de cette tourn\u00e9e africaine.<\/p>\n<p><strong>Pour plus d&rsquo;informations et d&rsquo;analyses sur la <a href=\"https:\/\/www.africa-press.net\/cameroun\">Cameroun<\/a>, suivez <a href=\"https:\/\/www.africa-press.net\/\">Africa-Press<\/a><\/strong><\/p>\n","protected":false},"excerpt":{"rendered":"<p>Africa-Press &#8211; Cameroun. Le pr\u00e9sident fran\u00e7ais Emmanuel Macron a quitt\u00e9 le Cameroun dans la soir\u00e9e du mardi 26 juillet 2022, apr\u00e8s deux jours d\u2019une visite officielle en terre camerounaise. Il a embarqu\u00e9 avec l\u2019ensemble de sa d\u00e9l\u00e9gation \u00e0 bord d\u2019un avion de la compagnie fran\u00e7aise Air France, qui a quitt\u00e9 le tarmac de l\u2019a\u00e9roport international [&hellip;]<\/p>\n","protected":false},"author":82,"featured_media":24285,"comment_status":"open","ping_status":"closed","sticky":false,"template":"","format":"standard","meta":{"footnotes":""},"categories":[11,2,10],"tags":[36,50,49],"class_list":["post-24286","post","type-post","status-publish","format-standard","has-post-thumbnail","hentry","category-homepage-french","category-politique","category-toutes-les-actualites","tag-africa-press","tag-africa-press-cameroun","tag-cameroun"],"yoast_head":"<!-- This site is optimized with the Yoast SEO Premium plugin v26.1 (Yoast SEO v27.0) - https:\/\/yoast.com\/product\/yoast-seo-premium-wordpress\/ -->\n<title>Diplomatie: Emmanuel Macron quitte nuitamment le Cameroun, direction le B\u00e9nin - Cameroun<\/title>\n<meta name=\"description\" content=\"Le pr\u00e9sident fran\u00e7ais Emmanuel Macron a quitt\u00e9 le Cameroun dans la soir\u00e9e du mardi 26 juillet 2022, apr\u00e8s deux jours d\u2019u ...\" \/>\n<meta name=\"robots\" content=\"index, follow, max-snippet:-1, max-image-preview:large, max-video-preview:-1\" \/>\n<link rel=\"canonical\" href=\"https:\/\/www.africa-press.net\/cameroun\/politique\/diplomatie-emmanuel-macron-quitte-nuitamment-le-cameroun-direction-le-benin\" \/>\n<meta property=\"og:locale\" content=\"fr_FR\" \/>\n<meta property=\"og:type\" content=\"article\" \/>\n<meta property=\"og:title\" content=\"Diplomatie: Emmanuel Macron quitte nuitamment le Cameroun, direction le B\u00e9nin\" \/>\n<meta property=\"og:description\" content=\"Le pr\u00e9sident fran\u00e7ais Emmanuel Macron a quitt\u00e9 le Cameroun dans la soir\u00e9e du mardi 26 juillet 2022, apr\u00e8s deux jours d\u2019u ...\" \/>\n<meta property=\"og:url\" content=\"https:\/\/www.africa-press.net\/cameroun\/politique\/diplomatie-emmanuel-macron-quitte-nuitamment-le-cameroun-direction-le-benin\" \/>\n<meta property=\"og:site_name\" content=\"Cameroun\" \/>\n<meta property=\"article:published_time\" content=\"2022-07-27T15:56:49+00:00\" \/>\n<meta property=\"article:modified_time\" content=\"2022-07-27T15:57:03+00:00\" \/>\n<meta property=\"og:image\" content=\"https:\/\/static.africa-press.net\/cameroun\/sites\/57\/2022\/07\/img-62e1603717ca8.jpg\" \/>\n\t<meta property=\"og:image:width\" content=\"800\" \/>\n\t<meta property=\"og:image:height\" content=\"515\" \/>\n\t<meta property=\"og:image:type\" content=\"image\/jpeg\" \/>\n<meta name=\"author\" content=\"cfeditorfr\" \/>\n<meta name=\"twitter:card\" content=\"summary_large_image\" \/>\n<meta name=\"twitter:label1\" content=\"\u00c9crit par\" \/>\n\t<meta name=\"twitter:data1\" content=\"cfeditorfr\" \/>\n\t<meta name=\"twitter:label2\" content=\"Dur\u00e9e de lecture estim\u00e9e\" \/>\n\t<meta name=\"twitter:data2\" content=\"2 minutes\" \/>\n<script type=\"application\/ld+json\" class=\"yoast-schema-graph\">{\"@context\":\"https:\/\/schema.org\",\"@graph\":[{\"@type\":\"Article\",\"@id\":\"https:\/\/www.africa-press.net\/cameroun\/politique\/diplomatie-emmanuel-macron-quitte-nuitamment-le-cameroun-direction-le-benin#article\",\"isPartOf\":{\"@id\":\"https:\/\/www.africa-press.net\/cameroun\/politique\/diplomatie-emmanuel-macron-quitte-nuitamment-le-cameroun-direction-le-benin\"},\"author\":{\"name\":\"cfeditorfr\",\"@id\":\"https:\/\/www.africa-press.net\/cameroun\/#\/schema\/person\/2b1cf3cd81a31e3cd26889ca66d677f1\"},\"headline\":\"Diplomatie: Emmanuel Macron quitte nuitamment le Cameroun, direction le B\u00e9nin\",\"datePublished\":\"2022-07-27T15:56:49+00:00\",\"dateModified\":\"2022-07-27T15:57:03+00:00\",\"mainEntityOfPage\":{\"@id\":\"https:\/\/www.africa-press.net\/cameroun\/politique\/diplomatie-emmanuel-macron-quitte-nuitamment-le-cameroun-direction-le-benin\"},\"wordCount\":291,\"commentCount\":0,\"image\":{\"@id\":\"https:\/\/www.africa-press.net\/cameroun\/politique\/diplomatie-emmanuel-macron-quitte-nuitamment-le-cameroun-direction-le-benin#primaryimage\"},\"thumbnailUrl\":\"https:\/\/static.africa-press.net\/cameroun\/sites\/57\/2022\/07\/img-62e1603717ca8.jpg\",\"keywords\":[\"Africa Press\",\"Africa Press-Cameroun\",\"Cameroun\"],\"articleSection\":[\"homepage-french\",\"Politique\",\"Toutes les actualit\u00e9s\"],\"inLanguage\":\"fr-FR\",\"potentialAction\":[{\"@type\":\"CommentAction\",\"name\":\"Comment\",\"target\":[\"https:\/\/www.africa-press.net\/cameroun\/politique\/diplomatie-emmanuel-macron-quitte-nuitamment-le-cameroun-direction-le-benin#respond\"]}]},{\"@type\":\"WebPage\",\"@id\":\"https:\/\/www.africa-press.net\/cameroun\/politique\/diplomatie-emmanuel-macron-quitte-nuitamment-le-cameroun-direction-le-benin\",\"url\":\"https:\/\/www.africa-press.net\/cameroun\/politique\/diplomatie-emmanuel-macron-quitte-nuitamment-le-cameroun-direction-le-benin\",\"name\":\"Diplomatie: Emmanuel Macron quitte nuitamment le Cameroun, direction le B\u00e9nin - Cameroun\",\"isPartOf\":{\"@id\":\"https:\/\/www.africa-press.net\/cameroun\/#website\"},\"primaryImageOfPage\":{\"@id\":\"https:\/\/www.africa-press.net\/cameroun\/politique\/diplomatie-emmanuel-macron-quitte-nuitamment-le-cameroun-direction-le-benin#primaryimage\"},\"image\":{\"@id\":\"https:\/\/www.africa-press.net\/cameroun\/politique\/diplomatie-emmanuel-macron-quitte-nuitamment-le-cameroun-direction-le-benin#primaryimage\"},\"thumbnailUrl\":\"https:\/\/static.africa-press.net\/cameroun\/sites\/57\/2022\/07\/img-62e1603717ca8.jpg\",\"datePublished\":\"2022-07-27T15:56:49+00:00\",\"dateModified\":\"2022-07-27T15:57:03+00:00\",\"author\":{\"@id\":\"https:\/\/www.africa-press.net\/cameroun\/#\/schema\/person\/2b1cf3cd81a31e3cd26889ca66d677f1\"},\"description\":\"Le pr\u00e9sident fran\u00e7ais Emmanuel Macron a quitt\u00e9 le Cameroun dans la soir\u00e9e du mardi 26 juillet 2022, apr\u00e8s deux jours d\u2019u ...\",\"breadcrumb\":{\"@id\":\"https:\/\/www.africa-press.net\/cameroun\/politique\/diplomatie-emmanuel-macron-quitte-nuitamment-le-cameroun-direction-le-benin#breadcrumb\"},\"inLanguage\":\"fr-FR\",\"potentialAction\":[{\"@type\":\"ReadAction\",\"target\":[\"https:\/\/www.africa-press.net\/cameroun\/politique\/diplomatie-emmanuel-macron-quitte-nuitamment-le-cameroun-direction-le-benin\"]}]},{\"@type\":\"ImageObject\",\"inLanguage\":\"fr-FR\",\"@id\":\"https:\/\/www.africa-press.net\/cameroun\/politique\/diplomatie-emmanuel-macron-quitte-nuitamment-le-cameroun-direction-le-benin#primaryimage\",\"url\":\"https:\/\/static.africa-press.net\/cameroun\/sites\/57\/2022\/07\/img-62e1603717ca8.jpg\",\"contentUrl\":\"https:\/\/static.africa-press.net\/cameroun\/sites\/57\/2022\/07\/img-62e1603717ca8.jpg\",\"width\":800,\"height\":515,\"caption\":\"Diplomatie: Emmanuel Macron quitte nuitamment le Cameroun, direction le B\u00e9nin\"},{\"@type\":\"BreadcrumbList\",\"@id\":\"https:\/\/www.africa-press.net\/cameroun\/politique\/diplomatie-emmanuel-macron-quitte-nuitamment-le-cameroun-direction-le-benin#breadcrumb\",\"itemListElement\":[{\"@type\":\"ListItem\",\"position\":1,\"name\":\"Accueil\",\"item\":\"https:\/\/www.africa-press.net\/cameroun\/\"},{\"@type\":\"ListItem\",\"position\":2,\"name\":\"Diplomatie: Emmanuel Macron quitte nuitamment le Cameroun, direction le B\u00e9nin\"}]},{\"@type\":\"WebSite\",\"@id\":\"https:\/\/www.africa-press.net\/cameroun\/#website\",\"url\":\"https:\/\/www.africa-press.net\/cameroun\/\",\"name\":\"Cameroun\",\"description\":\"Just another Africa News Agency Sites site\",\"potentialAction\":[{\"@type\":\"SearchAction\",\"target\":{\"@type\":\"EntryPoint\",\"urlTemplate\":\"https:\/\/www.africa-press.net\/cameroun\/?s={search_term_string}\"},\"query-input\":{\"@type\":\"PropertyValueSpecification\",\"valueRequired\":true,\"valueName\":\"search_term_string\"}}],\"inLanguage\":\"fr-FR\"},{\"@type\":\"Person\",\"@id\":\"https:\/\/www.africa-press.net\/cameroun\/#\/schema\/person\/2b1cf3cd81a31e3cd26889ca66d677f1\",\"name\":\"cfeditorfr\"}]}<\/script>\n<!-- \/ Yoast SEO Premium plugin. -->","yoast_head_json":{"title":"Diplomatie: Emmanuel Macron quitte nuitamment le Cameroun, direction le B\u00e9nin - Cameroun","description":"Le pr\u00e9sident fran\u00e7ais Emmanuel Macron a quitt\u00e9 le Cameroun dans la soir\u00e9e du mardi 26 juillet 2022, apr\u00e8s deux jours d\u2019u ...","robots":{"index":"index","follow":"follow","max-snippet":"max-snippet:-1","max-image-preview":"max-image-preview:large","max-video-preview":"max-video-preview:-1"},"canonical":"https:\/\/www.africa-press.net\/cameroun\/politique\/diplomatie-emmanuel-macron-quitte-nuitamment-le-cameroun-direction-le-benin","og_locale":"fr_FR","og_type":"article","og_title":"Diplomatie: Emmanuel Macron quitte nuitamment le Cameroun, direction le B\u00e9nin","og_description":"Le pr\u00e9sident fran\u00e7ais Emmanuel Macron a quitt\u00e9 le Cameroun dans la soir\u00e9e du mardi 26 juillet 2022, apr\u00e8s deux jours d\u2019u ...","og_url":"https:\/\/www.africa-press.net\/cameroun\/politique\/diplomatie-emmanuel-macron-quitte-nuitamment-le-cameroun-direction-le-benin","og_site_name":"Cameroun","article_published_time":"2022-07-27T15:56:49+00:00","article_modified_time":"2022-07-27T15:57:03+00:00","og_image":[{"width":800,"height":515,"url":"https:\/\/static.africa-press.net\/cameroun\/sites\/57\/2022\/07\/img-62e1603717ca8.jpg","type":"image\/jpeg"}],"author":"cfeditorfr","twitter_card":"summary_large_image","twitter_misc":{"\u00c9crit par":"cfeditorfr","Dur\u00e9e de lecture estim\u00e9e":"2 minutes"},"schema":{"@context":"https:\/\/schema.org","@graph":[{"@type":"Article","@id":"https:\/\/www.africa-press.net\/cameroun\/politique\/diplomatie-emmanuel-macron-quitte-nuitamment-le-cameroun-direction-le-benin#article","isPartOf":{"@id":"https:\/\/www.africa-press.net\/cameroun\/politique\/diplomatie-emmanuel-macron-quitte-nuitamment-le-cameroun-direction-le-benin"},"author":{"name":"cfeditorfr","@id":"https:\/\/www.africa-press.net\/cameroun\/#\/schema\/person\/2b1cf3cd81a31e3cd26889ca66d677f1"},"headline":"Diplomatie: Emmanuel Macron quitte nuitamment le Cameroun, direction le B\u00e9nin","datePublished":"2022-07-27T15:56:49+00:00","dateModified":"2022-07-27T15:57:03+00:00","mainEntityOfPage":{"@id":"https:\/\/www.africa-press.net\/cameroun\/politique\/diplomatie-emmanuel-macron-quitte-nuitamment-le-cameroun-direction-le-benin"},"wordCount":291,"commentCount":0,"image":{"@id":"https:\/\/www.africa-press.net\/cameroun\/politique\/diplomatie-emmanuel-macron-quitte-nuitamment-le-cameroun-direction-le-benin#primaryimage"},"thumbnailUrl":"https:\/\/static.africa-press.net\/cameroun\/sites\/57\/2022\/07\/img-62e1603717ca8.jpg","keywords":["Africa Press","Africa Press-Cameroun","Cameroun"],"articleSection":["homepage-french","Politique","Toutes les actualit\u00e9s"],"inLanguage":"fr-FR","potentialAction":[{"@type":"CommentAction","name":"Comment","target":["https:\/\/www.africa-press.net\/cameroun\/politique\/diplomatie-emmanuel-macron-quitte-nuitamment-le-cameroun-direction-le-benin#respond"]}]},{"@type":"WebPage","@id":"https:\/\/www.africa-press.net\/cameroun\/politique\/diplomatie-emmanuel-macron-quitte-nuitamment-le-cameroun-direction-le-benin","url":"https:\/\/www.africa-press.net\/cameroun\/politique\/diplomatie-emmanuel-macron-quitte-nuitamment-le-cameroun-direction-le-benin","name":"Diplomatie: Emmanuel Macron quitte nuitamment le Cameroun, direction le B\u00e9nin - Cameroun","isPartOf":{"@id":"https:\/\/www.africa-press.net\/cameroun\/#website"},"primaryImageOfPage":{"@id":"https:\/\/www.africa-press.net\/cameroun\/politique\/diplomatie-emmanuel-macron-quitte-nuitamment-le-cameroun-direction-le-benin#primaryimage"},"image":{"@id":"https:\/\/www.africa-press.net\/cameroun\/politique\/diplomatie-emmanuel-macron-quitte-nuitamment-le-cameroun-direction-le-benin#primaryimage"},"thumbnailUrl":"https:\/\/static.africa-press.net\/cameroun\/sites\/57\/2022\/07\/img-62e1603717ca8.jpg","datePublished":"2022-07-27T15:56:49+00:00","dateModified":"2022-07-27T15:57:03+00:00","author":{"@id":"https:\/\/www.africa-press.net\/cameroun\/#\/schema\/person\/2b1cf3cd81a31e3cd26889ca66d677f1"},"description":"Le pr\u00e9sident fran\u00e7ais Emmanuel Macron a quitt\u00e9 le Cameroun dans la soir\u00e9e du mardi 26 juillet 2022, apr\u00e8s deux jours d\u2019u ...","breadcrumb":{"@id":"https:\/\/www.africa-press.net\/cameroun\/politique\/diplomatie-emmanuel-macron-quitte-nuitamment-le-cameroun-direction-le-benin#breadcrumb"},"inLanguage":"fr-FR","potentialAction":[{"@type":"ReadAction","target":["https:\/\/www.africa-press.net\/cameroun\/politique\/diplomatie-emmanuel-macron-quitte-nuitamment-le-cameroun-direction-le-benin"]}]},{"@type":"ImageObject","inLanguage":"fr-FR","@id":"https:\/\/www.africa-press.net\/cameroun\/politique\/diplomatie-emmanuel-macron-quitte-nuitamment-le-cameroun-direction-le-benin#primaryimage","url":"https:\/\/static.africa-press.net\/cameroun\/sites\/57\/2022\/07\/img-62e1603717ca8.jpg","contentUrl":"https:\/\/static.africa-press.net\/cameroun\/sites\/57\/2022\/07\/img-62e1603717ca8.jpg","width":800,"height":515,"caption":"Diplomatie: Emmanuel Macron quitte nuitamment le Cameroun, direction le B\u00e9nin"},{"@type":"BreadcrumbList","@id":"https:\/\/www.africa-press.net\/cameroun\/politique\/diplomatie-emmanuel-macron-quitte-nuitamment-le-cameroun-direction-le-benin#breadcrumb","itemListElement":[{"@type":"ListItem","position":1,"name":"Accueil","item":"https:\/\/www.africa-press.net\/cameroun\/"},{"@type":"ListItem","position":2,"name":"Diplomatie: Emmanuel Macron quitte nuitamment le Cameroun, direction le B\u00e9nin"}]},{"@type":"WebSite","@id":"https:\/\/www.africa-press.net\/cameroun\/#website","url":"https:\/\/www.africa-press.net\/cameroun\/","name":"Cameroun","description":"Just another Africa News Agency Sites site","potentialAction":[{"@type":"SearchAction","target":{"@type":"EntryPoint","urlTemplate":"https:\/\/www.africa-press.net\/cameroun\/?s={search_term_string}"},"query-input":{"@type":"PropertyValueSpecification","valueRequired":true,"valueName":"search_term_string"}}],"inLanguage":"fr-FR"},{"@type":"Person","@id":"https:\/\/www.africa-press.net\/cameroun\/#\/schema\/person\/2b1cf3cd81a31e3cd26889ca66d677f1","name":"cfeditorfr"}]}},"_links":{"self":[{"href":"https:\/\/www.africa-press.net\/cameroun\/wp-json\/wp\/v2\/posts\/24286","targetHints":{"allow":["GET"]}}],"collection":[{"href":"https:\/\/www.africa-press.net\/cameroun\/wp-json\/wp\/v2\/posts"}],"about":[{"href":"https:\/\/www.africa-press.net\/cameroun\/wp-json\/wp\/v2\/types\/post"}],"author":[{"embeddable":true,"href":"https:\/\/www.africa-press.net\/cameroun\/wp-json\/wp\/v2\/users\/82"}],"replies":[{"embeddable":true,"href":"https:\/\/www.africa-press.net\/cameroun\/wp-json\/wp\/v2\/comments?post=24286"}],"version-history":[{"count":0,"href":"https:\/\/www.africa-press.net\/cameroun\/wp-json\/wp\/v2\/posts\/24286\/revisions"}],"wp:featuredmedia":[{"embeddable":true,"href":"https:\/\/www.africa-press.net\/cameroun\/wp-json\/wp\/v2\/media\/24285"}],"wp:attachment":[{"href":"https:\/\/www.africa-press.net\/cameroun\/wp-json\/wp\/v2\/media?parent=24286"}],"wp:term":[{"taxonomy":"category","embeddable":true,"href":"https:\/\/www.africa-press.net\/cameroun\/wp-json\/wp\/v2\/categories?post=24286"},{"taxonomy":"post_tag","embeddable":true,"href":"https:\/\/www.africa-press.net\/cameroun\/wp-json\/wp\/v2\/tags?post=24286"}],"curies":[{"name":"wp","href":"https:\/\/api.w.org\/{rel}","templated":true}]}}