{"id":24289,"date":"2022-07-27T13:08:21","date_gmt":"2022-07-27T13:08:21","guid":{"rendered":"https:\/\/www.africa-press.net\/cameroun\/politique\/politique-inclusive-gregoire-owona-maurice-kamto-toumaino-ndam-njoya-ont-eu-un-conclave-avec-des-parlementaires-francais-a-yaounde"},"modified":"2022-07-27T15:57:35","modified_gmt":"2022-07-27T15:57:35","slug":"politique-inclusive-gregoire-owona-maurice-kamto-toumaino-ndam-njoya-ont-eu-un-conclave-avec-des-parlementaires-francais-a-yaounde","status":"publish","type":"post","link":"https:\/\/www.africa-press.net\/cameroun\/politique\/politique-inclusive-gregoire-owona-maurice-kamto-toumaino-ndam-njoya-ont-eu-un-conclave-avec-des-parlementaires-francais-a-yaounde","title":{"rendered":"Politique inclusive: Gr\u00e9goire Owona, Maurice Kamto, Touma\u00efno Ndam Njoya\u2026, ont eu un conclave avec des parlementaires fran\u00e7ais \u00e0 Yaound\u00e9"},"content":{"rendered":"<p><span style=\"color: #ff6600\"><strong>Africa-Press &#8211; Cameroun. <\/strong><\/span>La plupart des partis, parmi les plus repr\u00e9sentatifs de la sc\u00e8ne politique camerounaise, \u00e9taient pr\u00e9sents dans la soir\u00e9e du mardi 26 juillet 2022 au \u00ab Village Noah \u00bb \u00e0 Yaound\u00e9, pour une r\u00e9union de concertation avec des parlementaires fran\u00e7ais de la majorit\u00e9 pr\u00e9sidentielle. Ces parlementaires \u00e9taient conduits par les d\u00e9put\u00e9s Am\u00e9lia Lakrafi, M Funchs Bruno, M Thomas Gassilloud, et le s\u00e9nateur \u00c9douard Courtial.<\/p>\n<p>Le Rassemblement D\u00e9mocratique du Peuple Camerounais (RDPC) y \u00e9tait repr\u00e9sent\u00e9 par Gr\u00e9goire Owona, secr\u00e9taire g\u00e9n\u00e9ral adjoint \u00e0 la Communication du parti ; de Maurice Kamto le pr\u00e9sident du Mouvement pour la Renaissance du Cameroun (MRC) ; de Touma\u00efno Ndam Njoya, la pr\u00e9sidente de l\u2019Union D\u00e9mocratique du Cameroun (UDC), de Adeline Djomgang, la secr\u00e9taire g\u00e9n\u00e9rale du Social Democratic Front (SDF) ; ou encore de Anne-F\u00e9conde Noah, la porte-parole de Cabral Libii, le patron politique du Parti Camerounais pour la R\u00e9conciliation Nationale (PCRN).<\/p>\n<p>D\u2019apr\u00e8s un communiqu\u00e9 publi\u00e9 mardi soir par la militante du PCRN, les acteurs de ce conclave ont abord\u00e9 divers sujets, notamment \u00ab la configuration politique du parlement fran\u00e7ais, de la vie politique fran\u00e7aise depuis la mise en minorit\u00e9 des grands partis traditionnels, qui a entra\u00een\u00e9 la mont\u00e9e des politiques des extr\u00eames ; et du paysage politique Camerounais sous divers angles \u00bb, pr\u00e9cise Anne-F\u00e9conde Noah.<\/p>\n<p>Concr\u00e8tement, la probl\u00e9matique de la r\u00e9forme du syst\u00e8me \u00e9lectoral cher aux partis d\u2019opposition a \u00e9t\u00e9 abord\u00e9e, et il s&rsquo;est agi dans un premier temps d&rsquo;inviter la France \u00e0 partager son exp\u00e9rience avec le Cameroun sur les pratiques \u00e9lectorales, qui pourraient r\u00e9duire les crises post-\u00e9lectorales aux cons\u00e9quences impr\u00e9visibles.<\/p>\n<p>\u00ab Nous avons conclu ce propos en invitant la France \u00e0 mettre sa stature internationale \u00e0 contribution ainsi que son influence aupr\u00e8s du pr\u00e9sident Paul Biya, pour que le code \u00e9lectoral soit r\u00e9vis\u00e9. Le peuple camerounais veut un jeu \u00e9lectoral \u00e9quitable et transparent \u00bb, rench\u00e9rit la porte-parole de Cabral Libii.<\/p>\n<p><strong>Pour plus d&rsquo;informations et d&rsquo;analyses sur la <a href=\"https:\/\/www.africa-press.net\/cameroun\">Cameroun<\/a>, suivez <a href=\"https:\/\/www.africa-press.net\/\">Africa-Press<\/a><\/strong><\/p>\n","protected":false},"excerpt":{"rendered":"<p>Africa-Press &#8211; Cameroun. La plupart des partis, parmi les plus repr\u00e9sentatifs de la sc\u00e8ne politique camerounaise, \u00e9taient pr\u00e9sents dans la soir\u00e9e du mardi 26 juillet 2022 au \u00ab Village Noah \u00bb \u00e0 Yaound\u00e9, pour une r\u00e9union de concertation avec des parlementaires fran\u00e7ais de la majorit\u00e9 pr\u00e9sidentielle. Ces parlementaires \u00e9taient conduits par les d\u00e9put\u00e9s Am\u00e9lia Lakrafi, [&hellip;]<\/p>\n","protected":false},"author":82,"featured_media":24288,"comment_status":"open","ping_status":"closed","sticky":false,"template":"","format":"standard","meta":{"footnotes":""},"categories":[11,2,10],"tags":[36,50,49],"class_list":["post-24289","post","type-post","status-publish","format-standard","has-post-thumbnail","hentry","category-homepage-french","category-politique","category-toutes-les-actualites","tag-africa-press","tag-africa-press-cameroun","tag-cameroun"],"yoast_head":"<!-- This site is optimized with the Yoast SEO Premium plugin v26.1 (Yoast SEO v27.0) - https:\/\/yoast.com\/product\/yoast-seo-premium-wordpress\/ -->\n<title>Politique inclusive: Gr\u00e9goire Owona, Maurice Kamto, Touma\u00efno Ndam Njoya\u2026, ont eu un conclave avec des parlementaires fran\u00e7ais \u00e0 Yaound\u00e9 - Cameroun<\/title>\n<meta name=\"description\" content=\"La plupart des partis, parmi les plus repr\u00e9sentatifs de la sc\u00e8ne politique camerounaise, \u00e9taient pr\u00e9sents dans la soir\u00e9e ...\" \/>\n<meta name=\"robots\" content=\"index, follow, max-snippet:-1, max-image-preview:large, max-video-preview:-1\" \/>\n<link rel=\"canonical\" href=\"https:\/\/www.africa-press.net\/cameroun\/politique\/politique-inclusive-gregoire-owona-maurice-kamto-toumaino-ndam-njoya-ont-eu-un-conclave-avec-des-parlementaires-francais-a-yaounde\" \/>\n<meta property=\"og:locale\" content=\"fr_FR\" \/>\n<meta property=\"og:type\" content=\"article\" \/>\n<meta property=\"og:title\" content=\"Politique inclusive: Gr\u00e9goire Owona, Maurice Kamto, Touma\u00efno Ndam Njoya\u2026, ont eu un conclave avec des parlementaires fran\u00e7ais \u00e0 Yaound\u00e9\" \/>\n<meta property=\"og:description\" content=\"La plupart des partis, parmi les plus repr\u00e9sentatifs de la sc\u00e8ne politique camerounaise, \u00e9taient pr\u00e9sents dans la soir\u00e9e ...\" \/>\n<meta property=\"og:url\" content=\"https:\/\/www.africa-press.net\/cameroun\/politique\/politique-inclusive-gregoire-owona-maurice-kamto-toumaino-ndam-njoya-ont-eu-un-conclave-avec-des-parlementaires-francais-a-yaounde\" \/>\n<meta property=\"og:site_name\" content=\"Cameroun\" \/>\n<meta property=\"article:published_time\" content=\"2022-07-27T13:08:21+00:00\" \/>\n<meta property=\"article:modified_time\" content=\"2022-07-27T15:57:35+00:00\" \/>\n<meta property=\"og:image\" content=\"https:\/\/static.africa-press.net\/cameroun\/sites\/57\/2022\/07\/img-62e1605a78bc2.jpg\" \/>\n\t<meta property=\"og:image:width\" content=\"800\" \/>\n\t<meta property=\"og:image:height\" content=\"388\" \/>\n\t<meta property=\"og:image:type\" content=\"image\/jpeg\" \/>\n<meta name=\"author\" content=\"cfeditorfr\" \/>\n<meta name=\"twitter:card\" content=\"summary_large_image\" \/>\n<meta name=\"twitter:label1\" content=\"\u00c9crit par\" \/>\n\t<meta name=\"twitter:data1\" content=\"cfeditorfr\" \/>\n\t<meta name=\"twitter:label2\" content=\"Dur\u00e9e de lecture estim\u00e9e\" \/>\n\t<meta name=\"twitter:data2\" content=\"2 minutes\" \/>\n<script type=\"application\/ld+json\" class=\"yoast-schema-graph\">{\"@context\":\"https:\/\/schema.org\",\"@graph\":[{\"@type\":\"Article\",\"@id\":\"https:\/\/www.africa-press.net\/cameroun\/politique\/politique-inclusive-gregoire-owona-maurice-kamto-toumaino-ndam-njoya-ont-eu-un-conclave-avec-des-parlementaires-francais-a-yaounde#article\",\"isPartOf\":{\"@id\":\"https:\/\/www.africa-press.net\/cameroun\/politique\/politique-inclusive-gregoire-owona-maurice-kamto-toumaino-ndam-njoya-ont-eu-un-conclave-avec-des-parlementaires-francais-a-yaounde\"},\"author\":{\"name\":\"cfeditorfr\",\"@id\":\"https:\/\/www.africa-press.net\/cameroun\/#\/schema\/person\/2b1cf3cd81a31e3cd26889ca66d677f1\"},\"headline\":\"Politique inclusive: Gr\u00e9goire Owona, Maurice Kamto, Touma\u00efno Ndam Njoya\u2026, ont eu un conclave avec des parlementaires fran\u00e7ais \u00e0 Yaound\u00e9\",\"datePublished\":\"2022-07-27T13:08:21+00:00\",\"dateModified\":\"2022-07-27T15:57:35+00:00\",\"mainEntityOfPage\":{\"@id\":\"https:\/\/www.africa-press.net\/cameroun\/politique\/politique-inclusive-gregoire-owona-maurice-kamto-toumaino-ndam-njoya-ont-eu-un-conclave-avec-des-parlementaires-francais-a-yaounde\"},\"wordCount\":377,\"commentCount\":0,\"image\":{\"@id\":\"https:\/\/www.africa-press.net\/cameroun\/politique\/politique-inclusive-gregoire-owona-maurice-kamto-toumaino-ndam-njoya-ont-eu-un-conclave-avec-des-parlementaires-francais-a-yaounde#primaryimage\"},\"thumbnailUrl\":\"https:\/\/static.africa-press.net\/cameroun\/sites\/57\/2022\/07\/img-62e1605a78bc2.jpg\",\"keywords\":[\"Africa Press\",\"Africa Press-Cameroun\",\"Cameroun\"],\"articleSection\":[\"homepage-french\",\"Politique\",\"Toutes les actualit\u00e9s\"],\"inLanguage\":\"fr-FR\",\"potentialAction\":[{\"@type\":\"CommentAction\",\"name\":\"Comment\",\"target\":[\"https:\/\/www.africa-press.net\/cameroun\/politique\/politique-inclusive-gregoire-owona-maurice-kamto-toumaino-ndam-njoya-ont-eu-un-conclave-avec-des-parlementaires-francais-a-yaounde#respond\"]}]},{\"@type\":\"WebPage\",\"@id\":\"https:\/\/www.africa-press.net\/cameroun\/politique\/politique-inclusive-gregoire-owona-maurice-kamto-toumaino-ndam-njoya-ont-eu-un-conclave-avec-des-parlementaires-francais-a-yaounde\",\"url\":\"https:\/\/www.africa-press.net\/cameroun\/politique\/politique-inclusive-gregoire-owona-maurice-kamto-toumaino-ndam-njoya-ont-eu-un-conclave-avec-des-parlementaires-francais-a-yaounde\",\"name\":\"Politique inclusive: Gr\u00e9goire Owona, Maurice Kamto, Touma\u00efno Ndam Njoya\u2026, ont eu un conclave avec des parlementaires fran\u00e7ais \u00e0 Yaound\u00e9 - Cameroun\",\"isPartOf\":{\"@id\":\"https:\/\/www.africa-press.net\/cameroun\/#website\"},\"primaryImageOfPage\":{\"@id\":\"https:\/\/www.africa-press.net\/cameroun\/politique\/politique-inclusive-gregoire-owona-maurice-kamto-toumaino-ndam-njoya-ont-eu-un-conclave-avec-des-parlementaires-francais-a-yaounde#primaryimage\"},\"image\":{\"@id\":\"https:\/\/www.africa-press.net\/cameroun\/politique\/politique-inclusive-gregoire-owona-maurice-kamto-toumaino-ndam-njoya-ont-eu-un-conclave-avec-des-parlementaires-francais-a-yaounde#primaryimage\"},\"thumbnailUrl\":\"https:\/\/static.africa-press.net\/cameroun\/sites\/57\/2022\/07\/img-62e1605a78bc2.jpg\",\"datePublished\":\"2022-07-27T13:08:21+00:00\",\"dateModified\":\"2022-07-27T15:57:35+00:00\",\"author\":{\"@id\":\"https:\/\/www.africa-press.net\/cameroun\/#\/schema\/person\/2b1cf3cd81a31e3cd26889ca66d677f1\"},\"description\":\"La plupart des partis, parmi les plus repr\u00e9sentatifs de la sc\u00e8ne politique camerounaise, \u00e9taient pr\u00e9sents dans la soir\u00e9e ...\",\"breadcrumb\":{\"@id\":\"https:\/\/www.africa-press.net\/cameroun\/politique\/politique-inclusive-gregoire-owona-maurice-kamto-toumaino-ndam-njoya-ont-eu-un-conclave-avec-des-parlementaires-francais-a-yaounde#breadcrumb\"},\"inLanguage\":\"fr-FR\",\"potentialAction\":[{\"@type\":\"ReadAction\",\"target\":[\"https:\/\/www.africa-press.net\/cameroun\/politique\/politique-inclusive-gregoire-owona-maurice-kamto-toumaino-ndam-njoya-ont-eu-un-conclave-avec-des-parlementaires-francais-a-yaounde\"]}]},{\"@type\":\"ImageObject\",\"inLanguage\":\"fr-FR\",\"@id\":\"https:\/\/www.africa-press.net\/cameroun\/politique\/politique-inclusive-gregoire-owona-maurice-kamto-toumaino-ndam-njoya-ont-eu-un-conclave-avec-des-parlementaires-francais-a-yaounde#primaryimage\",\"url\":\"https:\/\/static.africa-press.net\/cameroun\/sites\/57\/2022\/07\/img-62e1605a78bc2.jpg\",\"contentUrl\":\"https:\/\/static.africa-press.net\/cameroun\/sites\/57\/2022\/07\/img-62e1605a78bc2.jpg\",\"width\":800,\"height\":388,\"caption\":\"Politique inclusive: Gr\u00e9goire Owona, Maurice Kamto, Touma\u00efno Ndam Njoya\u2026, ont eu un conclave avec des parlementaires fran\u00e7ais \u00e0 Yaound\u00e9\"},{\"@type\":\"BreadcrumbList\",\"@id\":\"https:\/\/www.africa-press.net\/cameroun\/politique\/politique-inclusive-gregoire-owona-maurice-kamto-toumaino-ndam-njoya-ont-eu-un-conclave-avec-des-parlementaires-francais-a-yaounde#breadcrumb\",\"itemListElement\":[{\"@type\":\"ListItem\",\"position\":1,\"name\":\"Accueil\",\"item\":\"https:\/\/www.africa-press.net\/cameroun\/\"},{\"@type\":\"ListItem\",\"position\":2,\"name\":\"Politique inclusive: Gr\u00e9goire Owona, Maurice Kamto, Touma\u00efno Ndam Njoya\u2026, ont eu un conclave avec des parlementaires fran\u00e7ais \u00e0 Yaound\u00e9\"}]},{\"@type\":\"WebSite\",\"@id\":\"https:\/\/www.africa-press.net\/cameroun\/#website\",\"url\":\"https:\/\/www.africa-press.net\/cameroun\/\",\"name\":\"Cameroun\",\"description\":\"Just another Africa News Agency Sites site\",\"potentialAction\":[{\"@type\":\"SearchAction\",\"target\":{\"@type\":\"EntryPoint\",\"urlTemplate\":\"https:\/\/www.africa-press.net\/cameroun\/?s={search_term_string}\"},\"query-input\":{\"@type\":\"PropertyValueSpecification\",\"valueRequired\":true,\"valueName\":\"search_term_string\"}}],\"inLanguage\":\"fr-FR\"},{\"@type\":\"Person\",\"@id\":\"https:\/\/www.africa-press.net\/cameroun\/#\/schema\/person\/2b1cf3cd81a31e3cd26889ca66d677f1\",\"name\":\"cfeditorfr\"}]}<\/script>\n<!-- \/ Yoast SEO Premium plugin. -->","yoast_head_json":{"title":"Politique inclusive: Gr\u00e9goire Owona, Maurice Kamto, Touma\u00efno Ndam Njoya\u2026, ont eu un conclave avec des parlementaires fran\u00e7ais \u00e0 Yaound\u00e9 - Cameroun","description":"La plupart des partis, parmi les plus repr\u00e9sentatifs de la sc\u00e8ne politique camerounaise, \u00e9taient pr\u00e9sents dans la soir\u00e9e ...","robots":{"index":"index","follow":"follow","max-snippet":"max-snippet:-1","max-image-preview":"max-image-preview:large","max-video-preview":"max-video-preview:-1"},"canonical":"https:\/\/www.africa-press.net\/cameroun\/politique\/politique-inclusive-gregoire-owona-maurice-kamto-toumaino-ndam-njoya-ont-eu-un-conclave-avec-des-parlementaires-francais-a-yaounde","og_locale":"fr_FR","og_type":"article","og_title":"Politique inclusive: Gr\u00e9goire Owona, Maurice Kamto, Touma\u00efno Ndam Njoya\u2026, ont eu un conclave avec des parlementaires fran\u00e7ais \u00e0 Yaound\u00e9","og_description":"La plupart des partis, parmi les plus repr\u00e9sentatifs de la sc\u00e8ne politique camerounaise, \u00e9taient pr\u00e9sents dans la soir\u00e9e ...","og_url":"https:\/\/www.africa-press.net\/cameroun\/politique\/politique-inclusive-gregoire-owona-maurice-kamto-toumaino-ndam-njoya-ont-eu-un-conclave-avec-des-parlementaires-francais-a-yaounde","og_site_name":"Cameroun","article_published_time":"2022-07-27T13:08:21+00:00","article_modified_time":"2022-07-27T15:57:35+00:00","og_image":[{"width":800,"height":388,"url":"https:\/\/static.africa-press.net\/cameroun\/sites\/57\/2022\/07\/img-62e1605a78bc2.jpg","type":"image\/jpeg"}],"author":"cfeditorfr","twitter_card":"summary_large_image","twitter_misc":{"\u00c9crit par":"cfeditorfr","Dur\u00e9e de lecture estim\u00e9e":"2 minutes"},"schema":{"@context":"https:\/\/schema.org","@graph":[{"@type":"Article","@id":"https:\/\/www.africa-press.net\/cameroun\/politique\/politique-inclusive-gregoire-owona-maurice-kamto-toumaino-ndam-njoya-ont-eu-un-conclave-avec-des-parlementaires-francais-a-yaounde#article","isPartOf":{"@id":"https:\/\/www.africa-press.net\/cameroun\/politique\/politique-inclusive-gregoire-owona-maurice-kamto-toumaino-ndam-njoya-ont-eu-un-conclave-avec-des-parlementaires-francais-a-yaounde"},"author":{"name":"cfeditorfr","@id":"https:\/\/www.africa-press.net\/cameroun\/#\/schema\/person\/2b1cf3cd81a31e3cd26889ca66d677f1"},"headline":"Politique inclusive: Gr\u00e9goire Owona, Maurice Kamto, Touma\u00efno Ndam Njoya\u2026, ont eu un conclave avec des parlementaires fran\u00e7ais \u00e0 Yaound\u00e9","datePublished":"2022-07-27T13:08:21+00:00","dateModified":"2022-07-27T15:57:35+00:00","mainEntityOfPage":{"@id":"https:\/\/www.africa-press.net\/cameroun\/politique\/politique-inclusive-gregoire-owona-maurice-kamto-toumaino-ndam-njoya-ont-eu-un-conclave-avec-des-parlementaires-francais-a-yaounde"},"wordCount":377,"commentCount":0,"image":{"@id":"https:\/\/www.africa-press.net\/cameroun\/politique\/politique-inclusive-gregoire-owona-maurice-kamto-toumaino-ndam-njoya-ont-eu-un-conclave-avec-des-parlementaires-francais-a-yaounde#primaryimage"},"thumbnailUrl":"https:\/\/static.africa-press.net\/cameroun\/sites\/57\/2022\/07\/img-62e1605a78bc2.jpg","keywords":["Africa Press","Africa Press-Cameroun","Cameroun"],"articleSection":["homepage-french","Politique","Toutes les actualit\u00e9s"],"inLanguage":"fr-FR","potentialAction":[{"@type":"CommentAction","name":"Comment","target":["https:\/\/www.africa-press.net\/cameroun\/politique\/politique-inclusive-gregoire-owona-maurice-kamto-toumaino-ndam-njoya-ont-eu-un-conclave-avec-des-parlementaires-francais-a-yaounde#respond"]}]},{"@type":"WebPage","@id":"https:\/\/www.africa-press.net\/cameroun\/politique\/politique-inclusive-gregoire-owona-maurice-kamto-toumaino-ndam-njoya-ont-eu-un-conclave-avec-des-parlementaires-francais-a-yaounde","url":"https:\/\/www.africa-press.net\/cameroun\/politique\/politique-inclusive-gregoire-owona-maurice-kamto-toumaino-ndam-njoya-ont-eu-un-conclave-avec-des-parlementaires-francais-a-yaounde","name":"Politique inclusive: Gr\u00e9goire Owona, Maurice Kamto, Touma\u00efno Ndam Njoya\u2026, ont eu un conclave avec des parlementaires fran\u00e7ais \u00e0 Yaound\u00e9 - Cameroun","isPartOf":{"@id":"https:\/\/www.africa-press.net\/cameroun\/#website"},"primaryImageOfPage":{"@id":"https:\/\/www.africa-press.net\/cameroun\/politique\/politique-inclusive-gregoire-owona-maurice-kamto-toumaino-ndam-njoya-ont-eu-un-conclave-avec-des-parlementaires-francais-a-yaounde#primaryimage"},"image":{"@id":"https:\/\/www.africa-press.net\/cameroun\/politique\/politique-inclusive-gregoire-owona-maurice-kamto-toumaino-ndam-njoya-ont-eu-un-conclave-avec-des-parlementaires-francais-a-yaounde#primaryimage"},"thumbnailUrl":"https:\/\/static.africa-press.net\/cameroun\/sites\/57\/2022\/07\/img-62e1605a78bc2.jpg","datePublished":"2022-07-27T13:08:21+00:00","dateModified":"2022-07-27T15:57:35+00:00","author":{"@id":"https:\/\/www.africa-press.net\/cameroun\/#\/schema\/person\/2b1cf3cd81a31e3cd26889ca66d677f1"},"description":"La plupart des partis, parmi les plus repr\u00e9sentatifs de la sc\u00e8ne politique camerounaise, \u00e9taient pr\u00e9sents dans la soir\u00e9e ...","breadcrumb":{"@id":"https:\/\/www.africa-press.net\/cameroun\/politique\/politique-inclusive-gregoire-owona-maurice-kamto-toumaino-ndam-njoya-ont-eu-un-conclave-avec-des-parlementaires-francais-a-yaounde#breadcrumb"},"inLanguage":"fr-FR","potentialAction":[{"@type":"ReadAction","target":["https:\/\/www.africa-press.net\/cameroun\/politique\/politique-inclusive-gregoire-owona-maurice-kamto-toumaino-ndam-njoya-ont-eu-un-conclave-avec-des-parlementaires-francais-a-yaounde"]}]},{"@type":"ImageObject","inLanguage":"fr-FR","@id":"https:\/\/www.africa-press.net\/cameroun\/politique\/politique-inclusive-gregoire-owona-maurice-kamto-toumaino-ndam-njoya-ont-eu-un-conclave-avec-des-parlementaires-francais-a-yaounde#primaryimage","url":"https:\/\/static.africa-press.net\/cameroun\/sites\/57\/2022\/07\/img-62e1605a78bc2.jpg","contentUrl":"https:\/\/static.africa-press.net\/cameroun\/sites\/57\/2022\/07\/img-62e1605a78bc2.jpg","width":800,"height":388,"caption":"Politique inclusive: Gr\u00e9goire Owona, Maurice Kamto, Touma\u00efno Ndam Njoya\u2026, ont eu un conclave avec des parlementaires fran\u00e7ais \u00e0 Yaound\u00e9"},{"@type":"BreadcrumbList","@id":"https:\/\/www.africa-press.net\/cameroun\/politique\/politique-inclusive-gregoire-owona-maurice-kamto-toumaino-ndam-njoya-ont-eu-un-conclave-avec-des-parlementaires-francais-a-yaounde#breadcrumb","itemListElement":[{"@type":"ListItem","position":1,"name":"Accueil","item":"https:\/\/www.africa-press.net\/cameroun\/"},{"@type":"ListItem","position":2,"name":"Politique inclusive: Gr\u00e9goire Owona, Maurice Kamto, Touma\u00efno Ndam Njoya\u2026, ont eu un conclave avec des parlementaires fran\u00e7ais \u00e0 Yaound\u00e9"}]},{"@type":"WebSite","@id":"https:\/\/www.africa-press.net\/cameroun\/#website","url":"https:\/\/www.africa-press.net\/cameroun\/","name":"Cameroun","description":"Just another Africa News Agency Sites site","potentialAction":[{"@type":"SearchAction","target":{"@type":"EntryPoint","urlTemplate":"https:\/\/www.africa-press.net\/cameroun\/?s={search_term_string}"},"query-input":{"@type":"PropertyValueSpecification","valueRequired":true,"valueName":"search_term_string"}}],"inLanguage":"fr-FR"},{"@type":"Person","@id":"https:\/\/www.africa-press.net\/cameroun\/#\/schema\/person\/2b1cf3cd81a31e3cd26889ca66d677f1","name":"cfeditorfr"}]}},"_links":{"self":[{"href":"https:\/\/www.africa-press.net\/cameroun\/wp-json\/wp\/v2\/posts\/24289","targetHints":{"allow":["GET"]}}],"collection":[{"href":"https:\/\/www.africa-press.net\/cameroun\/wp-json\/wp\/v2\/posts"}],"about":[{"href":"https:\/\/www.africa-press.net\/cameroun\/wp-json\/wp\/v2\/types\/post"}],"author":[{"embeddable":true,"href":"https:\/\/www.africa-press.net\/cameroun\/wp-json\/wp\/v2\/users\/82"}],"replies":[{"embeddable":true,"href":"https:\/\/www.africa-press.net\/cameroun\/wp-json\/wp\/v2\/comments?post=24289"}],"version-history":[{"count":0,"href":"https:\/\/www.africa-press.net\/cameroun\/wp-json\/wp\/v2\/posts\/24289\/revisions"}],"wp:featuredmedia":[{"embeddable":true,"href":"https:\/\/www.africa-press.net\/cameroun\/wp-json\/wp\/v2\/media\/24288"}],"wp:attachment":[{"href":"https:\/\/www.africa-press.net\/cameroun\/wp-json\/wp\/v2\/media?parent=24289"}],"wp:term":[{"taxonomy":"category","embeddable":true,"href":"https:\/\/www.africa-press.net\/cameroun\/wp-json\/wp\/v2\/categories?post=24289"},{"taxonomy":"post_tag","embeddable":true,"href":"https:\/\/www.africa-press.net\/cameroun\/wp-json\/wp\/v2\/tags?post=24289"}],"curies":[{"name":"wp","href":"https:\/\/api.w.org\/{rel}","templated":true}]}}