{"id":24292,"date":"2022-07-27T13:13:53","date_gmt":"2022-07-27T13:13:53","guid":{"rendered":"https:\/\/www.africa-press.net\/cameroun\/politique\/sanction-jean-michel-nintcheu-interdit-de-se-presenter-aux-elections-internes-du-sdf-et-ailleurs"},"modified":"2022-07-27T15:58:10","modified_gmt":"2022-07-27T15:58:10","slug":"sanction-jean-michel-nintcheu-interdit-de-se-presenter-aux-elections-internes-du-sdf-et-ailleurs","status":"publish","type":"post","link":"https:\/\/www.africa-press.net\/cameroun\/politique\/sanction-jean-michel-nintcheu-interdit-de-se-presenter-aux-elections-internes-du-sdf-et-ailleurs","title":{"rendered":"Sanction : Jean-Michel Nintcheu interdit de se pr\u00e9senter aux \u00e9lections internes du SDF et ailleurs"},"content":{"rendered":"<p><span style=\"color: #ff6600\"><strong>Africa-Press &#8211; Cameroun. <\/strong><\/span>Jean-Michel Nintcheu n\u2019a plus le droit de solliciter des suffrages au sein de son parti politique. C\u2019est la cons\u00e9quence de la sanction qu\u2019a inflig\u00e9 au d\u00e9put\u00e9 le Comit\u00e9 National Ex\u00e9cutif (NEC) du Social Democratic Front (SDF), r\u00e9uni le 23 Juillet \u00e0 Yaound\u00e9. Dans le document contenant les r\u00e9solutions de ces r\u00e9unions, il est mentionn\u00e9 que \u00ab les membres des \u00e9quipes du NEC charg\u00e9e de l\u2019exercice de r\u00e9organisation dans les diff\u00e9rentes r\u00e9gions en cours qui refusent et ne parviennent pas \u00e0 ex\u00e9cuter correctement le processus de r\u00e9organisation dans les diff\u00e9rentes r\u00e9gions ne seront pas \u00e9ligibles, ni autoris\u00e9es \u00e0 se pr\u00e9senter comme candidat aux \u00e9lections ult\u00e9rieures tant au niveau interne qu\u2019au niveau national \u00bb. Ce fragment de texte est pr\u00e9c\u00e9d\u00e9 par un autre dans lequel il est \u00e9crit que le NEC \u00ab constate que la commission NEC en charge de la r\u00e9gion du Nord n\u2019a pas commenc\u00e9 jusqu\u2019\u00e0 ce jour le travail \u00e0 lui assign\u00e9, sans raison tangible, ni excuse, et par cons\u00e9quent ladite commission dirig\u00e9e par l\u2019honorable Nintcheu Jean Michel est dissoute \u00bb. La d\u00e9cision n\u2019est pas bien accueillie par les proches du parlementaire.<\/p>\n<p>Xavier Beleme Anang, le responsable de la communication du SDF dans la r\u00e9gion du Littoral a d\u00e9nonc\u00e9 ce matin sur Radio Equinoxe une r\u00e9solution qui viole la loi. \u00ab C\u2019est parce que l\u2019honorable Nintcheu fait peur. On veut permettre \u00e0 un individu de gagner sur tapis vert. Il faut d\u00e9noncer cela. Pour interdire \u00e0 un militant du SDF d\u2019\u00eatre candidat, il faut le traduire au conseil de discipline conform\u00e9ment aux articles 15 et 16 de la deuxi\u00e8me partie du r\u00e8glement int\u00e9rieur. En ce temps, sil est jug\u00e9 coupable des actes qu\u2019il aurait pos\u00e9s, il y a une panoplie de d\u00e9cisions \u00e0 l\u2019article 16. L\u2019interdiction de candidature ou la suspension y figurent \u00bb. Beleme Anang ajoute que \u00ab la loi n\u2019est pas r\u00e9troactive \u00bb. Il soutient pour cela que la sanction inflig\u00e9e \u00e0 Nintcheu n\u2019existait pas ai moment o\u00f9 il a \u00e9t\u00e9 envoy\u00e9 en mission. Il d\u00e9nonce une tentative de mus\u00e8lement et assure que Jean Michel Nintcheu sera candidat \u00e0 l\u2019\u00e9lection du prochain pr\u00e9sident du SDF.<\/p>\n<p><strong>Pour plus d&rsquo;informations et d&rsquo;analyses sur la <a href=\"https:\/\/www.africa-press.net\/cameroun\">Cameroun<\/a>, suivez <a href=\"https:\/\/www.africa-press.net\/\">Africa-Press<\/a><\/strong><\/p>\n","protected":false},"excerpt":{"rendered":"<p>Africa-Press &#8211; Cameroun. Jean-Michel Nintcheu n\u2019a plus le droit de solliciter des suffrages au sein de son parti politique. C\u2019est la cons\u00e9quence de la sanction qu\u2019a inflig\u00e9 au d\u00e9put\u00e9 le Comit\u00e9 National Ex\u00e9cutif (NEC) du Social Democratic Front (SDF), r\u00e9uni le 23 Juillet \u00e0 Yaound\u00e9. Dans le document contenant les r\u00e9solutions de ces r\u00e9unions, il [&hellip;]<\/p>\n","protected":false},"author":82,"featured_media":24291,"comment_status":"open","ping_status":"closed","sticky":false,"template":"","format":"standard","meta":{"footnotes":""},"categories":[11,2,10],"tags":[36,50,49],"class_list":["post-24292","post","type-post","status-publish","format-standard","has-post-thumbnail","hentry","category-homepage-french","category-politique","category-toutes-les-actualites","tag-africa-press","tag-africa-press-cameroun","tag-cameroun"],"yoast_head":"<!-- This site is optimized with the Yoast SEO Premium plugin v26.1 (Yoast SEO v27.0) - https:\/\/yoast.com\/product\/yoast-seo-premium-wordpress\/ -->\n<title>Sanction : Jean-Michel Nintcheu interdit de se pr\u00e9senter aux \u00e9lections internes du SDF et ailleurs - Cameroun<\/title>\n<meta name=\"description\" content=\"Jean-Michel Nintcheu n\u2019a plus le droit de solliciter des suffrages au sein de son parti politique. C\u2019est la cons\u00e9quence ...\" \/>\n<meta name=\"robots\" content=\"index, follow, max-snippet:-1, max-image-preview:large, max-video-preview:-1\" \/>\n<link rel=\"canonical\" href=\"https:\/\/www.africa-press.net\/cameroun\/politique\/sanction-jean-michel-nintcheu-interdit-de-se-presenter-aux-elections-internes-du-sdf-et-ailleurs\" \/>\n<meta property=\"og:locale\" content=\"fr_FR\" \/>\n<meta property=\"og:type\" content=\"article\" \/>\n<meta property=\"og:title\" content=\"Sanction : Jean-Michel Nintcheu interdit de se pr\u00e9senter aux \u00e9lections internes du SDF et ailleurs\" \/>\n<meta property=\"og:description\" content=\"Jean-Michel Nintcheu n\u2019a plus le droit de solliciter des suffrages au sein de son parti politique. C\u2019est la cons\u00e9quence ...\" \/>\n<meta property=\"og:url\" content=\"https:\/\/www.africa-press.net\/cameroun\/politique\/sanction-jean-michel-nintcheu-interdit-de-se-presenter-aux-elections-internes-du-sdf-et-ailleurs\" \/>\n<meta property=\"og:site_name\" content=\"Cameroun\" \/>\n<meta property=\"article:published_time\" content=\"2022-07-27T13:13:53+00:00\" \/>\n<meta property=\"article:modified_time\" content=\"2022-07-27T15:58:10+00:00\" \/>\n<meta property=\"og:image\" content=\"https:\/\/static.africa-press.net\/cameroun\/sites\/57\/2022\/07\/img-62e16078776c7.jpg\" \/>\n\t<meta property=\"og:image:width\" content=\"800\" \/>\n\t<meta property=\"og:image:height\" content=\"465\" \/>\n\t<meta property=\"og:image:type\" content=\"image\/jpeg\" \/>\n<meta name=\"author\" content=\"cfeditorfr\" \/>\n<meta name=\"twitter:card\" content=\"summary_large_image\" \/>\n<meta name=\"twitter:label1\" content=\"\u00c9crit par\" \/>\n\t<meta name=\"twitter:data1\" content=\"cfeditorfr\" \/>\n\t<meta name=\"twitter:label2\" content=\"Dur\u00e9e de lecture estim\u00e9e\" \/>\n\t<meta name=\"twitter:data2\" content=\"2 minutes\" \/>\n<script type=\"application\/ld+json\" class=\"yoast-schema-graph\">{\"@context\":\"https:\/\/schema.org\",\"@graph\":[{\"@type\":\"Article\",\"@id\":\"https:\/\/www.africa-press.net\/cameroun\/politique\/sanction-jean-michel-nintcheu-interdit-de-se-presenter-aux-elections-internes-du-sdf-et-ailleurs#article\",\"isPartOf\":{\"@id\":\"https:\/\/www.africa-press.net\/cameroun\/politique\/sanction-jean-michel-nintcheu-interdit-de-se-presenter-aux-elections-internes-du-sdf-et-ailleurs\"},\"author\":{\"name\":\"cfeditorfr\",\"@id\":\"https:\/\/www.africa-press.net\/cameroun\/#\/schema\/person\/2b1cf3cd81a31e3cd26889ca66d677f1\"},\"headline\":\"Sanction : Jean-Michel Nintcheu interdit de se pr\u00e9senter aux \u00e9lections internes du SDF et ailleurs\",\"datePublished\":\"2022-07-27T13:13:53+00:00\",\"dateModified\":\"2022-07-27T15:58:10+00:00\",\"mainEntityOfPage\":{\"@id\":\"https:\/\/www.africa-press.net\/cameroun\/politique\/sanction-jean-michel-nintcheu-interdit-de-se-presenter-aux-elections-internes-du-sdf-et-ailleurs\"},\"wordCount\":412,\"commentCount\":0,\"image\":{\"@id\":\"https:\/\/www.africa-press.net\/cameroun\/politique\/sanction-jean-michel-nintcheu-interdit-de-se-presenter-aux-elections-internes-du-sdf-et-ailleurs#primaryimage\"},\"thumbnailUrl\":\"https:\/\/static.africa-press.net\/cameroun\/sites\/57\/2022\/07\/img-62e16078776c7.jpg\",\"keywords\":[\"Africa Press\",\"Africa Press-Cameroun\",\"Cameroun\"],\"articleSection\":[\"homepage-french\",\"Politique\",\"Toutes les actualit\u00e9s\"],\"inLanguage\":\"fr-FR\",\"potentialAction\":[{\"@type\":\"CommentAction\",\"name\":\"Comment\",\"target\":[\"https:\/\/www.africa-press.net\/cameroun\/politique\/sanction-jean-michel-nintcheu-interdit-de-se-presenter-aux-elections-internes-du-sdf-et-ailleurs#respond\"]}]},{\"@type\":\"WebPage\",\"@id\":\"https:\/\/www.africa-press.net\/cameroun\/politique\/sanction-jean-michel-nintcheu-interdit-de-se-presenter-aux-elections-internes-du-sdf-et-ailleurs\",\"url\":\"https:\/\/www.africa-press.net\/cameroun\/politique\/sanction-jean-michel-nintcheu-interdit-de-se-presenter-aux-elections-internes-du-sdf-et-ailleurs\",\"name\":\"Sanction : Jean-Michel Nintcheu interdit de se pr\u00e9senter aux \u00e9lections internes du SDF et ailleurs - Cameroun\",\"isPartOf\":{\"@id\":\"https:\/\/www.africa-press.net\/cameroun\/#website\"},\"primaryImageOfPage\":{\"@id\":\"https:\/\/www.africa-press.net\/cameroun\/politique\/sanction-jean-michel-nintcheu-interdit-de-se-presenter-aux-elections-internes-du-sdf-et-ailleurs#primaryimage\"},\"image\":{\"@id\":\"https:\/\/www.africa-press.net\/cameroun\/politique\/sanction-jean-michel-nintcheu-interdit-de-se-presenter-aux-elections-internes-du-sdf-et-ailleurs#primaryimage\"},\"thumbnailUrl\":\"https:\/\/static.africa-press.net\/cameroun\/sites\/57\/2022\/07\/img-62e16078776c7.jpg\",\"datePublished\":\"2022-07-27T13:13:53+00:00\",\"dateModified\":\"2022-07-27T15:58:10+00:00\",\"author\":{\"@id\":\"https:\/\/www.africa-press.net\/cameroun\/#\/schema\/person\/2b1cf3cd81a31e3cd26889ca66d677f1\"},\"description\":\"Jean-Michel Nintcheu n\u2019a plus le droit de solliciter des suffrages au sein de son parti politique. C\u2019est la cons\u00e9quence ...\",\"breadcrumb\":{\"@id\":\"https:\/\/www.africa-press.net\/cameroun\/politique\/sanction-jean-michel-nintcheu-interdit-de-se-presenter-aux-elections-internes-du-sdf-et-ailleurs#breadcrumb\"},\"inLanguage\":\"fr-FR\",\"potentialAction\":[{\"@type\":\"ReadAction\",\"target\":[\"https:\/\/www.africa-press.net\/cameroun\/politique\/sanction-jean-michel-nintcheu-interdit-de-se-presenter-aux-elections-internes-du-sdf-et-ailleurs\"]}]},{\"@type\":\"ImageObject\",\"inLanguage\":\"fr-FR\",\"@id\":\"https:\/\/www.africa-press.net\/cameroun\/politique\/sanction-jean-michel-nintcheu-interdit-de-se-presenter-aux-elections-internes-du-sdf-et-ailleurs#primaryimage\",\"url\":\"https:\/\/static.africa-press.net\/cameroun\/sites\/57\/2022\/07\/img-62e16078776c7.jpg\",\"contentUrl\":\"https:\/\/static.africa-press.net\/cameroun\/sites\/57\/2022\/07\/img-62e16078776c7.jpg\",\"width\":800,\"height\":465,\"caption\":\"Sanction : Jean-Michel Nintcheu interdit de se pr\u00e9senter aux \u00e9lections internes du SDF et ailleurs\"},{\"@type\":\"BreadcrumbList\",\"@id\":\"https:\/\/www.africa-press.net\/cameroun\/politique\/sanction-jean-michel-nintcheu-interdit-de-se-presenter-aux-elections-internes-du-sdf-et-ailleurs#breadcrumb\",\"itemListElement\":[{\"@type\":\"ListItem\",\"position\":1,\"name\":\"Accueil\",\"item\":\"https:\/\/www.africa-press.net\/cameroun\/\"},{\"@type\":\"ListItem\",\"position\":2,\"name\":\"Sanction : Jean-Michel Nintcheu interdit de se pr\u00e9senter aux \u00e9lections internes du SDF et ailleurs\"}]},{\"@type\":\"WebSite\",\"@id\":\"https:\/\/www.africa-press.net\/cameroun\/#website\",\"url\":\"https:\/\/www.africa-press.net\/cameroun\/\",\"name\":\"Cameroun\",\"description\":\"Just another Africa News Agency Sites site\",\"potentialAction\":[{\"@type\":\"SearchAction\",\"target\":{\"@type\":\"EntryPoint\",\"urlTemplate\":\"https:\/\/www.africa-press.net\/cameroun\/?s={search_term_string}\"},\"query-input\":{\"@type\":\"PropertyValueSpecification\",\"valueRequired\":true,\"valueName\":\"search_term_string\"}}],\"inLanguage\":\"fr-FR\"},{\"@type\":\"Person\",\"@id\":\"https:\/\/www.africa-press.net\/cameroun\/#\/schema\/person\/2b1cf3cd81a31e3cd26889ca66d677f1\",\"name\":\"cfeditorfr\"}]}<\/script>\n<!-- \/ Yoast SEO Premium plugin. -->","yoast_head_json":{"title":"Sanction : Jean-Michel Nintcheu interdit de se pr\u00e9senter aux \u00e9lections internes du SDF et ailleurs - Cameroun","description":"Jean-Michel Nintcheu n\u2019a plus le droit de solliciter des suffrages au sein de son parti politique. C\u2019est la cons\u00e9quence ...","robots":{"index":"index","follow":"follow","max-snippet":"max-snippet:-1","max-image-preview":"max-image-preview:large","max-video-preview":"max-video-preview:-1"},"canonical":"https:\/\/www.africa-press.net\/cameroun\/politique\/sanction-jean-michel-nintcheu-interdit-de-se-presenter-aux-elections-internes-du-sdf-et-ailleurs","og_locale":"fr_FR","og_type":"article","og_title":"Sanction : Jean-Michel Nintcheu interdit de se pr\u00e9senter aux \u00e9lections internes du SDF et ailleurs","og_description":"Jean-Michel Nintcheu n\u2019a plus le droit de solliciter des suffrages au sein de son parti politique. C\u2019est la cons\u00e9quence ...","og_url":"https:\/\/www.africa-press.net\/cameroun\/politique\/sanction-jean-michel-nintcheu-interdit-de-se-presenter-aux-elections-internes-du-sdf-et-ailleurs","og_site_name":"Cameroun","article_published_time":"2022-07-27T13:13:53+00:00","article_modified_time":"2022-07-27T15:58:10+00:00","og_image":[{"width":800,"height":465,"url":"https:\/\/static.africa-press.net\/cameroun\/sites\/57\/2022\/07\/img-62e16078776c7.jpg","type":"image\/jpeg"}],"author":"cfeditorfr","twitter_card":"summary_large_image","twitter_misc":{"\u00c9crit par":"cfeditorfr","Dur\u00e9e de lecture estim\u00e9e":"2 minutes"},"schema":{"@context":"https:\/\/schema.org","@graph":[{"@type":"Article","@id":"https:\/\/www.africa-press.net\/cameroun\/politique\/sanction-jean-michel-nintcheu-interdit-de-se-presenter-aux-elections-internes-du-sdf-et-ailleurs#article","isPartOf":{"@id":"https:\/\/www.africa-press.net\/cameroun\/politique\/sanction-jean-michel-nintcheu-interdit-de-se-presenter-aux-elections-internes-du-sdf-et-ailleurs"},"author":{"name":"cfeditorfr","@id":"https:\/\/www.africa-press.net\/cameroun\/#\/schema\/person\/2b1cf3cd81a31e3cd26889ca66d677f1"},"headline":"Sanction : Jean-Michel Nintcheu interdit de se pr\u00e9senter aux \u00e9lections internes du SDF et ailleurs","datePublished":"2022-07-27T13:13:53+00:00","dateModified":"2022-07-27T15:58:10+00:00","mainEntityOfPage":{"@id":"https:\/\/www.africa-press.net\/cameroun\/politique\/sanction-jean-michel-nintcheu-interdit-de-se-presenter-aux-elections-internes-du-sdf-et-ailleurs"},"wordCount":412,"commentCount":0,"image":{"@id":"https:\/\/www.africa-press.net\/cameroun\/politique\/sanction-jean-michel-nintcheu-interdit-de-se-presenter-aux-elections-internes-du-sdf-et-ailleurs#primaryimage"},"thumbnailUrl":"https:\/\/static.africa-press.net\/cameroun\/sites\/57\/2022\/07\/img-62e16078776c7.jpg","keywords":["Africa Press","Africa Press-Cameroun","Cameroun"],"articleSection":["homepage-french","Politique","Toutes les actualit\u00e9s"],"inLanguage":"fr-FR","potentialAction":[{"@type":"CommentAction","name":"Comment","target":["https:\/\/www.africa-press.net\/cameroun\/politique\/sanction-jean-michel-nintcheu-interdit-de-se-presenter-aux-elections-internes-du-sdf-et-ailleurs#respond"]}]},{"@type":"WebPage","@id":"https:\/\/www.africa-press.net\/cameroun\/politique\/sanction-jean-michel-nintcheu-interdit-de-se-presenter-aux-elections-internes-du-sdf-et-ailleurs","url":"https:\/\/www.africa-press.net\/cameroun\/politique\/sanction-jean-michel-nintcheu-interdit-de-se-presenter-aux-elections-internes-du-sdf-et-ailleurs","name":"Sanction : Jean-Michel Nintcheu interdit de se pr\u00e9senter aux \u00e9lections internes du SDF et ailleurs - Cameroun","isPartOf":{"@id":"https:\/\/www.africa-press.net\/cameroun\/#website"},"primaryImageOfPage":{"@id":"https:\/\/www.africa-press.net\/cameroun\/politique\/sanction-jean-michel-nintcheu-interdit-de-se-presenter-aux-elections-internes-du-sdf-et-ailleurs#primaryimage"},"image":{"@id":"https:\/\/www.africa-press.net\/cameroun\/politique\/sanction-jean-michel-nintcheu-interdit-de-se-presenter-aux-elections-internes-du-sdf-et-ailleurs#primaryimage"},"thumbnailUrl":"https:\/\/static.africa-press.net\/cameroun\/sites\/57\/2022\/07\/img-62e16078776c7.jpg","datePublished":"2022-07-27T13:13:53+00:00","dateModified":"2022-07-27T15:58:10+00:00","author":{"@id":"https:\/\/www.africa-press.net\/cameroun\/#\/schema\/person\/2b1cf3cd81a31e3cd26889ca66d677f1"},"description":"Jean-Michel Nintcheu n\u2019a plus le droit de solliciter des suffrages au sein de son parti politique. C\u2019est la cons\u00e9quence ...","breadcrumb":{"@id":"https:\/\/www.africa-press.net\/cameroun\/politique\/sanction-jean-michel-nintcheu-interdit-de-se-presenter-aux-elections-internes-du-sdf-et-ailleurs#breadcrumb"},"inLanguage":"fr-FR","potentialAction":[{"@type":"ReadAction","target":["https:\/\/www.africa-press.net\/cameroun\/politique\/sanction-jean-michel-nintcheu-interdit-de-se-presenter-aux-elections-internes-du-sdf-et-ailleurs"]}]},{"@type":"ImageObject","inLanguage":"fr-FR","@id":"https:\/\/www.africa-press.net\/cameroun\/politique\/sanction-jean-michel-nintcheu-interdit-de-se-presenter-aux-elections-internes-du-sdf-et-ailleurs#primaryimage","url":"https:\/\/static.africa-press.net\/cameroun\/sites\/57\/2022\/07\/img-62e16078776c7.jpg","contentUrl":"https:\/\/static.africa-press.net\/cameroun\/sites\/57\/2022\/07\/img-62e16078776c7.jpg","width":800,"height":465,"caption":"Sanction : Jean-Michel Nintcheu interdit de se pr\u00e9senter aux \u00e9lections internes du SDF et ailleurs"},{"@type":"BreadcrumbList","@id":"https:\/\/www.africa-press.net\/cameroun\/politique\/sanction-jean-michel-nintcheu-interdit-de-se-presenter-aux-elections-internes-du-sdf-et-ailleurs#breadcrumb","itemListElement":[{"@type":"ListItem","position":1,"name":"Accueil","item":"https:\/\/www.africa-press.net\/cameroun\/"},{"@type":"ListItem","position":2,"name":"Sanction : Jean-Michel Nintcheu interdit de se pr\u00e9senter aux \u00e9lections internes du SDF et ailleurs"}]},{"@type":"WebSite","@id":"https:\/\/www.africa-press.net\/cameroun\/#website","url":"https:\/\/www.africa-press.net\/cameroun\/","name":"Cameroun","description":"Just another Africa News Agency Sites site","potentialAction":[{"@type":"SearchAction","target":{"@type":"EntryPoint","urlTemplate":"https:\/\/www.africa-press.net\/cameroun\/?s={search_term_string}"},"query-input":{"@type":"PropertyValueSpecification","valueRequired":true,"valueName":"search_term_string"}}],"inLanguage":"fr-FR"},{"@type":"Person","@id":"https:\/\/www.africa-press.net\/cameroun\/#\/schema\/person\/2b1cf3cd81a31e3cd26889ca66d677f1","name":"cfeditorfr"}]}},"_links":{"self":[{"href":"https:\/\/www.africa-press.net\/cameroun\/wp-json\/wp\/v2\/posts\/24292","targetHints":{"allow":["GET"]}}],"collection":[{"href":"https:\/\/www.africa-press.net\/cameroun\/wp-json\/wp\/v2\/posts"}],"about":[{"href":"https:\/\/www.africa-press.net\/cameroun\/wp-json\/wp\/v2\/types\/post"}],"author":[{"embeddable":true,"href":"https:\/\/www.africa-press.net\/cameroun\/wp-json\/wp\/v2\/users\/82"}],"replies":[{"embeddable":true,"href":"https:\/\/www.africa-press.net\/cameroun\/wp-json\/wp\/v2\/comments?post=24292"}],"version-history":[{"count":0,"href":"https:\/\/www.africa-press.net\/cameroun\/wp-json\/wp\/v2\/posts\/24292\/revisions"}],"wp:featuredmedia":[{"embeddable":true,"href":"https:\/\/www.africa-press.net\/cameroun\/wp-json\/wp\/v2\/media\/24291"}],"wp:attachment":[{"href":"https:\/\/www.africa-press.net\/cameroun\/wp-json\/wp\/v2\/media?parent=24292"}],"wp:term":[{"taxonomy":"category","embeddable":true,"href":"https:\/\/www.africa-press.net\/cameroun\/wp-json\/wp\/v2\/categories?post=24292"},{"taxonomy":"post_tag","embeddable":true,"href":"https:\/\/www.africa-press.net\/cameroun\/wp-json\/wp\/v2\/tags?post=24292"}],"curies":[{"name":"wp","href":"https:\/\/api.w.org\/{rel}","templated":true}]}}