{"id":24298,"date":"2022-07-27T13:31:06","date_gmt":"2022-07-27T13:31:06","guid":{"rendered":"https:\/\/www.africa-press.net\/cameroun\/politique\/securite-alimentaire-celestin-tawamba-president-du-gicam-nous-sommes-independants-mais-nous-ne-sommes-pas-souverains-video"},"modified":"2022-07-27T15:59:20","modified_gmt":"2022-07-27T15:59:20","slug":"securite-alimentaire-celestin-tawamba-president-du-gicam-nous-sommes-independants-mais-nous-ne-sommes-pas-souverains-video","status":"publish","type":"post","link":"https:\/\/www.africa-press.net\/cameroun\/economie\/securite-alimentaire-celestin-tawamba-president-du-gicam-nous-sommes-independants-mais-nous-ne-sommes-pas-souverains-video","title":{"rendered":"S\u00e9curit\u00e9 alimentaire\/C\u00e9lestin Tawamba (pr\u00e9sident du GICAM): \u00abNous sommes ind\u00e9pendants, mais nous ne sommes pas souverains\u00bb (vid\u00e9o)"},"content":{"rendered":"<p><span style=\"color: #ff6600\"><strong>Africa-Press &#8211; Cameroun. <\/strong><\/span>La visite du pr\u00e9sident fran\u00e7ais Emmanuel Macron au Cameroun, au-del\u00e0 du volet diplomatique et des questions de gouvernance qui ont meubl\u00e9 son agenda, a \u00e9galement \u00e9t\u00e9 un moment d\u2019\u00e9changes fructueux entre acteurs de la vie \u00e9conomique des deux pays, notamment sur l\u2019initiative FARM (Food &amp; Agriculture Resilience Mission) dont Emmanuel Macron est l\u2019initiateur, et qui vise la s\u00e9curit\u00e9 alimentaire des pays les plus vuln\u00e9rables. Le Groupement inter-patronal du Cameroun (GICAM), en compagnie des ministres en charge des questions de s\u00e9curit\u00e9 alimentaire au Cameroun, et certains acteurs \u00e9conomiques, se sont entretenus sur cette probl\u00e9matique.<\/p>\n<p>Plusieurs r\u00e9solutions issues de cette activit\u00e9 men\u00e9e par le pr\u00e9sident du GICAM, C\u00e9lestin Tawamba, ont \u00e9t\u00e9 port\u00e9es \u00e0 l\u2019attention du pr\u00e9sident fran\u00e7ais. Dans sa d\u00e9claration, le chef du patronat camerounais a r\u00e9sum\u00e9 en quelques mots le contexte camerounais et africain en g\u00e9n\u00e9ral, n\u2019occultant pas le visage d\u2019un continent en manque d\u2019autosuffisance alimentaire. \u00ab Nous vous sommes gr\u00e9 d\u2019avoir mis l\u2019\u00e9conomie au c\u0153ur de votre visite. La souverainet\u00e9. Nous sommes ind\u00e9pendants, mais nous ne sommes pas souverains. Cette souverainet\u00e9 ne se trouve pas seulement au bout du fil, mais elle se trouve au fond de l\u2019assiette \u00bb, a d\u00e9clar\u00e9 C\u00e9lestin Tawamba.<\/p>\n<p>Il a par ailleurs plaid\u00e9 pour que, la France se mobilise aux c\u00f4t\u00e9s de l\u2019Afrique pour l\u2019aider \u00e0 mieux g\u00e9rer la crise alimentaire qui la frappe actuellement en raison du conflit russo-ukrainien. Ceci en permettant que \u00ab les c\u00e9r\u00e9ales puissent continuer \u00e0 sortir de l\u2019Ukraine ; il faut trouver des voies et moyens pour permettre aux pays africains de continuer \u00e0 mener des op\u00e9rations avec les banques ukrainiennes \u00bb, a-t-il ajout\u00e9.<\/p>\n<p><strong>Pour plus d&rsquo;informations et d&rsquo;analyses sur la <a href=\"https:\/\/www.africa-press.net\/cameroun\">Cameroun<\/a>, suivez <a href=\"https:\/\/www.africa-press.net\/\">Africa-Press<\/a><\/strong><\/p>\n","protected":false},"excerpt":{"rendered":"<p>Africa-Press &#8211; Cameroun. La visite du pr\u00e9sident fran\u00e7ais Emmanuel Macron au Cameroun, au-del\u00e0 du volet diplomatique et des questions de gouvernance qui ont meubl\u00e9 son agenda, a \u00e9galement \u00e9t\u00e9 un moment d\u2019\u00e9changes fructueux entre acteurs de la vie \u00e9conomique des deux pays, notamment sur l\u2019initiative FARM (Food &amp; Agriculture Resilience Mission) dont Emmanuel Macron est [&hellip;]<\/p>\n","protected":false},"author":82,"featured_media":24297,"comment_status":"open","ping_status":"closed","sticky":false,"template":"","format":"standard","meta":{"footnotes":""},"categories":[3,11,10],"tags":[36,50,49],"class_list":["post-24298","post","type-post","status-publish","format-standard","has-post-thumbnail","hentry","category-economie","category-homepage-french","category-toutes-les-actualites","tag-africa-press","tag-africa-press-cameroun","tag-cameroun"],"yoast_head":"<!-- This site is optimized with the Yoast SEO Premium plugin v26.1 (Yoast SEO v27.0) - https:\/\/yoast.com\/product\/yoast-seo-premium-wordpress\/ -->\n<title>S\u00e9curit\u00e9 alimentaire\/C\u00e9lestin Tawamba (pr\u00e9sident du GICAM): \u00abNous sommes ind\u00e9pendants, mais nous ne sommes pas souverains\u00bb (vid\u00e9o) - Cameroun<\/title>\n<meta name=\"description\" content=\"La visite du pr\u00e9sident fran\u00e7ais Emmanuel Macron au Cameroun, au-del\u00e0 du volet diplomatique et des questions de gouvernan ...\" \/>\n<meta name=\"robots\" content=\"index, follow, max-snippet:-1, max-image-preview:large, max-video-preview:-1\" \/>\n<link rel=\"canonical\" href=\"https:\/\/www.africa-press.net\/cameroun\/economie\/securite-alimentaire-celestin-tawamba-president-du-gicam-nous-sommes-independants-mais-nous-ne-sommes-pas-souverains-video\" \/>\n<meta property=\"og:locale\" content=\"fr_FR\" \/>\n<meta property=\"og:type\" content=\"article\" \/>\n<meta property=\"og:title\" content=\"S\u00e9curit\u00e9 alimentaire\/C\u00e9lestin Tawamba (pr\u00e9sident du GICAM): \u00abNous sommes ind\u00e9pendants, mais nous ne sommes pas souverains\u00bb (vid\u00e9o)\" \/>\n<meta property=\"og:description\" content=\"La visite du pr\u00e9sident fran\u00e7ais Emmanuel Macron au Cameroun, au-del\u00e0 du volet diplomatique et des questions de gouvernan ...\" \/>\n<meta property=\"og:url\" content=\"https:\/\/www.africa-press.net\/cameroun\/economie\/securite-alimentaire-celestin-tawamba-president-du-gicam-nous-sommes-independants-mais-nous-ne-sommes-pas-souverains-video\" \/>\n<meta property=\"og:site_name\" content=\"Cameroun\" \/>\n<meta property=\"article:published_time\" content=\"2022-07-27T13:31:06+00:00\" \/>\n<meta property=\"article:modified_time\" content=\"2022-07-27T15:59:20+00:00\" \/>\n<meta property=\"og:image\" content=\"https:\/\/static.africa-press.net\/cameroun\/sites\/57\/2022\/07\/img-62e160c293318.jpg\" \/>\n\t<meta property=\"og:image:width\" content=\"800\" \/>\n\t<meta property=\"og:image:height\" content=\"421\" \/>\n\t<meta property=\"og:image:type\" content=\"image\/jpeg\" \/>\n<meta name=\"author\" content=\"cfeditorfr\" \/>\n<meta name=\"twitter:card\" content=\"summary_large_image\" \/>\n<meta name=\"twitter:label1\" content=\"\u00c9crit par\" \/>\n\t<meta name=\"twitter:data1\" content=\"cfeditorfr\" \/>\n\t<meta name=\"twitter:label2\" content=\"Dur\u00e9e de lecture estim\u00e9e\" \/>\n\t<meta name=\"twitter:data2\" content=\"2 minutes\" \/>\n<script type=\"application\/ld+json\" class=\"yoast-schema-graph\">{\"@context\":\"https:\/\/schema.org\",\"@graph\":[{\"@type\":\"Article\",\"@id\":\"https:\/\/www.africa-press.net\/cameroun\/economie\/securite-alimentaire-celestin-tawamba-president-du-gicam-nous-sommes-independants-mais-nous-ne-sommes-pas-souverains-video#article\",\"isPartOf\":{\"@id\":\"https:\/\/www.africa-press.net\/cameroun\/economie\/securite-alimentaire-celestin-tawamba-president-du-gicam-nous-sommes-independants-mais-nous-ne-sommes-pas-souverains-video\"},\"author\":{\"name\":\"cfeditorfr\",\"@id\":\"https:\/\/www.africa-press.net\/cameroun\/#\/schema\/person\/2b1cf3cd81a31e3cd26889ca66d677f1\"},\"headline\":\"S\u00e9curit\u00e9 alimentaire\/C\u00e9lestin Tawamba (pr\u00e9sident du GICAM): \u00abNous sommes ind\u00e9pendants, mais nous ne sommes pas souverains\u00bb (vid\u00e9o)\",\"datePublished\":\"2022-07-27T13:31:06+00:00\",\"dateModified\":\"2022-07-27T15:59:20+00:00\",\"mainEntityOfPage\":{\"@id\":\"https:\/\/www.africa-press.net\/cameroun\/economie\/securite-alimentaire-celestin-tawamba-president-du-gicam-nous-sommes-independants-mais-nous-ne-sommes-pas-souverains-video\"},\"wordCount\":332,\"commentCount\":0,\"image\":{\"@id\":\"https:\/\/www.africa-press.net\/cameroun\/economie\/securite-alimentaire-celestin-tawamba-president-du-gicam-nous-sommes-independants-mais-nous-ne-sommes-pas-souverains-video#primaryimage\"},\"thumbnailUrl\":\"https:\/\/static.africa-press.net\/cameroun\/sites\/57\/2022\/07\/img-62e160c293318.jpg\",\"keywords\":[\"Africa Press\",\"Africa Press-Cameroun\",\"Cameroun\"],\"articleSection\":[\"\u00c9conomie\",\"homepage-french\",\"Toutes les actualit\u00e9s\"],\"inLanguage\":\"fr-FR\",\"potentialAction\":[{\"@type\":\"CommentAction\",\"name\":\"Comment\",\"target\":[\"https:\/\/www.africa-press.net\/cameroun\/economie\/securite-alimentaire-celestin-tawamba-president-du-gicam-nous-sommes-independants-mais-nous-ne-sommes-pas-souverains-video#respond\"]}]},{\"@type\":\"WebPage\",\"@id\":\"https:\/\/www.africa-press.net\/cameroun\/economie\/securite-alimentaire-celestin-tawamba-president-du-gicam-nous-sommes-independants-mais-nous-ne-sommes-pas-souverains-video\",\"url\":\"https:\/\/www.africa-press.net\/cameroun\/economie\/securite-alimentaire-celestin-tawamba-president-du-gicam-nous-sommes-independants-mais-nous-ne-sommes-pas-souverains-video\",\"name\":\"S\u00e9curit\u00e9 alimentaire\/C\u00e9lestin Tawamba (pr\u00e9sident du GICAM): \u00abNous sommes ind\u00e9pendants, mais nous ne sommes pas souverains\u00bb (vid\u00e9o) - Cameroun\",\"isPartOf\":{\"@id\":\"https:\/\/www.africa-press.net\/cameroun\/#website\"},\"primaryImageOfPage\":{\"@id\":\"https:\/\/www.africa-press.net\/cameroun\/economie\/securite-alimentaire-celestin-tawamba-president-du-gicam-nous-sommes-independants-mais-nous-ne-sommes-pas-souverains-video#primaryimage\"},\"image\":{\"@id\":\"https:\/\/www.africa-press.net\/cameroun\/economie\/securite-alimentaire-celestin-tawamba-president-du-gicam-nous-sommes-independants-mais-nous-ne-sommes-pas-souverains-video#primaryimage\"},\"thumbnailUrl\":\"https:\/\/static.africa-press.net\/cameroun\/sites\/57\/2022\/07\/img-62e160c293318.jpg\",\"datePublished\":\"2022-07-27T13:31:06+00:00\",\"dateModified\":\"2022-07-27T15:59:20+00:00\",\"author\":{\"@id\":\"https:\/\/www.africa-press.net\/cameroun\/#\/schema\/person\/2b1cf3cd81a31e3cd26889ca66d677f1\"},\"description\":\"La visite du pr\u00e9sident fran\u00e7ais Emmanuel Macron au Cameroun, au-del\u00e0 du volet diplomatique et des questions de gouvernan ...\",\"breadcrumb\":{\"@id\":\"https:\/\/www.africa-press.net\/cameroun\/economie\/securite-alimentaire-celestin-tawamba-president-du-gicam-nous-sommes-independants-mais-nous-ne-sommes-pas-souverains-video#breadcrumb\"},\"inLanguage\":\"fr-FR\",\"potentialAction\":[{\"@type\":\"ReadAction\",\"target\":[\"https:\/\/www.africa-press.net\/cameroun\/economie\/securite-alimentaire-celestin-tawamba-president-du-gicam-nous-sommes-independants-mais-nous-ne-sommes-pas-souverains-video\"]}]},{\"@type\":\"ImageObject\",\"inLanguage\":\"fr-FR\",\"@id\":\"https:\/\/www.africa-press.net\/cameroun\/economie\/securite-alimentaire-celestin-tawamba-president-du-gicam-nous-sommes-independants-mais-nous-ne-sommes-pas-souverains-video#primaryimage\",\"url\":\"https:\/\/static.africa-press.net\/cameroun\/sites\/57\/2022\/07\/img-62e160c293318.jpg\",\"contentUrl\":\"https:\/\/static.africa-press.net\/cameroun\/sites\/57\/2022\/07\/img-62e160c293318.jpg\",\"width\":800,\"height\":421,\"caption\":\"S\u00e9curit\u00e9 alimentaire\/C\u00e9lestin Tawamba (pr\u00e9sident du GICAM): \u00abNous sommes ind\u00e9pendants, mais nous ne sommes pas souverains\u00bb (vid\u00e9o)\"},{\"@type\":\"BreadcrumbList\",\"@id\":\"https:\/\/www.africa-press.net\/cameroun\/economie\/securite-alimentaire-celestin-tawamba-president-du-gicam-nous-sommes-independants-mais-nous-ne-sommes-pas-souverains-video#breadcrumb\",\"itemListElement\":[{\"@type\":\"ListItem\",\"position\":1,\"name\":\"Accueil\",\"item\":\"https:\/\/www.africa-press.net\/cameroun\/\"},{\"@type\":\"ListItem\",\"position\":2,\"name\":\"S\u00e9curit\u00e9 alimentaire\/C\u00e9lestin Tawamba (pr\u00e9sident du GICAM): \u00abNous sommes ind\u00e9pendants, mais nous ne sommes pas souverains\u00bb (vid\u00e9o)\"}]},{\"@type\":\"WebSite\",\"@id\":\"https:\/\/www.africa-press.net\/cameroun\/#website\",\"url\":\"https:\/\/www.africa-press.net\/cameroun\/\",\"name\":\"Cameroun\",\"description\":\"Just another Africa News Agency Sites site\",\"potentialAction\":[{\"@type\":\"SearchAction\",\"target\":{\"@type\":\"EntryPoint\",\"urlTemplate\":\"https:\/\/www.africa-press.net\/cameroun\/?s={search_term_string}\"},\"query-input\":{\"@type\":\"PropertyValueSpecification\",\"valueRequired\":true,\"valueName\":\"search_term_string\"}}],\"inLanguage\":\"fr-FR\"},{\"@type\":\"Person\",\"@id\":\"https:\/\/www.africa-press.net\/cameroun\/#\/schema\/person\/2b1cf3cd81a31e3cd26889ca66d677f1\",\"name\":\"cfeditorfr\"}]}<\/script>\n<!-- \/ Yoast SEO Premium plugin. -->","yoast_head_json":{"title":"S\u00e9curit\u00e9 alimentaire\/C\u00e9lestin Tawamba (pr\u00e9sident du GICAM): \u00abNous sommes ind\u00e9pendants, mais nous ne sommes pas souverains\u00bb (vid\u00e9o) - Cameroun","description":"La visite du pr\u00e9sident fran\u00e7ais Emmanuel Macron au Cameroun, au-del\u00e0 du volet diplomatique et des questions de gouvernan ...","robots":{"index":"index","follow":"follow","max-snippet":"max-snippet:-1","max-image-preview":"max-image-preview:large","max-video-preview":"max-video-preview:-1"},"canonical":"https:\/\/www.africa-press.net\/cameroun\/economie\/securite-alimentaire-celestin-tawamba-president-du-gicam-nous-sommes-independants-mais-nous-ne-sommes-pas-souverains-video","og_locale":"fr_FR","og_type":"article","og_title":"S\u00e9curit\u00e9 alimentaire\/C\u00e9lestin Tawamba (pr\u00e9sident du GICAM): \u00abNous sommes ind\u00e9pendants, mais nous ne sommes pas souverains\u00bb (vid\u00e9o)","og_description":"La visite du pr\u00e9sident fran\u00e7ais Emmanuel Macron au Cameroun, au-del\u00e0 du volet diplomatique et des questions de gouvernan ...","og_url":"https:\/\/www.africa-press.net\/cameroun\/economie\/securite-alimentaire-celestin-tawamba-president-du-gicam-nous-sommes-independants-mais-nous-ne-sommes-pas-souverains-video","og_site_name":"Cameroun","article_published_time":"2022-07-27T13:31:06+00:00","article_modified_time":"2022-07-27T15:59:20+00:00","og_image":[{"width":800,"height":421,"url":"https:\/\/static.africa-press.net\/cameroun\/sites\/57\/2022\/07\/img-62e160c293318.jpg","type":"image\/jpeg"}],"author":"cfeditorfr","twitter_card":"summary_large_image","twitter_misc":{"\u00c9crit par":"cfeditorfr","Dur\u00e9e de lecture estim\u00e9e":"2 minutes"},"schema":{"@context":"https:\/\/schema.org","@graph":[{"@type":"Article","@id":"https:\/\/www.africa-press.net\/cameroun\/economie\/securite-alimentaire-celestin-tawamba-president-du-gicam-nous-sommes-independants-mais-nous-ne-sommes-pas-souverains-video#article","isPartOf":{"@id":"https:\/\/www.africa-press.net\/cameroun\/economie\/securite-alimentaire-celestin-tawamba-president-du-gicam-nous-sommes-independants-mais-nous-ne-sommes-pas-souverains-video"},"author":{"name":"cfeditorfr","@id":"https:\/\/www.africa-press.net\/cameroun\/#\/schema\/person\/2b1cf3cd81a31e3cd26889ca66d677f1"},"headline":"S\u00e9curit\u00e9 alimentaire\/C\u00e9lestin Tawamba (pr\u00e9sident du GICAM): \u00abNous sommes ind\u00e9pendants, mais nous ne sommes pas souverains\u00bb (vid\u00e9o)","datePublished":"2022-07-27T13:31:06+00:00","dateModified":"2022-07-27T15:59:20+00:00","mainEntityOfPage":{"@id":"https:\/\/www.africa-press.net\/cameroun\/economie\/securite-alimentaire-celestin-tawamba-president-du-gicam-nous-sommes-independants-mais-nous-ne-sommes-pas-souverains-video"},"wordCount":332,"commentCount":0,"image":{"@id":"https:\/\/www.africa-press.net\/cameroun\/economie\/securite-alimentaire-celestin-tawamba-president-du-gicam-nous-sommes-independants-mais-nous-ne-sommes-pas-souverains-video#primaryimage"},"thumbnailUrl":"https:\/\/static.africa-press.net\/cameroun\/sites\/57\/2022\/07\/img-62e160c293318.jpg","keywords":["Africa Press","Africa Press-Cameroun","Cameroun"],"articleSection":["\u00c9conomie","homepage-french","Toutes les actualit\u00e9s"],"inLanguage":"fr-FR","potentialAction":[{"@type":"CommentAction","name":"Comment","target":["https:\/\/www.africa-press.net\/cameroun\/economie\/securite-alimentaire-celestin-tawamba-president-du-gicam-nous-sommes-independants-mais-nous-ne-sommes-pas-souverains-video#respond"]}]},{"@type":"WebPage","@id":"https:\/\/www.africa-press.net\/cameroun\/economie\/securite-alimentaire-celestin-tawamba-president-du-gicam-nous-sommes-independants-mais-nous-ne-sommes-pas-souverains-video","url":"https:\/\/www.africa-press.net\/cameroun\/economie\/securite-alimentaire-celestin-tawamba-president-du-gicam-nous-sommes-independants-mais-nous-ne-sommes-pas-souverains-video","name":"S\u00e9curit\u00e9 alimentaire\/C\u00e9lestin Tawamba (pr\u00e9sident du GICAM): \u00abNous sommes ind\u00e9pendants, mais nous ne sommes pas souverains\u00bb (vid\u00e9o) - Cameroun","isPartOf":{"@id":"https:\/\/www.africa-press.net\/cameroun\/#website"},"primaryImageOfPage":{"@id":"https:\/\/www.africa-press.net\/cameroun\/economie\/securite-alimentaire-celestin-tawamba-president-du-gicam-nous-sommes-independants-mais-nous-ne-sommes-pas-souverains-video#primaryimage"},"image":{"@id":"https:\/\/www.africa-press.net\/cameroun\/economie\/securite-alimentaire-celestin-tawamba-president-du-gicam-nous-sommes-independants-mais-nous-ne-sommes-pas-souverains-video#primaryimage"},"thumbnailUrl":"https:\/\/static.africa-press.net\/cameroun\/sites\/57\/2022\/07\/img-62e160c293318.jpg","datePublished":"2022-07-27T13:31:06+00:00","dateModified":"2022-07-27T15:59:20+00:00","author":{"@id":"https:\/\/www.africa-press.net\/cameroun\/#\/schema\/person\/2b1cf3cd81a31e3cd26889ca66d677f1"},"description":"La visite du pr\u00e9sident fran\u00e7ais Emmanuel Macron au Cameroun, au-del\u00e0 du volet diplomatique et des questions de gouvernan ...","breadcrumb":{"@id":"https:\/\/www.africa-press.net\/cameroun\/economie\/securite-alimentaire-celestin-tawamba-president-du-gicam-nous-sommes-independants-mais-nous-ne-sommes-pas-souverains-video#breadcrumb"},"inLanguage":"fr-FR","potentialAction":[{"@type":"ReadAction","target":["https:\/\/www.africa-press.net\/cameroun\/economie\/securite-alimentaire-celestin-tawamba-president-du-gicam-nous-sommes-independants-mais-nous-ne-sommes-pas-souverains-video"]}]},{"@type":"ImageObject","inLanguage":"fr-FR","@id":"https:\/\/www.africa-press.net\/cameroun\/economie\/securite-alimentaire-celestin-tawamba-president-du-gicam-nous-sommes-independants-mais-nous-ne-sommes-pas-souverains-video#primaryimage","url":"https:\/\/static.africa-press.net\/cameroun\/sites\/57\/2022\/07\/img-62e160c293318.jpg","contentUrl":"https:\/\/static.africa-press.net\/cameroun\/sites\/57\/2022\/07\/img-62e160c293318.jpg","width":800,"height":421,"caption":"S\u00e9curit\u00e9 alimentaire\/C\u00e9lestin Tawamba (pr\u00e9sident du GICAM): \u00abNous sommes ind\u00e9pendants, mais nous ne sommes pas souverains\u00bb (vid\u00e9o)"},{"@type":"BreadcrumbList","@id":"https:\/\/www.africa-press.net\/cameroun\/economie\/securite-alimentaire-celestin-tawamba-president-du-gicam-nous-sommes-independants-mais-nous-ne-sommes-pas-souverains-video#breadcrumb","itemListElement":[{"@type":"ListItem","position":1,"name":"Accueil","item":"https:\/\/www.africa-press.net\/cameroun\/"},{"@type":"ListItem","position":2,"name":"S\u00e9curit\u00e9 alimentaire\/C\u00e9lestin Tawamba (pr\u00e9sident du GICAM): \u00abNous sommes ind\u00e9pendants, mais nous ne sommes pas souverains\u00bb (vid\u00e9o)"}]},{"@type":"WebSite","@id":"https:\/\/www.africa-press.net\/cameroun\/#website","url":"https:\/\/www.africa-press.net\/cameroun\/","name":"Cameroun","description":"Just another Africa News Agency Sites site","potentialAction":[{"@type":"SearchAction","target":{"@type":"EntryPoint","urlTemplate":"https:\/\/www.africa-press.net\/cameroun\/?s={search_term_string}"},"query-input":{"@type":"PropertyValueSpecification","valueRequired":true,"valueName":"search_term_string"}}],"inLanguage":"fr-FR"},{"@type":"Person","@id":"https:\/\/www.africa-press.net\/cameroun\/#\/schema\/person\/2b1cf3cd81a31e3cd26889ca66d677f1","name":"cfeditorfr"}]}},"_links":{"self":[{"href":"https:\/\/www.africa-press.net\/cameroun\/wp-json\/wp\/v2\/posts\/24298","targetHints":{"allow":["GET"]}}],"collection":[{"href":"https:\/\/www.africa-press.net\/cameroun\/wp-json\/wp\/v2\/posts"}],"about":[{"href":"https:\/\/www.africa-press.net\/cameroun\/wp-json\/wp\/v2\/types\/post"}],"author":[{"embeddable":true,"href":"https:\/\/www.africa-press.net\/cameroun\/wp-json\/wp\/v2\/users\/82"}],"replies":[{"embeddable":true,"href":"https:\/\/www.africa-press.net\/cameroun\/wp-json\/wp\/v2\/comments?post=24298"}],"version-history":[{"count":0,"href":"https:\/\/www.africa-press.net\/cameroun\/wp-json\/wp\/v2\/posts\/24298\/revisions"}],"wp:featuredmedia":[{"embeddable":true,"href":"https:\/\/www.africa-press.net\/cameroun\/wp-json\/wp\/v2\/media\/24297"}],"wp:attachment":[{"href":"https:\/\/www.africa-press.net\/cameroun\/wp-json\/wp\/v2\/media?parent=24298"}],"wp:term":[{"taxonomy":"category","embeddable":true,"href":"https:\/\/www.africa-press.net\/cameroun\/wp-json\/wp\/v2\/categories?post=24298"},{"taxonomy":"post_tag","embeddable":true,"href":"https:\/\/www.africa-press.net\/cameroun\/wp-json\/wp\/v2\/tags?post=24298"}],"curies":[{"name":"wp","href":"https:\/\/api.w.org\/{rel}","templated":true}]}}