{"id":24310,"date":"2022-07-27T14:01:26","date_gmt":"2022-07-27T14:01:26","guid":{"rendered":"https:\/\/www.africa-press.net\/cameroun\/politique\/diplomatie-le-general-thierry-marchand-pressenti-au-poste-dambassadeur-de-france-au-cameroun"},"modified":"2022-07-27T16:01:39","modified_gmt":"2022-07-27T16:01:39","slug":"diplomatie-le-general-thierry-marchand-pressenti-au-poste-dambassadeur-de-france-au-cameroun","status":"publish","type":"post","link":"https:\/\/www.africa-press.net\/cameroun\/politique\/diplomatie-le-general-thierry-marchand-pressenti-au-poste-dambassadeur-de-france-au-cameroun","title":{"rendered":"Diplomatie: Le g\u00e9n\u00e9ral Thierry Marchand pressenti au poste d\u2019Ambassadeur de France au Cameroun"},"content":{"rendered":"<p><span style=\"color: #ff6600\"><strong>Africa-Press &#8211; Cameroun. <\/strong><\/span>Au lendemain de la visite officielle du pr\u00e9sident fran\u00e7ais Emmanuel Macron au Cameroun, le magazine panafricain \u00ab Africa Intelligence \u00bb annonce qu\u2019un nouvel Ambassadeur de France va \u00eatre nomm\u00e9 au Cameroun. Il s\u2019agit du G\u00e9n\u00e9ral Thierry Marchand, rapporte ledit magazine. Il devrait donc remplacer \u00e0 cette fonction son compatriote Christophe Guilhou, qui aurait visiblement v\u00e9cu l\u2019un de ses derniers grands \u00e9v\u00e9nements au Cameroun \u00e0 l\u2019occasion de la visite de son pr\u00e9sident. Il quitterait ainsi le Cameroun, apr\u00e8s plus de 3 ans pass\u00e9s \u00e0 cette fonction.<\/p>\n<p>En attendant que l\u2019Elys\u00e9e rende officielle cette nouvelle, il faut pr\u00e9ciser \u00e0 propos du G\u00e9n\u00e9ral Thierry Marchand que le choix port\u00e9 sur sa personne ne serait pas anodin car, il intervient dans un contexte o\u00f9 la coop\u00e9ration militaire entre le Cameroun et la France bat de l\u2019aile, alors qu\u2019elle avait \u00e9t\u00e9 renouvel\u00e9e en septembre 2021, apr\u00e8s les accords sign\u00e9s en novembre 1960, en f\u00e9vrier 1974 et en mai 2009. Au mois d\u2019avril dernier, Paul Biya a autoris\u00e9 son pays \u00e0 signer un accord de coop\u00e9ration militaire avec la Russie, une pilule difficile \u00e0 avaler pour l\u2019Elys\u00e9e.<\/p>\n<p>Rappelons que Thierry Marchand a servi au Gabon, en R\u00e9publique Centrafricaine, \u00e0 Djibouti et en Somalie. Depuis 2019, il flirte avec la diplomatie et occupe la t\u00eate de la Direction de la coop\u00e9ration de s\u00e9curit\u00e9 et de D\u00e9fense (DCSD) du Quai d\u2019Orsay.<\/p>\n<p><strong>Pour plus d&rsquo;informations et d&rsquo;analyses sur la <a href=\"https:\/\/www.africa-press.net\/cameroun\">Cameroun<\/a>, suivez <a href=\"https:\/\/www.africa-press.net\/\">Africa-Press<\/a><\/strong><\/p>\n","protected":false},"excerpt":{"rendered":"<p>Africa-Press &#8211; Cameroun. Au lendemain de la visite officielle du pr\u00e9sident fran\u00e7ais Emmanuel Macron au Cameroun, le magazine panafricain \u00ab Africa Intelligence \u00bb annonce qu\u2019un nouvel Ambassadeur de France va \u00eatre nomm\u00e9 au Cameroun. Il s\u2019agit du G\u00e9n\u00e9ral Thierry Marchand, rapporte ledit magazine. Il devrait donc remplacer \u00e0 cette fonction son compatriote Christophe Guilhou, qui [&hellip;]<\/p>\n","protected":false},"author":82,"featured_media":24309,"comment_status":"open","ping_status":"closed","sticky":false,"template":"","format":"standard","meta":{"footnotes":""},"categories":[11,2,10],"tags":[36,50,49],"class_list":["post-24310","post","type-post","status-publish","format-standard","has-post-thumbnail","hentry","category-homepage-french","category-politique","category-toutes-les-actualites","tag-africa-press","tag-africa-press-cameroun","tag-cameroun"],"yoast_head":"<!-- This site is optimized with the Yoast SEO Premium plugin v26.1 (Yoast SEO v27.0) - https:\/\/yoast.com\/product\/yoast-seo-premium-wordpress\/ -->\n<title>Diplomatie: Le g\u00e9n\u00e9ral Thierry Marchand pressenti au poste d\u2019Ambassadeur de France au Cameroun - Cameroun<\/title>\n<meta name=\"description\" content=\"Au lendemain de la visite officielle du pr\u00e9sident fran\u00e7ais Emmanuel Macron au Cameroun, le magazine panafricain \u00ab Africa ...\" \/>\n<meta name=\"robots\" content=\"index, follow, max-snippet:-1, max-image-preview:large, max-video-preview:-1\" \/>\n<link rel=\"canonical\" href=\"https:\/\/www.africa-press.net\/cameroun\/politique\/diplomatie-le-general-thierry-marchand-pressenti-au-poste-dambassadeur-de-france-au-cameroun\" \/>\n<meta property=\"og:locale\" content=\"fr_FR\" \/>\n<meta property=\"og:type\" content=\"article\" \/>\n<meta property=\"og:title\" content=\"Diplomatie: Le g\u00e9n\u00e9ral Thierry Marchand pressenti au poste d\u2019Ambassadeur de France au Cameroun\" \/>\n<meta property=\"og:description\" content=\"Au lendemain de la visite officielle du pr\u00e9sident fran\u00e7ais Emmanuel Macron au Cameroun, le magazine panafricain \u00ab Africa ...\" \/>\n<meta property=\"og:url\" content=\"https:\/\/www.africa-press.net\/cameroun\/politique\/diplomatie-le-general-thierry-marchand-pressenti-au-poste-dambassadeur-de-france-au-cameroun\" \/>\n<meta property=\"og:site_name\" content=\"Cameroun\" \/>\n<meta property=\"article:published_time\" content=\"2022-07-27T14:01:26+00:00\" \/>\n<meta property=\"article:modified_time\" content=\"2022-07-27T16:01:39+00:00\" \/>\n<meta property=\"og:image\" content=\"https:\/\/static.africa-press.net\/cameroun\/sites\/57\/2022\/07\/img-62e1614db8fd8.jpg\" \/>\n\t<meta property=\"og:image:width\" content=\"800\" \/>\n\t<meta property=\"og:image:height\" content=\"619\" \/>\n\t<meta property=\"og:image:type\" content=\"image\/jpeg\" \/>\n<meta name=\"author\" content=\"cfeditorfr\" \/>\n<meta name=\"twitter:card\" content=\"summary_large_image\" \/>\n<meta name=\"twitter:label1\" content=\"\u00c9crit par\" \/>\n\t<meta name=\"twitter:data1\" content=\"cfeditorfr\" \/>\n\t<meta name=\"twitter:label2\" content=\"Dur\u00e9e de lecture estim\u00e9e\" \/>\n\t<meta name=\"twitter:data2\" content=\"2 minutes\" \/>\n<script type=\"application\/ld+json\" class=\"yoast-schema-graph\">{\"@context\":\"https:\/\/schema.org\",\"@graph\":[{\"@type\":\"Article\",\"@id\":\"https:\/\/www.africa-press.net\/cameroun\/politique\/diplomatie-le-general-thierry-marchand-pressenti-au-poste-dambassadeur-de-france-au-cameroun#article\",\"isPartOf\":{\"@id\":\"https:\/\/www.africa-press.net\/cameroun\/politique\/diplomatie-le-general-thierry-marchand-pressenti-au-poste-dambassadeur-de-france-au-cameroun\"},\"author\":{\"name\":\"cfeditorfr\",\"@id\":\"https:\/\/www.africa-press.net\/cameroun\/#\/schema\/person\/2b1cf3cd81a31e3cd26889ca66d677f1\"},\"headline\":\"Diplomatie: Le g\u00e9n\u00e9ral Thierry Marchand pressenti au poste d\u2019Ambassadeur de France au Cameroun\",\"datePublished\":\"2022-07-27T14:01:26+00:00\",\"dateModified\":\"2022-07-27T16:01:39+00:00\",\"mainEntityOfPage\":{\"@id\":\"https:\/\/www.africa-press.net\/cameroun\/politique\/diplomatie-le-general-thierry-marchand-pressenti-au-poste-dambassadeur-de-france-au-cameroun\"},\"wordCount\":274,\"commentCount\":0,\"image\":{\"@id\":\"https:\/\/www.africa-press.net\/cameroun\/politique\/diplomatie-le-general-thierry-marchand-pressenti-au-poste-dambassadeur-de-france-au-cameroun#primaryimage\"},\"thumbnailUrl\":\"https:\/\/static.africa-press.net\/cameroun\/sites\/57\/2022\/07\/img-62e1614db8fd8.jpg\",\"keywords\":[\"Africa Press\",\"Africa Press-Cameroun\",\"Cameroun\"],\"articleSection\":[\"homepage-french\",\"Politique\",\"Toutes les actualit\u00e9s\"],\"inLanguage\":\"fr-FR\",\"potentialAction\":[{\"@type\":\"CommentAction\",\"name\":\"Comment\",\"target\":[\"https:\/\/www.africa-press.net\/cameroun\/politique\/diplomatie-le-general-thierry-marchand-pressenti-au-poste-dambassadeur-de-france-au-cameroun#respond\"]}]},{\"@type\":\"WebPage\",\"@id\":\"https:\/\/www.africa-press.net\/cameroun\/politique\/diplomatie-le-general-thierry-marchand-pressenti-au-poste-dambassadeur-de-france-au-cameroun\",\"url\":\"https:\/\/www.africa-press.net\/cameroun\/politique\/diplomatie-le-general-thierry-marchand-pressenti-au-poste-dambassadeur-de-france-au-cameroun\",\"name\":\"Diplomatie: Le g\u00e9n\u00e9ral Thierry Marchand pressenti au poste d\u2019Ambassadeur de France au Cameroun - Cameroun\",\"isPartOf\":{\"@id\":\"https:\/\/www.africa-press.net\/cameroun\/#website\"},\"primaryImageOfPage\":{\"@id\":\"https:\/\/www.africa-press.net\/cameroun\/politique\/diplomatie-le-general-thierry-marchand-pressenti-au-poste-dambassadeur-de-france-au-cameroun#primaryimage\"},\"image\":{\"@id\":\"https:\/\/www.africa-press.net\/cameroun\/politique\/diplomatie-le-general-thierry-marchand-pressenti-au-poste-dambassadeur-de-france-au-cameroun#primaryimage\"},\"thumbnailUrl\":\"https:\/\/static.africa-press.net\/cameroun\/sites\/57\/2022\/07\/img-62e1614db8fd8.jpg\",\"datePublished\":\"2022-07-27T14:01:26+00:00\",\"dateModified\":\"2022-07-27T16:01:39+00:00\",\"author\":{\"@id\":\"https:\/\/www.africa-press.net\/cameroun\/#\/schema\/person\/2b1cf3cd81a31e3cd26889ca66d677f1\"},\"description\":\"Au lendemain de la visite officielle du pr\u00e9sident fran\u00e7ais Emmanuel Macron au Cameroun, le magazine panafricain \u00ab Africa ...\",\"breadcrumb\":{\"@id\":\"https:\/\/www.africa-press.net\/cameroun\/politique\/diplomatie-le-general-thierry-marchand-pressenti-au-poste-dambassadeur-de-france-au-cameroun#breadcrumb\"},\"inLanguage\":\"fr-FR\",\"potentialAction\":[{\"@type\":\"ReadAction\",\"target\":[\"https:\/\/www.africa-press.net\/cameroun\/politique\/diplomatie-le-general-thierry-marchand-pressenti-au-poste-dambassadeur-de-france-au-cameroun\"]}]},{\"@type\":\"ImageObject\",\"inLanguage\":\"fr-FR\",\"@id\":\"https:\/\/www.africa-press.net\/cameroun\/politique\/diplomatie-le-general-thierry-marchand-pressenti-au-poste-dambassadeur-de-france-au-cameroun#primaryimage\",\"url\":\"https:\/\/static.africa-press.net\/cameroun\/sites\/57\/2022\/07\/img-62e1614db8fd8.jpg\",\"contentUrl\":\"https:\/\/static.africa-press.net\/cameroun\/sites\/57\/2022\/07\/img-62e1614db8fd8.jpg\",\"width\":800,\"height\":619,\"caption\":\"Diplomatie: Le g\u00e9n\u00e9ral Thierry Marchand pressenti au poste d\u2019Ambassadeur de France au Cameroun\"},{\"@type\":\"BreadcrumbList\",\"@id\":\"https:\/\/www.africa-press.net\/cameroun\/politique\/diplomatie-le-general-thierry-marchand-pressenti-au-poste-dambassadeur-de-france-au-cameroun#breadcrumb\",\"itemListElement\":[{\"@type\":\"ListItem\",\"position\":1,\"name\":\"Accueil\",\"item\":\"https:\/\/www.africa-press.net\/cameroun\/\"},{\"@type\":\"ListItem\",\"position\":2,\"name\":\"Diplomatie: Le g\u00e9n\u00e9ral Thierry Marchand pressenti au poste d\u2019Ambassadeur de France au Cameroun\"}]},{\"@type\":\"WebSite\",\"@id\":\"https:\/\/www.africa-press.net\/cameroun\/#website\",\"url\":\"https:\/\/www.africa-press.net\/cameroun\/\",\"name\":\"Cameroun\",\"description\":\"Just another Africa News Agency Sites site\",\"potentialAction\":[{\"@type\":\"SearchAction\",\"target\":{\"@type\":\"EntryPoint\",\"urlTemplate\":\"https:\/\/www.africa-press.net\/cameroun\/?s={search_term_string}\"},\"query-input\":{\"@type\":\"PropertyValueSpecification\",\"valueRequired\":true,\"valueName\":\"search_term_string\"}}],\"inLanguage\":\"fr-FR\"},{\"@type\":\"Person\",\"@id\":\"https:\/\/www.africa-press.net\/cameroun\/#\/schema\/person\/2b1cf3cd81a31e3cd26889ca66d677f1\",\"name\":\"cfeditorfr\"}]}<\/script>\n<!-- \/ Yoast SEO Premium plugin. -->","yoast_head_json":{"title":"Diplomatie: Le g\u00e9n\u00e9ral Thierry Marchand pressenti au poste d\u2019Ambassadeur de France au Cameroun - Cameroun","description":"Au lendemain de la visite officielle du pr\u00e9sident fran\u00e7ais Emmanuel Macron au Cameroun, le magazine panafricain \u00ab Africa ...","robots":{"index":"index","follow":"follow","max-snippet":"max-snippet:-1","max-image-preview":"max-image-preview:large","max-video-preview":"max-video-preview:-1"},"canonical":"https:\/\/www.africa-press.net\/cameroun\/politique\/diplomatie-le-general-thierry-marchand-pressenti-au-poste-dambassadeur-de-france-au-cameroun","og_locale":"fr_FR","og_type":"article","og_title":"Diplomatie: Le g\u00e9n\u00e9ral Thierry Marchand pressenti au poste d\u2019Ambassadeur de France au Cameroun","og_description":"Au lendemain de la visite officielle du pr\u00e9sident fran\u00e7ais Emmanuel Macron au Cameroun, le magazine panafricain \u00ab Africa ...","og_url":"https:\/\/www.africa-press.net\/cameroun\/politique\/diplomatie-le-general-thierry-marchand-pressenti-au-poste-dambassadeur-de-france-au-cameroun","og_site_name":"Cameroun","article_published_time":"2022-07-27T14:01:26+00:00","article_modified_time":"2022-07-27T16:01:39+00:00","og_image":[{"width":800,"height":619,"url":"https:\/\/static.africa-press.net\/cameroun\/sites\/57\/2022\/07\/img-62e1614db8fd8.jpg","type":"image\/jpeg"}],"author":"cfeditorfr","twitter_card":"summary_large_image","twitter_misc":{"\u00c9crit par":"cfeditorfr","Dur\u00e9e de lecture estim\u00e9e":"2 minutes"},"schema":{"@context":"https:\/\/schema.org","@graph":[{"@type":"Article","@id":"https:\/\/www.africa-press.net\/cameroun\/politique\/diplomatie-le-general-thierry-marchand-pressenti-au-poste-dambassadeur-de-france-au-cameroun#article","isPartOf":{"@id":"https:\/\/www.africa-press.net\/cameroun\/politique\/diplomatie-le-general-thierry-marchand-pressenti-au-poste-dambassadeur-de-france-au-cameroun"},"author":{"name":"cfeditorfr","@id":"https:\/\/www.africa-press.net\/cameroun\/#\/schema\/person\/2b1cf3cd81a31e3cd26889ca66d677f1"},"headline":"Diplomatie: Le g\u00e9n\u00e9ral Thierry Marchand pressenti au poste d\u2019Ambassadeur de France au Cameroun","datePublished":"2022-07-27T14:01:26+00:00","dateModified":"2022-07-27T16:01:39+00:00","mainEntityOfPage":{"@id":"https:\/\/www.africa-press.net\/cameroun\/politique\/diplomatie-le-general-thierry-marchand-pressenti-au-poste-dambassadeur-de-france-au-cameroun"},"wordCount":274,"commentCount":0,"image":{"@id":"https:\/\/www.africa-press.net\/cameroun\/politique\/diplomatie-le-general-thierry-marchand-pressenti-au-poste-dambassadeur-de-france-au-cameroun#primaryimage"},"thumbnailUrl":"https:\/\/static.africa-press.net\/cameroun\/sites\/57\/2022\/07\/img-62e1614db8fd8.jpg","keywords":["Africa Press","Africa Press-Cameroun","Cameroun"],"articleSection":["homepage-french","Politique","Toutes les actualit\u00e9s"],"inLanguage":"fr-FR","potentialAction":[{"@type":"CommentAction","name":"Comment","target":["https:\/\/www.africa-press.net\/cameroun\/politique\/diplomatie-le-general-thierry-marchand-pressenti-au-poste-dambassadeur-de-france-au-cameroun#respond"]}]},{"@type":"WebPage","@id":"https:\/\/www.africa-press.net\/cameroun\/politique\/diplomatie-le-general-thierry-marchand-pressenti-au-poste-dambassadeur-de-france-au-cameroun","url":"https:\/\/www.africa-press.net\/cameroun\/politique\/diplomatie-le-general-thierry-marchand-pressenti-au-poste-dambassadeur-de-france-au-cameroun","name":"Diplomatie: Le g\u00e9n\u00e9ral Thierry Marchand pressenti au poste d\u2019Ambassadeur de France au Cameroun - Cameroun","isPartOf":{"@id":"https:\/\/www.africa-press.net\/cameroun\/#website"},"primaryImageOfPage":{"@id":"https:\/\/www.africa-press.net\/cameroun\/politique\/diplomatie-le-general-thierry-marchand-pressenti-au-poste-dambassadeur-de-france-au-cameroun#primaryimage"},"image":{"@id":"https:\/\/www.africa-press.net\/cameroun\/politique\/diplomatie-le-general-thierry-marchand-pressenti-au-poste-dambassadeur-de-france-au-cameroun#primaryimage"},"thumbnailUrl":"https:\/\/static.africa-press.net\/cameroun\/sites\/57\/2022\/07\/img-62e1614db8fd8.jpg","datePublished":"2022-07-27T14:01:26+00:00","dateModified":"2022-07-27T16:01:39+00:00","author":{"@id":"https:\/\/www.africa-press.net\/cameroun\/#\/schema\/person\/2b1cf3cd81a31e3cd26889ca66d677f1"},"description":"Au lendemain de la visite officielle du pr\u00e9sident fran\u00e7ais Emmanuel Macron au Cameroun, le magazine panafricain \u00ab Africa ...","breadcrumb":{"@id":"https:\/\/www.africa-press.net\/cameroun\/politique\/diplomatie-le-general-thierry-marchand-pressenti-au-poste-dambassadeur-de-france-au-cameroun#breadcrumb"},"inLanguage":"fr-FR","potentialAction":[{"@type":"ReadAction","target":["https:\/\/www.africa-press.net\/cameroun\/politique\/diplomatie-le-general-thierry-marchand-pressenti-au-poste-dambassadeur-de-france-au-cameroun"]}]},{"@type":"ImageObject","inLanguage":"fr-FR","@id":"https:\/\/www.africa-press.net\/cameroun\/politique\/diplomatie-le-general-thierry-marchand-pressenti-au-poste-dambassadeur-de-france-au-cameroun#primaryimage","url":"https:\/\/static.africa-press.net\/cameroun\/sites\/57\/2022\/07\/img-62e1614db8fd8.jpg","contentUrl":"https:\/\/static.africa-press.net\/cameroun\/sites\/57\/2022\/07\/img-62e1614db8fd8.jpg","width":800,"height":619,"caption":"Diplomatie: Le g\u00e9n\u00e9ral Thierry Marchand pressenti au poste d\u2019Ambassadeur de France au Cameroun"},{"@type":"BreadcrumbList","@id":"https:\/\/www.africa-press.net\/cameroun\/politique\/diplomatie-le-general-thierry-marchand-pressenti-au-poste-dambassadeur-de-france-au-cameroun#breadcrumb","itemListElement":[{"@type":"ListItem","position":1,"name":"Accueil","item":"https:\/\/www.africa-press.net\/cameroun\/"},{"@type":"ListItem","position":2,"name":"Diplomatie: Le g\u00e9n\u00e9ral Thierry Marchand pressenti au poste d\u2019Ambassadeur de France au Cameroun"}]},{"@type":"WebSite","@id":"https:\/\/www.africa-press.net\/cameroun\/#website","url":"https:\/\/www.africa-press.net\/cameroun\/","name":"Cameroun","description":"Just another Africa News Agency Sites site","potentialAction":[{"@type":"SearchAction","target":{"@type":"EntryPoint","urlTemplate":"https:\/\/www.africa-press.net\/cameroun\/?s={search_term_string}"},"query-input":{"@type":"PropertyValueSpecification","valueRequired":true,"valueName":"search_term_string"}}],"inLanguage":"fr-FR"},{"@type":"Person","@id":"https:\/\/www.africa-press.net\/cameroun\/#\/schema\/person\/2b1cf3cd81a31e3cd26889ca66d677f1","name":"cfeditorfr"}]}},"_links":{"self":[{"href":"https:\/\/www.africa-press.net\/cameroun\/wp-json\/wp\/v2\/posts\/24310","targetHints":{"allow":["GET"]}}],"collection":[{"href":"https:\/\/www.africa-press.net\/cameroun\/wp-json\/wp\/v2\/posts"}],"about":[{"href":"https:\/\/www.africa-press.net\/cameroun\/wp-json\/wp\/v2\/types\/post"}],"author":[{"embeddable":true,"href":"https:\/\/www.africa-press.net\/cameroun\/wp-json\/wp\/v2\/users\/82"}],"replies":[{"embeddable":true,"href":"https:\/\/www.africa-press.net\/cameroun\/wp-json\/wp\/v2\/comments?post=24310"}],"version-history":[{"count":0,"href":"https:\/\/www.africa-press.net\/cameroun\/wp-json\/wp\/v2\/posts\/24310\/revisions"}],"wp:featuredmedia":[{"embeddable":true,"href":"https:\/\/www.africa-press.net\/cameroun\/wp-json\/wp\/v2\/media\/24309"}],"wp:attachment":[{"href":"https:\/\/www.africa-press.net\/cameroun\/wp-json\/wp\/v2\/media?parent=24310"}],"wp:term":[{"taxonomy":"category","embeddable":true,"href":"https:\/\/www.africa-press.net\/cameroun\/wp-json\/wp\/v2\/categories?post=24310"},{"taxonomy":"post_tag","embeddable":true,"href":"https:\/\/www.africa-press.net\/cameroun\/wp-json\/wp\/v2\/tags?post=24310"}],"curies":[{"name":"wp","href":"https:\/\/api.w.org\/{rel}","templated":true}]}}