{"id":24313,"date":"2022-07-27T14:09:16","date_gmt":"2022-07-27T14:09:16","guid":{"rendered":"https:\/\/www.africa-press.net\/cameroun\/politique\/cameroun-tete-a-tete-avec-biya-rencontre-avec-son-fils-franck-les-coulisses-de-la-visite-de-macron"},"modified":"2022-07-27T16:02:37","modified_gmt":"2022-07-27T16:02:37","slug":"cameroun-tete-a-tete-avec-biya-rencontre-avec-son-fils-franck-les-coulisses-de-la-visite-de-macron","status":"publish","type":"post","link":"https:\/\/www.africa-press.net\/cameroun\/politique\/cameroun-tete-a-tete-avec-biya-rencontre-avec-son-fils-franck-les-coulisses-de-la-visite-de-macron","title":{"rendered":"Cameroun : t\u00eate-\u00e0-t\u00eate avec Biya, rencontre avec son fils Franck\u2026 Les coulisses de la visite de Macron"},"content":{"rendered":"<p><span style=\"color: #ff6600\"><strong>Africa-Press &#8211; Cameroun. <\/strong><\/span>Arriv\u00e9 \u00e0 Yaound\u00e9 le 25 juillet dans la soir\u00e9e, Emmanuel Macron a \u00e9t\u00e9 re\u00e7u par Paul Biya le lendemain matin au palais d\u2019Etoudi. Selon nos informations, les deux chefs d\u2019\u00c9tat se sont entretenus en t\u00eate \u00e0 t\u00eate pendant pr\u00e8s d\u2019une heure et demie. Leur discussion a essentiellement port\u00e9 sur des questions politiques et s\u00e9curitaires, avec deux sujets majeurs : la menace terroriste que fait peser Boko Haram dans le nord du Cameroun et la crise anglophone qui d\u00e9stabilise le pays depuis des ann\u00e9es.<\/p>\n<p>Le pr\u00e9sident fran\u00e7ais a beaucoup insist\u00e9 sur la n\u00e9cessaire distinction \u00e0 faire entre ces deux dossiers et sur le fait qu\u2019ils ne pouvaient se r\u00e9gler de la m\u00eame fa\u00e7on. \u00c0 propos du Nord, Macron a plaid\u00e9 pour une r\u00e9ponse s\u00e9curitaire \u00e0 la menace jihadiste et a rappel\u00e9 que la France continuerait, si Yaound\u00e9 en faisait la demande, \u00e0 appuyer les forces de d\u00e9fense et de s\u00e9curit\u00e9 camerounaises.<\/p>\n<p>L\u2019arriv\u00e9e de Chantal et Franck Biya<\/p>\n<p><strong>Pour plus d&rsquo;informations et d&rsquo;analyses sur la <a href=\"https:\/\/www.africa-press.net\/cameroun\">Cameroun<\/a>, suivez <a href=\"https:\/\/www.africa-press.net\/\">Africa-Press<\/a><\/strong><\/p>\n","protected":false},"excerpt":{"rendered":"<p>Africa-Press &#8211; Cameroun. Arriv\u00e9 \u00e0 Yaound\u00e9 le 25 juillet dans la soir\u00e9e, Emmanuel Macron a \u00e9t\u00e9 re\u00e7u par Paul Biya le lendemain matin au palais d\u2019Etoudi. Selon nos informations, les deux chefs d\u2019\u00c9tat se sont entretenus en t\u00eate \u00e0 t\u00eate pendant pr\u00e8s d\u2019une heure et demie. Leur discussion a essentiellement port\u00e9 sur des questions politiques [&hellip;]<\/p>\n","protected":false},"author":82,"featured_media":24312,"comment_status":"open","ping_status":"closed","sticky":false,"template":"","format":"standard","meta":{"footnotes":""},"categories":[11,2,20,10],"tags":[36,50,49],"class_list":["post-24313","post","type-post","status-publish","format-standard","has-post-thumbnail","hentry","category-homepage-french","category-politique","category-top-nouvelles","category-toutes-les-actualites","tag-africa-press","tag-africa-press-cameroun","tag-cameroun"],"yoast_head":"<!-- This site is optimized with the Yoast SEO Premium plugin v26.1 (Yoast SEO v27.0) - https:\/\/yoast.com\/product\/yoast-seo-premium-wordpress\/ -->\n<title>Cameroun : t\u00eate-\u00e0-t\u00eate avec Biya, rencontre avec son fils Franck\u2026 Les coulisses de la visite de Macron - Cameroun<\/title>\n<meta name=\"description\" content=\"Arriv\u00e9 \u00e0 Yaound\u00e9 le 25 juillet dans la soir\u00e9e, Emmanuel Macron a \u00e9t\u00e9 re\u00e7u par Paul Biya le lendemain matin au palais d\u2019E ...\" \/>\n<meta name=\"robots\" content=\"index, follow, max-snippet:-1, max-image-preview:large, max-video-preview:-1\" \/>\n<link rel=\"canonical\" href=\"https:\/\/www.africa-press.net\/cameroun\/politique\/cameroun-tete-a-tete-avec-biya-rencontre-avec-son-fils-franck-les-coulisses-de-la-visite-de-macron\" \/>\n<meta property=\"og:locale\" content=\"fr_FR\" \/>\n<meta property=\"og:type\" content=\"article\" \/>\n<meta property=\"og:title\" content=\"Cameroun : t\u00eate-\u00e0-t\u00eate avec Biya, rencontre avec son fils Franck\u2026 Les coulisses de la visite de Macron\" \/>\n<meta property=\"og:description\" content=\"Arriv\u00e9 \u00e0 Yaound\u00e9 le 25 juillet dans la soir\u00e9e, Emmanuel Macron a \u00e9t\u00e9 re\u00e7u par Paul Biya le lendemain matin au palais d\u2019E ...\" \/>\n<meta property=\"og:url\" content=\"https:\/\/www.africa-press.net\/cameroun\/politique\/cameroun-tete-a-tete-avec-biya-rencontre-avec-son-fils-franck-les-coulisses-de-la-visite-de-macron\" \/>\n<meta property=\"og:site_name\" content=\"Cameroun\" \/>\n<meta property=\"article:published_time\" content=\"2022-07-27T14:09:16+00:00\" \/>\n<meta property=\"article:modified_time\" content=\"2022-07-27T16:02:37+00:00\" \/>\n<meta property=\"og:image\" content=\"https:\/\/static.africa-press.net\/cameroun\/sites\/57\/2022\/07\/img-62e1617d69a8c.jpg\" \/>\n\t<meta property=\"og:image:width\" content=\"1256\" \/>\n\t<meta property=\"og:image:height\" content=\"628\" \/>\n\t<meta property=\"og:image:type\" content=\"image\/jpeg\" \/>\n<meta name=\"author\" content=\"cfeditorfr\" \/>\n<meta name=\"twitter:card\" content=\"summary_large_image\" \/>\n<meta name=\"twitter:label1\" content=\"\u00c9crit par\" \/>\n\t<meta name=\"twitter:data1\" content=\"cfeditorfr\" \/>\n\t<meta name=\"twitter:label2\" content=\"Dur\u00e9e de lecture estim\u00e9e\" \/>\n\t<meta name=\"twitter:data2\" content=\"1 minute\" \/>\n<script type=\"application\/ld+json\" class=\"yoast-schema-graph\">{\"@context\":\"https:\/\/schema.org\",\"@graph\":[{\"@type\":\"Article\",\"@id\":\"https:\/\/www.africa-press.net\/cameroun\/politique\/cameroun-tete-a-tete-avec-biya-rencontre-avec-son-fils-franck-les-coulisses-de-la-visite-de-macron#article\",\"isPartOf\":{\"@id\":\"https:\/\/www.africa-press.net\/cameroun\/politique\/cameroun-tete-a-tete-avec-biya-rencontre-avec-son-fils-franck-les-coulisses-de-la-visite-de-macron\"},\"author\":{\"name\":\"cfeditorfr\",\"@id\":\"https:\/\/www.africa-press.net\/cameroun\/#\/schema\/person\/2b1cf3cd81a31e3cd26889ca66d677f1\"},\"headline\":\"Cameroun : t\u00eate-\u00e0-t\u00eate avec Biya, rencontre avec son fils Franck\u2026 Les coulisses de la visite de Macron\",\"datePublished\":\"2022-07-27T14:09:16+00:00\",\"dateModified\":\"2022-07-27T16:02:37+00:00\",\"mainEntityOfPage\":{\"@id\":\"https:\/\/www.africa-press.net\/cameroun\/politique\/cameroun-tete-a-tete-avec-biya-rencontre-avec-son-fils-franck-les-coulisses-de-la-visite-de-macron\"},\"wordCount\":206,\"commentCount\":0,\"image\":{\"@id\":\"https:\/\/www.africa-press.net\/cameroun\/politique\/cameroun-tete-a-tete-avec-biya-rencontre-avec-son-fils-franck-les-coulisses-de-la-visite-de-macron#primaryimage\"},\"thumbnailUrl\":\"https:\/\/static.africa-press.net\/cameroun\/sites\/57\/2022\/07\/img-62e1617d69a8c.jpg\",\"keywords\":[\"Africa Press\",\"Africa Press-Cameroun\",\"Cameroun\"],\"articleSection\":[\"homepage-french\",\"Politique\",\"Top Nouvelles\",\"Toutes les actualit\u00e9s\"],\"inLanguage\":\"fr-FR\",\"potentialAction\":[{\"@type\":\"CommentAction\",\"name\":\"Comment\",\"target\":[\"https:\/\/www.africa-press.net\/cameroun\/politique\/cameroun-tete-a-tete-avec-biya-rencontre-avec-son-fils-franck-les-coulisses-de-la-visite-de-macron#respond\"]}]},{\"@type\":\"WebPage\",\"@id\":\"https:\/\/www.africa-press.net\/cameroun\/politique\/cameroun-tete-a-tete-avec-biya-rencontre-avec-son-fils-franck-les-coulisses-de-la-visite-de-macron\",\"url\":\"https:\/\/www.africa-press.net\/cameroun\/politique\/cameroun-tete-a-tete-avec-biya-rencontre-avec-son-fils-franck-les-coulisses-de-la-visite-de-macron\",\"name\":\"Cameroun : t\u00eate-\u00e0-t\u00eate avec Biya, rencontre avec son fils Franck\u2026 Les coulisses de la visite de Macron - Cameroun\",\"isPartOf\":{\"@id\":\"https:\/\/www.africa-press.net\/cameroun\/#website\"},\"primaryImageOfPage\":{\"@id\":\"https:\/\/www.africa-press.net\/cameroun\/politique\/cameroun-tete-a-tete-avec-biya-rencontre-avec-son-fils-franck-les-coulisses-de-la-visite-de-macron#primaryimage\"},\"image\":{\"@id\":\"https:\/\/www.africa-press.net\/cameroun\/politique\/cameroun-tete-a-tete-avec-biya-rencontre-avec-son-fils-franck-les-coulisses-de-la-visite-de-macron#primaryimage\"},\"thumbnailUrl\":\"https:\/\/static.africa-press.net\/cameroun\/sites\/57\/2022\/07\/img-62e1617d69a8c.jpg\",\"datePublished\":\"2022-07-27T14:09:16+00:00\",\"dateModified\":\"2022-07-27T16:02:37+00:00\",\"author\":{\"@id\":\"https:\/\/www.africa-press.net\/cameroun\/#\/schema\/person\/2b1cf3cd81a31e3cd26889ca66d677f1\"},\"description\":\"Arriv\u00e9 \u00e0 Yaound\u00e9 le 25 juillet dans la soir\u00e9e, Emmanuel Macron a \u00e9t\u00e9 re\u00e7u par Paul Biya le lendemain matin au palais d\u2019E ...\",\"breadcrumb\":{\"@id\":\"https:\/\/www.africa-press.net\/cameroun\/politique\/cameroun-tete-a-tete-avec-biya-rencontre-avec-son-fils-franck-les-coulisses-de-la-visite-de-macron#breadcrumb\"},\"inLanguage\":\"fr-FR\",\"potentialAction\":[{\"@type\":\"ReadAction\",\"target\":[\"https:\/\/www.africa-press.net\/cameroun\/politique\/cameroun-tete-a-tete-avec-biya-rencontre-avec-son-fils-franck-les-coulisses-de-la-visite-de-macron\"]}]},{\"@type\":\"ImageObject\",\"inLanguage\":\"fr-FR\",\"@id\":\"https:\/\/www.africa-press.net\/cameroun\/politique\/cameroun-tete-a-tete-avec-biya-rencontre-avec-son-fils-franck-les-coulisses-de-la-visite-de-macron#primaryimage\",\"url\":\"https:\/\/static.africa-press.net\/cameroun\/sites\/57\/2022\/07\/img-62e1617d69a8c.jpg\",\"contentUrl\":\"https:\/\/static.africa-press.net\/cameroun\/sites\/57\/2022\/07\/img-62e1617d69a8c.jpg\",\"width\":1256,\"height\":628,\"caption\":\"Cameroun : t\u00eate-\u00e0-t\u00eate avec Biya, rencontre avec son fils Franck\u2026 Les coulisses de la visite de Macron\"},{\"@type\":\"BreadcrumbList\",\"@id\":\"https:\/\/www.africa-press.net\/cameroun\/politique\/cameroun-tete-a-tete-avec-biya-rencontre-avec-son-fils-franck-les-coulisses-de-la-visite-de-macron#breadcrumb\",\"itemListElement\":[{\"@type\":\"ListItem\",\"position\":1,\"name\":\"Accueil\",\"item\":\"https:\/\/www.africa-press.net\/cameroun\/\"},{\"@type\":\"ListItem\",\"position\":2,\"name\":\"Cameroun : t\u00eate-\u00e0-t\u00eate avec Biya, rencontre avec son fils Franck\u2026 Les coulisses de la visite de Macron\"}]},{\"@type\":\"WebSite\",\"@id\":\"https:\/\/www.africa-press.net\/cameroun\/#website\",\"url\":\"https:\/\/www.africa-press.net\/cameroun\/\",\"name\":\"Cameroun\",\"description\":\"Just another Africa News Agency Sites site\",\"potentialAction\":[{\"@type\":\"SearchAction\",\"target\":{\"@type\":\"EntryPoint\",\"urlTemplate\":\"https:\/\/www.africa-press.net\/cameroun\/?s={search_term_string}\"},\"query-input\":{\"@type\":\"PropertyValueSpecification\",\"valueRequired\":true,\"valueName\":\"search_term_string\"}}],\"inLanguage\":\"fr-FR\"},{\"@type\":\"Person\",\"@id\":\"https:\/\/www.africa-press.net\/cameroun\/#\/schema\/person\/2b1cf3cd81a31e3cd26889ca66d677f1\",\"name\":\"cfeditorfr\"}]}<\/script>\n<!-- \/ Yoast SEO Premium plugin. -->","yoast_head_json":{"title":"Cameroun : t\u00eate-\u00e0-t\u00eate avec Biya, rencontre avec son fils Franck\u2026 Les coulisses de la visite de Macron - Cameroun","description":"Arriv\u00e9 \u00e0 Yaound\u00e9 le 25 juillet dans la soir\u00e9e, Emmanuel Macron a \u00e9t\u00e9 re\u00e7u par Paul Biya le lendemain matin au palais d\u2019E ...","robots":{"index":"index","follow":"follow","max-snippet":"max-snippet:-1","max-image-preview":"max-image-preview:large","max-video-preview":"max-video-preview:-1"},"canonical":"https:\/\/www.africa-press.net\/cameroun\/politique\/cameroun-tete-a-tete-avec-biya-rencontre-avec-son-fils-franck-les-coulisses-de-la-visite-de-macron","og_locale":"fr_FR","og_type":"article","og_title":"Cameroun : t\u00eate-\u00e0-t\u00eate avec Biya, rencontre avec son fils Franck\u2026 Les coulisses de la visite de Macron","og_description":"Arriv\u00e9 \u00e0 Yaound\u00e9 le 25 juillet dans la soir\u00e9e, Emmanuel Macron a \u00e9t\u00e9 re\u00e7u par Paul Biya le lendemain matin au palais d\u2019E ...","og_url":"https:\/\/www.africa-press.net\/cameroun\/politique\/cameroun-tete-a-tete-avec-biya-rencontre-avec-son-fils-franck-les-coulisses-de-la-visite-de-macron","og_site_name":"Cameroun","article_published_time":"2022-07-27T14:09:16+00:00","article_modified_time":"2022-07-27T16:02:37+00:00","og_image":[{"width":1256,"height":628,"url":"https:\/\/static.africa-press.net\/cameroun\/sites\/57\/2022\/07\/img-62e1617d69a8c.jpg","type":"image\/jpeg"}],"author":"cfeditorfr","twitter_card":"summary_large_image","twitter_misc":{"\u00c9crit par":"cfeditorfr","Dur\u00e9e de lecture estim\u00e9e":"1 minute"},"schema":{"@context":"https:\/\/schema.org","@graph":[{"@type":"Article","@id":"https:\/\/www.africa-press.net\/cameroun\/politique\/cameroun-tete-a-tete-avec-biya-rencontre-avec-son-fils-franck-les-coulisses-de-la-visite-de-macron#article","isPartOf":{"@id":"https:\/\/www.africa-press.net\/cameroun\/politique\/cameroun-tete-a-tete-avec-biya-rencontre-avec-son-fils-franck-les-coulisses-de-la-visite-de-macron"},"author":{"name":"cfeditorfr","@id":"https:\/\/www.africa-press.net\/cameroun\/#\/schema\/person\/2b1cf3cd81a31e3cd26889ca66d677f1"},"headline":"Cameroun : t\u00eate-\u00e0-t\u00eate avec Biya, rencontre avec son fils Franck\u2026 Les coulisses de la visite de Macron","datePublished":"2022-07-27T14:09:16+00:00","dateModified":"2022-07-27T16:02:37+00:00","mainEntityOfPage":{"@id":"https:\/\/www.africa-press.net\/cameroun\/politique\/cameroun-tete-a-tete-avec-biya-rencontre-avec-son-fils-franck-les-coulisses-de-la-visite-de-macron"},"wordCount":206,"commentCount":0,"image":{"@id":"https:\/\/www.africa-press.net\/cameroun\/politique\/cameroun-tete-a-tete-avec-biya-rencontre-avec-son-fils-franck-les-coulisses-de-la-visite-de-macron#primaryimage"},"thumbnailUrl":"https:\/\/static.africa-press.net\/cameroun\/sites\/57\/2022\/07\/img-62e1617d69a8c.jpg","keywords":["Africa Press","Africa Press-Cameroun","Cameroun"],"articleSection":["homepage-french","Politique","Top Nouvelles","Toutes les actualit\u00e9s"],"inLanguage":"fr-FR","potentialAction":[{"@type":"CommentAction","name":"Comment","target":["https:\/\/www.africa-press.net\/cameroun\/politique\/cameroun-tete-a-tete-avec-biya-rencontre-avec-son-fils-franck-les-coulisses-de-la-visite-de-macron#respond"]}]},{"@type":"WebPage","@id":"https:\/\/www.africa-press.net\/cameroun\/politique\/cameroun-tete-a-tete-avec-biya-rencontre-avec-son-fils-franck-les-coulisses-de-la-visite-de-macron","url":"https:\/\/www.africa-press.net\/cameroun\/politique\/cameroun-tete-a-tete-avec-biya-rencontre-avec-son-fils-franck-les-coulisses-de-la-visite-de-macron","name":"Cameroun : t\u00eate-\u00e0-t\u00eate avec Biya, rencontre avec son fils Franck\u2026 Les coulisses de la visite de Macron - Cameroun","isPartOf":{"@id":"https:\/\/www.africa-press.net\/cameroun\/#website"},"primaryImageOfPage":{"@id":"https:\/\/www.africa-press.net\/cameroun\/politique\/cameroun-tete-a-tete-avec-biya-rencontre-avec-son-fils-franck-les-coulisses-de-la-visite-de-macron#primaryimage"},"image":{"@id":"https:\/\/www.africa-press.net\/cameroun\/politique\/cameroun-tete-a-tete-avec-biya-rencontre-avec-son-fils-franck-les-coulisses-de-la-visite-de-macron#primaryimage"},"thumbnailUrl":"https:\/\/static.africa-press.net\/cameroun\/sites\/57\/2022\/07\/img-62e1617d69a8c.jpg","datePublished":"2022-07-27T14:09:16+00:00","dateModified":"2022-07-27T16:02:37+00:00","author":{"@id":"https:\/\/www.africa-press.net\/cameroun\/#\/schema\/person\/2b1cf3cd81a31e3cd26889ca66d677f1"},"description":"Arriv\u00e9 \u00e0 Yaound\u00e9 le 25 juillet dans la soir\u00e9e, Emmanuel Macron a \u00e9t\u00e9 re\u00e7u par Paul Biya le lendemain matin au palais d\u2019E ...","breadcrumb":{"@id":"https:\/\/www.africa-press.net\/cameroun\/politique\/cameroun-tete-a-tete-avec-biya-rencontre-avec-son-fils-franck-les-coulisses-de-la-visite-de-macron#breadcrumb"},"inLanguage":"fr-FR","potentialAction":[{"@type":"ReadAction","target":["https:\/\/www.africa-press.net\/cameroun\/politique\/cameroun-tete-a-tete-avec-biya-rencontre-avec-son-fils-franck-les-coulisses-de-la-visite-de-macron"]}]},{"@type":"ImageObject","inLanguage":"fr-FR","@id":"https:\/\/www.africa-press.net\/cameroun\/politique\/cameroun-tete-a-tete-avec-biya-rencontre-avec-son-fils-franck-les-coulisses-de-la-visite-de-macron#primaryimage","url":"https:\/\/static.africa-press.net\/cameroun\/sites\/57\/2022\/07\/img-62e1617d69a8c.jpg","contentUrl":"https:\/\/static.africa-press.net\/cameroun\/sites\/57\/2022\/07\/img-62e1617d69a8c.jpg","width":1256,"height":628,"caption":"Cameroun : t\u00eate-\u00e0-t\u00eate avec Biya, rencontre avec son fils Franck\u2026 Les coulisses de la visite de Macron"},{"@type":"BreadcrumbList","@id":"https:\/\/www.africa-press.net\/cameroun\/politique\/cameroun-tete-a-tete-avec-biya-rencontre-avec-son-fils-franck-les-coulisses-de-la-visite-de-macron#breadcrumb","itemListElement":[{"@type":"ListItem","position":1,"name":"Accueil","item":"https:\/\/www.africa-press.net\/cameroun\/"},{"@type":"ListItem","position":2,"name":"Cameroun : t\u00eate-\u00e0-t\u00eate avec Biya, rencontre avec son fils Franck\u2026 Les coulisses de la visite de Macron"}]},{"@type":"WebSite","@id":"https:\/\/www.africa-press.net\/cameroun\/#website","url":"https:\/\/www.africa-press.net\/cameroun\/","name":"Cameroun","description":"Just another Africa News Agency Sites site","potentialAction":[{"@type":"SearchAction","target":{"@type":"EntryPoint","urlTemplate":"https:\/\/www.africa-press.net\/cameroun\/?s={search_term_string}"},"query-input":{"@type":"PropertyValueSpecification","valueRequired":true,"valueName":"search_term_string"}}],"inLanguage":"fr-FR"},{"@type":"Person","@id":"https:\/\/www.africa-press.net\/cameroun\/#\/schema\/person\/2b1cf3cd81a31e3cd26889ca66d677f1","name":"cfeditorfr"}]}},"_links":{"self":[{"href":"https:\/\/www.africa-press.net\/cameroun\/wp-json\/wp\/v2\/posts\/24313","targetHints":{"allow":["GET"]}}],"collection":[{"href":"https:\/\/www.africa-press.net\/cameroun\/wp-json\/wp\/v2\/posts"}],"about":[{"href":"https:\/\/www.africa-press.net\/cameroun\/wp-json\/wp\/v2\/types\/post"}],"author":[{"embeddable":true,"href":"https:\/\/www.africa-press.net\/cameroun\/wp-json\/wp\/v2\/users\/82"}],"replies":[{"embeddable":true,"href":"https:\/\/www.africa-press.net\/cameroun\/wp-json\/wp\/v2\/comments?post=24313"}],"version-history":[{"count":0,"href":"https:\/\/www.africa-press.net\/cameroun\/wp-json\/wp\/v2\/posts\/24313\/revisions"}],"wp:featuredmedia":[{"embeddable":true,"href":"https:\/\/www.africa-press.net\/cameroun\/wp-json\/wp\/v2\/media\/24312"}],"wp:attachment":[{"href":"https:\/\/www.africa-press.net\/cameroun\/wp-json\/wp\/v2\/media?parent=24313"}],"wp:term":[{"taxonomy":"category","embeddable":true,"href":"https:\/\/www.africa-press.net\/cameroun\/wp-json\/wp\/v2\/categories?post=24313"},{"taxonomy":"post_tag","embeddable":true,"href":"https:\/\/www.africa-press.net\/cameroun\/wp-json\/wp\/v2\/tags?post=24313"}],"curies":[{"name":"wp","href":"https:\/\/api.w.org\/{rel}","templated":true}]}}