{"id":24319,"date":"2022-07-27T14:22:33","date_gmt":"2022-07-27T14:22:33","guid":{"rendered":"https:\/\/www.africa-press.net\/cameroun\/politique\/cameroun-les-silences-du-president"},"modified":"2022-07-27T16:03:50","modified_gmt":"2022-07-27T16:03:50","slug":"cameroun-les-silences-du-president","status":"publish","type":"post","link":"https:\/\/www.africa-press.net\/cameroun\/politique\/cameroun-les-silences-du-president","title":{"rendered":"Cameroun : les silences du pr\u00e9sident"},"content":{"rendered":"<p><span style=\"color: #ff6600\"><strong>Africa-Press &#8211; Cameroun. <\/strong><\/span>Conf\u00e9rence de presse. O\u00f9 ce qui n\u2019a pas \u00e9t\u00e9 dit parle plus que ce qui l\u2019a \u00e9t\u00e9.<\/p>\n<p>C\u2019\u00e9tait le clou de la visite. O\u00f9 tout est en contrastes. Emmanuel Macron entrait en Maternelle lorsque Paul Biya devenait pr\u00e9sident de la R\u00e9publique du Cameroun, il y a quarante ans. Il y eut donc, un contraste, plus, une opposition, naturelle, non seulement de styles, mais aussi de postures et \u00e0 la fin, une esp\u00e8ce de dialogue de sourds ( au sens propre et au sens figur\u00e9 ) qui fit que les deux pr\u00e9sidents, \u00e9chang\u00e8rent en d\u00e9finitive une poign\u00e9e de main dont personne ne sut si elle \u00e9tait de pure forme ou sinc\u00e8re.<\/p>\n<p>L\u2019essentiel du d\u00e9bat politique au Cameroun est cristallis\u00e9 depuis une bonne d\u00e9cennie, sur le \u00bb quand et comment s\u2019ach\u00e8vera le r\u00e9gime Biya \u00ab . Am\u00e9lie Tullet de RFI, toute en circonvolutions, posa la question cruciale. Le vieux pr\u00e9sident se la fit r\u00e9p\u00e9ter (on peut \u00eatre dur d\u2019oreille \u00e0 cet \u00e2ge, pourquoi pas?) avant de r\u00e9pondre sur un mod\u00e8le math\u00e9matique, invitant la journaliste \u00e0 \u00f4ter quatre de sept pour trouver le moment o\u00f9 on saura s\u2019il reprendra un quatri\u00e8me septennat ( apr\u00e8s ses trois premiers quinquennats). La r\u00e9ponse \u00e0 la question que tout le monde attendait a donc \u00e9t\u00e9 report\u00e9e \u00e0 une date ult\u00e9rieure.<\/p>\n<p>Pour le reste, ce fut une sorte de tirs aux buts entre l\u2019\u00e9quipe de France des journalistes et celle du Cameroun. Ou je pose une question \u00e0 ton pr\u00e9sident, et tu poses une question au mien, comme dans un sc\u00e9nario bien huil\u00e9. Emmanuel Macron annon\u00e7a (avanc\u00e9e notable sur cette \u00e9pineuse question) la mise sur pied d\u2019une commission mixte d\u2019historiens camerounais et fran\u00e7ais, pour \u00e9lucider enfin la question des \u00e9v\u00e9nements ayant pr\u00e9c\u00e9d\u00e9 la marche \u00e0 l\u2019ind\u00e9pendance du Cameroun.<\/p>\n<p>Paul Biya \u00e9voque la d\u00e9marche simple de \u00bb routine diplomatique \u00bb, qui pr\u00e9sidait \u00e0 la visite du ministre de la d\u00e9fense du Cameroun \u00e0 Moscou, en pleine guerre en Ukraine\u2026 Pour une conf\u00e9rence dite \u00bb de presse \u00bb, on pouvait s\u2019\u00e9tonner de la pr\u00e9sence dans cette salle de tout le gouvernement, assis en rangs d\u2019oignons, dont le directeur du Cabinet Civil, Mvondo Ayolo, cal\u00e9 sur une seule fesse dans une chaise inconfortable, qui n\u2019arr\u00eatait pas de bouger et d\u2019\u00e9changer ce qui devait \u00eatre des confidences , avec le Sgpr, Ngoh Ngoh.<\/p>\n<p>La \u00bb grande royale \u00bb, premi\u00e8re dame, tr\u00f4nait sur un fauteuil somptueux, drap\u00e9e dans une longue robe rouge d\u00e9cor\u00e9e de tissu Ndop. Au fond de la salle, tel un anonyme, Frank Biya devait dodeliner de la t\u00eate pour avoir un petit acc\u00e8s \u00e0 la c\u00e9r\u00e9monie, dont on aurait pu dire qu\u2019il \u00e9tait un simple petit resquilleur.<\/p>\n<p>Il y eut un long et grand moment de g\u00eane, et de silence, ponctu\u00e9 par des sourires ennuy\u00e9s, lorsque Paul Biya avoua n\u2019avoir pas entendu une question. La journaliste la r\u00e9p\u00e9ta et Emmanuel Macron, gentiment, r\u00e9p\u00e9ta encore en simplifiant, en r\u00e9sumant \u2026<\/p>\n<p>Le tout s\u2019acheva dans une ambiance tr\u00e8s \u00bb Le vieux N\u00e8gre et la m\u00e9daille \u00bb, o\u00f9 les Fran\u00e7ais se f\u00e9licit\u00e8rent d\u2019avoir vu leur pr\u00e9sident aussi brillant. Et o\u00f9 les fans camerounais \u00e9changeaient de larges sourires suite \u00e0 la prestation de leur (vieux) lion. Les sourires \u00e9grillards r\u00e9v\u00e9l\u00e9s par la cam\u00e9ra qui a longtemps tra\u00een\u00e9 sur les visages des participants \u00e0 cette assembl\u00e9e en disaient long sur cette curieuse affaire. O\u00f9 tout fut dit dans les non- dits.<\/p>\n<p><strong>Pour plus d&rsquo;informations et d&rsquo;analyses sur la <a href=\"https:\/\/www.africa-press.net\/cameroun\">Cameroun<\/a>, suivez <a href=\"https:\/\/www.africa-press.net\/\">Africa-Press<\/a><\/strong><\/p>\n","protected":false},"excerpt":{"rendered":"<p>Africa-Press &#8211; Cameroun. Conf\u00e9rence de presse. O\u00f9 ce qui n\u2019a pas \u00e9t\u00e9 dit parle plus que ce qui l\u2019a \u00e9t\u00e9. C\u2019\u00e9tait le clou de la visite. O\u00f9 tout est en contrastes. Emmanuel Macron entrait en Maternelle lorsque Paul Biya devenait pr\u00e9sident de la R\u00e9publique du Cameroun, il y a quarante ans. Il y eut donc, [&hellip;]<\/p>\n","protected":false},"author":82,"featured_media":24318,"comment_status":"open","ping_status":"closed","sticky":false,"template":"","format":"standard","meta":{"footnotes":""},"categories":[11,2,10],"tags":[36,50,49],"class_list":["post-24319","post","type-post","status-publish","format-standard","has-post-thumbnail","hentry","category-homepage-french","category-politique","category-toutes-les-actualites","tag-africa-press","tag-africa-press-cameroun","tag-cameroun"],"yoast_head":"<!-- This site is optimized with the Yoast SEO Premium plugin v26.1 (Yoast SEO v27.0) - https:\/\/yoast.com\/product\/yoast-seo-premium-wordpress\/ -->\n<title>Cameroun : les silences du pr\u00e9sident - Cameroun<\/title>\n<meta name=\"description\" content=\"Conf\u00e9rence de presse. O\u00f9 ce qui n\u2019a pas \u00e9t\u00e9 dit parle plus que ce qui l\u2019a \u00e9t\u00e9. C\u2019\u00e9tait le clou de la visite. O\u00f9 tout es ...\" \/>\n<meta name=\"robots\" content=\"index, follow, max-snippet:-1, max-image-preview:large, max-video-preview:-1\" \/>\n<link rel=\"canonical\" href=\"https:\/\/www.africa-press.net\/cameroun\/politique\/cameroun-les-silences-du-president\" \/>\n<meta property=\"og:locale\" content=\"fr_FR\" \/>\n<meta property=\"og:type\" content=\"article\" \/>\n<meta property=\"og:title\" content=\"Cameroun : les silences du pr\u00e9sident\" \/>\n<meta property=\"og:description\" content=\"Conf\u00e9rence de presse. O\u00f9 ce qui n\u2019a pas \u00e9t\u00e9 dit parle plus que ce qui l\u2019a \u00e9t\u00e9. C\u2019\u00e9tait le clou de la visite. O\u00f9 tout es ...\" \/>\n<meta property=\"og:url\" content=\"https:\/\/www.africa-press.net\/cameroun\/politique\/cameroun-les-silences-du-president\" \/>\n<meta property=\"og:site_name\" content=\"Cameroun\" \/>\n<meta property=\"article:published_time\" content=\"2022-07-27T14:22:33+00:00\" \/>\n<meta property=\"article:modified_time\" content=\"2022-07-27T16:03:50+00:00\" \/>\n<meta property=\"og:image\" content=\"https:\/\/static.africa-press.net\/cameroun\/sites\/57\/2022\/07\/img-62e161c7cc925.jpg\" \/>\n\t<meta property=\"og:image:width\" content=\"1280\" \/>\n\t<meta property=\"og:image:height\" content=\"720\" \/>\n\t<meta property=\"og:image:type\" content=\"image\/jpeg\" \/>\n<meta name=\"author\" content=\"cfeditorfr\" \/>\n<meta name=\"twitter:card\" content=\"summary_large_image\" \/>\n<meta name=\"twitter:label1\" content=\"\u00c9crit par\" \/>\n\t<meta name=\"twitter:data1\" content=\"cfeditorfr\" \/>\n\t<meta name=\"twitter:label2\" content=\"Dur\u00e9e de lecture estim\u00e9e\" \/>\n\t<meta name=\"twitter:data2\" content=\"3 minutes\" \/>\n<script type=\"application\/ld+json\" class=\"yoast-schema-graph\">{\"@context\":\"https:\/\/schema.org\",\"@graph\":[{\"@type\":\"Article\",\"@id\":\"https:\/\/www.africa-press.net\/cameroun\/politique\/cameroun-les-silences-du-president#article\",\"isPartOf\":{\"@id\":\"https:\/\/www.africa-press.net\/cameroun\/politique\/cameroun-les-silences-du-president\"},\"author\":{\"name\":\"cfeditorfr\",\"@id\":\"https:\/\/www.africa-press.net\/cameroun\/#\/schema\/person\/2b1cf3cd81a31e3cd26889ca66d677f1\"},\"headline\":\"Cameroun : les silences du pr\u00e9sident\",\"datePublished\":\"2022-07-27T14:22:33+00:00\",\"dateModified\":\"2022-07-27T16:03:50+00:00\",\"mainEntityOfPage\":{\"@id\":\"https:\/\/www.africa-press.net\/cameroun\/politique\/cameroun-les-silences-du-president\"},\"wordCount\":637,\"commentCount\":0,\"image\":{\"@id\":\"https:\/\/www.africa-press.net\/cameroun\/politique\/cameroun-les-silences-du-president#primaryimage\"},\"thumbnailUrl\":\"https:\/\/static.africa-press.net\/cameroun\/sites\/57\/2022\/07\/img-62e161c7cc925.jpg\",\"keywords\":[\"Africa Press\",\"Africa Press-Cameroun\",\"Cameroun\"],\"articleSection\":[\"homepage-french\",\"Politique\",\"Toutes les actualit\u00e9s\"],\"inLanguage\":\"fr-FR\",\"potentialAction\":[{\"@type\":\"CommentAction\",\"name\":\"Comment\",\"target\":[\"https:\/\/www.africa-press.net\/cameroun\/politique\/cameroun-les-silences-du-president#respond\"]}]},{\"@type\":\"WebPage\",\"@id\":\"https:\/\/www.africa-press.net\/cameroun\/politique\/cameroun-les-silences-du-president\",\"url\":\"https:\/\/www.africa-press.net\/cameroun\/politique\/cameroun-les-silences-du-president\",\"name\":\"Cameroun : les silences du pr\u00e9sident - Cameroun\",\"isPartOf\":{\"@id\":\"https:\/\/www.africa-press.net\/cameroun\/#website\"},\"primaryImageOfPage\":{\"@id\":\"https:\/\/www.africa-press.net\/cameroun\/politique\/cameroun-les-silences-du-president#primaryimage\"},\"image\":{\"@id\":\"https:\/\/www.africa-press.net\/cameroun\/politique\/cameroun-les-silences-du-president#primaryimage\"},\"thumbnailUrl\":\"https:\/\/static.africa-press.net\/cameroun\/sites\/57\/2022\/07\/img-62e161c7cc925.jpg\",\"datePublished\":\"2022-07-27T14:22:33+00:00\",\"dateModified\":\"2022-07-27T16:03:50+00:00\",\"author\":{\"@id\":\"https:\/\/www.africa-press.net\/cameroun\/#\/schema\/person\/2b1cf3cd81a31e3cd26889ca66d677f1\"},\"description\":\"Conf\u00e9rence de presse. O\u00f9 ce qui n\u2019a pas \u00e9t\u00e9 dit parle plus que ce qui l\u2019a \u00e9t\u00e9. C\u2019\u00e9tait le clou de la visite. O\u00f9 tout es ...\",\"breadcrumb\":{\"@id\":\"https:\/\/www.africa-press.net\/cameroun\/politique\/cameroun-les-silences-du-president#breadcrumb\"},\"inLanguage\":\"fr-FR\",\"potentialAction\":[{\"@type\":\"ReadAction\",\"target\":[\"https:\/\/www.africa-press.net\/cameroun\/politique\/cameroun-les-silences-du-president\"]}]},{\"@type\":\"ImageObject\",\"inLanguage\":\"fr-FR\",\"@id\":\"https:\/\/www.africa-press.net\/cameroun\/politique\/cameroun-les-silences-du-president#primaryimage\",\"url\":\"https:\/\/static.africa-press.net\/cameroun\/sites\/57\/2022\/07\/img-62e161c7cc925.jpg\",\"contentUrl\":\"https:\/\/static.africa-press.net\/cameroun\/sites\/57\/2022\/07\/img-62e161c7cc925.jpg\",\"width\":1280,\"height\":720,\"caption\":\"Cameroun : les silences du pr\u00e9sident\"},{\"@type\":\"BreadcrumbList\",\"@id\":\"https:\/\/www.africa-press.net\/cameroun\/politique\/cameroun-les-silences-du-president#breadcrumb\",\"itemListElement\":[{\"@type\":\"ListItem\",\"position\":1,\"name\":\"Accueil\",\"item\":\"https:\/\/www.africa-press.net\/cameroun\/\"},{\"@type\":\"ListItem\",\"position\":2,\"name\":\"Cameroun : les silences du pr\u00e9sident\"}]},{\"@type\":\"WebSite\",\"@id\":\"https:\/\/www.africa-press.net\/cameroun\/#website\",\"url\":\"https:\/\/www.africa-press.net\/cameroun\/\",\"name\":\"Cameroun\",\"description\":\"Just another Africa News Agency Sites site\",\"potentialAction\":[{\"@type\":\"SearchAction\",\"target\":{\"@type\":\"EntryPoint\",\"urlTemplate\":\"https:\/\/www.africa-press.net\/cameroun\/?s={search_term_string}\"},\"query-input\":{\"@type\":\"PropertyValueSpecification\",\"valueRequired\":true,\"valueName\":\"search_term_string\"}}],\"inLanguage\":\"fr-FR\"},{\"@type\":\"Person\",\"@id\":\"https:\/\/www.africa-press.net\/cameroun\/#\/schema\/person\/2b1cf3cd81a31e3cd26889ca66d677f1\",\"name\":\"cfeditorfr\"}]}<\/script>\n<!-- \/ Yoast SEO Premium plugin. -->","yoast_head_json":{"title":"Cameroun : les silences du pr\u00e9sident - Cameroun","description":"Conf\u00e9rence de presse. O\u00f9 ce qui n\u2019a pas \u00e9t\u00e9 dit parle plus que ce qui l\u2019a \u00e9t\u00e9. C\u2019\u00e9tait le clou de la visite. O\u00f9 tout es ...","robots":{"index":"index","follow":"follow","max-snippet":"max-snippet:-1","max-image-preview":"max-image-preview:large","max-video-preview":"max-video-preview:-1"},"canonical":"https:\/\/www.africa-press.net\/cameroun\/politique\/cameroun-les-silences-du-president","og_locale":"fr_FR","og_type":"article","og_title":"Cameroun : les silences du pr\u00e9sident","og_description":"Conf\u00e9rence de presse. O\u00f9 ce qui n\u2019a pas \u00e9t\u00e9 dit parle plus que ce qui l\u2019a \u00e9t\u00e9. C\u2019\u00e9tait le clou de la visite. O\u00f9 tout es ...","og_url":"https:\/\/www.africa-press.net\/cameroun\/politique\/cameroun-les-silences-du-president","og_site_name":"Cameroun","article_published_time":"2022-07-27T14:22:33+00:00","article_modified_time":"2022-07-27T16:03:50+00:00","og_image":[{"width":1280,"height":720,"url":"https:\/\/static.africa-press.net\/cameroun\/sites\/57\/2022\/07\/img-62e161c7cc925.jpg","type":"image\/jpeg"}],"author":"cfeditorfr","twitter_card":"summary_large_image","twitter_misc":{"\u00c9crit par":"cfeditorfr","Dur\u00e9e de lecture estim\u00e9e":"3 minutes"},"schema":{"@context":"https:\/\/schema.org","@graph":[{"@type":"Article","@id":"https:\/\/www.africa-press.net\/cameroun\/politique\/cameroun-les-silences-du-president#article","isPartOf":{"@id":"https:\/\/www.africa-press.net\/cameroun\/politique\/cameroun-les-silences-du-president"},"author":{"name":"cfeditorfr","@id":"https:\/\/www.africa-press.net\/cameroun\/#\/schema\/person\/2b1cf3cd81a31e3cd26889ca66d677f1"},"headline":"Cameroun : les silences du pr\u00e9sident","datePublished":"2022-07-27T14:22:33+00:00","dateModified":"2022-07-27T16:03:50+00:00","mainEntityOfPage":{"@id":"https:\/\/www.africa-press.net\/cameroun\/politique\/cameroun-les-silences-du-president"},"wordCount":637,"commentCount":0,"image":{"@id":"https:\/\/www.africa-press.net\/cameroun\/politique\/cameroun-les-silences-du-president#primaryimage"},"thumbnailUrl":"https:\/\/static.africa-press.net\/cameroun\/sites\/57\/2022\/07\/img-62e161c7cc925.jpg","keywords":["Africa Press","Africa Press-Cameroun","Cameroun"],"articleSection":["homepage-french","Politique","Toutes les actualit\u00e9s"],"inLanguage":"fr-FR","potentialAction":[{"@type":"CommentAction","name":"Comment","target":["https:\/\/www.africa-press.net\/cameroun\/politique\/cameroun-les-silences-du-president#respond"]}]},{"@type":"WebPage","@id":"https:\/\/www.africa-press.net\/cameroun\/politique\/cameroun-les-silences-du-president","url":"https:\/\/www.africa-press.net\/cameroun\/politique\/cameroun-les-silences-du-president","name":"Cameroun : les silences du pr\u00e9sident - Cameroun","isPartOf":{"@id":"https:\/\/www.africa-press.net\/cameroun\/#website"},"primaryImageOfPage":{"@id":"https:\/\/www.africa-press.net\/cameroun\/politique\/cameroun-les-silences-du-president#primaryimage"},"image":{"@id":"https:\/\/www.africa-press.net\/cameroun\/politique\/cameroun-les-silences-du-president#primaryimage"},"thumbnailUrl":"https:\/\/static.africa-press.net\/cameroun\/sites\/57\/2022\/07\/img-62e161c7cc925.jpg","datePublished":"2022-07-27T14:22:33+00:00","dateModified":"2022-07-27T16:03:50+00:00","author":{"@id":"https:\/\/www.africa-press.net\/cameroun\/#\/schema\/person\/2b1cf3cd81a31e3cd26889ca66d677f1"},"description":"Conf\u00e9rence de presse. O\u00f9 ce qui n\u2019a pas \u00e9t\u00e9 dit parle plus que ce qui l\u2019a \u00e9t\u00e9. C\u2019\u00e9tait le clou de la visite. O\u00f9 tout es ...","breadcrumb":{"@id":"https:\/\/www.africa-press.net\/cameroun\/politique\/cameroun-les-silences-du-president#breadcrumb"},"inLanguage":"fr-FR","potentialAction":[{"@type":"ReadAction","target":["https:\/\/www.africa-press.net\/cameroun\/politique\/cameroun-les-silences-du-president"]}]},{"@type":"ImageObject","inLanguage":"fr-FR","@id":"https:\/\/www.africa-press.net\/cameroun\/politique\/cameroun-les-silences-du-president#primaryimage","url":"https:\/\/static.africa-press.net\/cameroun\/sites\/57\/2022\/07\/img-62e161c7cc925.jpg","contentUrl":"https:\/\/static.africa-press.net\/cameroun\/sites\/57\/2022\/07\/img-62e161c7cc925.jpg","width":1280,"height":720,"caption":"Cameroun : les silences du pr\u00e9sident"},{"@type":"BreadcrumbList","@id":"https:\/\/www.africa-press.net\/cameroun\/politique\/cameroun-les-silences-du-president#breadcrumb","itemListElement":[{"@type":"ListItem","position":1,"name":"Accueil","item":"https:\/\/www.africa-press.net\/cameroun\/"},{"@type":"ListItem","position":2,"name":"Cameroun : les silences du pr\u00e9sident"}]},{"@type":"WebSite","@id":"https:\/\/www.africa-press.net\/cameroun\/#website","url":"https:\/\/www.africa-press.net\/cameroun\/","name":"Cameroun","description":"Just another Africa News Agency Sites site","potentialAction":[{"@type":"SearchAction","target":{"@type":"EntryPoint","urlTemplate":"https:\/\/www.africa-press.net\/cameroun\/?s={search_term_string}"},"query-input":{"@type":"PropertyValueSpecification","valueRequired":true,"valueName":"search_term_string"}}],"inLanguage":"fr-FR"},{"@type":"Person","@id":"https:\/\/www.africa-press.net\/cameroun\/#\/schema\/person\/2b1cf3cd81a31e3cd26889ca66d677f1","name":"cfeditorfr"}]}},"_links":{"self":[{"href":"https:\/\/www.africa-press.net\/cameroun\/wp-json\/wp\/v2\/posts\/24319","targetHints":{"allow":["GET"]}}],"collection":[{"href":"https:\/\/www.africa-press.net\/cameroun\/wp-json\/wp\/v2\/posts"}],"about":[{"href":"https:\/\/www.africa-press.net\/cameroun\/wp-json\/wp\/v2\/types\/post"}],"author":[{"embeddable":true,"href":"https:\/\/www.africa-press.net\/cameroun\/wp-json\/wp\/v2\/users\/82"}],"replies":[{"embeddable":true,"href":"https:\/\/www.africa-press.net\/cameroun\/wp-json\/wp\/v2\/comments?post=24319"}],"version-history":[{"count":0,"href":"https:\/\/www.africa-press.net\/cameroun\/wp-json\/wp\/v2\/posts\/24319\/revisions"}],"wp:featuredmedia":[{"embeddable":true,"href":"https:\/\/www.africa-press.net\/cameroun\/wp-json\/wp\/v2\/media\/24318"}],"wp:attachment":[{"href":"https:\/\/www.africa-press.net\/cameroun\/wp-json\/wp\/v2\/media?parent=24319"}],"wp:term":[{"taxonomy":"category","embeddable":true,"href":"https:\/\/www.africa-press.net\/cameroun\/wp-json\/wp\/v2\/categories?post=24319"},{"taxonomy":"post_tag","embeddable":true,"href":"https:\/\/www.africa-press.net\/cameroun\/wp-json\/wp\/v2\/tags?post=24319"}],"curies":[{"name":"wp","href":"https:\/\/api.w.org\/{rel}","templated":true}]}}