{"id":24322,"date":"2022-07-27T14:30:07","date_gmt":"2022-07-27T14:30:07","guid":{"rendered":"https:\/\/www.africa-press.net\/cameroun\/politique\/lambassadeur-americain-au-cameroun-soppose-a-lutilisation-de-la-violence-pour-resoudre-la-crise-anglophone"},"modified":"2022-07-27T16:04:25","modified_gmt":"2022-07-27T16:04:25","slug":"lambassadeur-americain-au-cameroun-soppose-a-lutilisation-de-la-violence-pour-resoudre-la-crise-anglophone","status":"publish","type":"post","link":"https:\/\/www.africa-press.net\/cameroun\/politique\/lambassadeur-americain-au-cameroun-soppose-a-lutilisation-de-la-violence-pour-resoudre-la-crise-anglophone","title":{"rendered":"L\u2019ambassadeur am\u00e9ricain au Cameroun s\u2019oppose \u00e0 l\u2019utilisation de la violence pour r\u00e9soudre la crise anglophone"},"content":{"rendered":"<p><span style=\"color: #ff6600\"><strong>Africa-Press &#8211; Cameroun. <\/strong><\/span>Christopher Lamora, en mission de travail \u00e0 Buea les 20 et 21 juillet, en a profit\u00e9 pour donner son avis sur la crise socio-politique qui secoue les r\u00e9gions du Nord-Ouest et du Sud-Ouest.<\/p>\n<p>\u00ab Je crois que la violence qui s\u00e9vit dans les r\u00e9gions du Nord-Ouest et du Sud-Ouest du Cameroun depuis 2016 et qui s\u2019accentue depuis 2017 a caus\u00e9 des souffrances inutiles aux populations des deux r\u00e9gions et qu\u2019il y ait ou non des int\u00e9r\u00eats politiques l\u00e9gitimes de la part de diverses parties, la violence ne sera jamais le bon moyen de r\u00e9soudre cette crise \u00bb, a expliqu\u00e9 l\u2019ambassadeur des \u00c9tats-Unis au Cameroun, Christopher Lamora.<\/p>\n<p>Cette d\u00e9claration a \u00e9t\u00e9 faite lors de sa mission de travail \u00e0 Buea le 21 juillet dernier. Le voyage selon Christopher Lamora avait pour objectif d\u2019\u00eatre \u00e9clair\u00e9 sur ce qui se passait dans les r\u00e9gions du Nord-Ouest et du Sud-Ouest depuis cinq ans et demi, \u00ab J\u2019ai besoin d\u2019avoir une id\u00e9e de ce que ressentent les gens ici sur le terrain et de prendre en compte cela dans nos conversations \u00e0 venir \u00bb,a soulign\u00e9 le diplomate am\u00e9ricain.<\/p>\n<p>Son voyage de deux jours dans la r\u00e9gion du Sud-Ouest lui a permis de visiter le Buea Council, l\u2019h\u00f4pital Mutengene Baptist et l\u2019Universit\u00e9 de Buea.<\/p>\n<p><strong>Pour plus d&rsquo;informations et d&rsquo;analyses sur la <a href=\"https:\/\/www.africa-press.net\/cameroun\">Cameroun<\/a>, suivez <a href=\"https:\/\/www.africa-press.net\/\">Africa-Press<\/a><\/strong><\/p>\n","protected":false},"excerpt":{"rendered":"<p>Africa-Press &#8211; Cameroun. Christopher Lamora, en mission de travail \u00e0 Buea les 20 et 21 juillet, en a profit\u00e9 pour donner son avis sur la crise socio-politique qui secoue les r\u00e9gions du Nord-Ouest et du Sud-Ouest. \u00ab Je crois que la violence qui s\u00e9vit dans les r\u00e9gions du Nord-Ouest et du Sud-Ouest du Cameroun depuis [&hellip;]<\/p>\n","protected":false},"author":82,"featured_media":24321,"comment_status":"open","ping_status":"closed","sticky":false,"template":"","format":"standard","meta":{"footnotes":""},"categories":[11,2,10],"tags":[36,50,49],"class_list":["post-24322","post","type-post","status-publish","format-standard","has-post-thumbnail","hentry","category-homepage-french","category-politique","category-toutes-les-actualites","tag-africa-press","tag-africa-press-cameroun","tag-cameroun"],"yoast_head":"<!-- This site is optimized with the Yoast SEO Premium plugin v26.1 (Yoast SEO v27.0) - https:\/\/yoast.com\/product\/yoast-seo-premium-wordpress\/ -->\n<title>L\u2019ambassadeur am\u00e9ricain au Cameroun s\u2019oppose \u00e0 l\u2019utilisation de la violence pour r\u00e9soudre la crise anglophone - Cameroun<\/title>\n<meta name=\"description\" content=\"Christopher Lamora, en mission de travail \u00e0 Buea les 20 et 21 juillet, en a profit\u00e9 pour donner son avis sur la crise so ...\" \/>\n<meta name=\"robots\" content=\"index, follow, max-snippet:-1, max-image-preview:large, max-video-preview:-1\" \/>\n<link rel=\"canonical\" href=\"https:\/\/www.africa-press.net\/cameroun\/politique\/lambassadeur-americain-au-cameroun-soppose-a-lutilisation-de-la-violence-pour-resoudre-la-crise-anglophone\" \/>\n<meta property=\"og:locale\" content=\"fr_FR\" \/>\n<meta property=\"og:type\" content=\"article\" \/>\n<meta property=\"og:title\" content=\"L\u2019ambassadeur am\u00e9ricain au Cameroun s\u2019oppose \u00e0 l\u2019utilisation de la violence pour r\u00e9soudre la crise anglophone\" \/>\n<meta property=\"og:description\" content=\"Christopher Lamora, en mission de travail \u00e0 Buea les 20 et 21 juillet, en a profit\u00e9 pour donner son avis sur la crise so ...\" \/>\n<meta property=\"og:url\" content=\"https:\/\/www.africa-press.net\/cameroun\/politique\/lambassadeur-americain-au-cameroun-soppose-a-lutilisation-de-la-violence-pour-resoudre-la-crise-anglophone\" \/>\n<meta property=\"og:site_name\" content=\"Cameroun\" \/>\n<meta property=\"article:published_time\" content=\"2022-07-27T14:30:07+00:00\" \/>\n<meta property=\"article:modified_time\" content=\"2022-07-27T16:04:25+00:00\" \/>\n<meta property=\"og:image\" content=\"https:\/\/static.africa-press.net\/cameroun\/sites\/57\/2022\/07\/img-62e161ef3333d.jpg\" \/>\n\t<meta property=\"og:image:width\" content=\"750\" \/>\n\t<meta property=\"og:image:height\" content=\"750\" \/>\n\t<meta property=\"og:image:type\" content=\"image\/jpeg\" \/>\n<meta name=\"author\" content=\"cfeditorfr\" \/>\n<meta name=\"twitter:card\" content=\"summary_large_image\" \/>\n<meta name=\"twitter:label1\" content=\"\u00c9crit par\" \/>\n\t<meta name=\"twitter:data1\" content=\"cfeditorfr\" \/>\n\t<meta name=\"twitter:label2\" content=\"Dur\u00e9e de lecture estim\u00e9e\" \/>\n\t<meta name=\"twitter:data2\" content=\"2 minutes\" \/>\n<script type=\"application\/ld+json\" class=\"yoast-schema-graph\">{\"@context\":\"https:\/\/schema.org\",\"@graph\":[{\"@type\":\"Article\",\"@id\":\"https:\/\/www.africa-press.net\/cameroun\/politique\/lambassadeur-americain-au-cameroun-soppose-a-lutilisation-de-la-violence-pour-resoudre-la-crise-anglophone#article\",\"isPartOf\":{\"@id\":\"https:\/\/www.africa-press.net\/cameroun\/politique\/lambassadeur-americain-au-cameroun-soppose-a-lutilisation-de-la-violence-pour-resoudre-la-crise-anglophone\"},\"author\":{\"name\":\"cfeditorfr\",\"@id\":\"https:\/\/www.africa-press.net\/cameroun\/#\/schema\/person\/2b1cf3cd81a31e3cd26889ca66d677f1\"},\"headline\":\"L\u2019ambassadeur am\u00e9ricain au Cameroun s\u2019oppose \u00e0 l\u2019utilisation de la violence pour r\u00e9soudre la crise anglophone\",\"datePublished\":\"2022-07-27T14:30:07+00:00\",\"dateModified\":\"2022-07-27T16:04:25+00:00\",\"mainEntityOfPage\":{\"@id\":\"https:\/\/www.africa-press.net\/cameroun\/politique\/lambassadeur-americain-au-cameroun-soppose-a-lutilisation-de-la-violence-pour-resoudre-la-crise-anglophone\"},\"wordCount\":253,\"commentCount\":0,\"image\":{\"@id\":\"https:\/\/www.africa-press.net\/cameroun\/politique\/lambassadeur-americain-au-cameroun-soppose-a-lutilisation-de-la-violence-pour-resoudre-la-crise-anglophone#primaryimage\"},\"thumbnailUrl\":\"https:\/\/static.africa-press.net\/cameroun\/sites\/57\/2022\/07\/img-62e161ef3333d.jpg\",\"keywords\":[\"Africa Press\",\"Africa Press-Cameroun\",\"Cameroun\"],\"articleSection\":[\"homepage-french\",\"Politique\",\"Toutes les actualit\u00e9s\"],\"inLanguage\":\"fr-FR\",\"potentialAction\":[{\"@type\":\"CommentAction\",\"name\":\"Comment\",\"target\":[\"https:\/\/www.africa-press.net\/cameroun\/politique\/lambassadeur-americain-au-cameroun-soppose-a-lutilisation-de-la-violence-pour-resoudre-la-crise-anglophone#respond\"]}]},{\"@type\":\"WebPage\",\"@id\":\"https:\/\/www.africa-press.net\/cameroun\/politique\/lambassadeur-americain-au-cameroun-soppose-a-lutilisation-de-la-violence-pour-resoudre-la-crise-anglophone\",\"url\":\"https:\/\/www.africa-press.net\/cameroun\/politique\/lambassadeur-americain-au-cameroun-soppose-a-lutilisation-de-la-violence-pour-resoudre-la-crise-anglophone\",\"name\":\"L\u2019ambassadeur am\u00e9ricain au Cameroun s\u2019oppose \u00e0 l\u2019utilisation de la violence pour r\u00e9soudre la crise anglophone - Cameroun\",\"isPartOf\":{\"@id\":\"https:\/\/www.africa-press.net\/cameroun\/#website\"},\"primaryImageOfPage\":{\"@id\":\"https:\/\/www.africa-press.net\/cameroun\/politique\/lambassadeur-americain-au-cameroun-soppose-a-lutilisation-de-la-violence-pour-resoudre-la-crise-anglophone#primaryimage\"},\"image\":{\"@id\":\"https:\/\/www.africa-press.net\/cameroun\/politique\/lambassadeur-americain-au-cameroun-soppose-a-lutilisation-de-la-violence-pour-resoudre-la-crise-anglophone#primaryimage\"},\"thumbnailUrl\":\"https:\/\/static.africa-press.net\/cameroun\/sites\/57\/2022\/07\/img-62e161ef3333d.jpg\",\"datePublished\":\"2022-07-27T14:30:07+00:00\",\"dateModified\":\"2022-07-27T16:04:25+00:00\",\"author\":{\"@id\":\"https:\/\/www.africa-press.net\/cameroun\/#\/schema\/person\/2b1cf3cd81a31e3cd26889ca66d677f1\"},\"description\":\"Christopher Lamora, en mission de travail \u00e0 Buea les 20 et 21 juillet, en a profit\u00e9 pour donner son avis sur la crise so ...\",\"breadcrumb\":{\"@id\":\"https:\/\/www.africa-press.net\/cameroun\/politique\/lambassadeur-americain-au-cameroun-soppose-a-lutilisation-de-la-violence-pour-resoudre-la-crise-anglophone#breadcrumb\"},\"inLanguage\":\"fr-FR\",\"potentialAction\":[{\"@type\":\"ReadAction\",\"target\":[\"https:\/\/www.africa-press.net\/cameroun\/politique\/lambassadeur-americain-au-cameroun-soppose-a-lutilisation-de-la-violence-pour-resoudre-la-crise-anglophone\"]}]},{\"@type\":\"ImageObject\",\"inLanguage\":\"fr-FR\",\"@id\":\"https:\/\/www.africa-press.net\/cameroun\/politique\/lambassadeur-americain-au-cameroun-soppose-a-lutilisation-de-la-violence-pour-resoudre-la-crise-anglophone#primaryimage\",\"url\":\"https:\/\/static.africa-press.net\/cameroun\/sites\/57\/2022\/07\/img-62e161ef3333d.jpg\",\"contentUrl\":\"https:\/\/static.africa-press.net\/cameroun\/sites\/57\/2022\/07\/img-62e161ef3333d.jpg\",\"width\":750,\"height\":750,\"caption\":\"L\u2019ambassadeur am\u00e9ricain au Cameroun s\u2019oppose \u00e0 l\u2019utilisation de la violence pour r\u00e9soudre la crise anglophone\"},{\"@type\":\"BreadcrumbList\",\"@id\":\"https:\/\/www.africa-press.net\/cameroun\/politique\/lambassadeur-americain-au-cameroun-soppose-a-lutilisation-de-la-violence-pour-resoudre-la-crise-anglophone#breadcrumb\",\"itemListElement\":[{\"@type\":\"ListItem\",\"position\":1,\"name\":\"Accueil\",\"item\":\"https:\/\/www.africa-press.net\/cameroun\/\"},{\"@type\":\"ListItem\",\"position\":2,\"name\":\"L\u2019ambassadeur am\u00e9ricain au Cameroun s\u2019oppose \u00e0 l\u2019utilisation de la violence pour r\u00e9soudre la crise anglophone\"}]},{\"@type\":\"WebSite\",\"@id\":\"https:\/\/www.africa-press.net\/cameroun\/#website\",\"url\":\"https:\/\/www.africa-press.net\/cameroun\/\",\"name\":\"Cameroun\",\"description\":\"Just another Africa News Agency Sites site\",\"potentialAction\":[{\"@type\":\"SearchAction\",\"target\":{\"@type\":\"EntryPoint\",\"urlTemplate\":\"https:\/\/www.africa-press.net\/cameroun\/?s={search_term_string}\"},\"query-input\":{\"@type\":\"PropertyValueSpecification\",\"valueRequired\":true,\"valueName\":\"search_term_string\"}}],\"inLanguage\":\"fr-FR\"},{\"@type\":\"Person\",\"@id\":\"https:\/\/www.africa-press.net\/cameroun\/#\/schema\/person\/2b1cf3cd81a31e3cd26889ca66d677f1\",\"name\":\"cfeditorfr\"}]}<\/script>\n<!-- \/ Yoast SEO Premium plugin. -->","yoast_head_json":{"title":"L\u2019ambassadeur am\u00e9ricain au Cameroun s\u2019oppose \u00e0 l\u2019utilisation de la violence pour r\u00e9soudre la crise anglophone - Cameroun","description":"Christopher Lamora, en mission de travail \u00e0 Buea les 20 et 21 juillet, en a profit\u00e9 pour donner son avis sur la crise so ...","robots":{"index":"index","follow":"follow","max-snippet":"max-snippet:-1","max-image-preview":"max-image-preview:large","max-video-preview":"max-video-preview:-1"},"canonical":"https:\/\/www.africa-press.net\/cameroun\/politique\/lambassadeur-americain-au-cameroun-soppose-a-lutilisation-de-la-violence-pour-resoudre-la-crise-anglophone","og_locale":"fr_FR","og_type":"article","og_title":"L\u2019ambassadeur am\u00e9ricain au Cameroun s\u2019oppose \u00e0 l\u2019utilisation de la violence pour r\u00e9soudre la crise anglophone","og_description":"Christopher Lamora, en mission de travail \u00e0 Buea les 20 et 21 juillet, en a profit\u00e9 pour donner son avis sur la crise so ...","og_url":"https:\/\/www.africa-press.net\/cameroun\/politique\/lambassadeur-americain-au-cameroun-soppose-a-lutilisation-de-la-violence-pour-resoudre-la-crise-anglophone","og_site_name":"Cameroun","article_published_time":"2022-07-27T14:30:07+00:00","article_modified_time":"2022-07-27T16:04:25+00:00","og_image":[{"width":750,"height":750,"url":"https:\/\/static.africa-press.net\/cameroun\/sites\/57\/2022\/07\/img-62e161ef3333d.jpg","type":"image\/jpeg"}],"author":"cfeditorfr","twitter_card":"summary_large_image","twitter_misc":{"\u00c9crit par":"cfeditorfr","Dur\u00e9e de lecture estim\u00e9e":"2 minutes"},"schema":{"@context":"https:\/\/schema.org","@graph":[{"@type":"Article","@id":"https:\/\/www.africa-press.net\/cameroun\/politique\/lambassadeur-americain-au-cameroun-soppose-a-lutilisation-de-la-violence-pour-resoudre-la-crise-anglophone#article","isPartOf":{"@id":"https:\/\/www.africa-press.net\/cameroun\/politique\/lambassadeur-americain-au-cameroun-soppose-a-lutilisation-de-la-violence-pour-resoudre-la-crise-anglophone"},"author":{"name":"cfeditorfr","@id":"https:\/\/www.africa-press.net\/cameroun\/#\/schema\/person\/2b1cf3cd81a31e3cd26889ca66d677f1"},"headline":"L\u2019ambassadeur am\u00e9ricain au Cameroun s\u2019oppose \u00e0 l\u2019utilisation de la violence pour r\u00e9soudre la crise anglophone","datePublished":"2022-07-27T14:30:07+00:00","dateModified":"2022-07-27T16:04:25+00:00","mainEntityOfPage":{"@id":"https:\/\/www.africa-press.net\/cameroun\/politique\/lambassadeur-americain-au-cameroun-soppose-a-lutilisation-de-la-violence-pour-resoudre-la-crise-anglophone"},"wordCount":253,"commentCount":0,"image":{"@id":"https:\/\/www.africa-press.net\/cameroun\/politique\/lambassadeur-americain-au-cameroun-soppose-a-lutilisation-de-la-violence-pour-resoudre-la-crise-anglophone#primaryimage"},"thumbnailUrl":"https:\/\/static.africa-press.net\/cameroun\/sites\/57\/2022\/07\/img-62e161ef3333d.jpg","keywords":["Africa Press","Africa Press-Cameroun","Cameroun"],"articleSection":["homepage-french","Politique","Toutes les actualit\u00e9s"],"inLanguage":"fr-FR","potentialAction":[{"@type":"CommentAction","name":"Comment","target":["https:\/\/www.africa-press.net\/cameroun\/politique\/lambassadeur-americain-au-cameroun-soppose-a-lutilisation-de-la-violence-pour-resoudre-la-crise-anglophone#respond"]}]},{"@type":"WebPage","@id":"https:\/\/www.africa-press.net\/cameroun\/politique\/lambassadeur-americain-au-cameroun-soppose-a-lutilisation-de-la-violence-pour-resoudre-la-crise-anglophone","url":"https:\/\/www.africa-press.net\/cameroun\/politique\/lambassadeur-americain-au-cameroun-soppose-a-lutilisation-de-la-violence-pour-resoudre-la-crise-anglophone","name":"L\u2019ambassadeur am\u00e9ricain au Cameroun s\u2019oppose \u00e0 l\u2019utilisation de la violence pour r\u00e9soudre la crise anglophone - Cameroun","isPartOf":{"@id":"https:\/\/www.africa-press.net\/cameroun\/#website"},"primaryImageOfPage":{"@id":"https:\/\/www.africa-press.net\/cameroun\/politique\/lambassadeur-americain-au-cameroun-soppose-a-lutilisation-de-la-violence-pour-resoudre-la-crise-anglophone#primaryimage"},"image":{"@id":"https:\/\/www.africa-press.net\/cameroun\/politique\/lambassadeur-americain-au-cameroun-soppose-a-lutilisation-de-la-violence-pour-resoudre-la-crise-anglophone#primaryimage"},"thumbnailUrl":"https:\/\/static.africa-press.net\/cameroun\/sites\/57\/2022\/07\/img-62e161ef3333d.jpg","datePublished":"2022-07-27T14:30:07+00:00","dateModified":"2022-07-27T16:04:25+00:00","author":{"@id":"https:\/\/www.africa-press.net\/cameroun\/#\/schema\/person\/2b1cf3cd81a31e3cd26889ca66d677f1"},"description":"Christopher Lamora, en mission de travail \u00e0 Buea les 20 et 21 juillet, en a profit\u00e9 pour donner son avis sur la crise so ...","breadcrumb":{"@id":"https:\/\/www.africa-press.net\/cameroun\/politique\/lambassadeur-americain-au-cameroun-soppose-a-lutilisation-de-la-violence-pour-resoudre-la-crise-anglophone#breadcrumb"},"inLanguage":"fr-FR","potentialAction":[{"@type":"ReadAction","target":["https:\/\/www.africa-press.net\/cameroun\/politique\/lambassadeur-americain-au-cameroun-soppose-a-lutilisation-de-la-violence-pour-resoudre-la-crise-anglophone"]}]},{"@type":"ImageObject","inLanguage":"fr-FR","@id":"https:\/\/www.africa-press.net\/cameroun\/politique\/lambassadeur-americain-au-cameroun-soppose-a-lutilisation-de-la-violence-pour-resoudre-la-crise-anglophone#primaryimage","url":"https:\/\/static.africa-press.net\/cameroun\/sites\/57\/2022\/07\/img-62e161ef3333d.jpg","contentUrl":"https:\/\/static.africa-press.net\/cameroun\/sites\/57\/2022\/07\/img-62e161ef3333d.jpg","width":750,"height":750,"caption":"L\u2019ambassadeur am\u00e9ricain au Cameroun s\u2019oppose \u00e0 l\u2019utilisation de la violence pour r\u00e9soudre la crise anglophone"},{"@type":"BreadcrumbList","@id":"https:\/\/www.africa-press.net\/cameroun\/politique\/lambassadeur-americain-au-cameroun-soppose-a-lutilisation-de-la-violence-pour-resoudre-la-crise-anglophone#breadcrumb","itemListElement":[{"@type":"ListItem","position":1,"name":"Accueil","item":"https:\/\/www.africa-press.net\/cameroun\/"},{"@type":"ListItem","position":2,"name":"L\u2019ambassadeur am\u00e9ricain au Cameroun s\u2019oppose \u00e0 l\u2019utilisation de la violence pour r\u00e9soudre la crise anglophone"}]},{"@type":"WebSite","@id":"https:\/\/www.africa-press.net\/cameroun\/#website","url":"https:\/\/www.africa-press.net\/cameroun\/","name":"Cameroun","description":"Just another Africa News Agency Sites site","potentialAction":[{"@type":"SearchAction","target":{"@type":"EntryPoint","urlTemplate":"https:\/\/www.africa-press.net\/cameroun\/?s={search_term_string}"},"query-input":{"@type":"PropertyValueSpecification","valueRequired":true,"valueName":"search_term_string"}}],"inLanguage":"fr-FR"},{"@type":"Person","@id":"https:\/\/www.africa-press.net\/cameroun\/#\/schema\/person\/2b1cf3cd81a31e3cd26889ca66d677f1","name":"cfeditorfr"}]}},"_links":{"self":[{"href":"https:\/\/www.africa-press.net\/cameroun\/wp-json\/wp\/v2\/posts\/24322","targetHints":{"allow":["GET"]}}],"collection":[{"href":"https:\/\/www.africa-press.net\/cameroun\/wp-json\/wp\/v2\/posts"}],"about":[{"href":"https:\/\/www.africa-press.net\/cameroun\/wp-json\/wp\/v2\/types\/post"}],"author":[{"embeddable":true,"href":"https:\/\/www.africa-press.net\/cameroun\/wp-json\/wp\/v2\/users\/82"}],"replies":[{"embeddable":true,"href":"https:\/\/www.africa-press.net\/cameroun\/wp-json\/wp\/v2\/comments?post=24322"}],"version-history":[{"count":0,"href":"https:\/\/www.africa-press.net\/cameroun\/wp-json\/wp\/v2\/posts\/24322\/revisions"}],"wp:featuredmedia":[{"embeddable":true,"href":"https:\/\/www.africa-press.net\/cameroun\/wp-json\/wp\/v2\/media\/24321"}],"wp:attachment":[{"href":"https:\/\/www.africa-press.net\/cameroun\/wp-json\/wp\/v2\/media?parent=24322"}],"wp:term":[{"taxonomy":"category","embeddable":true,"href":"https:\/\/www.africa-press.net\/cameroun\/wp-json\/wp\/v2\/categories?post=24322"},{"taxonomy":"post_tag","embeddable":true,"href":"https:\/\/www.africa-press.net\/cameroun\/wp-json\/wp\/v2\/tags?post=24322"}],"curies":[{"name":"wp","href":"https:\/\/api.w.org\/{rel}","templated":true}]}}