{"id":24331,"date":"2022-07-27T14:52:50","date_gmt":"2022-07-27T14:52:50","guid":{"rendered":"https:\/\/www.africa-press.net\/cameroun\/politique\/cameroun-paul-biya-donne-la-raison-de-la-signature-de-laccord-militaire-avec-la-russie"},"modified":"2022-07-27T16:06:09","modified_gmt":"2022-07-27T16:06:09","slug":"cameroun-paul-biya-donne-la-raison-de-la-signature-de-laccord-militaire-avec-la-russie","status":"publish","type":"post","link":"https:\/\/www.africa-press.net\/cameroun\/politique\/cameroun-paul-biya-donne-la-raison-de-la-signature-de-laccord-militaire-avec-la-russie","title":{"rendered":"Cameroun : Paul Biya donne la raison de la signature de l\u2019accord militaire avec la Russie"},"content":{"rendered":"<p><span style=\"color: #ff6600\"><strong>Africa-Press &#8211; Cameroun. <\/strong><\/span>Le pr\u00e9sident de la R\u00e9publique du Cameroun rejette l\u2019id\u00e9e d\u2019un soutien de son pays accord\u00e9 \u00e0 la Russie dans la guerre contre l\u2019Ukraine.<\/p>\n<p>Le 12 avril 2022, Yaound\u00e9 signe un accord militaire avec Moscou. L\u2019acte conclu en pleine guerre opposant l\u2019Ukraine de Volodimir Zelenski \u00e0 la Russie de Vladimir Poutine alimente des suspicions et r\u00e9actions dans le monde. Une certaine opinion pense que le Cameroun de Paul Biya accorde son soutien militaire \u00e0 la Russie qui a attaqu\u00e9 l\u2019Ukraine le 24 f\u00e9vrier 2022. Face \u00e0 ce vent de r\u00e9actions et d\u2019agitations, le Cameroun a gard\u00e9 le silence.<\/p>\n<p>Mais, \u00e0 l\u2019occasion de la visite du pr\u00e9sident de la R\u00e9publique fran\u00e7aise du 25 au 26 juillet 2022, la question est revenue. \u00ab Le Cameroun a nou\u00e9 un partenariat de D\u00e9fense avec la Russie. Mais alors est-ce que la guerre en Ukraine a des cons\u00e9quences concr\u00e8tes pour les Camerounais aujourd\u2019hui. Est-ce que vous condamnez l\u2019intervention russe en Ukraine ? \u00bb, a pos\u00e9 une cons\u0153ur de France t\u00e9l\u00e9vision lors de la conf\u00e9rence de presse donn\u00e9e par les pr\u00e9sidents Macron et Biya.<\/p>\n<p>A cette interrogation, le silence a c\u00e9d\u00e9 la place \u00e0 l\u2019explication. \u00ab Le Cameroun entretient des relations diplomatiques avec la France bien s\u00fbr mais aussi avec beaucoup d\u2019autres pays, l\u2019Allemagne, l\u2019Espagne, la Chine, le Br\u00e9sil\u2026 Et s\u2019agissant de la relation avec la Russie, elle est ancienne et nous avons sign\u00e9 avec ce pays un accord de coop\u00e9ration qui \u00e9tait men\u00e9 \u00e0 expiration. On l\u2019a renouvel\u00e9 et nous l\u2019avons sign\u00e9\u00bb, a r\u00e9pondu le pr\u00e9sident Paul Biya.<\/p>\n<p>\u00ab La Russie n\u2019a pas besoin de l\u2019apport du Cameroun \u00bb<\/p>\n<p>\u00ab Le voyage de mon ministre en Russie n\u2019avait pas de rapport avec la situation de la guerre en Ukraine. Nous avons l\u2019habitude de signer des accords de ce genre en Afrique il y a beaucoup de pays qui ont des accords avec la Russie. Donc c\u2019\u00e9tait un acte dans la routine des relations diplomatiques entre nos deux pays. On a pens\u00e9 que peut-\u00eatre on allait apporter un concours \u00e0 la Russie je crois, mais je crois qu\u2019elle n\u2019a pas besoin de l\u2019apport du Cameroun. Il s\u2019agit simplement de renouveler l\u2019accord pr\u00e9existant \u00bb, a-t-il pr\u00e9cis\u00e9.<\/p>\n<p>La signature de cet accord militaire a eu lieu \u00e0 Moscou. Le ministre d\u00e9l\u00e9gu\u00e9 \u00e0 la pr\u00e9sidence charg\u00e9 de la D\u00e9fense Joseph Beti Assomo a repr\u00e9sent\u00e9 le Cameroun. Son homologue de l\u2019autre partie, le g\u00e9n\u00e9ral Serguei Choigou a sign\u00e9 pour le compte de la Russie. Le contenu de cet accord militaire est connu.<\/p>\n<p><strong>Pour plus d&rsquo;informations et d&rsquo;analyses sur la <a href=\"https:\/\/www.africa-press.net\/cameroun\">Cameroun<\/a>, suivez <a href=\"https:\/\/www.africa-press.net\/\">Africa-Press<\/a><\/strong><\/p>\n","protected":false},"excerpt":{"rendered":"<p>Africa-Press &#8211; Cameroun. Le pr\u00e9sident de la R\u00e9publique du Cameroun rejette l\u2019id\u00e9e d\u2019un soutien de son pays accord\u00e9 \u00e0 la Russie dans la guerre contre l\u2019Ukraine. Le 12 avril 2022, Yaound\u00e9 signe un accord militaire avec Moscou. L\u2019acte conclu en pleine guerre opposant l\u2019Ukraine de Volodimir Zelenski \u00e0 la Russie de Vladimir Poutine alimente des [&hellip;]<\/p>\n","protected":false},"author":82,"featured_media":24330,"comment_status":"open","ping_status":"closed","sticky":false,"template":"","format":"standard","meta":{"footnotes":""},"categories":[11,2,20,10],"tags":[36,50,49],"class_list":["post-24331","post","type-post","status-publish","format-standard","has-post-thumbnail","hentry","category-homepage-french","category-politique","category-top-nouvelles","category-toutes-les-actualites","tag-africa-press","tag-africa-press-cameroun","tag-cameroun"],"yoast_head":"<!-- This site is optimized with the Yoast SEO Premium plugin v26.1 (Yoast SEO v27.0) - https:\/\/yoast.com\/product\/yoast-seo-premium-wordpress\/ -->\n<title>Cameroun : Paul Biya donne la raison de la signature de l\u2019accord militaire avec la Russie - Cameroun<\/title>\n<meta name=\"description\" content=\"Le pr\u00e9sident de la R\u00e9publique du Cameroun rejette l\u2019id\u00e9e d\u2019un soutien de son pays accord\u00e9 \u00e0 la Russie dans la guerre con ...\" \/>\n<meta name=\"robots\" content=\"index, follow, max-snippet:-1, max-image-preview:large, max-video-preview:-1\" \/>\n<link rel=\"canonical\" href=\"https:\/\/www.africa-press.net\/cameroun\/politique\/cameroun-paul-biya-donne-la-raison-de-la-signature-de-laccord-militaire-avec-la-russie\" \/>\n<meta property=\"og:locale\" content=\"fr_FR\" \/>\n<meta property=\"og:type\" content=\"article\" \/>\n<meta property=\"og:title\" content=\"Cameroun : Paul Biya donne la raison de la signature de l\u2019accord militaire avec la Russie\" \/>\n<meta property=\"og:description\" content=\"Le pr\u00e9sident de la R\u00e9publique du Cameroun rejette l\u2019id\u00e9e d\u2019un soutien de son pays accord\u00e9 \u00e0 la Russie dans la guerre con ...\" \/>\n<meta property=\"og:url\" content=\"https:\/\/www.africa-press.net\/cameroun\/politique\/cameroun-paul-biya-donne-la-raison-de-la-signature-de-laccord-militaire-avec-la-russie\" \/>\n<meta property=\"og:site_name\" content=\"Cameroun\" \/>\n<meta property=\"article:published_time\" content=\"2022-07-27T14:52:50+00:00\" \/>\n<meta property=\"article:modified_time\" content=\"2022-07-27T16:06:09+00:00\" \/>\n<meta property=\"og:image\" content=\"https:\/\/static.africa-press.net\/cameroun\/sites\/57\/2022\/07\/img-62e16256abd02.jpg\" \/>\n\t<meta property=\"og:image:width\" content=\"720\" \/>\n\t<meta property=\"og:image:height\" content=\"359\" \/>\n\t<meta property=\"og:image:type\" content=\"image\/jpeg\" \/>\n<meta name=\"author\" content=\"cfeditorfr\" \/>\n<meta name=\"twitter:card\" content=\"summary_large_image\" \/>\n<meta name=\"twitter:label1\" content=\"\u00c9crit par\" \/>\n\t<meta name=\"twitter:data1\" content=\"cfeditorfr\" \/>\n\t<meta name=\"twitter:label2\" content=\"Dur\u00e9e de lecture estim\u00e9e\" \/>\n\t<meta name=\"twitter:data2\" content=\"3 minutes\" \/>\n<script type=\"application\/ld+json\" class=\"yoast-schema-graph\">{\"@context\":\"https:\/\/schema.org\",\"@graph\":[{\"@type\":\"Article\",\"@id\":\"https:\/\/www.africa-press.net\/cameroun\/politique\/cameroun-paul-biya-donne-la-raison-de-la-signature-de-laccord-militaire-avec-la-russie#article\",\"isPartOf\":{\"@id\":\"https:\/\/www.africa-press.net\/cameroun\/politique\/cameroun-paul-biya-donne-la-raison-de-la-signature-de-laccord-militaire-avec-la-russie\"},\"author\":{\"name\":\"cfeditorfr\",\"@id\":\"https:\/\/www.africa-press.net\/cameroun\/#\/schema\/person\/2b1cf3cd81a31e3cd26889ca66d677f1\"},\"headline\":\"Cameroun : Paul Biya donne la raison de la signature de l\u2019accord militaire avec la Russie\",\"datePublished\":\"2022-07-27T14:52:50+00:00\",\"dateModified\":\"2022-07-27T16:06:09+00:00\",\"mainEntityOfPage\":{\"@id\":\"https:\/\/www.africa-press.net\/cameroun\/politique\/cameroun-paul-biya-donne-la-raison-de-la-signature-de-laccord-militaire-avec-la-russie\"},\"wordCount\":479,\"commentCount\":0,\"image\":{\"@id\":\"https:\/\/www.africa-press.net\/cameroun\/politique\/cameroun-paul-biya-donne-la-raison-de-la-signature-de-laccord-militaire-avec-la-russie#primaryimage\"},\"thumbnailUrl\":\"https:\/\/static.africa-press.net\/cameroun\/sites\/57\/2022\/07\/img-62e16256abd02.jpg\",\"keywords\":[\"Africa Press\",\"Africa Press-Cameroun\",\"Cameroun\"],\"articleSection\":[\"homepage-french\",\"Politique\",\"Top Nouvelles\",\"Toutes les actualit\u00e9s\"],\"inLanguage\":\"fr-FR\",\"potentialAction\":[{\"@type\":\"CommentAction\",\"name\":\"Comment\",\"target\":[\"https:\/\/www.africa-press.net\/cameroun\/politique\/cameroun-paul-biya-donne-la-raison-de-la-signature-de-laccord-militaire-avec-la-russie#respond\"]}]},{\"@type\":\"WebPage\",\"@id\":\"https:\/\/www.africa-press.net\/cameroun\/politique\/cameroun-paul-biya-donne-la-raison-de-la-signature-de-laccord-militaire-avec-la-russie\",\"url\":\"https:\/\/www.africa-press.net\/cameroun\/politique\/cameroun-paul-biya-donne-la-raison-de-la-signature-de-laccord-militaire-avec-la-russie\",\"name\":\"Cameroun : Paul Biya donne la raison de la signature de l\u2019accord militaire avec la Russie - Cameroun\",\"isPartOf\":{\"@id\":\"https:\/\/www.africa-press.net\/cameroun\/#website\"},\"primaryImageOfPage\":{\"@id\":\"https:\/\/www.africa-press.net\/cameroun\/politique\/cameroun-paul-biya-donne-la-raison-de-la-signature-de-laccord-militaire-avec-la-russie#primaryimage\"},\"image\":{\"@id\":\"https:\/\/www.africa-press.net\/cameroun\/politique\/cameroun-paul-biya-donne-la-raison-de-la-signature-de-laccord-militaire-avec-la-russie#primaryimage\"},\"thumbnailUrl\":\"https:\/\/static.africa-press.net\/cameroun\/sites\/57\/2022\/07\/img-62e16256abd02.jpg\",\"datePublished\":\"2022-07-27T14:52:50+00:00\",\"dateModified\":\"2022-07-27T16:06:09+00:00\",\"author\":{\"@id\":\"https:\/\/www.africa-press.net\/cameroun\/#\/schema\/person\/2b1cf3cd81a31e3cd26889ca66d677f1\"},\"description\":\"Le pr\u00e9sident de la R\u00e9publique du Cameroun rejette l\u2019id\u00e9e d\u2019un soutien de son pays accord\u00e9 \u00e0 la Russie dans la guerre con ...\",\"breadcrumb\":{\"@id\":\"https:\/\/www.africa-press.net\/cameroun\/politique\/cameroun-paul-biya-donne-la-raison-de-la-signature-de-laccord-militaire-avec-la-russie#breadcrumb\"},\"inLanguage\":\"fr-FR\",\"potentialAction\":[{\"@type\":\"ReadAction\",\"target\":[\"https:\/\/www.africa-press.net\/cameroun\/politique\/cameroun-paul-biya-donne-la-raison-de-la-signature-de-laccord-militaire-avec-la-russie\"]}]},{\"@type\":\"ImageObject\",\"inLanguage\":\"fr-FR\",\"@id\":\"https:\/\/www.africa-press.net\/cameroun\/politique\/cameroun-paul-biya-donne-la-raison-de-la-signature-de-laccord-militaire-avec-la-russie#primaryimage\",\"url\":\"https:\/\/static.africa-press.net\/cameroun\/sites\/57\/2022\/07\/img-62e16256abd02.jpg\",\"contentUrl\":\"https:\/\/static.africa-press.net\/cameroun\/sites\/57\/2022\/07\/img-62e16256abd02.jpg\",\"width\":720,\"height\":359,\"caption\":\"Cameroun : Paul Biya donne la raison de la signature de l\u2019accord militaire avec la Russie\"},{\"@type\":\"BreadcrumbList\",\"@id\":\"https:\/\/www.africa-press.net\/cameroun\/politique\/cameroun-paul-biya-donne-la-raison-de-la-signature-de-laccord-militaire-avec-la-russie#breadcrumb\",\"itemListElement\":[{\"@type\":\"ListItem\",\"position\":1,\"name\":\"Accueil\",\"item\":\"https:\/\/www.africa-press.net\/cameroun\/\"},{\"@type\":\"ListItem\",\"position\":2,\"name\":\"Cameroun : Paul Biya donne la raison de la signature de l\u2019accord militaire avec la Russie\"}]},{\"@type\":\"WebSite\",\"@id\":\"https:\/\/www.africa-press.net\/cameroun\/#website\",\"url\":\"https:\/\/www.africa-press.net\/cameroun\/\",\"name\":\"Cameroun\",\"description\":\"Just another Africa News Agency Sites site\",\"potentialAction\":[{\"@type\":\"SearchAction\",\"target\":{\"@type\":\"EntryPoint\",\"urlTemplate\":\"https:\/\/www.africa-press.net\/cameroun\/?s={search_term_string}\"},\"query-input\":{\"@type\":\"PropertyValueSpecification\",\"valueRequired\":true,\"valueName\":\"search_term_string\"}}],\"inLanguage\":\"fr-FR\"},{\"@type\":\"Person\",\"@id\":\"https:\/\/www.africa-press.net\/cameroun\/#\/schema\/person\/2b1cf3cd81a31e3cd26889ca66d677f1\",\"name\":\"cfeditorfr\"}]}<\/script>\n<!-- \/ Yoast SEO Premium plugin. -->","yoast_head_json":{"title":"Cameroun : Paul Biya donne la raison de la signature de l\u2019accord militaire avec la Russie - Cameroun","description":"Le pr\u00e9sident de la R\u00e9publique du Cameroun rejette l\u2019id\u00e9e d\u2019un soutien de son pays accord\u00e9 \u00e0 la Russie dans la guerre con ...","robots":{"index":"index","follow":"follow","max-snippet":"max-snippet:-1","max-image-preview":"max-image-preview:large","max-video-preview":"max-video-preview:-1"},"canonical":"https:\/\/www.africa-press.net\/cameroun\/politique\/cameroun-paul-biya-donne-la-raison-de-la-signature-de-laccord-militaire-avec-la-russie","og_locale":"fr_FR","og_type":"article","og_title":"Cameroun : Paul Biya donne la raison de la signature de l\u2019accord militaire avec la Russie","og_description":"Le pr\u00e9sident de la R\u00e9publique du Cameroun rejette l\u2019id\u00e9e d\u2019un soutien de son pays accord\u00e9 \u00e0 la Russie dans la guerre con ...","og_url":"https:\/\/www.africa-press.net\/cameroun\/politique\/cameroun-paul-biya-donne-la-raison-de-la-signature-de-laccord-militaire-avec-la-russie","og_site_name":"Cameroun","article_published_time":"2022-07-27T14:52:50+00:00","article_modified_time":"2022-07-27T16:06:09+00:00","og_image":[{"width":720,"height":359,"url":"https:\/\/static.africa-press.net\/cameroun\/sites\/57\/2022\/07\/img-62e16256abd02.jpg","type":"image\/jpeg"}],"author":"cfeditorfr","twitter_card":"summary_large_image","twitter_misc":{"\u00c9crit par":"cfeditorfr","Dur\u00e9e de lecture estim\u00e9e":"3 minutes"},"schema":{"@context":"https:\/\/schema.org","@graph":[{"@type":"Article","@id":"https:\/\/www.africa-press.net\/cameroun\/politique\/cameroun-paul-biya-donne-la-raison-de-la-signature-de-laccord-militaire-avec-la-russie#article","isPartOf":{"@id":"https:\/\/www.africa-press.net\/cameroun\/politique\/cameroun-paul-biya-donne-la-raison-de-la-signature-de-laccord-militaire-avec-la-russie"},"author":{"name":"cfeditorfr","@id":"https:\/\/www.africa-press.net\/cameroun\/#\/schema\/person\/2b1cf3cd81a31e3cd26889ca66d677f1"},"headline":"Cameroun : Paul Biya donne la raison de la signature de l\u2019accord militaire avec la Russie","datePublished":"2022-07-27T14:52:50+00:00","dateModified":"2022-07-27T16:06:09+00:00","mainEntityOfPage":{"@id":"https:\/\/www.africa-press.net\/cameroun\/politique\/cameroun-paul-biya-donne-la-raison-de-la-signature-de-laccord-militaire-avec-la-russie"},"wordCount":479,"commentCount":0,"image":{"@id":"https:\/\/www.africa-press.net\/cameroun\/politique\/cameroun-paul-biya-donne-la-raison-de-la-signature-de-laccord-militaire-avec-la-russie#primaryimage"},"thumbnailUrl":"https:\/\/static.africa-press.net\/cameroun\/sites\/57\/2022\/07\/img-62e16256abd02.jpg","keywords":["Africa Press","Africa Press-Cameroun","Cameroun"],"articleSection":["homepage-french","Politique","Top Nouvelles","Toutes les actualit\u00e9s"],"inLanguage":"fr-FR","potentialAction":[{"@type":"CommentAction","name":"Comment","target":["https:\/\/www.africa-press.net\/cameroun\/politique\/cameroun-paul-biya-donne-la-raison-de-la-signature-de-laccord-militaire-avec-la-russie#respond"]}]},{"@type":"WebPage","@id":"https:\/\/www.africa-press.net\/cameroun\/politique\/cameroun-paul-biya-donne-la-raison-de-la-signature-de-laccord-militaire-avec-la-russie","url":"https:\/\/www.africa-press.net\/cameroun\/politique\/cameroun-paul-biya-donne-la-raison-de-la-signature-de-laccord-militaire-avec-la-russie","name":"Cameroun : Paul Biya donne la raison de la signature de l\u2019accord militaire avec la Russie - Cameroun","isPartOf":{"@id":"https:\/\/www.africa-press.net\/cameroun\/#website"},"primaryImageOfPage":{"@id":"https:\/\/www.africa-press.net\/cameroun\/politique\/cameroun-paul-biya-donne-la-raison-de-la-signature-de-laccord-militaire-avec-la-russie#primaryimage"},"image":{"@id":"https:\/\/www.africa-press.net\/cameroun\/politique\/cameroun-paul-biya-donne-la-raison-de-la-signature-de-laccord-militaire-avec-la-russie#primaryimage"},"thumbnailUrl":"https:\/\/static.africa-press.net\/cameroun\/sites\/57\/2022\/07\/img-62e16256abd02.jpg","datePublished":"2022-07-27T14:52:50+00:00","dateModified":"2022-07-27T16:06:09+00:00","author":{"@id":"https:\/\/www.africa-press.net\/cameroun\/#\/schema\/person\/2b1cf3cd81a31e3cd26889ca66d677f1"},"description":"Le pr\u00e9sident de la R\u00e9publique du Cameroun rejette l\u2019id\u00e9e d\u2019un soutien de son pays accord\u00e9 \u00e0 la Russie dans la guerre con ...","breadcrumb":{"@id":"https:\/\/www.africa-press.net\/cameroun\/politique\/cameroun-paul-biya-donne-la-raison-de-la-signature-de-laccord-militaire-avec-la-russie#breadcrumb"},"inLanguage":"fr-FR","potentialAction":[{"@type":"ReadAction","target":["https:\/\/www.africa-press.net\/cameroun\/politique\/cameroun-paul-biya-donne-la-raison-de-la-signature-de-laccord-militaire-avec-la-russie"]}]},{"@type":"ImageObject","inLanguage":"fr-FR","@id":"https:\/\/www.africa-press.net\/cameroun\/politique\/cameroun-paul-biya-donne-la-raison-de-la-signature-de-laccord-militaire-avec-la-russie#primaryimage","url":"https:\/\/static.africa-press.net\/cameroun\/sites\/57\/2022\/07\/img-62e16256abd02.jpg","contentUrl":"https:\/\/static.africa-press.net\/cameroun\/sites\/57\/2022\/07\/img-62e16256abd02.jpg","width":720,"height":359,"caption":"Cameroun : Paul Biya donne la raison de la signature de l\u2019accord militaire avec la Russie"},{"@type":"BreadcrumbList","@id":"https:\/\/www.africa-press.net\/cameroun\/politique\/cameroun-paul-biya-donne-la-raison-de-la-signature-de-laccord-militaire-avec-la-russie#breadcrumb","itemListElement":[{"@type":"ListItem","position":1,"name":"Accueil","item":"https:\/\/www.africa-press.net\/cameroun\/"},{"@type":"ListItem","position":2,"name":"Cameroun : Paul Biya donne la raison de la signature de l\u2019accord militaire avec la Russie"}]},{"@type":"WebSite","@id":"https:\/\/www.africa-press.net\/cameroun\/#website","url":"https:\/\/www.africa-press.net\/cameroun\/","name":"Cameroun","description":"Just another Africa News Agency Sites site","potentialAction":[{"@type":"SearchAction","target":{"@type":"EntryPoint","urlTemplate":"https:\/\/www.africa-press.net\/cameroun\/?s={search_term_string}"},"query-input":{"@type":"PropertyValueSpecification","valueRequired":true,"valueName":"search_term_string"}}],"inLanguage":"fr-FR"},{"@type":"Person","@id":"https:\/\/www.africa-press.net\/cameroun\/#\/schema\/person\/2b1cf3cd81a31e3cd26889ca66d677f1","name":"cfeditorfr"}]}},"_links":{"self":[{"href":"https:\/\/www.africa-press.net\/cameroun\/wp-json\/wp\/v2\/posts\/24331","targetHints":{"allow":["GET"]}}],"collection":[{"href":"https:\/\/www.africa-press.net\/cameroun\/wp-json\/wp\/v2\/posts"}],"about":[{"href":"https:\/\/www.africa-press.net\/cameroun\/wp-json\/wp\/v2\/types\/post"}],"author":[{"embeddable":true,"href":"https:\/\/www.africa-press.net\/cameroun\/wp-json\/wp\/v2\/users\/82"}],"replies":[{"embeddable":true,"href":"https:\/\/www.africa-press.net\/cameroun\/wp-json\/wp\/v2\/comments?post=24331"}],"version-history":[{"count":0,"href":"https:\/\/www.africa-press.net\/cameroun\/wp-json\/wp\/v2\/posts\/24331\/revisions"}],"wp:featuredmedia":[{"embeddable":true,"href":"https:\/\/www.africa-press.net\/cameroun\/wp-json\/wp\/v2\/media\/24330"}],"wp:attachment":[{"href":"https:\/\/www.africa-press.net\/cameroun\/wp-json\/wp\/v2\/media?parent=24331"}],"wp:term":[{"taxonomy":"category","embeddable":true,"href":"https:\/\/www.africa-press.net\/cameroun\/wp-json\/wp\/v2\/categories?post=24331"},{"taxonomy":"post_tag","embeddable":true,"href":"https:\/\/www.africa-press.net\/cameroun\/wp-json\/wp\/v2\/tags?post=24331"}],"curies":[{"name":"wp","href":"https:\/\/api.w.org\/{rel}","templated":true}]}}