{"id":24334,"date":"2022-07-27T15:00:34","date_gmt":"2022-07-27T15:00:34","guid":{"rendered":"https:\/\/www.africa-press.net\/cameroun\/politique\/cameroun-france-macron-annonce-louverture-integrale-des-archives-coloniales-aux-historiens"},"modified":"2022-07-27T16:06:55","modified_gmt":"2022-07-27T16:06:55","slug":"cameroun-france-macron-annonce-louverture-integrale-des-archives-coloniales-aux-historiens","status":"publish","type":"post","link":"https:\/\/www.africa-press.net\/cameroun\/politique\/cameroun-france-macron-annonce-louverture-integrale-des-archives-coloniales-aux-historiens","title":{"rendered":"Cameroun-France : Macron annonce l\u2019ouverture int\u00e9grale des archives coloniales aux historiens"},"content":{"rendered":"<p><span style=\"color: #ff6600\"><strong>Africa-Press &#8211; Cameroun. <\/strong><\/span>Le chef de l\u2019Etat fran\u00e7ais a fait la promesse de mani\u00e8re solennelle mardi 26 juillet 2022 lors de sa visite officielle au Cameroun.<\/p>\n<p>Les affres de la pr\u00e9sence des colons fran\u00e7ais au Cameroun demeur\u00e9es enfouies dans les archives coloniales, hantent l\u2019esprit des Camerounais. Le souvenir de l\u2019assassinat des figures de la lutte ind\u00e9pendantiste ne sont pas effac\u00e9s de la m\u00e9moire des Camerounais. Tenez par exemple : dans les for\u00eats de la Sanaga Maritime, les taches de sang issues de l\u2019assassinat de Ruben Um Nyobe le 13 septembre 1958 sont ind\u00e9l\u00e9biles.<\/p>\n<p>Inoubliables sont aussi ses compagnons de lutte Felix Moumi\u00e9 empoisonn\u00e9 le 03 novembre 1960 et Ernest Ouandi\u00e9 fusill\u00e9 le 15 janvier 1970. Derri\u00e8re ces figures, beaucoup d\u2019autres personnes innocentes seraient tomb\u00e9es sous le coup des fusils coloniaux. Cependant, des d\u00e9cennies apr\u00e8s, ces horreurs sont rest\u00e9es dans les t\u00e9n\u00e8bres. D\u2019o\u00f9 la clameur qui monte d\u2019ann\u00e9e en ann\u00e9e au Cameroun avec des interrogations pr\u00e9cises.<\/p>\n<p>\u00ab Une amiti\u00e9 sinc\u00e8re comme celle qui existe entre le Cameroun et la France ne saurait s\u2019encombrer de zones d\u2019ombre ou alors de v\u00e9rit\u00e9s mal dissimul\u00e9es. Il se trouve que la guerre de lib\u00e9ration qui a \u00e9t\u00e9 men\u00e9e au Cameroun a laiss\u00e9 des blessures et des souvenirs marqu\u00e9s des exactions des crimes commis par l\u2019arm\u00e9e fran\u00e7aise sur des Camerounais. Des d\u00e9cennies plus tard est-ce que vous \u00eates en mesure aujourd\u2019hui de reconna\u00eetre ces atrocit\u00e9s et d\u2019en assumer la responsabilit\u00e9 ? \u00bb<\/p>\n<p>Face \u00e0 cette question du journaliste Georges Alain Boyomo, directeur de publication du quotidien camerounais Mutations, Emmanuel macron a donn\u00e9 un d\u00e9but de solution. Face \u00e0 la presse camerounaise et fran\u00e7aise mardi 26 juillet 2022 au Palais de l\u2019Unit\u00e9, le pr\u00e9sident a dit ceci.<\/p>\n<p>Faire la lumi\u00e8re sur le pass\u00e9 douloureux<\/p>\n<p>\u00ab Sur ce qui est de notre pass\u00e9 commun, il y a des pages glorieuses, heureuses de construction commune. Il a contribu\u00e9 \u00e0 lier tant de destins ; c\u2019est une chance. Mais il a eu aussi des moments douloureux, tragiques. Des historiens se sont pench\u00e9s sur ce pass\u00e9. Ils nous disent qu\u2019un conflit a eu lieu, le mot guerre est employ\u00e9, c\u2019est aux historiens de faire la lumi\u00e8re sur le pass\u00e9, il faut continuer \u00e0 \u00e9crire cette histoire et s\u2019il faut l\u2019\u00e9crire ensemble \u00bb.<\/p>\n<p>Ouvrir l\u2019ensemble des archives coloniales<\/p>\n<p>\u00ab C\u2019est pourquoi, ce que je souhaite c\u2019est que nous puissions avoir et lancer ensemble un travail conjoint d\u2019historiens camerounais et fran\u00e7ais qui pourront ainsi avoir acc\u00e8s \u00e0 la totalit\u00e9 de nos archives. Je prends ici l\u2019engagement solennel d\u2019ouvrir nos archives en totalit\u00e9 \u00e0 ce groupe d\u2019historiens conjoints qui nous permettront d\u2019\u00e9clairer ce pass\u00e9. Sur des situations individuelles sur des \u00e9pisodes que vous \u00e9voquez et pour qualifier tr\u00e8s pr\u00e9cis\u00e9ment les choses.<\/p>\n<p>C\u2019est dire que l\u2019implication de la France, le r\u00f4le aussi des autorit\u00e9s camerounaises de l\u2019\u00e9poque, avant, apr\u00e8s l\u2019ind\u00e9pendance dans un contexte o\u00f9 les choses sont sans doute complexes et m\u00eal\u00e9es que vous ne l\u2019avez dit. Mais avec une gravit\u00e9 et des responsabilit\u00e9s qu\u2019il convient d\u2019\u00e9tablir factuellement. \u00bb<\/p>\n<p>Cr\u00e9er une commission conjointe d\u2019historiens<\/p>\n<p>\u00ab Je propose donc que nous r\u00e9unissions les conditions pour mener ce travail, je l\u2019ai dit au pr\u00e9sident et que nous mettions en place une commission d\u2019historiens qui pourront travailler ensemble pour avoir acc\u00e8s \u00e0 toute les archives pendant la p\u00e9riode. L\u2019int\u00e9gralit\u00e9 des archives fran\u00e7aises seront ouvertes.<\/p>\n<p>Je souhaite aussi que nous puissions d\u2019ailleurs dans le cadre de cette commission conjointe faire travailler des artistes parce que j\u2019ai \u00e9t\u00e9 frapp\u00e9 de voir combien des artistes camerounais, binationaux, de la diaspora avaient une ma\u00eetrise imaginaire cette p\u00e9riode.<\/p>\n<p>Et donc je pense aussi qu\u2019il faut leur permettre de travailler ensemble. Nous allons fixer un calendrier de travail \u00e0 cette commission pour qu\u2019elle rende ces travaux dans un calendrier rapproch\u00e9, c\u2019est-\u00e0-dire que on aura suffisamment de temps pour avoir acc\u00e8s \u00e0 tout ce qui est n\u00e9cessaire et que on puisse scander les prochaines ann\u00e9es de vraies r\u00e9alisations en retour sur ces travaux \u00bb, a d\u00e9clar\u00e9 Emmanuel Macron en pr\u00e9sence de son homologue Paul Biya.<\/p>\n<p><strong>Pour plus d&rsquo;informations et d&rsquo;analyses sur la <a href=\"https:\/\/www.africa-press.net\/cameroun\">Cameroun<\/a>, suivez <a href=\"https:\/\/www.africa-press.net\/\">Africa-Press<\/a><\/strong><\/p>\n","protected":false},"excerpt":{"rendered":"<p>Africa-Press &#8211; Cameroun. Le chef de l\u2019Etat fran\u00e7ais a fait la promesse de mani\u00e8re solennelle mardi 26 juillet 2022 lors de sa visite officielle au Cameroun. Les affres de la pr\u00e9sence des colons fran\u00e7ais au Cameroun demeur\u00e9es enfouies dans les archives coloniales, hantent l\u2019esprit des Camerounais. Le souvenir de l\u2019assassinat des figures de la lutte [&hellip;]<\/p>\n","protected":false},"author":82,"featured_media":24333,"comment_status":"open","ping_status":"closed","sticky":false,"template":"","format":"standard","meta":{"footnotes":""},"categories":[11,2,10],"tags":[36,50,49],"class_list":["post-24334","post","type-post","status-publish","format-standard","has-post-thumbnail","hentry","category-homepage-french","category-politique","category-toutes-les-actualites","tag-africa-press","tag-africa-press-cameroun","tag-cameroun"],"yoast_head":"<!-- This site is optimized with the Yoast SEO Premium plugin v26.1 (Yoast SEO v27.0) - https:\/\/yoast.com\/product\/yoast-seo-premium-wordpress\/ -->\n<title>Cameroun-France : Macron annonce l\u2019ouverture int\u00e9grale des archives coloniales aux historiens - Cameroun<\/title>\n<meta name=\"description\" content=\"Le chef de l\u2019Etat fran\u00e7ais a fait la promesse de mani\u00e8re solennelle mardi 26 juillet 2022 lors de sa visite officielle a ...\" \/>\n<meta name=\"robots\" content=\"index, follow, max-snippet:-1, max-image-preview:large, max-video-preview:-1\" \/>\n<link rel=\"canonical\" href=\"https:\/\/www.africa-press.net\/cameroun\/politique\/cameroun-france-macron-annonce-louverture-integrale-des-archives-coloniales-aux-historiens\" \/>\n<meta property=\"og:locale\" content=\"fr_FR\" \/>\n<meta property=\"og:type\" content=\"article\" \/>\n<meta property=\"og:title\" content=\"Cameroun-France : Macron annonce l\u2019ouverture int\u00e9grale des archives coloniales aux historiens\" \/>\n<meta property=\"og:description\" content=\"Le chef de l\u2019Etat fran\u00e7ais a fait la promesse de mani\u00e8re solennelle mardi 26 juillet 2022 lors de sa visite officielle a ...\" \/>\n<meta property=\"og:url\" content=\"https:\/\/www.africa-press.net\/cameroun\/politique\/cameroun-france-macron-annonce-louverture-integrale-des-archives-coloniales-aux-historiens\" \/>\n<meta property=\"og:site_name\" content=\"Cameroun\" \/>\n<meta property=\"article:published_time\" content=\"2022-07-27T15:00:34+00:00\" \/>\n<meta property=\"article:modified_time\" content=\"2022-07-27T16:06:55+00:00\" \/>\n<meta property=\"og:image\" content=\"https:\/\/static.africa-press.net\/cameroun\/sites\/57\/2022\/07\/img-62e1627dcffbf.jpg\" \/>\n\t<meta property=\"og:image:width\" content=\"1920\" \/>\n\t<meta property=\"og:image:height\" content=\"1280\" \/>\n\t<meta property=\"og:image:type\" content=\"image\/jpeg\" \/>\n<meta name=\"author\" content=\"cfeditorfr\" \/>\n<meta name=\"twitter:card\" content=\"summary_large_image\" \/>\n<meta name=\"twitter:label1\" content=\"\u00c9crit par\" \/>\n\t<meta name=\"twitter:data1\" content=\"cfeditorfr\" \/>\n\t<meta name=\"twitter:label2\" content=\"Dur\u00e9e de lecture estim\u00e9e\" \/>\n\t<meta name=\"twitter:data2\" content=\"4 minutes\" \/>\n<script type=\"application\/ld+json\" class=\"yoast-schema-graph\">{\"@context\":\"https:\/\/schema.org\",\"@graph\":[{\"@type\":\"Article\",\"@id\":\"https:\/\/www.africa-press.net\/cameroun\/politique\/cameroun-france-macron-annonce-louverture-integrale-des-archives-coloniales-aux-historiens#article\",\"isPartOf\":{\"@id\":\"https:\/\/www.africa-press.net\/cameroun\/politique\/cameroun-france-macron-annonce-louverture-integrale-des-archives-coloniales-aux-historiens\"},\"author\":{\"name\":\"cfeditorfr\",\"@id\":\"https:\/\/www.africa-press.net\/cameroun\/#\/schema\/person\/2b1cf3cd81a31e3cd26889ca66d677f1\"},\"headline\":\"Cameroun-France : Macron annonce l\u2019ouverture int\u00e9grale des archives coloniales aux historiens\",\"datePublished\":\"2022-07-27T15:00:34+00:00\",\"dateModified\":\"2022-07-27T16:06:55+00:00\",\"mainEntityOfPage\":{\"@id\":\"https:\/\/www.africa-press.net\/cameroun\/politique\/cameroun-france-macron-annonce-louverture-integrale-des-archives-coloniales-aux-historiens\"},\"wordCount\":763,\"commentCount\":0,\"image\":{\"@id\":\"https:\/\/www.africa-press.net\/cameroun\/politique\/cameroun-france-macron-annonce-louverture-integrale-des-archives-coloniales-aux-historiens#primaryimage\"},\"thumbnailUrl\":\"https:\/\/static.africa-press.net\/cameroun\/sites\/57\/2022\/07\/img-62e1627dcffbf.jpg\",\"keywords\":[\"Africa Press\",\"Africa Press-Cameroun\",\"Cameroun\"],\"articleSection\":[\"homepage-french\",\"Politique\",\"Toutes les actualit\u00e9s\"],\"inLanguage\":\"fr-FR\",\"potentialAction\":[{\"@type\":\"CommentAction\",\"name\":\"Comment\",\"target\":[\"https:\/\/www.africa-press.net\/cameroun\/politique\/cameroun-france-macron-annonce-louverture-integrale-des-archives-coloniales-aux-historiens#respond\"]}]},{\"@type\":\"WebPage\",\"@id\":\"https:\/\/www.africa-press.net\/cameroun\/politique\/cameroun-france-macron-annonce-louverture-integrale-des-archives-coloniales-aux-historiens\",\"url\":\"https:\/\/www.africa-press.net\/cameroun\/politique\/cameroun-france-macron-annonce-louverture-integrale-des-archives-coloniales-aux-historiens\",\"name\":\"Cameroun-France : Macron annonce l\u2019ouverture int\u00e9grale des archives coloniales aux historiens - Cameroun\",\"isPartOf\":{\"@id\":\"https:\/\/www.africa-press.net\/cameroun\/#website\"},\"primaryImageOfPage\":{\"@id\":\"https:\/\/www.africa-press.net\/cameroun\/politique\/cameroun-france-macron-annonce-louverture-integrale-des-archives-coloniales-aux-historiens#primaryimage\"},\"image\":{\"@id\":\"https:\/\/www.africa-press.net\/cameroun\/politique\/cameroun-france-macron-annonce-louverture-integrale-des-archives-coloniales-aux-historiens#primaryimage\"},\"thumbnailUrl\":\"https:\/\/static.africa-press.net\/cameroun\/sites\/57\/2022\/07\/img-62e1627dcffbf.jpg\",\"datePublished\":\"2022-07-27T15:00:34+00:00\",\"dateModified\":\"2022-07-27T16:06:55+00:00\",\"author\":{\"@id\":\"https:\/\/www.africa-press.net\/cameroun\/#\/schema\/person\/2b1cf3cd81a31e3cd26889ca66d677f1\"},\"description\":\"Le chef de l\u2019Etat fran\u00e7ais a fait la promesse de mani\u00e8re solennelle mardi 26 juillet 2022 lors de sa visite officielle a ...\",\"breadcrumb\":{\"@id\":\"https:\/\/www.africa-press.net\/cameroun\/politique\/cameroun-france-macron-annonce-louverture-integrale-des-archives-coloniales-aux-historiens#breadcrumb\"},\"inLanguage\":\"fr-FR\",\"potentialAction\":[{\"@type\":\"ReadAction\",\"target\":[\"https:\/\/www.africa-press.net\/cameroun\/politique\/cameroun-france-macron-annonce-louverture-integrale-des-archives-coloniales-aux-historiens\"]}]},{\"@type\":\"ImageObject\",\"inLanguage\":\"fr-FR\",\"@id\":\"https:\/\/www.africa-press.net\/cameroun\/politique\/cameroun-france-macron-annonce-louverture-integrale-des-archives-coloniales-aux-historiens#primaryimage\",\"url\":\"https:\/\/static.africa-press.net\/cameroun\/sites\/57\/2022\/07\/img-62e1627dcffbf.jpg\",\"contentUrl\":\"https:\/\/static.africa-press.net\/cameroun\/sites\/57\/2022\/07\/img-62e1627dcffbf.jpg\",\"width\":1920,\"height\":1280,\"caption\":\"Cameroun-France : Macron annonce l\u2019ouverture int\u00e9grale des archives coloniales aux historiens\"},{\"@type\":\"BreadcrumbList\",\"@id\":\"https:\/\/www.africa-press.net\/cameroun\/politique\/cameroun-france-macron-annonce-louverture-integrale-des-archives-coloniales-aux-historiens#breadcrumb\",\"itemListElement\":[{\"@type\":\"ListItem\",\"position\":1,\"name\":\"Accueil\",\"item\":\"https:\/\/www.africa-press.net\/cameroun\/\"},{\"@type\":\"ListItem\",\"position\":2,\"name\":\"Cameroun-France : Macron annonce l\u2019ouverture int\u00e9grale des archives coloniales aux historiens\"}]},{\"@type\":\"WebSite\",\"@id\":\"https:\/\/www.africa-press.net\/cameroun\/#website\",\"url\":\"https:\/\/www.africa-press.net\/cameroun\/\",\"name\":\"Cameroun\",\"description\":\"Just another Africa News Agency Sites site\",\"potentialAction\":[{\"@type\":\"SearchAction\",\"target\":{\"@type\":\"EntryPoint\",\"urlTemplate\":\"https:\/\/www.africa-press.net\/cameroun\/?s={search_term_string}\"},\"query-input\":{\"@type\":\"PropertyValueSpecification\",\"valueRequired\":true,\"valueName\":\"search_term_string\"}}],\"inLanguage\":\"fr-FR\"},{\"@type\":\"Person\",\"@id\":\"https:\/\/www.africa-press.net\/cameroun\/#\/schema\/person\/2b1cf3cd81a31e3cd26889ca66d677f1\",\"name\":\"cfeditorfr\"}]}<\/script>\n<!-- \/ Yoast SEO Premium plugin. -->","yoast_head_json":{"title":"Cameroun-France : Macron annonce l\u2019ouverture int\u00e9grale des archives coloniales aux historiens - Cameroun","description":"Le chef de l\u2019Etat fran\u00e7ais a fait la promesse de mani\u00e8re solennelle mardi 26 juillet 2022 lors de sa visite officielle a ...","robots":{"index":"index","follow":"follow","max-snippet":"max-snippet:-1","max-image-preview":"max-image-preview:large","max-video-preview":"max-video-preview:-1"},"canonical":"https:\/\/www.africa-press.net\/cameroun\/politique\/cameroun-france-macron-annonce-louverture-integrale-des-archives-coloniales-aux-historiens","og_locale":"fr_FR","og_type":"article","og_title":"Cameroun-France : Macron annonce l\u2019ouverture int\u00e9grale des archives coloniales aux historiens","og_description":"Le chef de l\u2019Etat fran\u00e7ais a fait la promesse de mani\u00e8re solennelle mardi 26 juillet 2022 lors de sa visite officielle a ...","og_url":"https:\/\/www.africa-press.net\/cameroun\/politique\/cameroun-france-macron-annonce-louverture-integrale-des-archives-coloniales-aux-historiens","og_site_name":"Cameroun","article_published_time":"2022-07-27T15:00:34+00:00","article_modified_time":"2022-07-27T16:06:55+00:00","og_image":[{"width":1920,"height":1280,"url":"https:\/\/static.africa-press.net\/cameroun\/sites\/57\/2022\/07\/img-62e1627dcffbf.jpg","type":"image\/jpeg"}],"author":"cfeditorfr","twitter_card":"summary_large_image","twitter_misc":{"\u00c9crit par":"cfeditorfr","Dur\u00e9e de lecture estim\u00e9e":"4 minutes"},"schema":{"@context":"https:\/\/schema.org","@graph":[{"@type":"Article","@id":"https:\/\/www.africa-press.net\/cameroun\/politique\/cameroun-france-macron-annonce-louverture-integrale-des-archives-coloniales-aux-historiens#article","isPartOf":{"@id":"https:\/\/www.africa-press.net\/cameroun\/politique\/cameroun-france-macron-annonce-louverture-integrale-des-archives-coloniales-aux-historiens"},"author":{"name":"cfeditorfr","@id":"https:\/\/www.africa-press.net\/cameroun\/#\/schema\/person\/2b1cf3cd81a31e3cd26889ca66d677f1"},"headline":"Cameroun-France : Macron annonce l\u2019ouverture int\u00e9grale des archives coloniales aux historiens","datePublished":"2022-07-27T15:00:34+00:00","dateModified":"2022-07-27T16:06:55+00:00","mainEntityOfPage":{"@id":"https:\/\/www.africa-press.net\/cameroun\/politique\/cameroun-france-macron-annonce-louverture-integrale-des-archives-coloniales-aux-historiens"},"wordCount":763,"commentCount":0,"image":{"@id":"https:\/\/www.africa-press.net\/cameroun\/politique\/cameroun-france-macron-annonce-louverture-integrale-des-archives-coloniales-aux-historiens#primaryimage"},"thumbnailUrl":"https:\/\/static.africa-press.net\/cameroun\/sites\/57\/2022\/07\/img-62e1627dcffbf.jpg","keywords":["Africa Press","Africa Press-Cameroun","Cameroun"],"articleSection":["homepage-french","Politique","Toutes les actualit\u00e9s"],"inLanguage":"fr-FR","potentialAction":[{"@type":"CommentAction","name":"Comment","target":["https:\/\/www.africa-press.net\/cameroun\/politique\/cameroun-france-macron-annonce-louverture-integrale-des-archives-coloniales-aux-historiens#respond"]}]},{"@type":"WebPage","@id":"https:\/\/www.africa-press.net\/cameroun\/politique\/cameroun-france-macron-annonce-louverture-integrale-des-archives-coloniales-aux-historiens","url":"https:\/\/www.africa-press.net\/cameroun\/politique\/cameroun-france-macron-annonce-louverture-integrale-des-archives-coloniales-aux-historiens","name":"Cameroun-France : Macron annonce l\u2019ouverture int\u00e9grale des archives coloniales aux historiens - Cameroun","isPartOf":{"@id":"https:\/\/www.africa-press.net\/cameroun\/#website"},"primaryImageOfPage":{"@id":"https:\/\/www.africa-press.net\/cameroun\/politique\/cameroun-france-macron-annonce-louverture-integrale-des-archives-coloniales-aux-historiens#primaryimage"},"image":{"@id":"https:\/\/www.africa-press.net\/cameroun\/politique\/cameroun-france-macron-annonce-louverture-integrale-des-archives-coloniales-aux-historiens#primaryimage"},"thumbnailUrl":"https:\/\/static.africa-press.net\/cameroun\/sites\/57\/2022\/07\/img-62e1627dcffbf.jpg","datePublished":"2022-07-27T15:00:34+00:00","dateModified":"2022-07-27T16:06:55+00:00","author":{"@id":"https:\/\/www.africa-press.net\/cameroun\/#\/schema\/person\/2b1cf3cd81a31e3cd26889ca66d677f1"},"description":"Le chef de l\u2019Etat fran\u00e7ais a fait la promesse de mani\u00e8re solennelle mardi 26 juillet 2022 lors de sa visite officielle a ...","breadcrumb":{"@id":"https:\/\/www.africa-press.net\/cameroun\/politique\/cameroun-france-macron-annonce-louverture-integrale-des-archives-coloniales-aux-historiens#breadcrumb"},"inLanguage":"fr-FR","potentialAction":[{"@type":"ReadAction","target":["https:\/\/www.africa-press.net\/cameroun\/politique\/cameroun-france-macron-annonce-louverture-integrale-des-archives-coloniales-aux-historiens"]}]},{"@type":"ImageObject","inLanguage":"fr-FR","@id":"https:\/\/www.africa-press.net\/cameroun\/politique\/cameroun-france-macron-annonce-louverture-integrale-des-archives-coloniales-aux-historiens#primaryimage","url":"https:\/\/static.africa-press.net\/cameroun\/sites\/57\/2022\/07\/img-62e1627dcffbf.jpg","contentUrl":"https:\/\/static.africa-press.net\/cameroun\/sites\/57\/2022\/07\/img-62e1627dcffbf.jpg","width":1920,"height":1280,"caption":"Cameroun-France : Macron annonce l\u2019ouverture int\u00e9grale des archives coloniales aux historiens"},{"@type":"BreadcrumbList","@id":"https:\/\/www.africa-press.net\/cameroun\/politique\/cameroun-france-macron-annonce-louverture-integrale-des-archives-coloniales-aux-historiens#breadcrumb","itemListElement":[{"@type":"ListItem","position":1,"name":"Accueil","item":"https:\/\/www.africa-press.net\/cameroun\/"},{"@type":"ListItem","position":2,"name":"Cameroun-France : Macron annonce l\u2019ouverture int\u00e9grale des archives coloniales aux historiens"}]},{"@type":"WebSite","@id":"https:\/\/www.africa-press.net\/cameroun\/#website","url":"https:\/\/www.africa-press.net\/cameroun\/","name":"Cameroun","description":"Just another Africa News Agency Sites site","potentialAction":[{"@type":"SearchAction","target":{"@type":"EntryPoint","urlTemplate":"https:\/\/www.africa-press.net\/cameroun\/?s={search_term_string}"},"query-input":{"@type":"PropertyValueSpecification","valueRequired":true,"valueName":"search_term_string"}}],"inLanguage":"fr-FR"},{"@type":"Person","@id":"https:\/\/www.africa-press.net\/cameroun\/#\/schema\/person\/2b1cf3cd81a31e3cd26889ca66d677f1","name":"cfeditorfr"}]}},"_links":{"self":[{"href":"https:\/\/www.africa-press.net\/cameroun\/wp-json\/wp\/v2\/posts\/24334","targetHints":{"allow":["GET"]}}],"collection":[{"href":"https:\/\/www.africa-press.net\/cameroun\/wp-json\/wp\/v2\/posts"}],"about":[{"href":"https:\/\/www.africa-press.net\/cameroun\/wp-json\/wp\/v2\/types\/post"}],"author":[{"embeddable":true,"href":"https:\/\/www.africa-press.net\/cameroun\/wp-json\/wp\/v2\/users\/82"}],"replies":[{"embeddable":true,"href":"https:\/\/www.africa-press.net\/cameroun\/wp-json\/wp\/v2\/comments?post=24334"}],"version-history":[{"count":0,"href":"https:\/\/www.africa-press.net\/cameroun\/wp-json\/wp\/v2\/posts\/24334\/revisions"}],"wp:featuredmedia":[{"embeddable":true,"href":"https:\/\/www.africa-press.net\/cameroun\/wp-json\/wp\/v2\/media\/24333"}],"wp:attachment":[{"href":"https:\/\/www.africa-press.net\/cameroun\/wp-json\/wp\/v2\/media?parent=24334"}],"wp:term":[{"taxonomy":"category","embeddable":true,"href":"https:\/\/www.africa-press.net\/cameroun\/wp-json\/wp\/v2\/categories?post=24334"},{"taxonomy":"post_tag","embeddable":true,"href":"https:\/\/www.africa-press.net\/cameroun\/wp-json\/wp\/v2\/tags?post=24334"}],"curies":[{"name":"wp","href":"https:\/\/api.w.org\/{rel}","templated":true}]}}