{"id":24367,"date":"2022-07-28T16:41:18","date_gmt":"2022-07-28T16:41:18","guid":{"rendered":"https:\/\/www.africa-press.net\/cameroun\/politique\/cameroun-le-prefet-de-la-kadey-est-ordonne-la-fermeture-des-societes-minieres-de-kambele"},"modified":"2022-07-28T19:26:32","modified_gmt":"2022-07-28T19:26:32","slug":"cameroun-le-prefet-de-la-kadey-est-ordonne-la-fermeture-des-societes-minieres-de-kambele","status":"publish","type":"post","link":"https:\/\/www.africa-press.net\/cameroun\/toutes-les-actualites\/cameroun-le-prefet-de-la-kadey-est-ordonne-la-fermeture-des-societes-minieres-de-kambele","title":{"rendered":"Cameroun: Le Pr\u00e9fet de la Kad\u00e9y (EST) ordonne la fermeture des soci\u00e9t\u00e9s mini\u00e8res de Kambele"},"content":{"rendered":"<p><span style=\"color: #ff6600\"><strong>Africa-Press &#8211; Cameroun. <\/strong><\/span>Le 27 juillet 2022, le pr\u00e9fet du d\u00e9partement de la Kad\u00e9y, dans la r\u00e9gion de l\u2019Est du Cameroun, a sign\u00e9 \u00ab un arr\u00eat\u00e9 portant fermeture de toutes les soci\u00e9t\u00e9s mini\u00e8res en activit\u00e9 \u00e0 Kambele-Batouri \u00bb. A l\u2019article premier de ce texte, Djada\u00ef Yacouba que \u00abces soci\u00e9t\u00e9s mini\u00e8res exer\u00e7ant \u00e0 Kambele, une banlieue de la ville de Batouri (le chef-lieu du d\u00e9partement de la Kad\u00e9y, ndlr), sont ferm\u00e9es jusqu\u2019\u00e0 nouvel ordre\u00bb.<\/p>\n<p>Pour justifier sa d\u00e9cision, motiv\u00e9e entre autres par \u00ab des instructions du gouverneur de la r\u00e9gion de l\u2019Est \u00bb, l\u2019autorit\u00e9 administrative \u00e9voque \u00abdes morts r\u00e9currentes de personnes par noyade du fait de la non fermeture des trous miniers apr\u00e8s exploitation ; des morts r\u00e9currentes par \u00e9boulement du fait du non-respect des normes d\u2019exploitation mini\u00e8re ; la menace de la d\u00e9gradation de la route nationale n\u00b010, au PK 44+820 du fait de l\u2019obstruction du lit du cours d\u2019eau par des coul\u00e9es boueuses \u00bb.<\/p>\n<p>Jusqu\u2019\u00e0 ce que nous allions sous presse, et malgr\u00e9 nos multiples tentatives pour y parvenir, CIN n\u2019avait pas encore pu obtenir l\u2019identit\u00e9 des entreprises mini\u00e8res incrimin\u00e9es. Seulement, si l\u2019on s\u2019en tient aux indications souvent donn\u00e9es par l\u2019organisation \u00e0 but non lucratif For\u00eats et d\u00e9veloppement rural (Foder) qui m\u00e8ne depuis 2015 un projet de gouvernance mini\u00e8re dans les r\u00e9gions de l\u2019Adamaoua et de l\u2019Est du pays, \u00ab une dizaine de soci\u00e9t\u00e9s sont impliqu\u00e9es dans les centaines de morts r\u00e9pertori\u00e9s. Il s\u2019agit de Dynastie Mining, Lu, Mme Lu, Wang, Phoenix Mining, \u00ab Chinois \u00bb, Southland Mining, HMC Mining, Hong-Kong Mining, C&amp;K Mining et Scem.\u00bb<\/p>\n<p>Selon un fichier tenu par cette entit\u00e9, \u00abde 2014 au 30 avril 2021, l\u2019on a enregistr\u00e9 157 morts dans les chantiers miniers de l\u2019Est\u00bb. Avec 29 d\u00e9c\u00e8s enregistr\u00e9s au cours de cette p\u00e9riode, le d\u00e9partement de la Kad\u00e9y est le deuxi\u00e8me plus meurtrier, derri\u00e8re le Lom-et-Djerem qui en compte 120. Si on y ajoute les huit morts de B\u00e9lita 2 et les deux de Kambele en juin 2022, les chiffres macabres de la Kad\u00e9y montent officiellement \u00e0 39 morts. Selon le macabre palmar\u00e8s dress\u00e9 par Foder, \u00ab ces d\u00e9c\u00e8s sont dus aux noyades (56%), \u00e9boulements de terrain (26%) et braquages \u00e0 main arm\u00e9e (11%).\u00bb<\/p>\n<p>Suffisant donc pour que l\u2019arr\u00eat\u00e9 pr\u00e9fectoral du 27 juillet 2022 rencontre l\u2019assentiment de tous ceux qui luttent contre les violations des normes environnementales dans les sites miniers de l\u2019Est. Tous esp\u00e8rent qu\u2019avec ce texte qui marque une rupture dans les habitudes des autorit\u00e9s administratives dans les zones mini\u00e8res, l\u2019on s\u2019achemine vers le respect des textes en vigueur. Notamment la loi n\u00b096\/12 du 5 ao\u00fbt 1996 portant loi cadre relative \u00e0 la gestion de l\u2019environnement. En son article 37, alin\u00e9a 1, ce texte stipule que \u00ab les titulaires de titres miniers ou de titres de carri\u00e8res sont tenus \u00e0 l\u2019obligation de remettre en l\u2019\u00e9tat les sites exploit\u00e9s \u00bb. Cette loi est appuy\u00e9e par le nouveau code minier du Cameroun, vot\u00e9 en d\u00e9cembre 2016. Qui dispose en son article 136 que \u00ab les anciens sites miniers et de carri\u00e8res doivent retrouver des conditions stables de s\u00e9curit\u00e9, de productivit\u00e9 agro\u2010sylvo\u2010pastorale et d\u2019aspects visuels proches de leur \u00e9tat d\u2019origine ou propices \u00e0 tout nouvel am\u00e9nagement de fa\u00e7on durable \u00bb.<\/p>\n<p>Bernard Bangda, CIN<\/p>\n<p><strong>Pour plus d&rsquo;informations et d&rsquo;analyses sur la <a href=\"https:\/\/www.africa-press.net\/cameroun\">Cameroun<\/a>, suivez <a href=\"https:\/\/www.africa-press.net\/\">Africa-Press<\/a><\/strong><\/p>\n","protected":false},"excerpt":{"rendered":"<p>Africa-Press &#8211; Cameroun. Le 27 juillet 2022, le pr\u00e9fet du d\u00e9partement de la Kad\u00e9y, dans la r\u00e9gion de l\u2019Est du Cameroun, a sign\u00e9 \u00ab un arr\u00eat\u00e9 portant fermeture de toutes les soci\u00e9t\u00e9s mini\u00e8res en activit\u00e9 \u00e0 Kambele-Batouri \u00bb. A l\u2019article premier de ce texte, Djada\u00ef Yacouba que \u00abces soci\u00e9t\u00e9s mini\u00e8res exer\u00e7ant \u00e0 Kambele, une banlieue [&hellip;]<\/p>\n","protected":false},"author":82,"featured_media":24366,"comment_status":"open","ping_status":"closed","sticky":false,"template":"","format":"standard","meta":{"footnotes":""},"categories":[21,11,10],"tags":[36,50,49],"class_list":["post-24367","post","type-post","status-publish","format-standard","has-post-thumbnail","hentry","category-communaute","category-homepage-french","category-toutes-les-actualites","tag-africa-press","tag-africa-press-cameroun","tag-cameroun"],"yoast_head":"<!-- This site is optimized with the Yoast SEO Premium plugin v26.1 (Yoast SEO v27.0) - https:\/\/yoast.com\/product\/yoast-seo-premium-wordpress\/ -->\n<title>Cameroun: Le Pr\u00e9fet de la Kad\u00e9y (EST) ordonne la fermeture des soci\u00e9t\u00e9s mini\u00e8res de Kambele - Cameroun<\/title>\n<meta name=\"description\" content=\"Le 27 juillet 2022, le pr\u00e9fet du d\u00e9partement de la Kad\u00e9y, dans la r\u00e9gion de l\u2019Est du Cameroun, a sign\u00e9 \u00ab un arr\u00eat\u00e9 porta ...\" \/>\n<meta name=\"robots\" content=\"index, follow, max-snippet:-1, max-image-preview:large, max-video-preview:-1\" \/>\n<link rel=\"canonical\" href=\"https:\/\/www.africa-press.net\/cameroun\/toutes-les-actualites\/cameroun-le-prefet-de-la-kadey-est-ordonne-la-fermeture-des-societes-minieres-de-kambele\" \/>\n<meta property=\"og:locale\" content=\"fr_FR\" \/>\n<meta property=\"og:type\" content=\"article\" \/>\n<meta property=\"og:title\" content=\"Cameroun: Le Pr\u00e9fet de la Kad\u00e9y (EST) ordonne la fermeture des soci\u00e9t\u00e9s mini\u00e8res de Kambele\" \/>\n<meta property=\"og:description\" content=\"Le 27 juillet 2022, le pr\u00e9fet du d\u00e9partement de la Kad\u00e9y, dans la r\u00e9gion de l\u2019Est du Cameroun, a sign\u00e9 \u00ab un arr\u00eat\u00e9 porta ...\" \/>\n<meta property=\"og:url\" content=\"https:\/\/www.africa-press.net\/cameroun\/toutes-les-actualites\/cameroun-le-prefet-de-la-kadey-est-ordonne-la-fermeture-des-societes-minieres-de-kambele\" \/>\n<meta property=\"og:site_name\" content=\"Cameroun\" \/>\n<meta property=\"article:published_time\" content=\"2022-07-28T16:41:18+00:00\" \/>\n<meta property=\"article:modified_time\" content=\"2022-07-28T19:26:32+00:00\" \/>\n<meta property=\"og:image\" content=\"https:\/\/static.africa-press.net\/cameroun\/sites\/57\/2022\/07\/img-62e2e2d4b94bb.jpg\" \/>\n\t<meta property=\"og:image:width\" content=\"800\" \/>\n\t<meta property=\"og:image:height\" content=\"533\" \/>\n\t<meta property=\"og:image:type\" content=\"image\/jpeg\" \/>\n<meta name=\"author\" content=\"cfeditorfr\" \/>\n<meta name=\"twitter:card\" content=\"summary_large_image\" \/>\n<meta name=\"twitter:label1\" content=\"\u00c9crit par\" \/>\n\t<meta name=\"twitter:data1\" content=\"cfeditorfr\" \/>\n\t<meta name=\"twitter:label2\" content=\"Dur\u00e9e de lecture estim\u00e9e\" \/>\n\t<meta name=\"twitter:data2\" content=\"3 minutes\" \/>\n<script type=\"application\/ld+json\" class=\"yoast-schema-graph\">{\"@context\":\"https:\/\/schema.org\",\"@graph\":[{\"@type\":\"Article\",\"@id\":\"https:\/\/www.africa-press.net\/cameroun\/toutes-les-actualites\/cameroun-le-prefet-de-la-kadey-est-ordonne-la-fermeture-des-societes-minieres-de-kambele#article\",\"isPartOf\":{\"@id\":\"https:\/\/www.africa-press.net\/cameroun\/toutes-les-actualites\/cameroun-le-prefet-de-la-kadey-est-ordonne-la-fermeture-des-societes-minieres-de-kambele\"},\"author\":{\"name\":\"cfeditorfr\",\"@id\":\"https:\/\/www.africa-press.net\/cameroun\/#\/schema\/person\/2b1cf3cd81a31e3cd26889ca66d677f1\"},\"headline\":\"Cameroun: Le Pr\u00e9fet de la Kad\u00e9y (EST) ordonne la fermeture des soci\u00e9t\u00e9s mini\u00e8res de Kambele\",\"datePublished\":\"2022-07-28T16:41:18+00:00\",\"dateModified\":\"2022-07-28T19:26:32+00:00\",\"mainEntityOfPage\":{\"@id\":\"https:\/\/www.africa-press.net\/cameroun\/toutes-les-actualites\/cameroun-le-prefet-de-la-kadey-est-ordonne-la-fermeture-des-societes-minieres-de-kambele\"},\"wordCount\":612,\"commentCount\":0,\"image\":{\"@id\":\"https:\/\/www.africa-press.net\/cameroun\/toutes-les-actualites\/cameroun-le-prefet-de-la-kadey-est-ordonne-la-fermeture-des-societes-minieres-de-kambele#primaryimage\"},\"thumbnailUrl\":\"https:\/\/static.africa-press.net\/cameroun\/sites\/57\/2022\/07\/img-62e2e2d4b94bb.jpg\",\"keywords\":[\"Africa Press\",\"Africa Press-Cameroun\",\"Cameroun\"],\"articleSection\":[\"Communaut\u00e9\",\"homepage-french\",\"Toutes les actualit\u00e9s\"],\"inLanguage\":\"fr-FR\",\"potentialAction\":[{\"@type\":\"CommentAction\",\"name\":\"Comment\",\"target\":[\"https:\/\/www.africa-press.net\/cameroun\/toutes-les-actualites\/cameroun-le-prefet-de-la-kadey-est-ordonne-la-fermeture-des-societes-minieres-de-kambele#respond\"]}]},{\"@type\":\"WebPage\",\"@id\":\"https:\/\/www.africa-press.net\/cameroun\/toutes-les-actualites\/cameroun-le-prefet-de-la-kadey-est-ordonne-la-fermeture-des-societes-minieres-de-kambele\",\"url\":\"https:\/\/www.africa-press.net\/cameroun\/toutes-les-actualites\/cameroun-le-prefet-de-la-kadey-est-ordonne-la-fermeture-des-societes-minieres-de-kambele\",\"name\":\"Cameroun: Le Pr\u00e9fet de la Kad\u00e9y (EST) ordonne la fermeture des soci\u00e9t\u00e9s mini\u00e8res de Kambele - Cameroun\",\"isPartOf\":{\"@id\":\"https:\/\/www.africa-press.net\/cameroun\/#website\"},\"primaryImageOfPage\":{\"@id\":\"https:\/\/www.africa-press.net\/cameroun\/toutes-les-actualites\/cameroun-le-prefet-de-la-kadey-est-ordonne-la-fermeture-des-societes-minieres-de-kambele#primaryimage\"},\"image\":{\"@id\":\"https:\/\/www.africa-press.net\/cameroun\/toutes-les-actualites\/cameroun-le-prefet-de-la-kadey-est-ordonne-la-fermeture-des-societes-minieres-de-kambele#primaryimage\"},\"thumbnailUrl\":\"https:\/\/static.africa-press.net\/cameroun\/sites\/57\/2022\/07\/img-62e2e2d4b94bb.jpg\",\"datePublished\":\"2022-07-28T16:41:18+00:00\",\"dateModified\":\"2022-07-28T19:26:32+00:00\",\"author\":{\"@id\":\"https:\/\/www.africa-press.net\/cameroun\/#\/schema\/person\/2b1cf3cd81a31e3cd26889ca66d677f1\"},\"description\":\"Le 27 juillet 2022, le pr\u00e9fet du d\u00e9partement de la Kad\u00e9y, dans la r\u00e9gion de l\u2019Est du Cameroun, a sign\u00e9 \u00ab un arr\u00eat\u00e9 porta ...\",\"breadcrumb\":{\"@id\":\"https:\/\/www.africa-press.net\/cameroun\/toutes-les-actualites\/cameroun-le-prefet-de-la-kadey-est-ordonne-la-fermeture-des-societes-minieres-de-kambele#breadcrumb\"},\"inLanguage\":\"fr-FR\",\"potentialAction\":[{\"@type\":\"ReadAction\",\"target\":[\"https:\/\/www.africa-press.net\/cameroun\/toutes-les-actualites\/cameroun-le-prefet-de-la-kadey-est-ordonne-la-fermeture-des-societes-minieres-de-kambele\"]}]},{\"@type\":\"ImageObject\",\"inLanguage\":\"fr-FR\",\"@id\":\"https:\/\/www.africa-press.net\/cameroun\/toutes-les-actualites\/cameroun-le-prefet-de-la-kadey-est-ordonne-la-fermeture-des-societes-minieres-de-kambele#primaryimage\",\"url\":\"https:\/\/static.africa-press.net\/cameroun\/sites\/57\/2022\/07\/img-62e2e2d4b94bb.jpg\",\"contentUrl\":\"https:\/\/static.africa-press.net\/cameroun\/sites\/57\/2022\/07\/img-62e2e2d4b94bb.jpg\",\"width\":800,\"height\":533,\"caption\":\"Cameroun: Le Pr\u00e9fet de la Kad\u00e9y (EST) ordonne la fermeture des soci\u00e9t\u00e9s mini\u00e8res de Kambele\"},{\"@type\":\"BreadcrumbList\",\"@id\":\"https:\/\/www.africa-press.net\/cameroun\/toutes-les-actualites\/cameroun-le-prefet-de-la-kadey-est-ordonne-la-fermeture-des-societes-minieres-de-kambele#breadcrumb\",\"itemListElement\":[{\"@type\":\"ListItem\",\"position\":1,\"name\":\"Accueil\",\"item\":\"https:\/\/www.africa-press.net\/cameroun\/\"},{\"@type\":\"ListItem\",\"position\":2,\"name\":\"Cameroun: Le Pr\u00e9fet de la Kad\u00e9y (EST) ordonne la fermeture des soci\u00e9t\u00e9s mini\u00e8res de Kambele\"}]},{\"@type\":\"WebSite\",\"@id\":\"https:\/\/www.africa-press.net\/cameroun\/#website\",\"url\":\"https:\/\/www.africa-press.net\/cameroun\/\",\"name\":\"Cameroun\",\"description\":\"Just another Africa News Agency Sites site\",\"potentialAction\":[{\"@type\":\"SearchAction\",\"target\":{\"@type\":\"EntryPoint\",\"urlTemplate\":\"https:\/\/www.africa-press.net\/cameroun\/?s={search_term_string}\"},\"query-input\":{\"@type\":\"PropertyValueSpecification\",\"valueRequired\":true,\"valueName\":\"search_term_string\"}}],\"inLanguage\":\"fr-FR\"},{\"@type\":\"Person\",\"@id\":\"https:\/\/www.africa-press.net\/cameroun\/#\/schema\/person\/2b1cf3cd81a31e3cd26889ca66d677f1\",\"name\":\"cfeditorfr\"}]}<\/script>\n<!-- \/ Yoast SEO Premium plugin. -->","yoast_head_json":{"title":"Cameroun: Le Pr\u00e9fet de la Kad\u00e9y (EST) ordonne la fermeture des soci\u00e9t\u00e9s mini\u00e8res de Kambele - Cameroun","description":"Le 27 juillet 2022, le pr\u00e9fet du d\u00e9partement de la Kad\u00e9y, dans la r\u00e9gion de l\u2019Est du Cameroun, a sign\u00e9 \u00ab un arr\u00eat\u00e9 porta ...","robots":{"index":"index","follow":"follow","max-snippet":"max-snippet:-1","max-image-preview":"max-image-preview:large","max-video-preview":"max-video-preview:-1"},"canonical":"https:\/\/www.africa-press.net\/cameroun\/toutes-les-actualites\/cameroun-le-prefet-de-la-kadey-est-ordonne-la-fermeture-des-societes-minieres-de-kambele","og_locale":"fr_FR","og_type":"article","og_title":"Cameroun: Le Pr\u00e9fet de la Kad\u00e9y (EST) ordonne la fermeture des soci\u00e9t\u00e9s mini\u00e8res de Kambele","og_description":"Le 27 juillet 2022, le pr\u00e9fet du d\u00e9partement de la Kad\u00e9y, dans la r\u00e9gion de l\u2019Est du Cameroun, a sign\u00e9 \u00ab un arr\u00eat\u00e9 porta ...","og_url":"https:\/\/www.africa-press.net\/cameroun\/toutes-les-actualites\/cameroun-le-prefet-de-la-kadey-est-ordonne-la-fermeture-des-societes-minieres-de-kambele","og_site_name":"Cameroun","article_published_time":"2022-07-28T16:41:18+00:00","article_modified_time":"2022-07-28T19:26:32+00:00","og_image":[{"width":800,"height":533,"url":"https:\/\/static.africa-press.net\/cameroun\/sites\/57\/2022\/07\/img-62e2e2d4b94bb.jpg","type":"image\/jpeg"}],"author":"cfeditorfr","twitter_card":"summary_large_image","twitter_misc":{"\u00c9crit par":"cfeditorfr","Dur\u00e9e de lecture estim\u00e9e":"3 minutes"},"schema":{"@context":"https:\/\/schema.org","@graph":[{"@type":"Article","@id":"https:\/\/www.africa-press.net\/cameroun\/toutes-les-actualites\/cameroun-le-prefet-de-la-kadey-est-ordonne-la-fermeture-des-societes-minieres-de-kambele#article","isPartOf":{"@id":"https:\/\/www.africa-press.net\/cameroun\/toutes-les-actualites\/cameroun-le-prefet-de-la-kadey-est-ordonne-la-fermeture-des-societes-minieres-de-kambele"},"author":{"name":"cfeditorfr","@id":"https:\/\/www.africa-press.net\/cameroun\/#\/schema\/person\/2b1cf3cd81a31e3cd26889ca66d677f1"},"headline":"Cameroun: Le Pr\u00e9fet de la Kad\u00e9y (EST) ordonne la fermeture des soci\u00e9t\u00e9s mini\u00e8res de Kambele","datePublished":"2022-07-28T16:41:18+00:00","dateModified":"2022-07-28T19:26:32+00:00","mainEntityOfPage":{"@id":"https:\/\/www.africa-press.net\/cameroun\/toutes-les-actualites\/cameroun-le-prefet-de-la-kadey-est-ordonne-la-fermeture-des-societes-minieres-de-kambele"},"wordCount":612,"commentCount":0,"image":{"@id":"https:\/\/www.africa-press.net\/cameroun\/toutes-les-actualites\/cameroun-le-prefet-de-la-kadey-est-ordonne-la-fermeture-des-societes-minieres-de-kambele#primaryimage"},"thumbnailUrl":"https:\/\/static.africa-press.net\/cameroun\/sites\/57\/2022\/07\/img-62e2e2d4b94bb.jpg","keywords":["Africa Press","Africa Press-Cameroun","Cameroun"],"articleSection":["Communaut\u00e9","homepage-french","Toutes les actualit\u00e9s"],"inLanguage":"fr-FR","potentialAction":[{"@type":"CommentAction","name":"Comment","target":["https:\/\/www.africa-press.net\/cameroun\/toutes-les-actualites\/cameroun-le-prefet-de-la-kadey-est-ordonne-la-fermeture-des-societes-minieres-de-kambele#respond"]}]},{"@type":"WebPage","@id":"https:\/\/www.africa-press.net\/cameroun\/toutes-les-actualites\/cameroun-le-prefet-de-la-kadey-est-ordonne-la-fermeture-des-societes-minieres-de-kambele","url":"https:\/\/www.africa-press.net\/cameroun\/toutes-les-actualites\/cameroun-le-prefet-de-la-kadey-est-ordonne-la-fermeture-des-societes-minieres-de-kambele","name":"Cameroun: Le Pr\u00e9fet de la Kad\u00e9y (EST) ordonne la fermeture des soci\u00e9t\u00e9s mini\u00e8res de Kambele - Cameroun","isPartOf":{"@id":"https:\/\/www.africa-press.net\/cameroun\/#website"},"primaryImageOfPage":{"@id":"https:\/\/www.africa-press.net\/cameroun\/toutes-les-actualites\/cameroun-le-prefet-de-la-kadey-est-ordonne-la-fermeture-des-societes-minieres-de-kambele#primaryimage"},"image":{"@id":"https:\/\/www.africa-press.net\/cameroun\/toutes-les-actualites\/cameroun-le-prefet-de-la-kadey-est-ordonne-la-fermeture-des-societes-minieres-de-kambele#primaryimage"},"thumbnailUrl":"https:\/\/static.africa-press.net\/cameroun\/sites\/57\/2022\/07\/img-62e2e2d4b94bb.jpg","datePublished":"2022-07-28T16:41:18+00:00","dateModified":"2022-07-28T19:26:32+00:00","author":{"@id":"https:\/\/www.africa-press.net\/cameroun\/#\/schema\/person\/2b1cf3cd81a31e3cd26889ca66d677f1"},"description":"Le 27 juillet 2022, le pr\u00e9fet du d\u00e9partement de la Kad\u00e9y, dans la r\u00e9gion de l\u2019Est du Cameroun, a sign\u00e9 \u00ab un arr\u00eat\u00e9 porta ...","breadcrumb":{"@id":"https:\/\/www.africa-press.net\/cameroun\/toutes-les-actualites\/cameroun-le-prefet-de-la-kadey-est-ordonne-la-fermeture-des-societes-minieres-de-kambele#breadcrumb"},"inLanguage":"fr-FR","potentialAction":[{"@type":"ReadAction","target":["https:\/\/www.africa-press.net\/cameroun\/toutes-les-actualites\/cameroun-le-prefet-de-la-kadey-est-ordonne-la-fermeture-des-societes-minieres-de-kambele"]}]},{"@type":"ImageObject","inLanguage":"fr-FR","@id":"https:\/\/www.africa-press.net\/cameroun\/toutes-les-actualites\/cameroun-le-prefet-de-la-kadey-est-ordonne-la-fermeture-des-societes-minieres-de-kambele#primaryimage","url":"https:\/\/static.africa-press.net\/cameroun\/sites\/57\/2022\/07\/img-62e2e2d4b94bb.jpg","contentUrl":"https:\/\/static.africa-press.net\/cameroun\/sites\/57\/2022\/07\/img-62e2e2d4b94bb.jpg","width":800,"height":533,"caption":"Cameroun: Le Pr\u00e9fet de la Kad\u00e9y (EST) ordonne la fermeture des soci\u00e9t\u00e9s mini\u00e8res de Kambele"},{"@type":"BreadcrumbList","@id":"https:\/\/www.africa-press.net\/cameroun\/toutes-les-actualites\/cameroun-le-prefet-de-la-kadey-est-ordonne-la-fermeture-des-societes-minieres-de-kambele#breadcrumb","itemListElement":[{"@type":"ListItem","position":1,"name":"Accueil","item":"https:\/\/www.africa-press.net\/cameroun\/"},{"@type":"ListItem","position":2,"name":"Cameroun: Le Pr\u00e9fet de la Kad\u00e9y (EST) ordonne la fermeture des soci\u00e9t\u00e9s mini\u00e8res de Kambele"}]},{"@type":"WebSite","@id":"https:\/\/www.africa-press.net\/cameroun\/#website","url":"https:\/\/www.africa-press.net\/cameroun\/","name":"Cameroun","description":"Just another Africa News Agency Sites site","potentialAction":[{"@type":"SearchAction","target":{"@type":"EntryPoint","urlTemplate":"https:\/\/www.africa-press.net\/cameroun\/?s={search_term_string}"},"query-input":{"@type":"PropertyValueSpecification","valueRequired":true,"valueName":"search_term_string"}}],"inLanguage":"fr-FR"},{"@type":"Person","@id":"https:\/\/www.africa-press.net\/cameroun\/#\/schema\/person\/2b1cf3cd81a31e3cd26889ca66d677f1","name":"cfeditorfr"}]}},"_links":{"self":[{"href":"https:\/\/www.africa-press.net\/cameroun\/wp-json\/wp\/v2\/posts\/24367","targetHints":{"allow":["GET"]}}],"collection":[{"href":"https:\/\/www.africa-press.net\/cameroun\/wp-json\/wp\/v2\/posts"}],"about":[{"href":"https:\/\/www.africa-press.net\/cameroun\/wp-json\/wp\/v2\/types\/post"}],"author":[{"embeddable":true,"href":"https:\/\/www.africa-press.net\/cameroun\/wp-json\/wp\/v2\/users\/82"}],"replies":[{"embeddable":true,"href":"https:\/\/www.africa-press.net\/cameroun\/wp-json\/wp\/v2\/comments?post=24367"}],"version-history":[{"count":0,"href":"https:\/\/www.africa-press.net\/cameroun\/wp-json\/wp\/v2\/posts\/24367\/revisions"}],"wp:featuredmedia":[{"embeddable":true,"href":"https:\/\/www.africa-press.net\/cameroun\/wp-json\/wp\/v2\/media\/24366"}],"wp:attachment":[{"href":"https:\/\/www.africa-press.net\/cameroun\/wp-json\/wp\/v2\/media?parent=24367"}],"wp:term":[{"taxonomy":"category","embeddable":true,"href":"https:\/\/www.africa-press.net\/cameroun\/wp-json\/wp\/v2\/categories?post=24367"},{"taxonomy":"post_tag","embeddable":true,"href":"https:\/\/www.africa-press.net\/cameroun\/wp-json\/wp\/v2\/tags?post=24367"}],"curies":[{"name":"wp","href":"https:\/\/api.w.org\/{rel}","templated":true}]}}