{"id":24370,"date":"2022-07-28T16:51:52","date_gmt":"2022-07-28T16:51:52","guid":{"rendered":"https:\/\/www.africa-press.net\/cameroun\/politique\/droits-de-lhomme-lex-dg-de-la-crtv-amadou-vamoulke-a-deja-passe-72-mois-en-detention-provisoire-sans-jugement"},"modified":"2022-07-28T19:27:07","modified_gmt":"2022-07-28T19:27:07","slug":"droits-de-lhomme-lex-dg-de-la-crtv-amadou-vamoulke-a-deja-passe-72-mois-en-detention-provisoire-sans-jugement","status":"publish","type":"post","link":"https:\/\/www.africa-press.net\/cameroun\/toutes-les-actualites\/droits-de-lhomme-lex-dg-de-la-crtv-amadou-vamoulke-a-deja-passe-72-mois-en-detention-provisoire-sans-jugement","title":{"rendered":"Droits de l\u2019Homme: L\u2019ex DG de la CRTV, Amadou Vamoulke, a d\u00e9j\u00e0 pass\u00e9 72 mois en d\u00e9tention provisoire sans jugement"},"content":{"rendered":"<p><span style=\"color: #ff6600\"><strong>Africa-Press &#8211; Cameroun. <\/strong><\/span>Le vendredi 29 juillet 2022, l\u2019ancien directeur g\u00e9n\u00e9ral de la Cameroon Radio Television (CRTV), Amadou Vamoulke, aura pass\u00e9 six ann\u00e9es en prison jour pour jour, toujours en attente de jugement. Il est incarc\u00e9r\u00e9 \u00e0 la Prison centrale de Kondengui \u00e0 Yaound\u00e9, pour des faits pr\u00e9sum\u00e9s de d\u00e9tournements de deniers publics, du temps o\u00f9 il officiait comme patron de la t\u00e9l\u00e9vision nationale, de 2005 \u00e0 2016. Il est accus\u00e9 de gonflement d\u2019assiette fiscale dans le cadre de la redevance audio-visuelle.<\/p>\n<p>Ses proc\u00e8s vont d\u2019atermoiements en atermoiements, et l\u2019ONG Reporters Sans Fronti\u00e8res (RSF) estime qu\u2019il est d\u00e9tenu arbitrairement par la justice camerounaise. \u00ab La cabale men\u00e9e contre Amadou Vamoulk\u00e9 depuis six ans rel\u00e8ve d\u2019un acharnement judiciaire inou\u00ef. 127 audiences et ce journaliste n\u2019a toujours pas \u00e9t\u00e9 jug\u00e9 pour les faits qui lui sont reproch\u00e9s. La raison est tr\u00e8s simple : l\u2019accusation a \u00e9t\u00e9 incapable de d\u00e9montrer par la moindre preuve et le moindre t\u00e9moignage les faits de d\u00e9tournements qu\u2019elle reproche \u00e0 monsieur Vamoulk\u00e9. Le caract\u00e8re arbitraire de cette d\u00e9tention a d\u2019ailleurs \u00e9t\u00e9 reconnu par l\u2019ONU qui avait recommand\u00e9 aux autorit\u00e9s camerounaises de lib\u00e9rer Vamoulk\u00e9. Ce journaliste a d\u00e9j\u00e0 perdu six ans de sa vie. Il a 72 ans. Nous esp\u00e9rons que le but recherch\u00e9 n\u2019est pas de le r\u00e9duire au silence pour toujours. Sa lib\u00e9ration n\u2019est plus seulement un enjeu \u00bb, s\u2019est d\u00e9sol\u00e9 Arnaud Froger, le responsable Afrique de RSF, dans les colonnes du quotidien Le Jour de ce jeudi 28 juillet 2022.<\/p>\n<p>Un comit\u00e9 pour la r\u00e9habilitation et la lib\u00e9ration de Vamoulk\u00e9 a m\u00eame \u00e9t\u00e9 mis sur pied pour faire pression sur la justice camerounaise afin d\u2019exiger la lib\u00e9ration d\u2019Amadou Vamoulke, et regroupe des personnalit\u00e9s de l\u2019audiovisuel mais aussi plusieurs organisations de d\u00e9fense et de protection des journalistes et les organisations des droits de l\u2019homme. Ledit comit\u00e9 a initi\u00e9 depuis 2019, la signature d\u2019une p\u00e9tition et \u00e0 ce jour, il a d\u00e9j\u00e0 collect\u00e9 des milliers de signatures et les signataires sont issus de 42 pays.<\/p>\n<p><strong>Pour plus d&rsquo;informations et d&rsquo;analyses sur la <a href=\"https:\/\/www.africa-press.net\/cameroun\">Cameroun<\/a>, suivez <a href=\"https:\/\/www.africa-press.net\/\">Africa-Press<\/a><\/strong><\/p>\n","protected":false},"excerpt":{"rendered":"<p>Africa-Press &#8211; Cameroun. Le vendredi 29 juillet 2022, l\u2019ancien directeur g\u00e9n\u00e9ral de la Cameroon Radio Television (CRTV), Amadou Vamoulke, aura pass\u00e9 six ann\u00e9es en prison jour pour jour, toujours en attente de jugement. Il est incarc\u00e9r\u00e9 \u00e0 la Prison centrale de Kondengui \u00e0 Yaound\u00e9, pour des faits pr\u00e9sum\u00e9s de d\u00e9tournements de deniers publics, du temps [&hellip;]<\/p>\n","protected":false},"author":82,"featured_media":24369,"comment_status":"open","ping_status":"closed","sticky":false,"template":"","format":"standard","meta":{"footnotes":""},"categories":[21,11,10],"tags":[36,50,49],"class_list":["post-24370","post","type-post","status-publish","format-standard","has-post-thumbnail","hentry","category-communaute","category-homepage-french","category-toutes-les-actualites","tag-africa-press","tag-africa-press-cameroun","tag-cameroun"],"yoast_head":"<!-- This site is optimized with the Yoast SEO Premium plugin v26.1 (Yoast SEO v27.0) - https:\/\/yoast.com\/product\/yoast-seo-premium-wordpress\/ -->\n<title>Droits de l\u2019Homme: L\u2019ex DG de la CRTV, Amadou Vamoulke, a d\u00e9j\u00e0 pass\u00e9 72 mois en d\u00e9tention provisoire sans jugement - Cameroun<\/title>\n<meta name=\"description\" content=\"Le vendredi 29 juillet 2022, l\u2019ancien directeur g\u00e9n\u00e9ral de la Cameroon Radio Television (CRTV), Amadou Vamoulke, aura pa ...\" \/>\n<meta name=\"robots\" content=\"index, follow, max-snippet:-1, max-image-preview:large, max-video-preview:-1\" \/>\n<link rel=\"canonical\" href=\"https:\/\/www.africa-press.net\/cameroun\/toutes-les-actualites\/droits-de-lhomme-lex-dg-de-la-crtv-amadou-vamoulke-a-deja-passe-72-mois-en-detention-provisoire-sans-jugement\" \/>\n<meta property=\"og:locale\" content=\"fr_FR\" \/>\n<meta property=\"og:type\" content=\"article\" \/>\n<meta property=\"og:title\" content=\"Droits de l\u2019Homme: L\u2019ex DG de la CRTV, Amadou Vamoulke, a d\u00e9j\u00e0 pass\u00e9 72 mois en d\u00e9tention provisoire sans jugement\" \/>\n<meta property=\"og:description\" content=\"Le vendredi 29 juillet 2022, l\u2019ancien directeur g\u00e9n\u00e9ral de la Cameroon Radio Television (CRTV), Amadou Vamoulke, aura pa ...\" \/>\n<meta property=\"og:url\" content=\"https:\/\/www.africa-press.net\/cameroun\/toutes-les-actualites\/droits-de-lhomme-lex-dg-de-la-crtv-amadou-vamoulke-a-deja-passe-72-mois-en-detention-provisoire-sans-jugement\" \/>\n<meta property=\"og:site_name\" content=\"Cameroun\" \/>\n<meta property=\"article:published_time\" content=\"2022-07-28T16:51:52+00:00\" \/>\n<meta property=\"article:modified_time\" content=\"2022-07-28T19:27:07+00:00\" \/>\n<meta property=\"og:image\" content=\"https:\/\/static.africa-press.net\/cameroun\/sites\/57\/2022\/07\/img-62e2e2f4700b0.jpg\" \/>\n\t<meta property=\"og:image:width\" content=\"800\" \/>\n\t<meta property=\"og:image:height\" content=\"484\" \/>\n\t<meta property=\"og:image:type\" content=\"image\/jpeg\" \/>\n<meta name=\"author\" content=\"cfeditorfr\" \/>\n<meta name=\"twitter:card\" content=\"summary_large_image\" \/>\n<meta name=\"twitter:label1\" content=\"\u00c9crit par\" \/>\n\t<meta name=\"twitter:data1\" content=\"cfeditorfr\" \/>\n\t<meta name=\"twitter:label2\" content=\"Dur\u00e9e de lecture estim\u00e9e\" \/>\n\t<meta name=\"twitter:data2\" content=\"2 minutes\" \/>\n<script type=\"application\/ld+json\" class=\"yoast-schema-graph\">{\"@context\":\"https:\/\/schema.org\",\"@graph\":[{\"@type\":\"Article\",\"@id\":\"https:\/\/www.africa-press.net\/cameroun\/toutes-les-actualites\/droits-de-lhomme-lex-dg-de-la-crtv-amadou-vamoulke-a-deja-passe-72-mois-en-detention-provisoire-sans-jugement#article\",\"isPartOf\":{\"@id\":\"https:\/\/www.africa-press.net\/cameroun\/toutes-les-actualites\/droits-de-lhomme-lex-dg-de-la-crtv-amadou-vamoulke-a-deja-passe-72-mois-en-detention-provisoire-sans-jugement\"},\"author\":{\"name\":\"cfeditorfr\",\"@id\":\"https:\/\/www.africa-press.net\/cameroun\/#\/schema\/person\/2b1cf3cd81a31e3cd26889ca66d677f1\"},\"headline\":\"Droits de l\u2019Homme: L\u2019ex DG de la CRTV, Amadou Vamoulke, a d\u00e9j\u00e0 pass\u00e9 72 mois en d\u00e9tention provisoire sans jugement\",\"datePublished\":\"2022-07-28T16:51:52+00:00\",\"dateModified\":\"2022-07-28T19:27:07+00:00\",\"mainEntityOfPage\":{\"@id\":\"https:\/\/www.africa-press.net\/cameroun\/toutes-les-actualites\/droits-de-lhomme-lex-dg-de-la-crtv-amadou-vamoulke-a-deja-passe-72-mois-en-detention-provisoire-sans-jugement\"},\"wordCount\":399,\"commentCount\":0,\"image\":{\"@id\":\"https:\/\/www.africa-press.net\/cameroun\/toutes-les-actualites\/droits-de-lhomme-lex-dg-de-la-crtv-amadou-vamoulke-a-deja-passe-72-mois-en-detention-provisoire-sans-jugement#primaryimage\"},\"thumbnailUrl\":\"https:\/\/static.africa-press.net\/cameroun\/sites\/57\/2022\/07\/img-62e2e2f4700b0.jpg\",\"keywords\":[\"Africa Press\",\"Africa Press-Cameroun\",\"Cameroun\"],\"articleSection\":[\"Communaut\u00e9\",\"homepage-french\",\"Toutes les actualit\u00e9s\"],\"inLanguage\":\"fr-FR\",\"potentialAction\":[{\"@type\":\"CommentAction\",\"name\":\"Comment\",\"target\":[\"https:\/\/www.africa-press.net\/cameroun\/toutes-les-actualites\/droits-de-lhomme-lex-dg-de-la-crtv-amadou-vamoulke-a-deja-passe-72-mois-en-detention-provisoire-sans-jugement#respond\"]}]},{\"@type\":\"WebPage\",\"@id\":\"https:\/\/www.africa-press.net\/cameroun\/toutes-les-actualites\/droits-de-lhomme-lex-dg-de-la-crtv-amadou-vamoulke-a-deja-passe-72-mois-en-detention-provisoire-sans-jugement\",\"url\":\"https:\/\/www.africa-press.net\/cameroun\/toutes-les-actualites\/droits-de-lhomme-lex-dg-de-la-crtv-amadou-vamoulke-a-deja-passe-72-mois-en-detention-provisoire-sans-jugement\",\"name\":\"Droits de l\u2019Homme: L\u2019ex DG de la CRTV, Amadou Vamoulke, a d\u00e9j\u00e0 pass\u00e9 72 mois en d\u00e9tention provisoire sans jugement - Cameroun\",\"isPartOf\":{\"@id\":\"https:\/\/www.africa-press.net\/cameroun\/#website\"},\"primaryImageOfPage\":{\"@id\":\"https:\/\/www.africa-press.net\/cameroun\/toutes-les-actualites\/droits-de-lhomme-lex-dg-de-la-crtv-amadou-vamoulke-a-deja-passe-72-mois-en-detention-provisoire-sans-jugement#primaryimage\"},\"image\":{\"@id\":\"https:\/\/www.africa-press.net\/cameroun\/toutes-les-actualites\/droits-de-lhomme-lex-dg-de-la-crtv-amadou-vamoulke-a-deja-passe-72-mois-en-detention-provisoire-sans-jugement#primaryimage\"},\"thumbnailUrl\":\"https:\/\/static.africa-press.net\/cameroun\/sites\/57\/2022\/07\/img-62e2e2f4700b0.jpg\",\"datePublished\":\"2022-07-28T16:51:52+00:00\",\"dateModified\":\"2022-07-28T19:27:07+00:00\",\"author\":{\"@id\":\"https:\/\/www.africa-press.net\/cameroun\/#\/schema\/person\/2b1cf3cd81a31e3cd26889ca66d677f1\"},\"description\":\"Le vendredi 29 juillet 2022, l\u2019ancien directeur g\u00e9n\u00e9ral de la Cameroon Radio Television (CRTV), Amadou Vamoulke, aura pa ...\",\"breadcrumb\":{\"@id\":\"https:\/\/www.africa-press.net\/cameroun\/toutes-les-actualites\/droits-de-lhomme-lex-dg-de-la-crtv-amadou-vamoulke-a-deja-passe-72-mois-en-detention-provisoire-sans-jugement#breadcrumb\"},\"inLanguage\":\"fr-FR\",\"potentialAction\":[{\"@type\":\"ReadAction\",\"target\":[\"https:\/\/www.africa-press.net\/cameroun\/toutes-les-actualites\/droits-de-lhomme-lex-dg-de-la-crtv-amadou-vamoulke-a-deja-passe-72-mois-en-detention-provisoire-sans-jugement\"]}]},{\"@type\":\"ImageObject\",\"inLanguage\":\"fr-FR\",\"@id\":\"https:\/\/www.africa-press.net\/cameroun\/toutes-les-actualites\/droits-de-lhomme-lex-dg-de-la-crtv-amadou-vamoulke-a-deja-passe-72-mois-en-detention-provisoire-sans-jugement#primaryimage\",\"url\":\"https:\/\/static.africa-press.net\/cameroun\/sites\/57\/2022\/07\/img-62e2e2f4700b0.jpg\",\"contentUrl\":\"https:\/\/static.africa-press.net\/cameroun\/sites\/57\/2022\/07\/img-62e2e2f4700b0.jpg\",\"width\":800,\"height\":484,\"caption\":\"Droits de l\u2019Homme: L\u2019ex DG de la CRTV, Amadou Vamoulke, a d\u00e9j\u00e0 pass\u00e9 72 mois en d\u00e9tention provisoire sans jugement\"},{\"@type\":\"BreadcrumbList\",\"@id\":\"https:\/\/www.africa-press.net\/cameroun\/toutes-les-actualites\/droits-de-lhomme-lex-dg-de-la-crtv-amadou-vamoulke-a-deja-passe-72-mois-en-detention-provisoire-sans-jugement#breadcrumb\",\"itemListElement\":[{\"@type\":\"ListItem\",\"position\":1,\"name\":\"Accueil\",\"item\":\"https:\/\/www.africa-press.net\/cameroun\/\"},{\"@type\":\"ListItem\",\"position\":2,\"name\":\"Droits de l\u2019Homme: L\u2019ex DG de la CRTV, Amadou Vamoulke, a d\u00e9j\u00e0 pass\u00e9 72 mois en d\u00e9tention provisoire sans jugement\"}]},{\"@type\":\"WebSite\",\"@id\":\"https:\/\/www.africa-press.net\/cameroun\/#website\",\"url\":\"https:\/\/www.africa-press.net\/cameroun\/\",\"name\":\"Cameroun\",\"description\":\"Just another Africa News Agency Sites site\",\"potentialAction\":[{\"@type\":\"SearchAction\",\"target\":{\"@type\":\"EntryPoint\",\"urlTemplate\":\"https:\/\/www.africa-press.net\/cameroun\/?s={search_term_string}\"},\"query-input\":{\"@type\":\"PropertyValueSpecification\",\"valueRequired\":true,\"valueName\":\"search_term_string\"}}],\"inLanguage\":\"fr-FR\"},{\"@type\":\"Person\",\"@id\":\"https:\/\/www.africa-press.net\/cameroun\/#\/schema\/person\/2b1cf3cd81a31e3cd26889ca66d677f1\",\"name\":\"cfeditorfr\"}]}<\/script>\n<!-- \/ Yoast SEO Premium plugin. -->","yoast_head_json":{"title":"Droits de l\u2019Homme: L\u2019ex DG de la CRTV, Amadou Vamoulke, a d\u00e9j\u00e0 pass\u00e9 72 mois en d\u00e9tention provisoire sans jugement - Cameroun","description":"Le vendredi 29 juillet 2022, l\u2019ancien directeur g\u00e9n\u00e9ral de la Cameroon Radio Television (CRTV), Amadou Vamoulke, aura pa ...","robots":{"index":"index","follow":"follow","max-snippet":"max-snippet:-1","max-image-preview":"max-image-preview:large","max-video-preview":"max-video-preview:-1"},"canonical":"https:\/\/www.africa-press.net\/cameroun\/toutes-les-actualites\/droits-de-lhomme-lex-dg-de-la-crtv-amadou-vamoulke-a-deja-passe-72-mois-en-detention-provisoire-sans-jugement","og_locale":"fr_FR","og_type":"article","og_title":"Droits de l\u2019Homme: L\u2019ex DG de la CRTV, Amadou Vamoulke, a d\u00e9j\u00e0 pass\u00e9 72 mois en d\u00e9tention provisoire sans jugement","og_description":"Le vendredi 29 juillet 2022, l\u2019ancien directeur g\u00e9n\u00e9ral de la Cameroon Radio Television (CRTV), Amadou Vamoulke, aura pa ...","og_url":"https:\/\/www.africa-press.net\/cameroun\/toutes-les-actualites\/droits-de-lhomme-lex-dg-de-la-crtv-amadou-vamoulke-a-deja-passe-72-mois-en-detention-provisoire-sans-jugement","og_site_name":"Cameroun","article_published_time":"2022-07-28T16:51:52+00:00","article_modified_time":"2022-07-28T19:27:07+00:00","og_image":[{"width":800,"height":484,"url":"https:\/\/static.africa-press.net\/cameroun\/sites\/57\/2022\/07\/img-62e2e2f4700b0.jpg","type":"image\/jpeg"}],"author":"cfeditorfr","twitter_card":"summary_large_image","twitter_misc":{"\u00c9crit par":"cfeditorfr","Dur\u00e9e de lecture estim\u00e9e":"2 minutes"},"schema":{"@context":"https:\/\/schema.org","@graph":[{"@type":"Article","@id":"https:\/\/www.africa-press.net\/cameroun\/toutes-les-actualites\/droits-de-lhomme-lex-dg-de-la-crtv-amadou-vamoulke-a-deja-passe-72-mois-en-detention-provisoire-sans-jugement#article","isPartOf":{"@id":"https:\/\/www.africa-press.net\/cameroun\/toutes-les-actualites\/droits-de-lhomme-lex-dg-de-la-crtv-amadou-vamoulke-a-deja-passe-72-mois-en-detention-provisoire-sans-jugement"},"author":{"name":"cfeditorfr","@id":"https:\/\/www.africa-press.net\/cameroun\/#\/schema\/person\/2b1cf3cd81a31e3cd26889ca66d677f1"},"headline":"Droits de l\u2019Homme: L\u2019ex DG de la CRTV, Amadou Vamoulke, a d\u00e9j\u00e0 pass\u00e9 72 mois en d\u00e9tention provisoire sans jugement","datePublished":"2022-07-28T16:51:52+00:00","dateModified":"2022-07-28T19:27:07+00:00","mainEntityOfPage":{"@id":"https:\/\/www.africa-press.net\/cameroun\/toutes-les-actualites\/droits-de-lhomme-lex-dg-de-la-crtv-amadou-vamoulke-a-deja-passe-72-mois-en-detention-provisoire-sans-jugement"},"wordCount":399,"commentCount":0,"image":{"@id":"https:\/\/www.africa-press.net\/cameroun\/toutes-les-actualites\/droits-de-lhomme-lex-dg-de-la-crtv-amadou-vamoulke-a-deja-passe-72-mois-en-detention-provisoire-sans-jugement#primaryimage"},"thumbnailUrl":"https:\/\/static.africa-press.net\/cameroun\/sites\/57\/2022\/07\/img-62e2e2f4700b0.jpg","keywords":["Africa Press","Africa Press-Cameroun","Cameroun"],"articleSection":["Communaut\u00e9","homepage-french","Toutes les actualit\u00e9s"],"inLanguage":"fr-FR","potentialAction":[{"@type":"CommentAction","name":"Comment","target":["https:\/\/www.africa-press.net\/cameroun\/toutes-les-actualites\/droits-de-lhomme-lex-dg-de-la-crtv-amadou-vamoulke-a-deja-passe-72-mois-en-detention-provisoire-sans-jugement#respond"]}]},{"@type":"WebPage","@id":"https:\/\/www.africa-press.net\/cameroun\/toutes-les-actualites\/droits-de-lhomme-lex-dg-de-la-crtv-amadou-vamoulke-a-deja-passe-72-mois-en-detention-provisoire-sans-jugement","url":"https:\/\/www.africa-press.net\/cameroun\/toutes-les-actualites\/droits-de-lhomme-lex-dg-de-la-crtv-amadou-vamoulke-a-deja-passe-72-mois-en-detention-provisoire-sans-jugement","name":"Droits de l\u2019Homme: L\u2019ex DG de la CRTV, Amadou Vamoulke, a d\u00e9j\u00e0 pass\u00e9 72 mois en d\u00e9tention provisoire sans jugement - Cameroun","isPartOf":{"@id":"https:\/\/www.africa-press.net\/cameroun\/#website"},"primaryImageOfPage":{"@id":"https:\/\/www.africa-press.net\/cameroun\/toutes-les-actualites\/droits-de-lhomme-lex-dg-de-la-crtv-amadou-vamoulke-a-deja-passe-72-mois-en-detention-provisoire-sans-jugement#primaryimage"},"image":{"@id":"https:\/\/www.africa-press.net\/cameroun\/toutes-les-actualites\/droits-de-lhomme-lex-dg-de-la-crtv-amadou-vamoulke-a-deja-passe-72-mois-en-detention-provisoire-sans-jugement#primaryimage"},"thumbnailUrl":"https:\/\/static.africa-press.net\/cameroun\/sites\/57\/2022\/07\/img-62e2e2f4700b0.jpg","datePublished":"2022-07-28T16:51:52+00:00","dateModified":"2022-07-28T19:27:07+00:00","author":{"@id":"https:\/\/www.africa-press.net\/cameroun\/#\/schema\/person\/2b1cf3cd81a31e3cd26889ca66d677f1"},"description":"Le vendredi 29 juillet 2022, l\u2019ancien directeur g\u00e9n\u00e9ral de la Cameroon Radio Television (CRTV), Amadou Vamoulke, aura pa ...","breadcrumb":{"@id":"https:\/\/www.africa-press.net\/cameroun\/toutes-les-actualites\/droits-de-lhomme-lex-dg-de-la-crtv-amadou-vamoulke-a-deja-passe-72-mois-en-detention-provisoire-sans-jugement#breadcrumb"},"inLanguage":"fr-FR","potentialAction":[{"@type":"ReadAction","target":["https:\/\/www.africa-press.net\/cameroun\/toutes-les-actualites\/droits-de-lhomme-lex-dg-de-la-crtv-amadou-vamoulke-a-deja-passe-72-mois-en-detention-provisoire-sans-jugement"]}]},{"@type":"ImageObject","inLanguage":"fr-FR","@id":"https:\/\/www.africa-press.net\/cameroun\/toutes-les-actualites\/droits-de-lhomme-lex-dg-de-la-crtv-amadou-vamoulke-a-deja-passe-72-mois-en-detention-provisoire-sans-jugement#primaryimage","url":"https:\/\/static.africa-press.net\/cameroun\/sites\/57\/2022\/07\/img-62e2e2f4700b0.jpg","contentUrl":"https:\/\/static.africa-press.net\/cameroun\/sites\/57\/2022\/07\/img-62e2e2f4700b0.jpg","width":800,"height":484,"caption":"Droits de l\u2019Homme: L\u2019ex DG de la CRTV, Amadou Vamoulke, a d\u00e9j\u00e0 pass\u00e9 72 mois en d\u00e9tention provisoire sans jugement"},{"@type":"BreadcrumbList","@id":"https:\/\/www.africa-press.net\/cameroun\/toutes-les-actualites\/droits-de-lhomme-lex-dg-de-la-crtv-amadou-vamoulke-a-deja-passe-72-mois-en-detention-provisoire-sans-jugement#breadcrumb","itemListElement":[{"@type":"ListItem","position":1,"name":"Accueil","item":"https:\/\/www.africa-press.net\/cameroun\/"},{"@type":"ListItem","position":2,"name":"Droits de l\u2019Homme: L\u2019ex DG de la CRTV, Amadou Vamoulke, a d\u00e9j\u00e0 pass\u00e9 72 mois en d\u00e9tention provisoire sans jugement"}]},{"@type":"WebSite","@id":"https:\/\/www.africa-press.net\/cameroun\/#website","url":"https:\/\/www.africa-press.net\/cameroun\/","name":"Cameroun","description":"Just another Africa News Agency Sites site","potentialAction":[{"@type":"SearchAction","target":{"@type":"EntryPoint","urlTemplate":"https:\/\/www.africa-press.net\/cameroun\/?s={search_term_string}"},"query-input":{"@type":"PropertyValueSpecification","valueRequired":true,"valueName":"search_term_string"}}],"inLanguage":"fr-FR"},{"@type":"Person","@id":"https:\/\/www.africa-press.net\/cameroun\/#\/schema\/person\/2b1cf3cd81a31e3cd26889ca66d677f1","name":"cfeditorfr"}]}},"_links":{"self":[{"href":"https:\/\/www.africa-press.net\/cameroun\/wp-json\/wp\/v2\/posts\/24370","targetHints":{"allow":["GET"]}}],"collection":[{"href":"https:\/\/www.africa-press.net\/cameroun\/wp-json\/wp\/v2\/posts"}],"about":[{"href":"https:\/\/www.africa-press.net\/cameroun\/wp-json\/wp\/v2\/types\/post"}],"author":[{"embeddable":true,"href":"https:\/\/www.africa-press.net\/cameroun\/wp-json\/wp\/v2\/users\/82"}],"replies":[{"embeddable":true,"href":"https:\/\/www.africa-press.net\/cameroun\/wp-json\/wp\/v2\/comments?post=24370"}],"version-history":[{"count":0,"href":"https:\/\/www.africa-press.net\/cameroun\/wp-json\/wp\/v2\/posts\/24370\/revisions"}],"wp:featuredmedia":[{"embeddable":true,"href":"https:\/\/www.africa-press.net\/cameroun\/wp-json\/wp\/v2\/media\/24369"}],"wp:attachment":[{"href":"https:\/\/www.africa-press.net\/cameroun\/wp-json\/wp\/v2\/media?parent=24370"}],"wp:term":[{"taxonomy":"category","embeddable":true,"href":"https:\/\/www.africa-press.net\/cameroun\/wp-json\/wp\/v2\/categories?post=24370"},{"taxonomy":"post_tag","embeddable":true,"href":"https:\/\/www.africa-press.net\/cameroun\/wp-json\/wp\/v2\/tags?post=24370"}],"curies":[{"name":"wp","href":"https:\/\/api.w.org\/{rel}","templated":true}]}}