{"id":24373,"date":"2022-07-28T16:57:23","date_gmt":"2022-07-28T16:57:23","guid":{"rendered":"https:\/\/www.africa-press.net\/cameroun\/politique\/justice-la-presidence-de-la-republique-ordonne-encore-la-liberation-de-lex-ministre-de-leau-et-de-lenergie-basile-atangana-kouna"},"modified":"2022-07-28T19:27:39","modified_gmt":"2022-07-28T19:27:39","slug":"justice-la-presidence-de-la-republique-ordonne-encore-la-liberation-de-lex-ministre-de-leau-et-de-lenergie-basile-atangana-kouna","status":"publish","type":"post","link":"https:\/\/www.africa-press.net\/cameroun\/toutes-les-actualites\/justice-la-presidence-de-la-republique-ordonne-encore-la-liberation-de-lex-ministre-de-leau-et-de-lenergie-basile-atangana-kouna","title":{"rendered":"Justice: La Pr\u00e9sidence de la R\u00e9publique ordonne (encore) la lib\u00e9ration de l\u2019ex ministre de l\u2019Eau et de l\u2019Energie, Basile Atangana Kouna"},"content":{"rendered":"<p><span style=\"color: #ff6600\"><strong>Africa-Press &#8211; Cameroun. <\/strong><\/span>L\u2019ancien ministre de l\u2019Eau et de l\u2019Energie, Basile Atangana Kouna, devrait bient\u00f4t recouvrer la libert\u00e9. La Pr\u00e9sidence de la R\u00e9publique vient en effet d\u2019ordonner sa lib\u00e9ration, \u00e0 travers une correspondance du secr\u00e9taire g\u00e9n\u00e9ral de la pr\u00e9sidence, Ferdinand Ngoh Ngoh, adress\u00e9e le 25 juillet 2022 au ministre d\u2019Etat, ministre de la Justice, Garde des Sceaux, Laurent Esso, avec comme objet : \u00ab Arr\u00eat des poursuites engag\u00e9es contre le nomm\u00e9 Basile Atangana Kouna \u00bb.<\/p>\n<p>Ferdinand Ngoh Ngoh \u00e9crit : \u00ab J\u2019ai l\u2019honneur de vous r\u00e9percuter les hautes instructions du Chef de l\u2019Etats vous r\u00e9it\u00e9rant son accord, en vue de la mesure port\u00e9e en objet et vous indiquant que le recours \u00e0 l\u2019article 64 (3) du Code de proc\u00e9dure p\u00e9nale est sans int\u00e9r\u00eat en l\u2019esp\u00e8ce, l\u2019int\u00e9resse ayant int\u00e9gralement restitu\u00e9 le corps du d\u00e9lit \u00bb.<\/p>\n<p>Il s\u2019agit d\u2019une deuxi\u00e8me relance de la pr\u00e9sidence au ministre de la Justice sur ce dossier, pour lequel il avait d\u00e9j\u00e0 \u00e9t\u00e9 saisi en d\u00e9cembre 2020 pour un motif identique. Incarc\u00e9r\u00e9 depuis mars 2018 \u00e0 la prison centrale de Kondengui, Basile Atangana Kouna est accus\u00e9 de \u00ab d\u00e9tournement de derniers publics en coaction \u00bb, \u00ab complicit\u00e9 \u00bb des m\u00eames faits et \u00ab \u00e9migration clandestine \u00bb. Il lui \u00e9tait notamment reproch\u00e9 d\u2019avoir mis sur pied en coaction une \u00ab soci\u00e9t\u00e9 \u00e9cran \u00bb d\u00e9nomm\u00e9e Aspac Cemac Sarl pour sous-traiter frauduleusement un contrat commercial d\u2019environ 40 milliards de F CFA conclu en novembre 2009 entre la Cameroon Water Utilities (Camwater) et l\u2019entreprise belge Aspac International.<\/p>\n<p><strong>Pour plus d&rsquo;informations et d&rsquo;analyses sur la <a href=\"https:\/\/www.africa-press.net\/cameroun\">Cameroun<\/a>, suivez <a href=\"https:\/\/www.africa-press.net\/\">Africa-Press<\/a><\/strong><\/p>\n","protected":false},"excerpt":{"rendered":"<p>Africa-Press &#8211; Cameroun. L\u2019ancien ministre de l\u2019Eau et de l\u2019Energie, Basile Atangana Kouna, devrait bient\u00f4t recouvrer la libert\u00e9. La Pr\u00e9sidence de la R\u00e9publique vient en effet d\u2019ordonner sa lib\u00e9ration, \u00e0 travers une correspondance du secr\u00e9taire g\u00e9n\u00e9ral de la pr\u00e9sidence, Ferdinand Ngoh Ngoh, adress\u00e9e le 25 juillet 2022 au ministre d\u2019Etat, ministre de la Justice, Garde [&hellip;]<\/p>\n","protected":false},"author":82,"featured_media":24372,"comment_status":"open","ping_status":"closed","sticky":false,"template":"","format":"standard","meta":{"footnotes":""},"categories":[21,11,10],"tags":[36,50,49],"class_list":["post-24373","post","type-post","status-publish","format-standard","has-post-thumbnail","hentry","category-communaute","category-homepage-french","category-toutes-les-actualites","tag-africa-press","tag-africa-press-cameroun","tag-cameroun"],"yoast_head":"<!-- This site is optimized with the Yoast SEO Premium plugin v26.1 (Yoast SEO v27.0) - https:\/\/yoast.com\/product\/yoast-seo-premium-wordpress\/ -->\n<title>Justice: La Pr\u00e9sidence de la R\u00e9publique ordonne (encore) la lib\u00e9ration de l\u2019ex ministre de l\u2019Eau et de l\u2019Energie, Basile Atangana Kouna - Cameroun<\/title>\n<meta name=\"description\" content=\"L\u2019ancien ministre de l\u2019Eau et de l\u2019Energie, Basile Atangana Kouna, devrait bient\u00f4t recouvrer la libert\u00e9. La Pr\u00e9sidence d ...\" \/>\n<meta name=\"robots\" content=\"index, follow, max-snippet:-1, max-image-preview:large, max-video-preview:-1\" \/>\n<link rel=\"canonical\" href=\"https:\/\/www.africa-press.net\/cameroun\/toutes-les-actualites\/justice-la-presidence-de-la-republique-ordonne-encore-la-liberation-de-lex-ministre-de-leau-et-de-lenergie-basile-atangana-kouna\" \/>\n<meta property=\"og:locale\" content=\"fr_FR\" \/>\n<meta property=\"og:type\" content=\"article\" \/>\n<meta property=\"og:title\" content=\"Justice: La Pr\u00e9sidence de la R\u00e9publique ordonne (encore) la lib\u00e9ration de l\u2019ex ministre de l\u2019Eau et de l\u2019Energie, Basile Atangana Kouna\" \/>\n<meta property=\"og:description\" content=\"L\u2019ancien ministre de l\u2019Eau et de l\u2019Energie, Basile Atangana Kouna, devrait bient\u00f4t recouvrer la libert\u00e9. La Pr\u00e9sidence d ...\" \/>\n<meta property=\"og:url\" content=\"https:\/\/www.africa-press.net\/cameroun\/toutes-les-actualites\/justice-la-presidence-de-la-republique-ordonne-encore-la-liberation-de-lex-ministre-de-leau-et-de-lenergie-basile-atangana-kouna\" \/>\n<meta property=\"og:site_name\" content=\"Cameroun\" \/>\n<meta property=\"article:published_time\" content=\"2022-07-28T16:57:23+00:00\" \/>\n<meta property=\"article:modified_time\" content=\"2022-07-28T19:27:39+00:00\" \/>\n<meta property=\"og:image\" content=\"https:\/\/static.africa-press.net\/cameroun\/sites\/57\/2022\/07\/img-62e2e3159fddc.jpg\" \/>\n\t<meta property=\"og:image:width\" content=\"800\" \/>\n\t<meta property=\"og:image:height\" content=\"440\" \/>\n\t<meta property=\"og:image:type\" content=\"image\/jpeg\" \/>\n<meta name=\"author\" content=\"cfeditorfr\" \/>\n<meta name=\"twitter:card\" content=\"summary_large_image\" \/>\n<meta name=\"twitter:label1\" content=\"\u00c9crit par\" \/>\n\t<meta name=\"twitter:data1\" content=\"cfeditorfr\" \/>\n\t<meta name=\"twitter:label2\" content=\"Dur\u00e9e de lecture estim\u00e9e\" \/>\n\t<meta name=\"twitter:data2\" content=\"2 minutes\" \/>\n<script type=\"application\/ld+json\" class=\"yoast-schema-graph\">{\"@context\":\"https:\/\/schema.org\",\"@graph\":[{\"@type\":\"Article\",\"@id\":\"https:\/\/www.africa-press.net\/cameroun\/toutes-les-actualites\/justice-la-presidence-de-la-republique-ordonne-encore-la-liberation-de-lex-ministre-de-leau-et-de-lenergie-basile-atangana-kouna#article\",\"isPartOf\":{\"@id\":\"https:\/\/www.africa-press.net\/cameroun\/toutes-les-actualites\/justice-la-presidence-de-la-republique-ordonne-encore-la-liberation-de-lex-ministre-de-leau-et-de-lenergie-basile-atangana-kouna\"},\"author\":{\"name\":\"cfeditorfr\",\"@id\":\"https:\/\/www.africa-press.net\/cameroun\/#\/schema\/person\/2b1cf3cd81a31e3cd26889ca66d677f1\"},\"headline\":\"Justice: La Pr\u00e9sidence de la R\u00e9publique ordonne (encore) la lib\u00e9ration de l\u2019ex ministre de l\u2019Eau et de l\u2019Energie, Basile Atangana Kouna\",\"datePublished\":\"2022-07-28T16:57:23+00:00\",\"dateModified\":\"2022-07-28T19:27:39+00:00\",\"mainEntityOfPage\":{\"@id\":\"https:\/\/www.africa-press.net\/cameroun\/toutes-les-actualites\/justice-la-presidence-de-la-republique-ordonne-encore-la-liberation-de-lex-ministre-de-leau-et-de-lenergie-basile-atangana-kouna\"},\"wordCount\":309,\"commentCount\":0,\"image\":{\"@id\":\"https:\/\/www.africa-press.net\/cameroun\/toutes-les-actualites\/justice-la-presidence-de-la-republique-ordonne-encore-la-liberation-de-lex-ministre-de-leau-et-de-lenergie-basile-atangana-kouna#primaryimage\"},\"thumbnailUrl\":\"https:\/\/static.africa-press.net\/cameroun\/sites\/57\/2022\/07\/img-62e2e3159fddc.jpg\",\"keywords\":[\"Africa Press\",\"Africa Press-Cameroun\",\"Cameroun\"],\"articleSection\":[\"Communaut\u00e9\",\"homepage-french\",\"Toutes les actualit\u00e9s\"],\"inLanguage\":\"fr-FR\",\"potentialAction\":[{\"@type\":\"CommentAction\",\"name\":\"Comment\",\"target\":[\"https:\/\/www.africa-press.net\/cameroun\/toutes-les-actualites\/justice-la-presidence-de-la-republique-ordonne-encore-la-liberation-de-lex-ministre-de-leau-et-de-lenergie-basile-atangana-kouna#respond\"]}]},{\"@type\":\"WebPage\",\"@id\":\"https:\/\/www.africa-press.net\/cameroun\/toutes-les-actualites\/justice-la-presidence-de-la-republique-ordonne-encore-la-liberation-de-lex-ministre-de-leau-et-de-lenergie-basile-atangana-kouna\",\"url\":\"https:\/\/www.africa-press.net\/cameroun\/toutes-les-actualites\/justice-la-presidence-de-la-republique-ordonne-encore-la-liberation-de-lex-ministre-de-leau-et-de-lenergie-basile-atangana-kouna\",\"name\":\"Justice: La Pr\u00e9sidence de la R\u00e9publique ordonne (encore) la lib\u00e9ration de l\u2019ex ministre de l\u2019Eau et de l\u2019Energie, Basile Atangana Kouna - Cameroun\",\"isPartOf\":{\"@id\":\"https:\/\/www.africa-press.net\/cameroun\/#website\"},\"primaryImageOfPage\":{\"@id\":\"https:\/\/www.africa-press.net\/cameroun\/toutes-les-actualites\/justice-la-presidence-de-la-republique-ordonne-encore-la-liberation-de-lex-ministre-de-leau-et-de-lenergie-basile-atangana-kouna#primaryimage\"},\"image\":{\"@id\":\"https:\/\/www.africa-press.net\/cameroun\/toutes-les-actualites\/justice-la-presidence-de-la-republique-ordonne-encore-la-liberation-de-lex-ministre-de-leau-et-de-lenergie-basile-atangana-kouna#primaryimage\"},\"thumbnailUrl\":\"https:\/\/static.africa-press.net\/cameroun\/sites\/57\/2022\/07\/img-62e2e3159fddc.jpg\",\"datePublished\":\"2022-07-28T16:57:23+00:00\",\"dateModified\":\"2022-07-28T19:27:39+00:00\",\"author\":{\"@id\":\"https:\/\/www.africa-press.net\/cameroun\/#\/schema\/person\/2b1cf3cd81a31e3cd26889ca66d677f1\"},\"description\":\"L\u2019ancien ministre de l\u2019Eau et de l\u2019Energie, Basile Atangana Kouna, devrait bient\u00f4t recouvrer la libert\u00e9. La Pr\u00e9sidence d ...\",\"breadcrumb\":{\"@id\":\"https:\/\/www.africa-press.net\/cameroun\/toutes-les-actualites\/justice-la-presidence-de-la-republique-ordonne-encore-la-liberation-de-lex-ministre-de-leau-et-de-lenergie-basile-atangana-kouna#breadcrumb\"},\"inLanguage\":\"fr-FR\",\"potentialAction\":[{\"@type\":\"ReadAction\",\"target\":[\"https:\/\/www.africa-press.net\/cameroun\/toutes-les-actualites\/justice-la-presidence-de-la-republique-ordonne-encore-la-liberation-de-lex-ministre-de-leau-et-de-lenergie-basile-atangana-kouna\"]}]},{\"@type\":\"ImageObject\",\"inLanguage\":\"fr-FR\",\"@id\":\"https:\/\/www.africa-press.net\/cameroun\/toutes-les-actualites\/justice-la-presidence-de-la-republique-ordonne-encore-la-liberation-de-lex-ministre-de-leau-et-de-lenergie-basile-atangana-kouna#primaryimage\",\"url\":\"https:\/\/static.africa-press.net\/cameroun\/sites\/57\/2022\/07\/img-62e2e3159fddc.jpg\",\"contentUrl\":\"https:\/\/static.africa-press.net\/cameroun\/sites\/57\/2022\/07\/img-62e2e3159fddc.jpg\",\"width\":800,\"height\":440,\"caption\":\"Justice: La Pr\u00e9sidence de la R\u00e9publique ordonne (encore) la lib\u00e9ration de l\u2019ex ministre de l\u2019Eau et de l\u2019Energie, Basile Atangana Kouna\"},{\"@type\":\"BreadcrumbList\",\"@id\":\"https:\/\/www.africa-press.net\/cameroun\/toutes-les-actualites\/justice-la-presidence-de-la-republique-ordonne-encore-la-liberation-de-lex-ministre-de-leau-et-de-lenergie-basile-atangana-kouna#breadcrumb\",\"itemListElement\":[{\"@type\":\"ListItem\",\"position\":1,\"name\":\"Accueil\",\"item\":\"https:\/\/www.africa-press.net\/cameroun\/\"},{\"@type\":\"ListItem\",\"position\":2,\"name\":\"Justice: La Pr\u00e9sidence de la R\u00e9publique ordonne (encore) la lib\u00e9ration de l\u2019ex ministre de l\u2019Eau et de l\u2019Energie, Basile Atangana Kouna\"}]},{\"@type\":\"WebSite\",\"@id\":\"https:\/\/www.africa-press.net\/cameroun\/#website\",\"url\":\"https:\/\/www.africa-press.net\/cameroun\/\",\"name\":\"Cameroun\",\"description\":\"Just another Africa News Agency Sites site\",\"potentialAction\":[{\"@type\":\"SearchAction\",\"target\":{\"@type\":\"EntryPoint\",\"urlTemplate\":\"https:\/\/www.africa-press.net\/cameroun\/?s={search_term_string}\"},\"query-input\":{\"@type\":\"PropertyValueSpecification\",\"valueRequired\":true,\"valueName\":\"search_term_string\"}}],\"inLanguage\":\"fr-FR\"},{\"@type\":\"Person\",\"@id\":\"https:\/\/www.africa-press.net\/cameroun\/#\/schema\/person\/2b1cf3cd81a31e3cd26889ca66d677f1\",\"name\":\"cfeditorfr\"}]}<\/script>\n<!-- \/ Yoast SEO Premium plugin. -->","yoast_head_json":{"title":"Justice: La Pr\u00e9sidence de la R\u00e9publique ordonne (encore) la lib\u00e9ration de l\u2019ex ministre de l\u2019Eau et de l\u2019Energie, Basile Atangana Kouna - Cameroun","description":"L\u2019ancien ministre de l\u2019Eau et de l\u2019Energie, Basile Atangana Kouna, devrait bient\u00f4t recouvrer la libert\u00e9. La Pr\u00e9sidence d ...","robots":{"index":"index","follow":"follow","max-snippet":"max-snippet:-1","max-image-preview":"max-image-preview:large","max-video-preview":"max-video-preview:-1"},"canonical":"https:\/\/www.africa-press.net\/cameroun\/toutes-les-actualites\/justice-la-presidence-de-la-republique-ordonne-encore-la-liberation-de-lex-ministre-de-leau-et-de-lenergie-basile-atangana-kouna","og_locale":"fr_FR","og_type":"article","og_title":"Justice: La Pr\u00e9sidence de la R\u00e9publique ordonne (encore) la lib\u00e9ration de l\u2019ex ministre de l\u2019Eau et de l\u2019Energie, Basile Atangana Kouna","og_description":"L\u2019ancien ministre de l\u2019Eau et de l\u2019Energie, Basile Atangana Kouna, devrait bient\u00f4t recouvrer la libert\u00e9. La Pr\u00e9sidence d ...","og_url":"https:\/\/www.africa-press.net\/cameroun\/toutes-les-actualites\/justice-la-presidence-de-la-republique-ordonne-encore-la-liberation-de-lex-ministre-de-leau-et-de-lenergie-basile-atangana-kouna","og_site_name":"Cameroun","article_published_time":"2022-07-28T16:57:23+00:00","article_modified_time":"2022-07-28T19:27:39+00:00","og_image":[{"width":800,"height":440,"url":"https:\/\/static.africa-press.net\/cameroun\/sites\/57\/2022\/07\/img-62e2e3159fddc.jpg","type":"image\/jpeg"}],"author":"cfeditorfr","twitter_card":"summary_large_image","twitter_misc":{"\u00c9crit par":"cfeditorfr","Dur\u00e9e de lecture estim\u00e9e":"2 minutes"},"schema":{"@context":"https:\/\/schema.org","@graph":[{"@type":"Article","@id":"https:\/\/www.africa-press.net\/cameroun\/toutes-les-actualites\/justice-la-presidence-de-la-republique-ordonne-encore-la-liberation-de-lex-ministre-de-leau-et-de-lenergie-basile-atangana-kouna#article","isPartOf":{"@id":"https:\/\/www.africa-press.net\/cameroun\/toutes-les-actualites\/justice-la-presidence-de-la-republique-ordonne-encore-la-liberation-de-lex-ministre-de-leau-et-de-lenergie-basile-atangana-kouna"},"author":{"name":"cfeditorfr","@id":"https:\/\/www.africa-press.net\/cameroun\/#\/schema\/person\/2b1cf3cd81a31e3cd26889ca66d677f1"},"headline":"Justice: La Pr\u00e9sidence de la R\u00e9publique ordonne (encore) la lib\u00e9ration de l\u2019ex ministre de l\u2019Eau et de l\u2019Energie, Basile Atangana Kouna","datePublished":"2022-07-28T16:57:23+00:00","dateModified":"2022-07-28T19:27:39+00:00","mainEntityOfPage":{"@id":"https:\/\/www.africa-press.net\/cameroun\/toutes-les-actualites\/justice-la-presidence-de-la-republique-ordonne-encore-la-liberation-de-lex-ministre-de-leau-et-de-lenergie-basile-atangana-kouna"},"wordCount":309,"commentCount":0,"image":{"@id":"https:\/\/www.africa-press.net\/cameroun\/toutes-les-actualites\/justice-la-presidence-de-la-republique-ordonne-encore-la-liberation-de-lex-ministre-de-leau-et-de-lenergie-basile-atangana-kouna#primaryimage"},"thumbnailUrl":"https:\/\/static.africa-press.net\/cameroun\/sites\/57\/2022\/07\/img-62e2e3159fddc.jpg","keywords":["Africa Press","Africa Press-Cameroun","Cameroun"],"articleSection":["Communaut\u00e9","homepage-french","Toutes les actualit\u00e9s"],"inLanguage":"fr-FR","potentialAction":[{"@type":"CommentAction","name":"Comment","target":["https:\/\/www.africa-press.net\/cameroun\/toutes-les-actualites\/justice-la-presidence-de-la-republique-ordonne-encore-la-liberation-de-lex-ministre-de-leau-et-de-lenergie-basile-atangana-kouna#respond"]}]},{"@type":"WebPage","@id":"https:\/\/www.africa-press.net\/cameroun\/toutes-les-actualites\/justice-la-presidence-de-la-republique-ordonne-encore-la-liberation-de-lex-ministre-de-leau-et-de-lenergie-basile-atangana-kouna","url":"https:\/\/www.africa-press.net\/cameroun\/toutes-les-actualites\/justice-la-presidence-de-la-republique-ordonne-encore-la-liberation-de-lex-ministre-de-leau-et-de-lenergie-basile-atangana-kouna","name":"Justice: La Pr\u00e9sidence de la R\u00e9publique ordonne (encore) la lib\u00e9ration de l\u2019ex ministre de l\u2019Eau et de l\u2019Energie, Basile Atangana Kouna - Cameroun","isPartOf":{"@id":"https:\/\/www.africa-press.net\/cameroun\/#website"},"primaryImageOfPage":{"@id":"https:\/\/www.africa-press.net\/cameroun\/toutes-les-actualites\/justice-la-presidence-de-la-republique-ordonne-encore-la-liberation-de-lex-ministre-de-leau-et-de-lenergie-basile-atangana-kouna#primaryimage"},"image":{"@id":"https:\/\/www.africa-press.net\/cameroun\/toutes-les-actualites\/justice-la-presidence-de-la-republique-ordonne-encore-la-liberation-de-lex-ministre-de-leau-et-de-lenergie-basile-atangana-kouna#primaryimage"},"thumbnailUrl":"https:\/\/static.africa-press.net\/cameroun\/sites\/57\/2022\/07\/img-62e2e3159fddc.jpg","datePublished":"2022-07-28T16:57:23+00:00","dateModified":"2022-07-28T19:27:39+00:00","author":{"@id":"https:\/\/www.africa-press.net\/cameroun\/#\/schema\/person\/2b1cf3cd81a31e3cd26889ca66d677f1"},"description":"L\u2019ancien ministre de l\u2019Eau et de l\u2019Energie, Basile Atangana Kouna, devrait bient\u00f4t recouvrer la libert\u00e9. La Pr\u00e9sidence d ...","breadcrumb":{"@id":"https:\/\/www.africa-press.net\/cameroun\/toutes-les-actualites\/justice-la-presidence-de-la-republique-ordonne-encore-la-liberation-de-lex-ministre-de-leau-et-de-lenergie-basile-atangana-kouna#breadcrumb"},"inLanguage":"fr-FR","potentialAction":[{"@type":"ReadAction","target":["https:\/\/www.africa-press.net\/cameroun\/toutes-les-actualites\/justice-la-presidence-de-la-republique-ordonne-encore-la-liberation-de-lex-ministre-de-leau-et-de-lenergie-basile-atangana-kouna"]}]},{"@type":"ImageObject","inLanguage":"fr-FR","@id":"https:\/\/www.africa-press.net\/cameroun\/toutes-les-actualites\/justice-la-presidence-de-la-republique-ordonne-encore-la-liberation-de-lex-ministre-de-leau-et-de-lenergie-basile-atangana-kouna#primaryimage","url":"https:\/\/static.africa-press.net\/cameroun\/sites\/57\/2022\/07\/img-62e2e3159fddc.jpg","contentUrl":"https:\/\/static.africa-press.net\/cameroun\/sites\/57\/2022\/07\/img-62e2e3159fddc.jpg","width":800,"height":440,"caption":"Justice: La Pr\u00e9sidence de la R\u00e9publique ordonne (encore) la lib\u00e9ration de l\u2019ex ministre de l\u2019Eau et de l\u2019Energie, Basile Atangana Kouna"},{"@type":"BreadcrumbList","@id":"https:\/\/www.africa-press.net\/cameroun\/toutes-les-actualites\/justice-la-presidence-de-la-republique-ordonne-encore-la-liberation-de-lex-ministre-de-leau-et-de-lenergie-basile-atangana-kouna#breadcrumb","itemListElement":[{"@type":"ListItem","position":1,"name":"Accueil","item":"https:\/\/www.africa-press.net\/cameroun\/"},{"@type":"ListItem","position":2,"name":"Justice: La Pr\u00e9sidence de la R\u00e9publique ordonne (encore) la lib\u00e9ration de l\u2019ex ministre de l\u2019Eau et de l\u2019Energie, Basile Atangana Kouna"}]},{"@type":"WebSite","@id":"https:\/\/www.africa-press.net\/cameroun\/#website","url":"https:\/\/www.africa-press.net\/cameroun\/","name":"Cameroun","description":"Just another Africa News Agency Sites site","potentialAction":[{"@type":"SearchAction","target":{"@type":"EntryPoint","urlTemplate":"https:\/\/www.africa-press.net\/cameroun\/?s={search_term_string}"},"query-input":{"@type":"PropertyValueSpecification","valueRequired":true,"valueName":"search_term_string"}}],"inLanguage":"fr-FR"},{"@type":"Person","@id":"https:\/\/www.africa-press.net\/cameroun\/#\/schema\/person\/2b1cf3cd81a31e3cd26889ca66d677f1","name":"cfeditorfr"}]}},"_links":{"self":[{"href":"https:\/\/www.africa-press.net\/cameroun\/wp-json\/wp\/v2\/posts\/24373","targetHints":{"allow":["GET"]}}],"collection":[{"href":"https:\/\/www.africa-press.net\/cameroun\/wp-json\/wp\/v2\/posts"}],"about":[{"href":"https:\/\/www.africa-press.net\/cameroun\/wp-json\/wp\/v2\/types\/post"}],"author":[{"embeddable":true,"href":"https:\/\/www.africa-press.net\/cameroun\/wp-json\/wp\/v2\/users\/82"}],"replies":[{"embeddable":true,"href":"https:\/\/www.africa-press.net\/cameroun\/wp-json\/wp\/v2\/comments?post=24373"}],"version-history":[{"count":0,"href":"https:\/\/www.africa-press.net\/cameroun\/wp-json\/wp\/v2\/posts\/24373\/revisions"}],"wp:featuredmedia":[{"embeddable":true,"href":"https:\/\/www.africa-press.net\/cameroun\/wp-json\/wp\/v2\/media\/24372"}],"wp:attachment":[{"href":"https:\/\/www.africa-press.net\/cameroun\/wp-json\/wp\/v2\/media?parent=24373"}],"wp:term":[{"taxonomy":"category","embeddable":true,"href":"https:\/\/www.africa-press.net\/cameroun\/wp-json\/wp\/v2\/categories?post=24373"},{"taxonomy":"post_tag","embeddable":true,"href":"https:\/\/www.africa-press.net\/cameroun\/wp-json\/wp\/v2\/tags?post=24373"}],"curies":[{"name":"wp","href":"https:\/\/api.w.org\/{rel}","templated":true}]}}