{"id":24376,"date":"2022-07-28T17:06:57","date_gmt":"2022-07-28T17:06:57","guid":{"rendered":"https:\/\/www.africa-press.net\/cameroun\/politique\/cameroun-la-petite-mine-dor-de-mborguene-va-mettre-fin-a-lor-maudit-de-betare-oya-dans-la-region-de-lest"},"modified":"2022-07-28T20:54:18","modified_gmt":"2022-07-28T20:54:18","slug":"cameroun-la-petite-mine-dor-de-mborguene-va-mettre-fin-a-lor-maudit-de-betare-oya-dans-la-region-de-lest","status":"publish","type":"post","link":"https:\/\/www.africa-press.net\/cameroun\/economie\/cameroun-la-petite-mine-dor-de-mborguene-va-mettre-fin-a-lor-maudit-de-betare-oya-dans-la-region-de-lest","title":{"rendered":"Cameroun: La petite mine d\u2019or de Mborguene va mettre fin \u00e0 \u00abl\u2019or maudit de B\u00e9tar\u00e9-Oya\u00bb, dans la Region de l&rsquo;Est"},"content":{"rendered":"<p><span style=\"color: #ff6600\"><strong>Africa-Press &#8211; Cameroun. <\/strong><\/span>Au cours de la consultation des populations riveraines du projet de la petite mine d\u2019or de Bougoudou, tenue \u00e0 Bertoua le 8 juillet 2022, le maire de la commune de Garoua-Boula\u00ef, l\u2019une des deux, avec B\u00e9tar\u00e9-Oya, impact\u00e9es, a martel\u00e9 \u00e0 plusieurs reprises que \u00ab tel que pr\u00e9sent\u00e9, ce projet va sonner le glas de \u00ab l\u2019or maudit de B\u00e9tar\u00e9-Oya \u00bb qui avait fait les choux gras de la presse publique nationale \u00e0 une \u00e9poque \u00bb. Sur ce point, la Cameroon Mining Company (Caminco) SA a tenu \u00e0 rassurer Adamou Abdon. D\u2019abord en affirmant que \u00ab nous allons r\u00e9guli\u00e8rement nous acquitter des 25% des diverses taxes et imp\u00f4ts pr\u00e9vus par le code minier pour les collectivit\u00e9s territoriales d\u00e9centralis\u00e9es et les populations riveraines \u00bb.<\/p>\n<p>Par la suite, les responsables de cette soci\u00e9t\u00e9 que \u00ab Caminco SA entend investir \u00e9galement dans le social en conformit\u00e9 avec le plan de gestion environnemental et social qu\u2019elle a fait valider \u00bb. L\u2019entreprise dit devoir cr\u00e9er \u00ab un fonds de gestion environnemental et social dont le montant annuel est fix\u00e9 par la mod\u00e9lisation financi\u00e8re prenant en compte la taille du projet \u00bb. C\u2019est en piochant dans ce fonds que l\u2019entreprise compte construire des infrastructures sociales de base et mettre en \u0153uvre un programme d\u2019adduction d\u2019eau potable dans la zone. Caminco SA compte \u00e9galement combler le d\u00e9ficit \u00e9nerg\u00e9tique de certains villages en leur offrant \u00ab le surplus de production [d\u2019\u00e9nergie] que nous n\u2019allons pas utiliser \u00bb.<\/p>\n<p>Pr\u00e8s de 8 tonnes d\u2019or attendus<\/p>\n<p>Au cours des consultations des populations riveraines du projet, le ministre camerounais des Mines (Minmidt), Gabriel Dodo Ndok\u00e9, a d\u00e9clar\u00e9 que \u00ab la Cameroon Mining Company SA (Caminco SA) va produire pr\u00e8s de 7 554 kg lors de l\u2019exploitation industrielle du seul prospect de Bougoudou, l\u2019un des cinq (avec Bangbel, Mali, Corniche, Yongmana, ndlr) identifi\u00e9s au cours des travaux de recherche sur le site du permis de recherche n\u00b094, d\u00e9nomm\u00e9 B\u00e9tar\u00e9-Oya \u00bb. Cette quantit\u00e9 d\u2019or est issue des 5 millions de tonnes de r\u00e9serves d\u2019or retrouv\u00e9es avec une teneur moyenne du gisement de 1,89 gramme par tonne (g\/T) \u00e0 Bougoudou.<\/p>\n<p>Pour la phase de construction des b\u00e2timents administratifs, de la base-vie des employ\u00e9s, des installations de traitement, de stockage et de distribution des carburants pour les op\u00e9rations de production et de traitement ; l\u2019am\u00e9nagement des routes, des lignes de transport d\u2019\u00e9nergie, nous aurons besoin de plus 1 000 ouvriers \u00bb, renseigne Caminco SA lors des consultations avec les populations riveraines du projet de la petite mine de Bougoudou, dans la r\u00e9gion de l\u2019Est du pays.<\/p>\n<p>\u00ab Le projet pr\u00e9voit la cr\u00e9ation d\u2019au moins 120 emplois directs et 310 emplois indirects lors de sa phase de production \u00bb, indique le directeur g\u00e9n\u00e9ral (DG) de Caminco SA, Roger Bogne. Au sujet des inqui\u00e9tudes sur la place r\u00e9serv\u00e9e aux riverains dans ces emplois, l\u2019entreprise rassure qu\u2019\u00ab une pr\u00e9f\u00e9rence est donn\u00e9e aux nationaux \u00e0 comp\u00e9tence \u00e9gale.<\/p>\n<p>Pour rappel, le permis B\u00e9tar\u00e9-Oya, qui soutient l\u2019exploitation de la petite mine d\u2019or de Mborguene, r\u00e9alis\u00e9e dans sa phase initiale, uniquement sur le prospect de Bougoudou, a une superficie de 500 km2. Il est situ\u00e9 \u00e0 cheval entre les arrondissements de B\u00e9tar\u00e9-Oya et Garoua-Boula\u00ef, dans le d\u00e9partement du Lom et Djerem, r\u00e9gion de l\u2019Est. Les travaux de recherche r\u00e9alis\u00e9s sur cet espace l\u2019ont \u00e9t\u00e9 gr\u00e2ce \u00e0 l\u2019accompagnement financier et technique du partenaire chinois JTD Group de Caminco SA.<\/p>\n<p>Bernard Bangda, CIN<\/p>\n<p><strong>Pour plus d&rsquo;informations et d&rsquo;analyses sur la <a href=\"https:\/\/www.africa-press.net\/cameroun\">Cameroun<\/a>, suivez <a href=\"https:\/\/www.africa-press.net\/\">Africa-Press<\/a><\/strong><\/p>\n","protected":false},"excerpt":{"rendered":"<p>Africa-Press &#8211; Cameroun. Au cours de la consultation des populations riveraines du projet de la petite mine d\u2019or de Bougoudou, tenue \u00e0 Bertoua le 8 juillet 2022, le maire de la commune de Garoua-Boula\u00ef, l\u2019une des deux, avec B\u00e9tar\u00e9-Oya, impact\u00e9es, a martel\u00e9 \u00e0 plusieurs reprises que \u00ab tel que pr\u00e9sent\u00e9, ce projet va sonner le [&hellip;]<\/p>\n","protected":false},"author":82,"featured_media":24375,"comment_status":"open","ping_status":"closed","sticky":false,"template":"","format":"standard","meta":{"footnotes":""},"categories":[3,11,10],"tags":[36,50,49],"class_list":["post-24376","post","type-post","status-publish","format-standard","has-post-thumbnail","hentry","category-economie","category-homepage-french","category-toutes-les-actualites","tag-africa-press","tag-africa-press-cameroun","tag-cameroun"],"yoast_head":"<!-- This site is optimized with the Yoast SEO Premium plugin v26.1 (Yoast SEO v27.0) - https:\/\/yoast.com\/product\/yoast-seo-premium-wordpress\/ -->\n<title>Cameroun: La petite mine d\u2019or de Mborguene va mettre fin \u00e0 \u00abl\u2019or maudit de B\u00e9tar\u00e9-Oya\u00bb, dans la Region de l&#039;Est - Cameroun<\/title>\n<meta name=\"description\" content=\"Au cours de la consultation des populations riveraines du projet de la petite mine d\u2019or de Bougoudou, tenue \u00e0 Bertoua le ...\" \/>\n<meta name=\"robots\" content=\"index, follow, max-snippet:-1, max-image-preview:large, max-video-preview:-1\" \/>\n<link rel=\"canonical\" href=\"https:\/\/www.africa-press.net\/cameroun\/economie\/cameroun-la-petite-mine-dor-de-mborguene-va-mettre-fin-a-lor-maudit-de-betare-oya-dans-la-region-de-lest\" \/>\n<meta property=\"og:locale\" content=\"fr_FR\" \/>\n<meta property=\"og:type\" content=\"article\" \/>\n<meta property=\"og:title\" content=\"Cameroun: La petite mine d\u2019or de Mborguene va mettre fin \u00e0 \u00abl\u2019or maudit de B\u00e9tar\u00e9-Oya\u00bb, dans la Region de l&#039;Est\" \/>\n<meta property=\"og:description\" content=\"Au cours de la consultation des populations riveraines du projet de la petite mine d\u2019or de Bougoudou, tenue \u00e0 Bertoua le ...\" \/>\n<meta property=\"og:url\" content=\"https:\/\/www.africa-press.net\/cameroun\/economie\/cameroun-la-petite-mine-dor-de-mborguene-va-mettre-fin-a-lor-maudit-de-betare-oya-dans-la-region-de-lest\" \/>\n<meta property=\"og:site_name\" content=\"Cameroun\" \/>\n<meta property=\"article:published_time\" content=\"2022-07-28T17:06:57+00:00\" \/>\n<meta property=\"article:modified_time\" content=\"2022-07-28T20:54:18+00:00\" \/>\n<meta property=\"og:image\" content=\"https:\/\/static.africa-press.net\/cameroun\/sites\/57\/2022\/07\/img-62e2e3373ec80.jpg\" \/>\n\t<meta property=\"og:image:width\" content=\"800\" \/>\n\t<meta property=\"og:image:height\" content=\"580\" \/>\n\t<meta property=\"og:image:type\" content=\"image\/jpeg\" \/>\n<meta name=\"author\" content=\"cfeditorfr\" \/>\n<meta name=\"twitter:card\" content=\"summary_large_image\" \/>\n<meta name=\"twitter:label1\" content=\"\u00c9crit par\" \/>\n\t<meta name=\"twitter:data1\" content=\"cfeditorfr\" \/>\n\t<meta name=\"twitter:label2\" content=\"Dur\u00e9e de lecture estim\u00e9e\" \/>\n\t<meta name=\"twitter:data2\" content=\"3 minutes\" \/>\n<script type=\"application\/ld+json\" class=\"yoast-schema-graph\">{\"@context\":\"https:\/\/schema.org\",\"@graph\":[{\"@type\":\"Article\",\"@id\":\"https:\/\/www.africa-press.net\/cameroun\/economie\/cameroun-la-petite-mine-dor-de-mborguene-va-mettre-fin-a-lor-maudit-de-betare-oya-dans-la-region-de-lest#article\",\"isPartOf\":{\"@id\":\"https:\/\/www.africa-press.net\/cameroun\/economie\/cameroun-la-petite-mine-dor-de-mborguene-va-mettre-fin-a-lor-maudit-de-betare-oya-dans-la-region-de-lest\"},\"author\":{\"name\":\"cfeditorfr\",\"@id\":\"https:\/\/www.africa-press.net\/cameroun\/#\/schema\/person\/2b1cf3cd81a31e3cd26889ca66d677f1\"},\"headline\":\"Cameroun: La petite mine d\u2019or de Mborguene va mettre fin \u00e0 \u00abl\u2019or maudit de B\u00e9tar\u00e9-Oya\u00bb, dans la Region de l&rsquo;Est\",\"datePublished\":\"2022-07-28T17:06:57+00:00\",\"dateModified\":\"2022-07-28T20:54:18+00:00\",\"mainEntityOfPage\":{\"@id\":\"https:\/\/www.africa-press.net\/cameroun\/economie\/cameroun-la-petite-mine-dor-de-mborguene-va-mettre-fin-a-lor-maudit-de-betare-oya-dans-la-region-de-lest\"},\"wordCount\":640,\"commentCount\":0,\"image\":{\"@id\":\"https:\/\/www.africa-press.net\/cameroun\/economie\/cameroun-la-petite-mine-dor-de-mborguene-va-mettre-fin-a-lor-maudit-de-betare-oya-dans-la-region-de-lest#primaryimage\"},\"thumbnailUrl\":\"https:\/\/static.africa-press.net\/cameroun\/sites\/57\/2022\/07\/img-62e2e3373ec80.jpg\",\"keywords\":[\"Africa Press\",\"Africa Press-Cameroun\",\"Cameroun\"],\"articleSection\":[\"\u00c9conomie\",\"homepage-french\",\"Toutes les actualit\u00e9s\"],\"inLanguage\":\"fr-FR\",\"potentialAction\":[{\"@type\":\"CommentAction\",\"name\":\"Comment\",\"target\":[\"https:\/\/www.africa-press.net\/cameroun\/economie\/cameroun-la-petite-mine-dor-de-mborguene-va-mettre-fin-a-lor-maudit-de-betare-oya-dans-la-region-de-lest#respond\"]}]},{\"@type\":\"WebPage\",\"@id\":\"https:\/\/www.africa-press.net\/cameroun\/economie\/cameroun-la-petite-mine-dor-de-mborguene-va-mettre-fin-a-lor-maudit-de-betare-oya-dans-la-region-de-lest\",\"url\":\"https:\/\/www.africa-press.net\/cameroun\/economie\/cameroun-la-petite-mine-dor-de-mborguene-va-mettre-fin-a-lor-maudit-de-betare-oya-dans-la-region-de-lest\",\"name\":\"Cameroun: La petite mine d\u2019or de Mborguene va mettre fin \u00e0 \u00abl\u2019or maudit de B\u00e9tar\u00e9-Oya\u00bb, dans la Region de l'Est - Cameroun\",\"isPartOf\":{\"@id\":\"https:\/\/www.africa-press.net\/cameroun\/#website\"},\"primaryImageOfPage\":{\"@id\":\"https:\/\/www.africa-press.net\/cameroun\/economie\/cameroun-la-petite-mine-dor-de-mborguene-va-mettre-fin-a-lor-maudit-de-betare-oya-dans-la-region-de-lest#primaryimage\"},\"image\":{\"@id\":\"https:\/\/www.africa-press.net\/cameroun\/economie\/cameroun-la-petite-mine-dor-de-mborguene-va-mettre-fin-a-lor-maudit-de-betare-oya-dans-la-region-de-lest#primaryimage\"},\"thumbnailUrl\":\"https:\/\/static.africa-press.net\/cameroun\/sites\/57\/2022\/07\/img-62e2e3373ec80.jpg\",\"datePublished\":\"2022-07-28T17:06:57+00:00\",\"dateModified\":\"2022-07-28T20:54:18+00:00\",\"author\":{\"@id\":\"https:\/\/www.africa-press.net\/cameroun\/#\/schema\/person\/2b1cf3cd81a31e3cd26889ca66d677f1\"},\"description\":\"Au cours de la consultation des populations riveraines du projet de la petite mine d\u2019or de Bougoudou, tenue \u00e0 Bertoua le ...\",\"breadcrumb\":{\"@id\":\"https:\/\/www.africa-press.net\/cameroun\/economie\/cameroun-la-petite-mine-dor-de-mborguene-va-mettre-fin-a-lor-maudit-de-betare-oya-dans-la-region-de-lest#breadcrumb\"},\"inLanguage\":\"fr-FR\",\"potentialAction\":[{\"@type\":\"ReadAction\",\"target\":[\"https:\/\/www.africa-press.net\/cameroun\/economie\/cameroun-la-petite-mine-dor-de-mborguene-va-mettre-fin-a-lor-maudit-de-betare-oya-dans-la-region-de-lest\"]}]},{\"@type\":\"ImageObject\",\"inLanguage\":\"fr-FR\",\"@id\":\"https:\/\/www.africa-press.net\/cameroun\/economie\/cameroun-la-petite-mine-dor-de-mborguene-va-mettre-fin-a-lor-maudit-de-betare-oya-dans-la-region-de-lest#primaryimage\",\"url\":\"https:\/\/static.africa-press.net\/cameroun\/sites\/57\/2022\/07\/img-62e2e3373ec80.jpg\",\"contentUrl\":\"https:\/\/static.africa-press.net\/cameroun\/sites\/57\/2022\/07\/img-62e2e3373ec80.jpg\",\"width\":800,\"height\":580,\"caption\":\"Cameroun: La petite mine d\u2019or de Mborguene va mettre fin \u00e0 \u00abl\u2019or maudit de B\u00e9tar\u00e9-Oya\u00bb, dans la Region de l'Est\"},{\"@type\":\"BreadcrumbList\",\"@id\":\"https:\/\/www.africa-press.net\/cameroun\/economie\/cameroun-la-petite-mine-dor-de-mborguene-va-mettre-fin-a-lor-maudit-de-betare-oya-dans-la-region-de-lest#breadcrumb\",\"itemListElement\":[{\"@type\":\"ListItem\",\"position\":1,\"name\":\"Accueil\",\"item\":\"https:\/\/www.africa-press.net\/cameroun\/\"},{\"@type\":\"ListItem\",\"position\":2,\"name\":\"Cameroun: La petite mine d\u2019or de Mborguene va mettre fin \u00e0 \u00abl\u2019or maudit de B\u00e9tar\u00e9-Oya\u00bb, dans la Region de l&#8217;Est\"}]},{\"@type\":\"WebSite\",\"@id\":\"https:\/\/www.africa-press.net\/cameroun\/#website\",\"url\":\"https:\/\/www.africa-press.net\/cameroun\/\",\"name\":\"Cameroun\",\"description\":\"Just another Africa News Agency Sites site\",\"potentialAction\":[{\"@type\":\"SearchAction\",\"target\":{\"@type\":\"EntryPoint\",\"urlTemplate\":\"https:\/\/www.africa-press.net\/cameroun\/?s={search_term_string}\"},\"query-input\":{\"@type\":\"PropertyValueSpecification\",\"valueRequired\":true,\"valueName\":\"search_term_string\"}}],\"inLanguage\":\"fr-FR\"},{\"@type\":\"Person\",\"@id\":\"https:\/\/www.africa-press.net\/cameroun\/#\/schema\/person\/2b1cf3cd81a31e3cd26889ca66d677f1\",\"name\":\"cfeditorfr\"}]}<\/script>\n<!-- \/ Yoast SEO Premium plugin. -->","yoast_head_json":{"title":"Cameroun: La petite mine d\u2019or de Mborguene va mettre fin \u00e0 \u00abl\u2019or maudit de B\u00e9tar\u00e9-Oya\u00bb, dans la Region de l'Est - Cameroun","description":"Au cours de la consultation des populations riveraines du projet de la petite mine d\u2019or de Bougoudou, tenue \u00e0 Bertoua le ...","robots":{"index":"index","follow":"follow","max-snippet":"max-snippet:-1","max-image-preview":"max-image-preview:large","max-video-preview":"max-video-preview:-1"},"canonical":"https:\/\/www.africa-press.net\/cameroun\/economie\/cameroun-la-petite-mine-dor-de-mborguene-va-mettre-fin-a-lor-maudit-de-betare-oya-dans-la-region-de-lest","og_locale":"fr_FR","og_type":"article","og_title":"Cameroun: La petite mine d\u2019or de Mborguene va mettre fin \u00e0 \u00abl\u2019or maudit de B\u00e9tar\u00e9-Oya\u00bb, dans la Region de l'Est","og_description":"Au cours de la consultation des populations riveraines du projet de la petite mine d\u2019or de Bougoudou, tenue \u00e0 Bertoua le ...","og_url":"https:\/\/www.africa-press.net\/cameroun\/economie\/cameroun-la-petite-mine-dor-de-mborguene-va-mettre-fin-a-lor-maudit-de-betare-oya-dans-la-region-de-lest","og_site_name":"Cameroun","article_published_time":"2022-07-28T17:06:57+00:00","article_modified_time":"2022-07-28T20:54:18+00:00","og_image":[{"width":800,"height":580,"url":"https:\/\/static.africa-press.net\/cameroun\/sites\/57\/2022\/07\/img-62e2e3373ec80.jpg","type":"image\/jpeg"}],"author":"cfeditorfr","twitter_card":"summary_large_image","twitter_misc":{"\u00c9crit par":"cfeditorfr","Dur\u00e9e de lecture estim\u00e9e":"3 minutes"},"schema":{"@context":"https:\/\/schema.org","@graph":[{"@type":"Article","@id":"https:\/\/www.africa-press.net\/cameroun\/economie\/cameroun-la-petite-mine-dor-de-mborguene-va-mettre-fin-a-lor-maudit-de-betare-oya-dans-la-region-de-lest#article","isPartOf":{"@id":"https:\/\/www.africa-press.net\/cameroun\/economie\/cameroun-la-petite-mine-dor-de-mborguene-va-mettre-fin-a-lor-maudit-de-betare-oya-dans-la-region-de-lest"},"author":{"name":"cfeditorfr","@id":"https:\/\/www.africa-press.net\/cameroun\/#\/schema\/person\/2b1cf3cd81a31e3cd26889ca66d677f1"},"headline":"Cameroun: La petite mine d\u2019or de Mborguene va mettre fin \u00e0 \u00abl\u2019or maudit de B\u00e9tar\u00e9-Oya\u00bb, dans la Region de l&rsquo;Est","datePublished":"2022-07-28T17:06:57+00:00","dateModified":"2022-07-28T20:54:18+00:00","mainEntityOfPage":{"@id":"https:\/\/www.africa-press.net\/cameroun\/economie\/cameroun-la-petite-mine-dor-de-mborguene-va-mettre-fin-a-lor-maudit-de-betare-oya-dans-la-region-de-lest"},"wordCount":640,"commentCount":0,"image":{"@id":"https:\/\/www.africa-press.net\/cameroun\/economie\/cameroun-la-petite-mine-dor-de-mborguene-va-mettre-fin-a-lor-maudit-de-betare-oya-dans-la-region-de-lest#primaryimage"},"thumbnailUrl":"https:\/\/static.africa-press.net\/cameroun\/sites\/57\/2022\/07\/img-62e2e3373ec80.jpg","keywords":["Africa Press","Africa Press-Cameroun","Cameroun"],"articleSection":["\u00c9conomie","homepage-french","Toutes les actualit\u00e9s"],"inLanguage":"fr-FR","potentialAction":[{"@type":"CommentAction","name":"Comment","target":["https:\/\/www.africa-press.net\/cameroun\/economie\/cameroun-la-petite-mine-dor-de-mborguene-va-mettre-fin-a-lor-maudit-de-betare-oya-dans-la-region-de-lest#respond"]}]},{"@type":"WebPage","@id":"https:\/\/www.africa-press.net\/cameroun\/economie\/cameroun-la-petite-mine-dor-de-mborguene-va-mettre-fin-a-lor-maudit-de-betare-oya-dans-la-region-de-lest","url":"https:\/\/www.africa-press.net\/cameroun\/economie\/cameroun-la-petite-mine-dor-de-mborguene-va-mettre-fin-a-lor-maudit-de-betare-oya-dans-la-region-de-lest","name":"Cameroun: La petite mine d\u2019or de Mborguene va mettre fin \u00e0 \u00abl\u2019or maudit de B\u00e9tar\u00e9-Oya\u00bb, dans la Region de l'Est - Cameroun","isPartOf":{"@id":"https:\/\/www.africa-press.net\/cameroun\/#website"},"primaryImageOfPage":{"@id":"https:\/\/www.africa-press.net\/cameroun\/economie\/cameroun-la-petite-mine-dor-de-mborguene-va-mettre-fin-a-lor-maudit-de-betare-oya-dans-la-region-de-lest#primaryimage"},"image":{"@id":"https:\/\/www.africa-press.net\/cameroun\/economie\/cameroun-la-petite-mine-dor-de-mborguene-va-mettre-fin-a-lor-maudit-de-betare-oya-dans-la-region-de-lest#primaryimage"},"thumbnailUrl":"https:\/\/static.africa-press.net\/cameroun\/sites\/57\/2022\/07\/img-62e2e3373ec80.jpg","datePublished":"2022-07-28T17:06:57+00:00","dateModified":"2022-07-28T20:54:18+00:00","author":{"@id":"https:\/\/www.africa-press.net\/cameroun\/#\/schema\/person\/2b1cf3cd81a31e3cd26889ca66d677f1"},"description":"Au cours de la consultation des populations riveraines du projet de la petite mine d\u2019or de Bougoudou, tenue \u00e0 Bertoua le ...","breadcrumb":{"@id":"https:\/\/www.africa-press.net\/cameroun\/economie\/cameroun-la-petite-mine-dor-de-mborguene-va-mettre-fin-a-lor-maudit-de-betare-oya-dans-la-region-de-lest#breadcrumb"},"inLanguage":"fr-FR","potentialAction":[{"@type":"ReadAction","target":["https:\/\/www.africa-press.net\/cameroun\/economie\/cameroun-la-petite-mine-dor-de-mborguene-va-mettre-fin-a-lor-maudit-de-betare-oya-dans-la-region-de-lest"]}]},{"@type":"ImageObject","inLanguage":"fr-FR","@id":"https:\/\/www.africa-press.net\/cameroun\/economie\/cameroun-la-petite-mine-dor-de-mborguene-va-mettre-fin-a-lor-maudit-de-betare-oya-dans-la-region-de-lest#primaryimage","url":"https:\/\/static.africa-press.net\/cameroun\/sites\/57\/2022\/07\/img-62e2e3373ec80.jpg","contentUrl":"https:\/\/static.africa-press.net\/cameroun\/sites\/57\/2022\/07\/img-62e2e3373ec80.jpg","width":800,"height":580,"caption":"Cameroun: La petite mine d\u2019or de Mborguene va mettre fin \u00e0 \u00abl\u2019or maudit de B\u00e9tar\u00e9-Oya\u00bb, dans la Region de l'Est"},{"@type":"BreadcrumbList","@id":"https:\/\/www.africa-press.net\/cameroun\/economie\/cameroun-la-petite-mine-dor-de-mborguene-va-mettre-fin-a-lor-maudit-de-betare-oya-dans-la-region-de-lest#breadcrumb","itemListElement":[{"@type":"ListItem","position":1,"name":"Accueil","item":"https:\/\/www.africa-press.net\/cameroun\/"},{"@type":"ListItem","position":2,"name":"Cameroun: La petite mine d\u2019or de Mborguene va mettre fin \u00e0 \u00abl\u2019or maudit de B\u00e9tar\u00e9-Oya\u00bb, dans la Region de l&#8217;Est"}]},{"@type":"WebSite","@id":"https:\/\/www.africa-press.net\/cameroun\/#website","url":"https:\/\/www.africa-press.net\/cameroun\/","name":"Cameroun","description":"Just another Africa News Agency Sites site","potentialAction":[{"@type":"SearchAction","target":{"@type":"EntryPoint","urlTemplate":"https:\/\/www.africa-press.net\/cameroun\/?s={search_term_string}"},"query-input":{"@type":"PropertyValueSpecification","valueRequired":true,"valueName":"search_term_string"}}],"inLanguage":"fr-FR"},{"@type":"Person","@id":"https:\/\/www.africa-press.net\/cameroun\/#\/schema\/person\/2b1cf3cd81a31e3cd26889ca66d677f1","name":"cfeditorfr"}]}},"_links":{"self":[{"href":"https:\/\/www.africa-press.net\/cameroun\/wp-json\/wp\/v2\/posts\/24376","targetHints":{"allow":["GET"]}}],"collection":[{"href":"https:\/\/www.africa-press.net\/cameroun\/wp-json\/wp\/v2\/posts"}],"about":[{"href":"https:\/\/www.africa-press.net\/cameroun\/wp-json\/wp\/v2\/types\/post"}],"author":[{"embeddable":true,"href":"https:\/\/www.africa-press.net\/cameroun\/wp-json\/wp\/v2\/users\/82"}],"replies":[{"embeddable":true,"href":"https:\/\/www.africa-press.net\/cameroun\/wp-json\/wp\/v2\/comments?post=24376"}],"version-history":[{"count":0,"href":"https:\/\/www.africa-press.net\/cameroun\/wp-json\/wp\/v2\/posts\/24376\/revisions"}],"wp:featuredmedia":[{"embeddable":true,"href":"https:\/\/www.africa-press.net\/cameroun\/wp-json\/wp\/v2\/media\/24375"}],"wp:attachment":[{"href":"https:\/\/www.africa-press.net\/cameroun\/wp-json\/wp\/v2\/media?parent=24376"}],"wp:term":[{"taxonomy":"category","embeddable":true,"href":"https:\/\/www.africa-press.net\/cameroun\/wp-json\/wp\/v2\/categories?post=24376"},{"taxonomy":"post_tag","embeddable":true,"href":"https:\/\/www.africa-press.net\/cameroun\/wp-json\/wp\/v2\/tags?post=24376"}],"curies":[{"name":"wp","href":"https:\/\/api.w.org\/{rel}","templated":true}]}}