{"id":24388,"date":"2022-07-28T17:38:06","date_gmt":"2022-07-28T17:38:06","guid":{"rendered":"https:\/\/www.africa-press.net\/cameroun\/politique\/cameroun-a-mbalmayo-camwater-enregistre-des-vols-reguliers-de-compteurs"},"modified":"2022-07-28T19:30:23","modified_gmt":"2022-07-28T19:30:23","slug":"cameroun-a-mbalmayo-camwater-enregistre-des-vols-reguliers-de-compteurs","status":"publish","type":"post","link":"https:\/\/www.africa-press.net\/cameroun\/toutes-les-actualites\/cameroun-a-mbalmayo-camwater-enregistre-des-vols-reguliers-de-compteurs","title":{"rendered":"Cameroun: \u00e0 Mbalmayo, Camwater enregistre des vols r\u00e9guliers de compteurs"},"content":{"rendered":"<p><span style=\"color: #ff6600\"><strong>Africa-Press &#8211; Cameroun. <\/strong><\/span>Dans un communiqu\u00e9 de presse en date du 27 juillet 2022, la d\u00e9l\u00e9gation r\u00e9gionale du Centre de la Camwater, le concessionnaire public de l\u2019eau potable (production et commercialisation) au Cameroun, a annonc\u00e9 avoir \u00e9t\u00e9 victime de \u00ab vols massifs de compteurs d\u2019eau dans la ville de Mbalmoyo, le chef-lieu du d\u00e9partement du Nyong-et-So\u2019o \u00bb. Selon Camwater, \u00ab le ph\u00e9nom\u00e8ne est le fait d\u2019individus mal intentionn\u00e9s\u2009\u00bb. De l\u2019avis des victimes, il n\u2019est pas n\u2019exclu que \u00ab les personnes qui volent nos compteurs vont les revendre \u00e0 ceux qui fabriquent les marmites et autres ustensiles de cuisine \u00bb.<\/p>\n<p>\u00ab Ces multiples vols occasionnent de lourdes pertes \u00e0 l\u2019entreprise en m\u00eame temps qu\u2019ils causent des d\u00e9sagr\u00e9ments \u00e0 nos abonn\u00e9s qui, de ce fait, sont suspendus d\u2019approvisionnement en eau potable \u00bb, explique une source interne. C\u2019est depuis avril 2022 que la repr\u00e9sentation locale de la Camwater \u00e0 Mbalmayo re\u00e7oit des plaintes des clients sur le ph\u00e9nom\u00e8ne. A date, l\u2019entreprise a enregistr\u00e9 12 plaintes pour vol de compteurs d\u2019eau. La cartographie de ces exactions, \u00e9labor\u00e9e sur la base des plaintes re\u00e7ues, indique que les quartiers les plus touch\u00e9s par le ph\u00e9nom\u00e8ne sont Mbokulu, Centre, carrefour caramel, et Nina.<\/p>\n<p>Selon Camwater, \u00ab le vol des compteurs d\u2019eau n\u2019est pas une sp\u00e9cialit\u00e9 de Mbalmayo (ville situ\u00e9e \u00e0 une quarantaine de kilom\u00e8tres de Yaound\u00e9, la capitale du pays, sur l\u2019axe Yaound\u00e9-Ebolowa, ndlr) \u00bb. En effet, r\u00e9v\u00e8le-t-on l\u00e0-bas, \u00ab\u2009l\u2019on se souvient qu\u2019entre janvier et avril 2019, la ville de Yaound\u00e9 avait enregistr\u00e9 le vol de pr\u00e8s de 1 000 compteurs d\u2019eau. R\u00e9cemment encore, c\u2019est l\u2019agence r\u00e9gionale de l\u2019Extr\u00eame-nord \u00e0 Maroua qui d\u00e9clarait une razzia sur une centaine r\u00e9cemment \u00e0 Maroua. Tandis qu\u2019\u00e0 Douala, le vol des compteurs d\u2019eau est le quotidien des populations\u2009\u00bb.<\/p>\n<p>En r\u00e9action \u00e0 tous ces rapts de compteurs d\u2019eau, Camwater indique que \u00ab des enqu\u00eates sont ouvertes dans les services sp\u00e9cialis\u00e9s pour retrouver ces malfrats \u00bb.<\/p>\n<p>Bernard Bangda, CIN<\/p>\n<p><strong>Pour plus d&rsquo;informations et d&rsquo;analyses sur la <a href=\"https:\/\/www.africa-press.net\/cameroun\">Cameroun<\/a>, suivez <a href=\"https:\/\/www.africa-press.net\/\">Africa-Press<\/a><\/strong><\/p>\n","protected":false},"excerpt":{"rendered":"<p>Africa-Press &#8211; Cameroun. Dans un communiqu\u00e9 de presse en date du 27 juillet 2022, la d\u00e9l\u00e9gation r\u00e9gionale du Centre de la Camwater, le concessionnaire public de l\u2019eau potable (production et commercialisation) au Cameroun, a annonc\u00e9 avoir \u00e9t\u00e9 victime de \u00ab vols massifs de compteurs d\u2019eau dans la ville de Mbalmoyo, le chef-lieu du d\u00e9partement du [&hellip;]<\/p>\n","protected":false},"author":82,"featured_media":24387,"comment_status":"open","ping_status":"closed","sticky":false,"template":"","format":"standard","meta":{"footnotes":""},"categories":[21,11,10],"tags":[36,50,49],"class_list":["post-24388","post","type-post","status-publish","format-standard","has-post-thumbnail","hentry","category-communaute","category-homepage-french","category-toutes-les-actualites","tag-africa-press","tag-africa-press-cameroun","tag-cameroun"],"yoast_head":"<!-- This site is optimized with the Yoast SEO Premium plugin v26.1 (Yoast SEO v27.0) - https:\/\/yoast.com\/product\/yoast-seo-premium-wordpress\/ -->\n<title>Cameroun: \u00e0 Mbalmayo, Camwater enregistre des vols r\u00e9guliers de compteurs - Cameroun<\/title>\n<meta name=\"description\" content=\"Dans un communiqu\u00e9 de presse en date du 27 juillet 2022, la d\u00e9l\u00e9gation r\u00e9gionale du Centre de la Camwater, le concession ...\" \/>\n<meta name=\"robots\" content=\"index, follow, max-snippet:-1, max-image-preview:large, max-video-preview:-1\" \/>\n<link rel=\"canonical\" href=\"https:\/\/www.africa-press.net\/cameroun\/toutes-les-actualites\/cameroun-a-mbalmayo-camwater-enregistre-des-vols-reguliers-de-compteurs\" \/>\n<meta property=\"og:locale\" content=\"fr_FR\" \/>\n<meta property=\"og:type\" content=\"article\" \/>\n<meta property=\"og:title\" content=\"Cameroun: \u00e0 Mbalmayo, Camwater enregistre des vols r\u00e9guliers de compteurs\" \/>\n<meta property=\"og:description\" content=\"Dans un communiqu\u00e9 de presse en date du 27 juillet 2022, la d\u00e9l\u00e9gation r\u00e9gionale du Centre de la Camwater, le concession ...\" \/>\n<meta property=\"og:url\" content=\"https:\/\/www.africa-press.net\/cameroun\/toutes-les-actualites\/cameroun-a-mbalmayo-camwater-enregistre-des-vols-reguliers-de-compteurs\" \/>\n<meta property=\"og:site_name\" content=\"Cameroun\" \/>\n<meta property=\"article:published_time\" content=\"2022-07-28T17:38:06+00:00\" \/>\n<meta property=\"article:modified_time\" content=\"2022-07-28T19:30:23+00:00\" \/>\n<meta property=\"og:image\" content=\"https:\/\/static.africa-press.net\/cameroun\/sites\/57\/2022\/07\/img-62e2e3b7bedd6.jpg\" \/>\n\t<meta property=\"og:image:width\" content=\"800\" \/>\n\t<meta property=\"og:image:height\" content=\"444\" \/>\n\t<meta property=\"og:image:type\" content=\"image\/jpeg\" \/>\n<meta name=\"author\" content=\"cfeditorfr\" \/>\n<meta name=\"twitter:card\" content=\"summary_large_image\" \/>\n<meta name=\"twitter:label1\" content=\"\u00c9crit par\" \/>\n\t<meta name=\"twitter:data1\" content=\"cfeditorfr\" \/>\n\t<meta name=\"twitter:label2\" content=\"Dur\u00e9e de lecture estim\u00e9e\" \/>\n\t<meta name=\"twitter:data2\" content=\"2 minutes\" \/>\n<script type=\"application\/ld+json\" class=\"yoast-schema-graph\">{\"@context\":\"https:\/\/schema.org\",\"@graph\":[{\"@type\":\"Article\",\"@id\":\"https:\/\/www.africa-press.net\/cameroun\/toutes-les-actualites\/cameroun-a-mbalmayo-camwater-enregistre-des-vols-reguliers-de-compteurs#article\",\"isPartOf\":{\"@id\":\"https:\/\/www.africa-press.net\/cameroun\/toutes-les-actualites\/cameroun-a-mbalmayo-camwater-enregistre-des-vols-reguliers-de-compteurs\"},\"author\":{\"name\":\"cfeditorfr\",\"@id\":\"https:\/\/www.africa-press.net\/cameroun\/#\/schema\/person\/2b1cf3cd81a31e3cd26889ca66d677f1\"},\"headline\":\"Cameroun: \u00e0 Mbalmayo, Camwater enregistre des vols r\u00e9guliers de compteurs\",\"datePublished\":\"2022-07-28T17:38:06+00:00\",\"dateModified\":\"2022-07-28T19:30:23+00:00\",\"mainEntityOfPage\":{\"@id\":\"https:\/\/www.africa-press.net\/cameroun\/toutes-les-actualites\/cameroun-a-mbalmayo-camwater-enregistre-des-vols-reguliers-de-compteurs\"},\"wordCount\":373,\"commentCount\":0,\"image\":{\"@id\":\"https:\/\/www.africa-press.net\/cameroun\/toutes-les-actualites\/cameroun-a-mbalmayo-camwater-enregistre-des-vols-reguliers-de-compteurs#primaryimage\"},\"thumbnailUrl\":\"https:\/\/static.africa-press.net\/cameroun\/sites\/57\/2022\/07\/img-62e2e3b7bedd6.jpg\",\"keywords\":[\"Africa Press\",\"Africa Press-Cameroun\",\"Cameroun\"],\"articleSection\":[\"Communaut\u00e9\",\"homepage-french\",\"Toutes les actualit\u00e9s\"],\"inLanguage\":\"fr-FR\",\"potentialAction\":[{\"@type\":\"CommentAction\",\"name\":\"Comment\",\"target\":[\"https:\/\/www.africa-press.net\/cameroun\/toutes-les-actualites\/cameroun-a-mbalmayo-camwater-enregistre-des-vols-reguliers-de-compteurs#respond\"]}]},{\"@type\":\"WebPage\",\"@id\":\"https:\/\/www.africa-press.net\/cameroun\/toutes-les-actualites\/cameroun-a-mbalmayo-camwater-enregistre-des-vols-reguliers-de-compteurs\",\"url\":\"https:\/\/www.africa-press.net\/cameroun\/toutes-les-actualites\/cameroun-a-mbalmayo-camwater-enregistre-des-vols-reguliers-de-compteurs\",\"name\":\"Cameroun: \u00e0 Mbalmayo, Camwater enregistre des vols r\u00e9guliers de compteurs - Cameroun\",\"isPartOf\":{\"@id\":\"https:\/\/www.africa-press.net\/cameroun\/#website\"},\"primaryImageOfPage\":{\"@id\":\"https:\/\/www.africa-press.net\/cameroun\/toutes-les-actualites\/cameroun-a-mbalmayo-camwater-enregistre-des-vols-reguliers-de-compteurs#primaryimage\"},\"image\":{\"@id\":\"https:\/\/www.africa-press.net\/cameroun\/toutes-les-actualites\/cameroun-a-mbalmayo-camwater-enregistre-des-vols-reguliers-de-compteurs#primaryimage\"},\"thumbnailUrl\":\"https:\/\/static.africa-press.net\/cameroun\/sites\/57\/2022\/07\/img-62e2e3b7bedd6.jpg\",\"datePublished\":\"2022-07-28T17:38:06+00:00\",\"dateModified\":\"2022-07-28T19:30:23+00:00\",\"author\":{\"@id\":\"https:\/\/www.africa-press.net\/cameroun\/#\/schema\/person\/2b1cf3cd81a31e3cd26889ca66d677f1\"},\"description\":\"Dans un communiqu\u00e9 de presse en date du 27 juillet 2022, la d\u00e9l\u00e9gation r\u00e9gionale du Centre de la Camwater, le concession ...\",\"breadcrumb\":{\"@id\":\"https:\/\/www.africa-press.net\/cameroun\/toutes-les-actualites\/cameroun-a-mbalmayo-camwater-enregistre-des-vols-reguliers-de-compteurs#breadcrumb\"},\"inLanguage\":\"fr-FR\",\"potentialAction\":[{\"@type\":\"ReadAction\",\"target\":[\"https:\/\/www.africa-press.net\/cameroun\/toutes-les-actualites\/cameroun-a-mbalmayo-camwater-enregistre-des-vols-reguliers-de-compteurs\"]}]},{\"@type\":\"ImageObject\",\"inLanguage\":\"fr-FR\",\"@id\":\"https:\/\/www.africa-press.net\/cameroun\/toutes-les-actualites\/cameroun-a-mbalmayo-camwater-enregistre-des-vols-reguliers-de-compteurs#primaryimage\",\"url\":\"https:\/\/static.africa-press.net\/cameroun\/sites\/57\/2022\/07\/img-62e2e3b7bedd6.jpg\",\"contentUrl\":\"https:\/\/static.africa-press.net\/cameroun\/sites\/57\/2022\/07\/img-62e2e3b7bedd6.jpg\",\"width\":800,\"height\":444,\"caption\":\"Cameroun: \u00e0 Mbalmayo, Camwater enregistre des vols r\u00e9guliers de compteurs\"},{\"@type\":\"BreadcrumbList\",\"@id\":\"https:\/\/www.africa-press.net\/cameroun\/toutes-les-actualites\/cameroun-a-mbalmayo-camwater-enregistre-des-vols-reguliers-de-compteurs#breadcrumb\",\"itemListElement\":[{\"@type\":\"ListItem\",\"position\":1,\"name\":\"Accueil\",\"item\":\"https:\/\/www.africa-press.net\/cameroun\/\"},{\"@type\":\"ListItem\",\"position\":2,\"name\":\"Cameroun: \u00e0 Mbalmayo, Camwater enregistre des vols r\u00e9guliers de compteurs\"}]},{\"@type\":\"WebSite\",\"@id\":\"https:\/\/www.africa-press.net\/cameroun\/#website\",\"url\":\"https:\/\/www.africa-press.net\/cameroun\/\",\"name\":\"Cameroun\",\"description\":\"Just another Africa News Agency Sites site\",\"potentialAction\":[{\"@type\":\"SearchAction\",\"target\":{\"@type\":\"EntryPoint\",\"urlTemplate\":\"https:\/\/www.africa-press.net\/cameroun\/?s={search_term_string}\"},\"query-input\":{\"@type\":\"PropertyValueSpecification\",\"valueRequired\":true,\"valueName\":\"search_term_string\"}}],\"inLanguage\":\"fr-FR\"},{\"@type\":\"Person\",\"@id\":\"https:\/\/www.africa-press.net\/cameroun\/#\/schema\/person\/2b1cf3cd81a31e3cd26889ca66d677f1\",\"name\":\"cfeditorfr\"}]}<\/script>\n<!-- \/ Yoast SEO Premium plugin. -->","yoast_head_json":{"title":"Cameroun: \u00e0 Mbalmayo, Camwater enregistre des vols r\u00e9guliers de compteurs - Cameroun","description":"Dans un communiqu\u00e9 de presse en date du 27 juillet 2022, la d\u00e9l\u00e9gation r\u00e9gionale du Centre de la Camwater, le concession ...","robots":{"index":"index","follow":"follow","max-snippet":"max-snippet:-1","max-image-preview":"max-image-preview:large","max-video-preview":"max-video-preview:-1"},"canonical":"https:\/\/www.africa-press.net\/cameroun\/toutes-les-actualites\/cameroun-a-mbalmayo-camwater-enregistre-des-vols-reguliers-de-compteurs","og_locale":"fr_FR","og_type":"article","og_title":"Cameroun: \u00e0 Mbalmayo, Camwater enregistre des vols r\u00e9guliers de compteurs","og_description":"Dans un communiqu\u00e9 de presse en date du 27 juillet 2022, la d\u00e9l\u00e9gation r\u00e9gionale du Centre de la Camwater, le concession ...","og_url":"https:\/\/www.africa-press.net\/cameroun\/toutes-les-actualites\/cameroun-a-mbalmayo-camwater-enregistre-des-vols-reguliers-de-compteurs","og_site_name":"Cameroun","article_published_time":"2022-07-28T17:38:06+00:00","article_modified_time":"2022-07-28T19:30:23+00:00","og_image":[{"width":800,"height":444,"url":"https:\/\/static.africa-press.net\/cameroun\/sites\/57\/2022\/07\/img-62e2e3b7bedd6.jpg","type":"image\/jpeg"}],"author":"cfeditorfr","twitter_card":"summary_large_image","twitter_misc":{"\u00c9crit par":"cfeditorfr","Dur\u00e9e de lecture estim\u00e9e":"2 minutes"},"schema":{"@context":"https:\/\/schema.org","@graph":[{"@type":"Article","@id":"https:\/\/www.africa-press.net\/cameroun\/toutes-les-actualites\/cameroun-a-mbalmayo-camwater-enregistre-des-vols-reguliers-de-compteurs#article","isPartOf":{"@id":"https:\/\/www.africa-press.net\/cameroun\/toutes-les-actualites\/cameroun-a-mbalmayo-camwater-enregistre-des-vols-reguliers-de-compteurs"},"author":{"name":"cfeditorfr","@id":"https:\/\/www.africa-press.net\/cameroun\/#\/schema\/person\/2b1cf3cd81a31e3cd26889ca66d677f1"},"headline":"Cameroun: \u00e0 Mbalmayo, Camwater enregistre des vols r\u00e9guliers de compteurs","datePublished":"2022-07-28T17:38:06+00:00","dateModified":"2022-07-28T19:30:23+00:00","mainEntityOfPage":{"@id":"https:\/\/www.africa-press.net\/cameroun\/toutes-les-actualites\/cameroun-a-mbalmayo-camwater-enregistre-des-vols-reguliers-de-compteurs"},"wordCount":373,"commentCount":0,"image":{"@id":"https:\/\/www.africa-press.net\/cameroun\/toutes-les-actualites\/cameroun-a-mbalmayo-camwater-enregistre-des-vols-reguliers-de-compteurs#primaryimage"},"thumbnailUrl":"https:\/\/static.africa-press.net\/cameroun\/sites\/57\/2022\/07\/img-62e2e3b7bedd6.jpg","keywords":["Africa Press","Africa Press-Cameroun","Cameroun"],"articleSection":["Communaut\u00e9","homepage-french","Toutes les actualit\u00e9s"],"inLanguage":"fr-FR","potentialAction":[{"@type":"CommentAction","name":"Comment","target":["https:\/\/www.africa-press.net\/cameroun\/toutes-les-actualites\/cameroun-a-mbalmayo-camwater-enregistre-des-vols-reguliers-de-compteurs#respond"]}]},{"@type":"WebPage","@id":"https:\/\/www.africa-press.net\/cameroun\/toutes-les-actualites\/cameroun-a-mbalmayo-camwater-enregistre-des-vols-reguliers-de-compteurs","url":"https:\/\/www.africa-press.net\/cameroun\/toutes-les-actualites\/cameroun-a-mbalmayo-camwater-enregistre-des-vols-reguliers-de-compteurs","name":"Cameroun: \u00e0 Mbalmayo, Camwater enregistre des vols r\u00e9guliers de compteurs - Cameroun","isPartOf":{"@id":"https:\/\/www.africa-press.net\/cameroun\/#website"},"primaryImageOfPage":{"@id":"https:\/\/www.africa-press.net\/cameroun\/toutes-les-actualites\/cameroun-a-mbalmayo-camwater-enregistre-des-vols-reguliers-de-compteurs#primaryimage"},"image":{"@id":"https:\/\/www.africa-press.net\/cameroun\/toutes-les-actualites\/cameroun-a-mbalmayo-camwater-enregistre-des-vols-reguliers-de-compteurs#primaryimage"},"thumbnailUrl":"https:\/\/static.africa-press.net\/cameroun\/sites\/57\/2022\/07\/img-62e2e3b7bedd6.jpg","datePublished":"2022-07-28T17:38:06+00:00","dateModified":"2022-07-28T19:30:23+00:00","author":{"@id":"https:\/\/www.africa-press.net\/cameroun\/#\/schema\/person\/2b1cf3cd81a31e3cd26889ca66d677f1"},"description":"Dans un communiqu\u00e9 de presse en date du 27 juillet 2022, la d\u00e9l\u00e9gation r\u00e9gionale du Centre de la Camwater, le concession ...","breadcrumb":{"@id":"https:\/\/www.africa-press.net\/cameroun\/toutes-les-actualites\/cameroun-a-mbalmayo-camwater-enregistre-des-vols-reguliers-de-compteurs#breadcrumb"},"inLanguage":"fr-FR","potentialAction":[{"@type":"ReadAction","target":["https:\/\/www.africa-press.net\/cameroun\/toutes-les-actualites\/cameroun-a-mbalmayo-camwater-enregistre-des-vols-reguliers-de-compteurs"]}]},{"@type":"ImageObject","inLanguage":"fr-FR","@id":"https:\/\/www.africa-press.net\/cameroun\/toutes-les-actualites\/cameroun-a-mbalmayo-camwater-enregistre-des-vols-reguliers-de-compteurs#primaryimage","url":"https:\/\/static.africa-press.net\/cameroun\/sites\/57\/2022\/07\/img-62e2e3b7bedd6.jpg","contentUrl":"https:\/\/static.africa-press.net\/cameroun\/sites\/57\/2022\/07\/img-62e2e3b7bedd6.jpg","width":800,"height":444,"caption":"Cameroun: \u00e0 Mbalmayo, Camwater enregistre des vols r\u00e9guliers de compteurs"},{"@type":"BreadcrumbList","@id":"https:\/\/www.africa-press.net\/cameroun\/toutes-les-actualites\/cameroun-a-mbalmayo-camwater-enregistre-des-vols-reguliers-de-compteurs#breadcrumb","itemListElement":[{"@type":"ListItem","position":1,"name":"Accueil","item":"https:\/\/www.africa-press.net\/cameroun\/"},{"@type":"ListItem","position":2,"name":"Cameroun: \u00e0 Mbalmayo, Camwater enregistre des vols r\u00e9guliers de compteurs"}]},{"@type":"WebSite","@id":"https:\/\/www.africa-press.net\/cameroun\/#website","url":"https:\/\/www.africa-press.net\/cameroun\/","name":"Cameroun","description":"Just another Africa News Agency Sites site","potentialAction":[{"@type":"SearchAction","target":{"@type":"EntryPoint","urlTemplate":"https:\/\/www.africa-press.net\/cameroun\/?s={search_term_string}"},"query-input":{"@type":"PropertyValueSpecification","valueRequired":true,"valueName":"search_term_string"}}],"inLanguage":"fr-FR"},{"@type":"Person","@id":"https:\/\/www.africa-press.net\/cameroun\/#\/schema\/person\/2b1cf3cd81a31e3cd26889ca66d677f1","name":"cfeditorfr"}]}},"_links":{"self":[{"href":"https:\/\/www.africa-press.net\/cameroun\/wp-json\/wp\/v2\/posts\/24388","targetHints":{"allow":["GET"]}}],"collection":[{"href":"https:\/\/www.africa-press.net\/cameroun\/wp-json\/wp\/v2\/posts"}],"about":[{"href":"https:\/\/www.africa-press.net\/cameroun\/wp-json\/wp\/v2\/types\/post"}],"author":[{"embeddable":true,"href":"https:\/\/www.africa-press.net\/cameroun\/wp-json\/wp\/v2\/users\/82"}],"replies":[{"embeddable":true,"href":"https:\/\/www.africa-press.net\/cameroun\/wp-json\/wp\/v2\/comments?post=24388"}],"version-history":[{"count":0,"href":"https:\/\/www.africa-press.net\/cameroun\/wp-json\/wp\/v2\/posts\/24388\/revisions"}],"wp:featuredmedia":[{"embeddable":true,"href":"https:\/\/www.africa-press.net\/cameroun\/wp-json\/wp\/v2\/media\/24387"}],"wp:attachment":[{"href":"https:\/\/www.africa-press.net\/cameroun\/wp-json\/wp\/v2\/media?parent=24388"}],"wp:term":[{"taxonomy":"category","embeddable":true,"href":"https:\/\/www.africa-press.net\/cameroun\/wp-json\/wp\/v2\/categories?post=24388"},{"taxonomy":"post_tag","embeddable":true,"href":"https:\/\/www.africa-press.net\/cameroun\/wp-json\/wp\/v2\/tags?post=24388"}],"curies":[{"name":"wp","href":"https:\/\/api.w.org\/{rel}","templated":true}]}}