{"id":24391,"date":"2022-07-28T17:44:54","date_gmt":"2022-07-28T17:44:54","guid":{"rendered":"https:\/\/www.africa-press.net\/cameroun\/politique\/france-cameroun-pour-emmanuel-macron-faire-du-neuf-avec-du-vieux"},"modified":"2022-08-01T06:35:08","modified_gmt":"2022-08-01T06:35:08","slug":"france-cameroun-pour-emmanuel-macron-faire-du-neuf-avec-du-vieux","status":"publish","type":"post","link":"https:\/\/www.africa-press.net\/cameroun\/dossiers\/france-cameroun-pour-emmanuel-macron-faire-du-neuf-avec-du-vieux","title":{"rendered":"France-Cameroun : pour Emmanuel Macron, faire du neuf avec du vieux\u00a0?"},"content":{"rendered":"<p><span style=\"color: #ff6600\"><strong>Africa-Press &#8211; Cameroun. <\/strong><\/span>Le vent nocturne de la saison des pluies qui a souffl\u00e9 sur l\u2019a\u00e9roport de Nsimalen, le 25 juillet dernier, n\u2019a pas refroidi les dizaines de groupes de danseurs et de militants du RDPC, mobilis\u00e9s par les barons du parti au pouvoir pour \u00ab r\u00e9server un accueil chaleureux \u00bb \u00e0 Emmanuel Macron.<\/p>\n<p>Pour son premier s\u00e9jour sur le continent africain depuis sa r\u00e9\u00e9lection, le pr\u00e9sident fran\u00e7ais a eu droit \u00e0 l\u2019accueil classique r\u00e9serv\u00e9 aux pr\u00e9sidents de la Ve R\u00e9publique : ravalements de fa\u00e7ade, affiches g\u00e9antes, banderoles et drapeaux en \u00e9vidence\u2026 Un dispositif couronn\u00e9 par la pr\u00e9sence de vuvuz\u00e9lateurs dispos\u00e9s tout au long du chemin emprunt\u00e9 par l\u2019h\u00f4te de Paul Biya.<\/p>\n<p>Si le d\u00e9cor est typique des ann\u00e9es glorieuses de la Fran\u00e7afrique, il est cependant \u00e0 contre-courant de ce renouveau diplomatique que le pr\u00e9sident fran\u00e7ais dit vouloir incarner depuis sa prise de fonction, et qui a \u00e9t\u00e9 \u00e9nonc\u00e9 lors de son discours de Ouagadougou, en novembre 2017.<\/p>\n<p><strong>Changement de paradigme<\/strong><\/p>\n<p>\u00c0 Yaound\u00e9, Emmanuel Macron a multipli\u00e9 les signes de rupture, cherchant visiblement \u00e0 att\u00e9nuer les interrogations li\u00e9es \u00e0 cette visite accord\u00e9e \u00e0 l\u2019un des plus anciens pr\u00e9sidents en exercice sur le continent, peu f\u00e9ru de d\u00e9mocratie.<\/p>\n<p>\u00ab La France n\u2019a pas de le\u00e7on \u00e0 donner \u00e0 qui que ce soit \u00bb, a-t-il martel\u00e9 lors de sa rencontre avec les acteurs de la soci\u00e9t\u00e9 civile, au village Noah. \u00ab Et je pense que par rapport \u00e0 il y a 20 ans, les d\u00e9mocraties lib\u00e9rales occidentales sont moins bien pour expliquer vers o\u00f9 tout le monde devrait aller. \u00bb<\/p>\n<p><strong>Pour plus d&rsquo;informations et d&rsquo;analyses sur la <a href=\"https:\/\/www.africa-press.net\/cameroun\">Cameroun<\/a>, suivez <a href=\"https:\/\/www.africa-press.net\/\">Africa-Press<\/a><\/strong><\/p>\n","protected":false},"excerpt":{"rendered":"<p>Africa-Press &#8211; Cameroun. Le vent nocturne de la saison des pluies qui a souffl\u00e9 sur l\u2019a\u00e9roport de Nsimalen, le 25 juillet dernier, n\u2019a pas refroidi les dizaines de groupes de danseurs et de militants du RDPC, mobilis\u00e9s par les barons du parti au pouvoir pour \u00ab r\u00e9server un accueil chaleureux \u00bb \u00e0 Emmanuel Macron. Pour [&hellip;]<\/p>\n","protected":false},"author":82,"featured_media":24390,"comment_status":"open","ping_status":"closed","sticky":false,"template":"","format":"standard","meta":{"footnotes":""},"categories":[7,11,20,10],"tags":[36,50,49],"class_list":["post-24391","post","type-post","status-publish","format-standard","has-post-thumbnail","hentry","category-dossiers","category-homepage-french","category-top-nouvelles","category-toutes-les-actualites","tag-africa-press","tag-africa-press-cameroun","tag-cameroun"],"yoast_head":"<!-- This site is optimized with the Yoast SEO Premium plugin v26.1 (Yoast SEO v27.0) - https:\/\/yoast.com\/product\/yoast-seo-premium-wordpress\/ -->\n<title>France-Cameroun : pour Emmanuel Macron, faire du neuf avec du vieux\u00a0? - Cameroun<\/title>\n<meta name=\"description\" content=\"Le vent nocturne de la saison des pluies qui a souffl\u00e9 sur l\u2019a\u00e9roport de Nsimalen, le 25 juillet dernier, n\u2019a pas refroi ...\" \/>\n<meta name=\"robots\" content=\"index, follow, max-snippet:-1, max-image-preview:large, max-video-preview:-1\" \/>\n<link rel=\"canonical\" href=\"https:\/\/www.africa-press.net\/cameroun\/dossiers\/france-cameroun-pour-emmanuel-macron-faire-du-neuf-avec-du-vieux\" \/>\n<meta property=\"og:locale\" content=\"fr_FR\" \/>\n<meta property=\"og:type\" content=\"article\" \/>\n<meta property=\"og:title\" content=\"France-Cameroun : pour Emmanuel Macron, faire du neuf avec du vieux\u00a0?\" \/>\n<meta property=\"og:description\" content=\"Le vent nocturne de la saison des pluies qui a souffl\u00e9 sur l\u2019a\u00e9roport de Nsimalen, le 25 juillet dernier, n\u2019a pas refroi ...\" \/>\n<meta property=\"og:url\" content=\"https:\/\/www.africa-press.net\/cameroun\/dossiers\/france-cameroun-pour-emmanuel-macron-faire-du-neuf-avec-du-vieux\" \/>\n<meta property=\"og:site_name\" content=\"Cameroun\" \/>\n<meta property=\"article:published_time\" content=\"2022-07-28T17:44:54+00:00\" \/>\n<meta property=\"article:modified_time\" content=\"2022-08-01T06:35:08+00:00\" \/>\n<meta property=\"og:image\" content=\"https:\/\/static.africa-press.net\/cameroun\/sites\/57\/2022\/07\/img-62e2e3e6529c9.jpg\" \/>\n\t<meta property=\"og:image:width\" content=\"1256\" \/>\n\t<meta property=\"og:image:height\" content=\"628\" \/>\n\t<meta property=\"og:image:type\" content=\"image\/jpeg\" \/>\n<meta name=\"author\" content=\"cfeditorfr\" \/>\n<meta name=\"twitter:card\" content=\"summary_large_image\" \/>\n<meta name=\"twitter:label1\" content=\"\u00c9crit par\" \/>\n\t<meta name=\"twitter:data1\" content=\"cfeditorfr\" \/>\n\t<meta name=\"twitter:label2\" content=\"Dur\u00e9e de lecture estim\u00e9e\" \/>\n\t<meta name=\"twitter:data2\" content=\"2 minutes\" \/>\n<script type=\"application\/ld+json\" class=\"yoast-schema-graph\">{\"@context\":\"https:\/\/schema.org\",\"@graph\":[{\"@type\":\"Article\",\"@id\":\"https:\/\/www.africa-press.net\/cameroun\/dossiers\/france-cameroun-pour-emmanuel-macron-faire-du-neuf-avec-du-vieux#article\",\"isPartOf\":{\"@id\":\"https:\/\/www.africa-press.net\/cameroun\/dossiers\/france-cameroun-pour-emmanuel-macron-faire-du-neuf-avec-du-vieux\"},\"author\":{\"name\":\"cfeditorfr\",\"@id\":\"https:\/\/www.africa-press.net\/cameroun\/#\/schema\/person\/2b1cf3cd81a31e3cd26889ca66d677f1\"},\"headline\":\"France-Cameroun : pour Emmanuel Macron, faire du neuf avec du vieux\u00a0?\",\"datePublished\":\"2022-07-28T17:44:54+00:00\",\"dateModified\":\"2022-08-01T06:35:08+00:00\",\"mainEntityOfPage\":{\"@id\":\"https:\/\/www.africa-press.net\/cameroun\/dossiers\/france-cameroun-pour-emmanuel-macron-faire-du-neuf-avec-du-vieux\"},\"wordCount\":297,\"commentCount\":0,\"image\":{\"@id\":\"https:\/\/www.africa-press.net\/cameroun\/dossiers\/france-cameroun-pour-emmanuel-macron-faire-du-neuf-avec-du-vieux#primaryimage\"},\"thumbnailUrl\":\"https:\/\/static.africa-press.net\/cameroun\/sites\/57\/2022\/07\/img-62e2e3e6529c9.jpg\",\"keywords\":[\"Africa Press\",\"Africa Press-Cameroun\",\"Cameroun\"],\"articleSection\":[\"Dossiers\",\"homepage-french\",\"Top Nouvelles\",\"Toutes les actualit\u00e9s\"],\"inLanguage\":\"fr-FR\",\"potentialAction\":[{\"@type\":\"CommentAction\",\"name\":\"Comment\",\"target\":[\"https:\/\/www.africa-press.net\/cameroun\/dossiers\/france-cameroun-pour-emmanuel-macron-faire-du-neuf-avec-du-vieux#respond\"]}]},{\"@type\":\"WebPage\",\"@id\":\"https:\/\/www.africa-press.net\/cameroun\/dossiers\/france-cameroun-pour-emmanuel-macron-faire-du-neuf-avec-du-vieux\",\"url\":\"https:\/\/www.africa-press.net\/cameroun\/dossiers\/france-cameroun-pour-emmanuel-macron-faire-du-neuf-avec-du-vieux\",\"name\":\"France-Cameroun : pour Emmanuel Macron, faire du neuf avec du vieux\u00a0? - Cameroun\",\"isPartOf\":{\"@id\":\"https:\/\/www.africa-press.net\/cameroun\/#website\"},\"primaryImageOfPage\":{\"@id\":\"https:\/\/www.africa-press.net\/cameroun\/dossiers\/france-cameroun-pour-emmanuel-macron-faire-du-neuf-avec-du-vieux#primaryimage\"},\"image\":{\"@id\":\"https:\/\/www.africa-press.net\/cameroun\/dossiers\/france-cameroun-pour-emmanuel-macron-faire-du-neuf-avec-du-vieux#primaryimage\"},\"thumbnailUrl\":\"https:\/\/static.africa-press.net\/cameroun\/sites\/57\/2022\/07\/img-62e2e3e6529c9.jpg\",\"datePublished\":\"2022-07-28T17:44:54+00:00\",\"dateModified\":\"2022-08-01T06:35:08+00:00\",\"author\":{\"@id\":\"https:\/\/www.africa-press.net\/cameroun\/#\/schema\/person\/2b1cf3cd81a31e3cd26889ca66d677f1\"},\"description\":\"Le vent nocturne de la saison des pluies qui a souffl\u00e9 sur l\u2019a\u00e9roport de Nsimalen, le 25 juillet dernier, n\u2019a pas refroi ...\",\"breadcrumb\":{\"@id\":\"https:\/\/www.africa-press.net\/cameroun\/dossiers\/france-cameroun-pour-emmanuel-macron-faire-du-neuf-avec-du-vieux#breadcrumb\"},\"inLanguage\":\"fr-FR\",\"potentialAction\":[{\"@type\":\"ReadAction\",\"target\":[\"https:\/\/www.africa-press.net\/cameroun\/dossiers\/france-cameroun-pour-emmanuel-macron-faire-du-neuf-avec-du-vieux\"]}]},{\"@type\":\"ImageObject\",\"inLanguage\":\"fr-FR\",\"@id\":\"https:\/\/www.africa-press.net\/cameroun\/dossiers\/france-cameroun-pour-emmanuel-macron-faire-du-neuf-avec-du-vieux#primaryimage\",\"url\":\"https:\/\/static.africa-press.net\/cameroun\/sites\/57\/2022\/07\/img-62e2e3e6529c9.jpg\",\"contentUrl\":\"https:\/\/static.africa-press.net\/cameroun\/sites\/57\/2022\/07\/img-62e2e3e6529c9.jpg\",\"width\":1256,\"height\":628,\"caption\":\"France-Cameroun : pour Emmanuel Macron, faire du neuf avec du vieux\u00a0?\"},{\"@type\":\"BreadcrumbList\",\"@id\":\"https:\/\/www.africa-press.net\/cameroun\/dossiers\/france-cameroun-pour-emmanuel-macron-faire-du-neuf-avec-du-vieux#breadcrumb\",\"itemListElement\":[{\"@type\":\"ListItem\",\"position\":1,\"name\":\"Accueil\",\"item\":\"https:\/\/www.africa-press.net\/cameroun\/\"},{\"@type\":\"ListItem\",\"position\":2,\"name\":\"France-Cameroun : pour Emmanuel Macron, faire du neuf avec du vieux\u00a0?\"}]},{\"@type\":\"WebSite\",\"@id\":\"https:\/\/www.africa-press.net\/cameroun\/#website\",\"url\":\"https:\/\/www.africa-press.net\/cameroun\/\",\"name\":\"Cameroun\",\"description\":\"Just another Africa News Agency Sites site\",\"potentialAction\":[{\"@type\":\"SearchAction\",\"target\":{\"@type\":\"EntryPoint\",\"urlTemplate\":\"https:\/\/www.africa-press.net\/cameroun\/?s={search_term_string}\"},\"query-input\":{\"@type\":\"PropertyValueSpecification\",\"valueRequired\":true,\"valueName\":\"search_term_string\"}}],\"inLanguage\":\"fr-FR\"},{\"@type\":\"Person\",\"@id\":\"https:\/\/www.africa-press.net\/cameroun\/#\/schema\/person\/2b1cf3cd81a31e3cd26889ca66d677f1\",\"name\":\"cfeditorfr\"}]}<\/script>\n<!-- \/ Yoast SEO Premium plugin. -->","yoast_head_json":{"title":"France-Cameroun : pour Emmanuel Macron, faire du neuf avec du vieux\u00a0? - Cameroun","description":"Le vent nocturne de la saison des pluies qui a souffl\u00e9 sur l\u2019a\u00e9roport de Nsimalen, le 25 juillet dernier, n\u2019a pas refroi ...","robots":{"index":"index","follow":"follow","max-snippet":"max-snippet:-1","max-image-preview":"max-image-preview:large","max-video-preview":"max-video-preview:-1"},"canonical":"https:\/\/www.africa-press.net\/cameroun\/dossiers\/france-cameroun-pour-emmanuel-macron-faire-du-neuf-avec-du-vieux","og_locale":"fr_FR","og_type":"article","og_title":"France-Cameroun : pour Emmanuel Macron, faire du neuf avec du vieux\u00a0?","og_description":"Le vent nocturne de la saison des pluies qui a souffl\u00e9 sur l\u2019a\u00e9roport de Nsimalen, le 25 juillet dernier, n\u2019a pas refroi ...","og_url":"https:\/\/www.africa-press.net\/cameroun\/dossiers\/france-cameroun-pour-emmanuel-macron-faire-du-neuf-avec-du-vieux","og_site_name":"Cameroun","article_published_time":"2022-07-28T17:44:54+00:00","article_modified_time":"2022-08-01T06:35:08+00:00","og_image":[{"width":1256,"height":628,"url":"https:\/\/static.africa-press.net\/cameroun\/sites\/57\/2022\/07\/img-62e2e3e6529c9.jpg","type":"image\/jpeg"}],"author":"cfeditorfr","twitter_card":"summary_large_image","twitter_misc":{"\u00c9crit par":"cfeditorfr","Dur\u00e9e de lecture estim\u00e9e":"2 minutes"},"schema":{"@context":"https:\/\/schema.org","@graph":[{"@type":"Article","@id":"https:\/\/www.africa-press.net\/cameroun\/dossiers\/france-cameroun-pour-emmanuel-macron-faire-du-neuf-avec-du-vieux#article","isPartOf":{"@id":"https:\/\/www.africa-press.net\/cameroun\/dossiers\/france-cameroun-pour-emmanuel-macron-faire-du-neuf-avec-du-vieux"},"author":{"name":"cfeditorfr","@id":"https:\/\/www.africa-press.net\/cameroun\/#\/schema\/person\/2b1cf3cd81a31e3cd26889ca66d677f1"},"headline":"France-Cameroun : pour Emmanuel Macron, faire du neuf avec du vieux\u00a0?","datePublished":"2022-07-28T17:44:54+00:00","dateModified":"2022-08-01T06:35:08+00:00","mainEntityOfPage":{"@id":"https:\/\/www.africa-press.net\/cameroun\/dossiers\/france-cameroun-pour-emmanuel-macron-faire-du-neuf-avec-du-vieux"},"wordCount":297,"commentCount":0,"image":{"@id":"https:\/\/www.africa-press.net\/cameroun\/dossiers\/france-cameroun-pour-emmanuel-macron-faire-du-neuf-avec-du-vieux#primaryimage"},"thumbnailUrl":"https:\/\/static.africa-press.net\/cameroun\/sites\/57\/2022\/07\/img-62e2e3e6529c9.jpg","keywords":["Africa Press","Africa Press-Cameroun","Cameroun"],"articleSection":["Dossiers","homepage-french","Top Nouvelles","Toutes les actualit\u00e9s"],"inLanguage":"fr-FR","potentialAction":[{"@type":"CommentAction","name":"Comment","target":["https:\/\/www.africa-press.net\/cameroun\/dossiers\/france-cameroun-pour-emmanuel-macron-faire-du-neuf-avec-du-vieux#respond"]}]},{"@type":"WebPage","@id":"https:\/\/www.africa-press.net\/cameroun\/dossiers\/france-cameroun-pour-emmanuel-macron-faire-du-neuf-avec-du-vieux","url":"https:\/\/www.africa-press.net\/cameroun\/dossiers\/france-cameroun-pour-emmanuel-macron-faire-du-neuf-avec-du-vieux","name":"France-Cameroun : pour Emmanuel Macron, faire du neuf avec du vieux\u00a0? - Cameroun","isPartOf":{"@id":"https:\/\/www.africa-press.net\/cameroun\/#website"},"primaryImageOfPage":{"@id":"https:\/\/www.africa-press.net\/cameroun\/dossiers\/france-cameroun-pour-emmanuel-macron-faire-du-neuf-avec-du-vieux#primaryimage"},"image":{"@id":"https:\/\/www.africa-press.net\/cameroun\/dossiers\/france-cameroun-pour-emmanuel-macron-faire-du-neuf-avec-du-vieux#primaryimage"},"thumbnailUrl":"https:\/\/static.africa-press.net\/cameroun\/sites\/57\/2022\/07\/img-62e2e3e6529c9.jpg","datePublished":"2022-07-28T17:44:54+00:00","dateModified":"2022-08-01T06:35:08+00:00","author":{"@id":"https:\/\/www.africa-press.net\/cameroun\/#\/schema\/person\/2b1cf3cd81a31e3cd26889ca66d677f1"},"description":"Le vent nocturne de la saison des pluies qui a souffl\u00e9 sur l\u2019a\u00e9roport de Nsimalen, le 25 juillet dernier, n\u2019a pas refroi ...","breadcrumb":{"@id":"https:\/\/www.africa-press.net\/cameroun\/dossiers\/france-cameroun-pour-emmanuel-macron-faire-du-neuf-avec-du-vieux#breadcrumb"},"inLanguage":"fr-FR","potentialAction":[{"@type":"ReadAction","target":["https:\/\/www.africa-press.net\/cameroun\/dossiers\/france-cameroun-pour-emmanuel-macron-faire-du-neuf-avec-du-vieux"]}]},{"@type":"ImageObject","inLanguage":"fr-FR","@id":"https:\/\/www.africa-press.net\/cameroun\/dossiers\/france-cameroun-pour-emmanuel-macron-faire-du-neuf-avec-du-vieux#primaryimage","url":"https:\/\/static.africa-press.net\/cameroun\/sites\/57\/2022\/07\/img-62e2e3e6529c9.jpg","contentUrl":"https:\/\/static.africa-press.net\/cameroun\/sites\/57\/2022\/07\/img-62e2e3e6529c9.jpg","width":1256,"height":628,"caption":"France-Cameroun : pour Emmanuel Macron, faire du neuf avec du vieux\u00a0?"},{"@type":"BreadcrumbList","@id":"https:\/\/www.africa-press.net\/cameroun\/dossiers\/france-cameroun-pour-emmanuel-macron-faire-du-neuf-avec-du-vieux#breadcrumb","itemListElement":[{"@type":"ListItem","position":1,"name":"Accueil","item":"https:\/\/www.africa-press.net\/cameroun\/"},{"@type":"ListItem","position":2,"name":"France-Cameroun : pour Emmanuel Macron, faire du neuf avec du vieux\u00a0?"}]},{"@type":"WebSite","@id":"https:\/\/www.africa-press.net\/cameroun\/#website","url":"https:\/\/www.africa-press.net\/cameroun\/","name":"Cameroun","description":"Just another Africa News Agency Sites site","potentialAction":[{"@type":"SearchAction","target":{"@type":"EntryPoint","urlTemplate":"https:\/\/www.africa-press.net\/cameroun\/?s={search_term_string}"},"query-input":{"@type":"PropertyValueSpecification","valueRequired":true,"valueName":"search_term_string"}}],"inLanguage":"fr-FR"},{"@type":"Person","@id":"https:\/\/www.africa-press.net\/cameroun\/#\/schema\/person\/2b1cf3cd81a31e3cd26889ca66d677f1","name":"cfeditorfr"}]}},"_links":{"self":[{"href":"https:\/\/www.africa-press.net\/cameroun\/wp-json\/wp\/v2\/posts\/24391","targetHints":{"allow":["GET"]}}],"collection":[{"href":"https:\/\/www.africa-press.net\/cameroun\/wp-json\/wp\/v2\/posts"}],"about":[{"href":"https:\/\/www.africa-press.net\/cameroun\/wp-json\/wp\/v2\/types\/post"}],"author":[{"embeddable":true,"href":"https:\/\/www.africa-press.net\/cameroun\/wp-json\/wp\/v2\/users\/82"}],"replies":[{"embeddable":true,"href":"https:\/\/www.africa-press.net\/cameroun\/wp-json\/wp\/v2\/comments?post=24391"}],"version-history":[{"count":0,"href":"https:\/\/www.africa-press.net\/cameroun\/wp-json\/wp\/v2\/posts\/24391\/revisions"}],"wp:featuredmedia":[{"embeddable":true,"href":"https:\/\/www.africa-press.net\/cameroun\/wp-json\/wp\/v2\/media\/24390"}],"wp:attachment":[{"href":"https:\/\/www.africa-press.net\/cameroun\/wp-json\/wp\/v2\/media?parent=24391"}],"wp:term":[{"taxonomy":"category","embeddable":true,"href":"https:\/\/www.africa-press.net\/cameroun\/wp-json\/wp\/v2\/categories?post=24391"},{"taxonomy":"post_tag","embeddable":true,"href":"https:\/\/www.africa-press.net\/cameroun\/wp-json\/wp\/v2\/tags?post=24391"}],"curies":[{"name":"wp","href":"https:\/\/api.w.org\/{rel}","templated":true}]}}