{"id":24394,"date":"2022-07-28T17:51:28","date_gmt":"2022-07-28T17:51:28","guid":{"rendered":"https:\/\/www.africa-press.net\/cameroun\/politique\/cameroun-des-competences-en-cybersecurite-enseignees-aux-chefs-des-services-publiques-du-nord-ouest"},"modified":"2022-07-28T19:31:43","modified_gmt":"2022-07-28T19:31:43","slug":"cameroun-des-competences-en-cybersecurite-enseignees-aux-chefs-des-services-publiques-du-nord-ouest","status":"publish","type":"post","link":"https:\/\/www.africa-press.net\/cameroun\/toutes-les-actualites\/cameroun-des-competences-en-cybersecurite-enseignees-aux-chefs-des-services-publiques-du-nord-ouest","title":{"rendered":"Cameroun : des comp\u00e9tences en cybers\u00e9curit\u00e9 enseign\u00e9es aux chefs des services publiques du Nord-Ouest"},"content":{"rendered":"<p><span style=\"color: #ff6600\"><strong>Africa-Press &#8211; Cameroun. <\/strong><\/span>L\u2019initiative port\u00e9e par l\u2019Agence Nationale des Technologies de l\u2019Information et de la Communication visait \u00e0 renforcer les connaissances en TIC de ce personnel pour contrecarrer les cyberattaques.<\/p>\n<p>Un s\u00e9minaire de trois jours sur les technologies de l\u2019information et de la communication intitul\u00e9 \u00ab Personnel de l\u2019\u00c9tat : le vecteur des meilleures pratiques en mati\u00e8re de cybers\u00e9curit\u00e9 vient de s\u2019achever \u00e0 Bamenda \u00bb. Les participants \u00e9taient des responsables de services techniques r\u00e9gionaux, d\u00e9partementaux et d\u2019organismes publics du Nord-Ouest.<\/p>\n<p>Le s\u00e9minaire organis\u00e9 par l\u2019Agence nationale des technologies de l\u2019information et de la communication (Antic) a soulign\u00e9 la n\u00e9cessit\u00e9 d\u2019inculquer une culture de la cybers\u00e9curit\u00e9 aux fonctionnaires dans une r\u00e9gion o\u00f9 beaucoup manquent de connaissances de base tandis que beaucoup d\u2019autres ont \u00e9t\u00e9 victimes de la cybercriminalit\u00e9.<\/p>\n<p>Les le\u00e7ons enseign\u00e9es portaient sur la cybers\u00e9curit\u00e9, la cybercriminalit\u00e9, le cadre juridique, le respect des droits de l\u2019homme, la vie priv\u00e9e et la protection des donn\u00e9es.<\/p>\n<p>Les participants ont \u00e9t\u00e9 invit\u00e9s \u00e0 adopter la num\u00e9risation et les solutions num\u00e9riques innovantes pour faciliter l\u2019exercice de leurs fonctions. Le Pr Ebot Ebot, Directeur G\u00e9n\u00e9ral de l\u2019Antic a d\u00e9livr\u00e9 un message disant que les innovations num\u00e9riques ont \u00e9t\u00e9 con\u00e7ues pour aider le Cameroun \u00e0 relever nombre de ses d\u00e9fis de d\u00e9veloppement en renfor\u00e7ant les capacit\u00e9s des acteurs dans l\u2019utilisation efficace des outils TIC.<\/p>\n<p><strong>Pour plus d&rsquo;informations et d&rsquo;analyses sur la <a href=\"https:\/\/www.africa-press.net\/cameroun\">Cameroun<\/a>, suivez <a href=\"https:\/\/www.africa-press.net\/\">Africa-Press<\/a><\/strong><\/p>\n","protected":false},"excerpt":{"rendered":"<p>Africa-Press &#8211; Cameroun. L\u2019initiative port\u00e9e par l\u2019Agence Nationale des Technologies de l\u2019Information et de la Communication visait \u00e0 renforcer les connaissances en TIC de ce personnel pour contrecarrer les cyberattaques. Un s\u00e9minaire de trois jours sur les technologies de l\u2019information et de la communication intitul\u00e9 \u00ab Personnel de l\u2019\u00c9tat : le vecteur des meilleures pratiques [&hellip;]<\/p>\n","protected":false},"author":82,"featured_media":24393,"comment_status":"open","ping_status":"closed","sticky":false,"template":"","format":"standard","meta":{"footnotes":""},"categories":[21,11,10],"tags":[36,50,49],"class_list":["post-24394","post","type-post","status-publish","format-standard","has-post-thumbnail","hentry","category-communaute","category-homepage-french","category-toutes-les-actualites","tag-africa-press","tag-africa-press-cameroun","tag-cameroun"],"yoast_head":"<!-- This site is optimized with the Yoast SEO Premium plugin v26.1 (Yoast SEO v27.0) - https:\/\/yoast.com\/product\/yoast-seo-premium-wordpress\/ -->\n<title>Cameroun : des comp\u00e9tences en cybers\u00e9curit\u00e9 enseign\u00e9es aux chefs des services publiques du Nord-Ouest - Cameroun<\/title>\n<meta name=\"description\" content=\"L\u2019initiative port\u00e9e par l\u2019Agence Nationale des Technologies de l\u2019Information et de la Communication visait \u00e0 renforcer l ...\" \/>\n<meta name=\"robots\" content=\"index, follow, max-snippet:-1, max-image-preview:large, max-video-preview:-1\" \/>\n<link rel=\"canonical\" href=\"https:\/\/www.africa-press.net\/cameroun\/toutes-les-actualites\/cameroun-des-competences-en-cybersecurite-enseignees-aux-chefs-des-services-publiques-du-nord-ouest\" \/>\n<meta property=\"og:locale\" content=\"fr_FR\" \/>\n<meta property=\"og:type\" content=\"article\" \/>\n<meta property=\"og:title\" content=\"Cameroun : des comp\u00e9tences en cybers\u00e9curit\u00e9 enseign\u00e9es aux chefs des services publiques du Nord-Ouest\" \/>\n<meta property=\"og:description\" content=\"L\u2019initiative port\u00e9e par l\u2019Agence Nationale des Technologies de l\u2019Information et de la Communication visait \u00e0 renforcer l ...\" \/>\n<meta property=\"og:url\" content=\"https:\/\/www.africa-press.net\/cameroun\/toutes-les-actualites\/cameroun-des-competences-en-cybersecurite-enseignees-aux-chefs-des-services-publiques-du-nord-ouest\" \/>\n<meta property=\"og:site_name\" content=\"Cameroun\" \/>\n<meta property=\"article:published_time\" content=\"2022-07-28T17:51:28+00:00\" \/>\n<meta property=\"article:modified_time\" content=\"2022-07-28T19:31:43+00:00\" \/>\n<meta property=\"og:image\" content=\"https:\/\/static.africa-press.net\/cameroun\/sites\/57\/2022\/07\/img-62e2e40a9872c.jpg\" \/>\n\t<meta property=\"og:image:width\" content=\"720\" \/>\n\t<meta property=\"og:image:height\" content=\"361\" \/>\n\t<meta property=\"og:image:type\" content=\"image\/jpeg\" \/>\n<meta name=\"author\" content=\"cfeditorfr\" \/>\n<meta name=\"twitter:card\" content=\"summary_large_image\" \/>\n<meta name=\"twitter:label1\" content=\"\u00c9crit par\" \/>\n\t<meta name=\"twitter:data1\" content=\"cfeditorfr\" \/>\n\t<meta name=\"twitter:label2\" content=\"Dur\u00e9e de lecture estim\u00e9e\" \/>\n\t<meta name=\"twitter:data2\" content=\"2 minutes\" \/>\n<script type=\"application\/ld+json\" class=\"yoast-schema-graph\">{\"@context\":\"https:\/\/schema.org\",\"@graph\":[{\"@type\":\"Article\",\"@id\":\"https:\/\/www.africa-press.net\/cameroun\/toutes-les-actualites\/cameroun-des-competences-en-cybersecurite-enseignees-aux-chefs-des-services-publiques-du-nord-ouest#article\",\"isPartOf\":{\"@id\":\"https:\/\/www.africa-press.net\/cameroun\/toutes-les-actualites\/cameroun-des-competences-en-cybersecurite-enseignees-aux-chefs-des-services-publiques-du-nord-ouest\"},\"author\":{\"name\":\"cfeditorfr\",\"@id\":\"https:\/\/www.africa-press.net\/cameroun\/#\/schema\/person\/2b1cf3cd81a31e3cd26889ca66d677f1\"},\"headline\":\"Cameroun : des comp\u00e9tences en cybers\u00e9curit\u00e9 enseign\u00e9es aux chefs des services publiques du Nord-Ouest\",\"datePublished\":\"2022-07-28T17:51:28+00:00\",\"dateModified\":\"2022-07-28T19:31:43+00:00\",\"mainEntityOfPage\":{\"@id\":\"https:\/\/www.africa-press.net\/cameroun\/toutes-les-actualites\/cameroun-des-competences-en-cybersecurite-enseignees-aux-chefs-des-services-publiques-du-nord-ouest\"},\"wordCount\":280,\"commentCount\":0,\"image\":{\"@id\":\"https:\/\/www.africa-press.net\/cameroun\/toutes-les-actualites\/cameroun-des-competences-en-cybersecurite-enseignees-aux-chefs-des-services-publiques-du-nord-ouest#primaryimage\"},\"thumbnailUrl\":\"https:\/\/static.africa-press.net\/cameroun\/sites\/57\/2022\/07\/img-62e2e40a9872c.jpg\",\"keywords\":[\"Africa Press\",\"Africa Press-Cameroun\",\"Cameroun\"],\"articleSection\":[\"Communaut\u00e9\",\"homepage-french\",\"Toutes les actualit\u00e9s\"],\"inLanguage\":\"fr-FR\",\"potentialAction\":[{\"@type\":\"CommentAction\",\"name\":\"Comment\",\"target\":[\"https:\/\/www.africa-press.net\/cameroun\/toutes-les-actualites\/cameroun-des-competences-en-cybersecurite-enseignees-aux-chefs-des-services-publiques-du-nord-ouest#respond\"]}]},{\"@type\":\"WebPage\",\"@id\":\"https:\/\/www.africa-press.net\/cameroun\/toutes-les-actualites\/cameroun-des-competences-en-cybersecurite-enseignees-aux-chefs-des-services-publiques-du-nord-ouest\",\"url\":\"https:\/\/www.africa-press.net\/cameroun\/toutes-les-actualites\/cameroun-des-competences-en-cybersecurite-enseignees-aux-chefs-des-services-publiques-du-nord-ouest\",\"name\":\"Cameroun : des comp\u00e9tences en cybers\u00e9curit\u00e9 enseign\u00e9es aux chefs des services publiques du Nord-Ouest - Cameroun\",\"isPartOf\":{\"@id\":\"https:\/\/www.africa-press.net\/cameroun\/#website\"},\"primaryImageOfPage\":{\"@id\":\"https:\/\/www.africa-press.net\/cameroun\/toutes-les-actualites\/cameroun-des-competences-en-cybersecurite-enseignees-aux-chefs-des-services-publiques-du-nord-ouest#primaryimage\"},\"image\":{\"@id\":\"https:\/\/www.africa-press.net\/cameroun\/toutes-les-actualites\/cameroun-des-competences-en-cybersecurite-enseignees-aux-chefs-des-services-publiques-du-nord-ouest#primaryimage\"},\"thumbnailUrl\":\"https:\/\/static.africa-press.net\/cameroun\/sites\/57\/2022\/07\/img-62e2e40a9872c.jpg\",\"datePublished\":\"2022-07-28T17:51:28+00:00\",\"dateModified\":\"2022-07-28T19:31:43+00:00\",\"author\":{\"@id\":\"https:\/\/www.africa-press.net\/cameroun\/#\/schema\/person\/2b1cf3cd81a31e3cd26889ca66d677f1\"},\"description\":\"L\u2019initiative port\u00e9e par l\u2019Agence Nationale des Technologies de l\u2019Information et de la Communication visait \u00e0 renforcer l ...\",\"breadcrumb\":{\"@id\":\"https:\/\/www.africa-press.net\/cameroun\/toutes-les-actualites\/cameroun-des-competences-en-cybersecurite-enseignees-aux-chefs-des-services-publiques-du-nord-ouest#breadcrumb\"},\"inLanguage\":\"fr-FR\",\"potentialAction\":[{\"@type\":\"ReadAction\",\"target\":[\"https:\/\/www.africa-press.net\/cameroun\/toutes-les-actualites\/cameroun-des-competences-en-cybersecurite-enseignees-aux-chefs-des-services-publiques-du-nord-ouest\"]}]},{\"@type\":\"ImageObject\",\"inLanguage\":\"fr-FR\",\"@id\":\"https:\/\/www.africa-press.net\/cameroun\/toutes-les-actualites\/cameroun-des-competences-en-cybersecurite-enseignees-aux-chefs-des-services-publiques-du-nord-ouest#primaryimage\",\"url\":\"https:\/\/static.africa-press.net\/cameroun\/sites\/57\/2022\/07\/img-62e2e40a9872c.jpg\",\"contentUrl\":\"https:\/\/static.africa-press.net\/cameroun\/sites\/57\/2022\/07\/img-62e2e40a9872c.jpg\",\"width\":720,\"height\":361,\"caption\":\"Cameroun : des comp\u00e9tences en cybers\u00e9curit\u00e9 enseign\u00e9es aux chefs des services publiques du Nord-Ouest\"},{\"@type\":\"BreadcrumbList\",\"@id\":\"https:\/\/www.africa-press.net\/cameroun\/toutes-les-actualites\/cameroun-des-competences-en-cybersecurite-enseignees-aux-chefs-des-services-publiques-du-nord-ouest#breadcrumb\",\"itemListElement\":[{\"@type\":\"ListItem\",\"position\":1,\"name\":\"Accueil\",\"item\":\"https:\/\/www.africa-press.net\/cameroun\/\"},{\"@type\":\"ListItem\",\"position\":2,\"name\":\"Cameroun : des comp\u00e9tences en cybers\u00e9curit\u00e9 enseign\u00e9es aux chefs des services publiques du Nord-Ouest\"}]},{\"@type\":\"WebSite\",\"@id\":\"https:\/\/www.africa-press.net\/cameroun\/#website\",\"url\":\"https:\/\/www.africa-press.net\/cameroun\/\",\"name\":\"Cameroun\",\"description\":\"Just another Africa News Agency Sites site\",\"potentialAction\":[{\"@type\":\"SearchAction\",\"target\":{\"@type\":\"EntryPoint\",\"urlTemplate\":\"https:\/\/www.africa-press.net\/cameroun\/?s={search_term_string}\"},\"query-input\":{\"@type\":\"PropertyValueSpecification\",\"valueRequired\":true,\"valueName\":\"search_term_string\"}}],\"inLanguage\":\"fr-FR\"},{\"@type\":\"Person\",\"@id\":\"https:\/\/www.africa-press.net\/cameroun\/#\/schema\/person\/2b1cf3cd81a31e3cd26889ca66d677f1\",\"name\":\"cfeditorfr\"}]}<\/script>\n<!-- \/ Yoast SEO Premium plugin. -->","yoast_head_json":{"title":"Cameroun : des comp\u00e9tences en cybers\u00e9curit\u00e9 enseign\u00e9es aux chefs des services publiques du Nord-Ouest - Cameroun","description":"L\u2019initiative port\u00e9e par l\u2019Agence Nationale des Technologies de l\u2019Information et de la Communication visait \u00e0 renforcer l ...","robots":{"index":"index","follow":"follow","max-snippet":"max-snippet:-1","max-image-preview":"max-image-preview:large","max-video-preview":"max-video-preview:-1"},"canonical":"https:\/\/www.africa-press.net\/cameroun\/toutes-les-actualites\/cameroun-des-competences-en-cybersecurite-enseignees-aux-chefs-des-services-publiques-du-nord-ouest","og_locale":"fr_FR","og_type":"article","og_title":"Cameroun : des comp\u00e9tences en cybers\u00e9curit\u00e9 enseign\u00e9es aux chefs des services publiques du Nord-Ouest","og_description":"L\u2019initiative port\u00e9e par l\u2019Agence Nationale des Technologies de l\u2019Information et de la Communication visait \u00e0 renforcer l ...","og_url":"https:\/\/www.africa-press.net\/cameroun\/toutes-les-actualites\/cameroun-des-competences-en-cybersecurite-enseignees-aux-chefs-des-services-publiques-du-nord-ouest","og_site_name":"Cameroun","article_published_time":"2022-07-28T17:51:28+00:00","article_modified_time":"2022-07-28T19:31:43+00:00","og_image":[{"width":720,"height":361,"url":"https:\/\/static.africa-press.net\/cameroun\/sites\/57\/2022\/07\/img-62e2e40a9872c.jpg","type":"image\/jpeg"}],"author":"cfeditorfr","twitter_card":"summary_large_image","twitter_misc":{"\u00c9crit par":"cfeditorfr","Dur\u00e9e de lecture estim\u00e9e":"2 minutes"},"schema":{"@context":"https:\/\/schema.org","@graph":[{"@type":"Article","@id":"https:\/\/www.africa-press.net\/cameroun\/toutes-les-actualites\/cameroun-des-competences-en-cybersecurite-enseignees-aux-chefs-des-services-publiques-du-nord-ouest#article","isPartOf":{"@id":"https:\/\/www.africa-press.net\/cameroun\/toutes-les-actualites\/cameroun-des-competences-en-cybersecurite-enseignees-aux-chefs-des-services-publiques-du-nord-ouest"},"author":{"name":"cfeditorfr","@id":"https:\/\/www.africa-press.net\/cameroun\/#\/schema\/person\/2b1cf3cd81a31e3cd26889ca66d677f1"},"headline":"Cameroun : des comp\u00e9tences en cybers\u00e9curit\u00e9 enseign\u00e9es aux chefs des services publiques du Nord-Ouest","datePublished":"2022-07-28T17:51:28+00:00","dateModified":"2022-07-28T19:31:43+00:00","mainEntityOfPage":{"@id":"https:\/\/www.africa-press.net\/cameroun\/toutes-les-actualites\/cameroun-des-competences-en-cybersecurite-enseignees-aux-chefs-des-services-publiques-du-nord-ouest"},"wordCount":280,"commentCount":0,"image":{"@id":"https:\/\/www.africa-press.net\/cameroun\/toutes-les-actualites\/cameroun-des-competences-en-cybersecurite-enseignees-aux-chefs-des-services-publiques-du-nord-ouest#primaryimage"},"thumbnailUrl":"https:\/\/static.africa-press.net\/cameroun\/sites\/57\/2022\/07\/img-62e2e40a9872c.jpg","keywords":["Africa Press","Africa Press-Cameroun","Cameroun"],"articleSection":["Communaut\u00e9","homepage-french","Toutes les actualit\u00e9s"],"inLanguage":"fr-FR","potentialAction":[{"@type":"CommentAction","name":"Comment","target":["https:\/\/www.africa-press.net\/cameroun\/toutes-les-actualites\/cameroun-des-competences-en-cybersecurite-enseignees-aux-chefs-des-services-publiques-du-nord-ouest#respond"]}]},{"@type":"WebPage","@id":"https:\/\/www.africa-press.net\/cameroun\/toutes-les-actualites\/cameroun-des-competences-en-cybersecurite-enseignees-aux-chefs-des-services-publiques-du-nord-ouest","url":"https:\/\/www.africa-press.net\/cameroun\/toutes-les-actualites\/cameroun-des-competences-en-cybersecurite-enseignees-aux-chefs-des-services-publiques-du-nord-ouest","name":"Cameroun : des comp\u00e9tences en cybers\u00e9curit\u00e9 enseign\u00e9es aux chefs des services publiques du Nord-Ouest - Cameroun","isPartOf":{"@id":"https:\/\/www.africa-press.net\/cameroun\/#website"},"primaryImageOfPage":{"@id":"https:\/\/www.africa-press.net\/cameroun\/toutes-les-actualites\/cameroun-des-competences-en-cybersecurite-enseignees-aux-chefs-des-services-publiques-du-nord-ouest#primaryimage"},"image":{"@id":"https:\/\/www.africa-press.net\/cameroun\/toutes-les-actualites\/cameroun-des-competences-en-cybersecurite-enseignees-aux-chefs-des-services-publiques-du-nord-ouest#primaryimage"},"thumbnailUrl":"https:\/\/static.africa-press.net\/cameroun\/sites\/57\/2022\/07\/img-62e2e40a9872c.jpg","datePublished":"2022-07-28T17:51:28+00:00","dateModified":"2022-07-28T19:31:43+00:00","author":{"@id":"https:\/\/www.africa-press.net\/cameroun\/#\/schema\/person\/2b1cf3cd81a31e3cd26889ca66d677f1"},"description":"L\u2019initiative port\u00e9e par l\u2019Agence Nationale des Technologies de l\u2019Information et de la Communication visait \u00e0 renforcer l ...","breadcrumb":{"@id":"https:\/\/www.africa-press.net\/cameroun\/toutes-les-actualites\/cameroun-des-competences-en-cybersecurite-enseignees-aux-chefs-des-services-publiques-du-nord-ouest#breadcrumb"},"inLanguage":"fr-FR","potentialAction":[{"@type":"ReadAction","target":["https:\/\/www.africa-press.net\/cameroun\/toutes-les-actualites\/cameroun-des-competences-en-cybersecurite-enseignees-aux-chefs-des-services-publiques-du-nord-ouest"]}]},{"@type":"ImageObject","inLanguage":"fr-FR","@id":"https:\/\/www.africa-press.net\/cameroun\/toutes-les-actualites\/cameroun-des-competences-en-cybersecurite-enseignees-aux-chefs-des-services-publiques-du-nord-ouest#primaryimage","url":"https:\/\/static.africa-press.net\/cameroun\/sites\/57\/2022\/07\/img-62e2e40a9872c.jpg","contentUrl":"https:\/\/static.africa-press.net\/cameroun\/sites\/57\/2022\/07\/img-62e2e40a9872c.jpg","width":720,"height":361,"caption":"Cameroun : des comp\u00e9tences en cybers\u00e9curit\u00e9 enseign\u00e9es aux chefs des services publiques du Nord-Ouest"},{"@type":"BreadcrumbList","@id":"https:\/\/www.africa-press.net\/cameroun\/toutes-les-actualites\/cameroun-des-competences-en-cybersecurite-enseignees-aux-chefs-des-services-publiques-du-nord-ouest#breadcrumb","itemListElement":[{"@type":"ListItem","position":1,"name":"Accueil","item":"https:\/\/www.africa-press.net\/cameroun\/"},{"@type":"ListItem","position":2,"name":"Cameroun : des comp\u00e9tences en cybers\u00e9curit\u00e9 enseign\u00e9es aux chefs des services publiques du Nord-Ouest"}]},{"@type":"WebSite","@id":"https:\/\/www.africa-press.net\/cameroun\/#website","url":"https:\/\/www.africa-press.net\/cameroun\/","name":"Cameroun","description":"Just another Africa News Agency Sites site","potentialAction":[{"@type":"SearchAction","target":{"@type":"EntryPoint","urlTemplate":"https:\/\/www.africa-press.net\/cameroun\/?s={search_term_string}"},"query-input":{"@type":"PropertyValueSpecification","valueRequired":true,"valueName":"search_term_string"}}],"inLanguage":"fr-FR"},{"@type":"Person","@id":"https:\/\/www.africa-press.net\/cameroun\/#\/schema\/person\/2b1cf3cd81a31e3cd26889ca66d677f1","name":"cfeditorfr"}]}},"_links":{"self":[{"href":"https:\/\/www.africa-press.net\/cameroun\/wp-json\/wp\/v2\/posts\/24394","targetHints":{"allow":["GET"]}}],"collection":[{"href":"https:\/\/www.africa-press.net\/cameroun\/wp-json\/wp\/v2\/posts"}],"about":[{"href":"https:\/\/www.africa-press.net\/cameroun\/wp-json\/wp\/v2\/types\/post"}],"author":[{"embeddable":true,"href":"https:\/\/www.africa-press.net\/cameroun\/wp-json\/wp\/v2\/users\/82"}],"replies":[{"embeddable":true,"href":"https:\/\/www.africa-press.net\/cameroun\/wp-json\/wp\/v2\/comments?post=24394"}],"version-history":[{"count":0,"href":"https:\/\/www.africa-press.net\/cameroun\/wp-json\/wp\/v2\/posts\/24394\/revisions"}],"wp:featuredmedia":[{"embeddable":true,"href":"https:\/\/www.africa-press.net\/cameroun\/wp-json\/wp\/v2\/media\/24393"}],"wp:attachment":[{"href":"https:\/\/www.africa-press.net\/cameroun\/wp-json\/wp\/v2\/media?parent=24394"}],"wp:term":[{"taxonomy":"category","embeddable":true,"href":"https:\/\/www.africa-press.net\/cameroun\/wp-json\/wp\/v2\/categories?post=24394"},{"taxonomy":"post_tag","embeddable":true,"href":"https:\/\/www.africa-press.net\/cameroun\/wp-json\/wp\/v2\/tags?post=24394"}],"curies":[{"name":"wp","href":"https:\/\/api.w.org\/{rel}","templated":true}]}}