{"id":24397,"date":"2022-07-28T17:58:00","date_gmt":"2022-07-28T17:58:00","guid":{"rendered":"https:\/\/www.africa-press.net\/cameroun\/politique\/cameroun-rachat-de-guinness-castel-va-maintenir-le-personnel"},"modified":"2022-07-28T19:32:17","modified_gmt":"2022-07-28T19:32:17","slug":"cameroun-rachat-de-guinness-castel-va-maintenir-le-personnel","status":"publish","type":"post","link":"https:\/\/www.africa-press.net\/cameroun\/toutes-les-actualites\/cameroun-rachat-de-guinness-castel-va-maintenir-le-personnel","title":{"rendered":"Cameroun-rachat de Guinness :\u00a0Castel va maintenir le personnel"},"content":{"rendered":"<p><span style=\"color: #ff6600\"><strong>Africa-Press &#8211; Cameroun. <\/strong><\/span>Michel Palu, le pr\u00e9sident d\u00e9l\u00e9gu\u00e9 du Groupe Castel a rencontr\u00e9 Luc Magloire Mbarga Atangana hier 27 juillet 2022.<\/p>\n<p>Une d\u00e9l\u00e9gation du Groupe Castel a rencontr\u00e9 le gouvernement Camerounais hier 27 juillet. Plusieurs sujets ont meubl\u00e9 cette rencontre entre le groupe brassicole et le minist\u00e8re en charge du Commerce.<\/p>\n<p>Les deux parties ont soulev\u00e9 la question du rachat de Guinness par Castel. D\u00e9j\u00e0, dans le communiqu\u00e9 conjoint Castel-Diageo qui a r\u00e9v\u00e9l\u00e9 le deal, le Directeur G\u00e9n\u00e9ral des SABC s\u2019\u00e9tait voulu rassurant sur la question de la gestion du personnel.<\/p>\n<p>\u00ab Nous sommes impatients de travailler avec les employ\u00e9s de Guinness Cameroun S.A, et d\u2019int\u00e9grer les boissons Guinness dans notre portefeuille. L\u2019int\u00e9gralit\u00e9 du personnel de Guinness Cameroun sera maintenue \u00e0 son poste et ses avantages socioprofessionnels pr\u00e9serv\u00e9s \u00bb, indiquait alors une source en interne.<\/p>\n<p>Hier, Michel Palu a encore rassur\u00e9 le ministre du Commerce. Il a indiqu\u00e9, qu\u2019il n\u2019y aurait aucune suppression d\u2019emplois et qu\u2019au contraire, le Groupe Castel allait investir massivement pour cr\u00e9er des sites d\u2019embouteillage de la bi\u00e8re Guinness sur l\u2019ensemble de l\u2019\u00e9tendue du territoire national et \u00e9viter ainsi la disparit\u00e9 des prix que l\u2019on observait jusqu\u2019\u00e0 pr\u00e9sent et qui \u00e9tait pr\u00e9judiciable aux consommateurs de certaines r\u00e9gions o\u00f9 il n\u2019existait pas des centres de production.<\/p>\n<p>Cela va se traduire, pour cette cat\u00e9gorie de consommateurs, par une baisse des prix actuellement pratiqu\u00e9s.<\/p>\n<p>Le projet de fusion est donc tout \u00e0 l\u2019avantage des salari\u00e9s, de la politique de cr\u00e9ation des emplois, de la densification des investissements et s\u2019inscrit en droite ligne de la politique du Gouvernement de renforcer l\u2019outil de production national pour \u00eatre pr\u00eat, le moment venu, \u00e0 occuper pleinement l\u2019espace ouvert par la Zone de Libre Echange Continentale Africaine (Zlecaf).<\/p>\n<p><strong>Pour plus d&rsquo;informations et d&rsquo;analyses sur la <a href=\"https:\/\/www.africa-press.net\/cameroun\">Cameroun<\/a>, suivez <a href=\"https:\/\/www.africa-press.net\/\">Africa-Press<\/a><\/strong><\/p>\n","protected":false},"excerpt":{"rendered":"<p>Africa-Press &#8211; Cameroun. Michel Palu, le pr\u00e9sident d\u00e9l\u00e9gu\u00e9 du Groupe Castel a rencontr\u00e9 Luc Magloire Mbarga Atangana hier 27 juillet 2022. Une d\u00e9l\u00e9gation du Groupe Castel a rencontr\u00e9 le gouvernement Camerounais hier 27 juillet. Plusieurs sujets ont meubl\u00e9 cette rencontre entre le groupe brassicole et le minist\u00e8re en charge du Commerce. Les deux parties ont [&hellip;]<\/p>\n","protected":false},"author":82,"featured_media":24396,"comment_status":"open","ping_status":"closed","sticky":false,"template":"","format":"standard","meta":{"footnotes":""},"categories":[21,11,10],"tags":[36,50,49],"class_list":["post-24397","post","type-post","status-publish","format-standard","has-post-thumbnail","hentry","category-communaute","category-homepage-french","category-toutes-les-actualites","tag-africa-press","tag-africa-press-cameroun","tag-cameroun"],"yoast_head":"<!-- This site is optimized with the Yoast SEO Premium plugin v26.1 (Yoast SEO v27.0) - https:\/\/yoast.com\/product\/yoast-seo-premium-wordpress\/ -->\n<title>Cameroun-rachat de Guinness :\u00a0Castel va maintenir le personnel - Cameroun<\/title>\n<meta name=\"description\" content=\"Michel Palu, le pr\u00e9sident d\u00e9l\u00e9gu\u00e9 du Groupe Castel a rencontr\u00e9 Luc Magloire Mbarga Atangana hier 27 juillet 2022. Une d ...\" \/>\n<meta name=\"robots\" content=\"index, follow, max-snippet:-1, max-image-preview:large, max-video-preview:-1\" \/>\n<link rel=\"canonical\" href=\"https:\/\/www.africa-press.net\/cameroun\/toutes-les-actualites\/cameroun-rachat-de-guinness-castel-va-maintenir-le-personnel\" \/>\n<meta property=\"og:locale\" content=\"fr_FR\" \/>\n<meta property=\"og:type\" content=\"article\" \/>\n<meta property=\"og:title\" content=\"Cameroun-rachat de Guinness :\u00a0Castel va maintenir le personnel\" \/>\n<meta property=\"og:description\" content=\"Michel Palu, le pr\u00e9sident d\u00e9l\u00e9gu\u00e9 du Groupe Castel a rencontr\u00e9 Luc Magloire Mbarga Atangana hier 27 juillet 2022. Une d ...\" \/>\n<meta property=\"og:url\" content=\"https:\/\/www.africa-press.net\/cameroun\/toutes-les-actualites\/cameroun-rachat-de-guinness-castel-va-maintenir-le-personnel\" \/>\n<meta property=\"og:site_name\" content=\"Cameroun\" \/>\n<meta property=\"article:published_time\" content=\"2022-07-28T17:58:00+00:00\" \/>\n<meta property=\"article:modified_time\" content=\"2022-07-28T19:32:17+00:00\" \/>\n<meta property=\"og:image\" content=\"https:\/\/static.africa-press.net\/cameroun\/sites\/57\/2022\/07\/img-62e2e42824d9f.jpg\" \/>\n\t<meta property=\"og:image:width\" content=\"744\" \/>\n\t<meta property=\"og:image:height\" content=\"435\" \/>\n\t<meta property=\"og:image:type\" content=\"image\/jpeg\" \/>\n<meta name=\"author\" content=\"cfeditorfr\" \/>\n<meta name=\"twitter:card\" content=\"summary_large_image\" \/>\n<meta name=\"twitter:label1\" content=\"\u00c9crit par\" \/>\n\t<meta name=\"twitter:data1\" content=\"cfeditorfr\" \/>\n\t<meta name=\"twitter:label2\" content=\"Dur\u00e9e de lecture estim\u00e9e\" \/>\n\t<meta name=\"twitter:data2\" content=\"2 minutes\" \/>\n<script type=\"application\/ld+json\" class=\"yoast-schema-graph\">{\"@context\":\"https:\/\/schema.org\",\"@graph\":[{\"@type\":\"Article\",\"@id\":\"https:\/\/www.africa-press.net\/cameroun\/toutes-les-actualites\/cameroun-rachat-de-guinness-castel-va-maintenir-le-personnel#article\",\"isPartOf\":{\"@id\":\"https:\/\/www.africa-press.net\/cameroun\/toutes-les-actualites\/cameroun-rachat-de-guinness-castel-va-maintenir-le-personnel\"},\"author\":{\"name\":\"cfeditorfr\",\"@id\":\"https:\/\/www.africa-press.net\/cameroun\/#\/schema\/person\/2b1cf3cd81a31e3cd26889ca66d677f1\"},\"headline\":\"Cameroun-rachat de Guinness :\u00a0Castel va maintenir le personnel\",\"datePublished\":\"2022-07-28T17:58:00+00:00\",\"dateModified\":\"2022-07-28T19:32:17+00:00\",\"mainEntityOfPage\":{\"@id\":\"https:\/\/www.africa-press.net\/cameroun\/toutes-les-actualites\/cameroun-rachat-de-guinness-castel-va-maintenir-le-personnel\"},\"wordCount\":338,\"commentCount\":0,\"image\":{\"@id\":\"https:\/\/www.africa-press.net\/cameroun\/toutes-les-actualites\/cameroun-rachat-de-guinness-castel-va-maintenir-le-personnel#primaryimage\"},\"thumbnailUrl\":\"https:\/\/static.africa-press.net\/cameroun\/sites\/57\/2022\/07\/img-62e2e42824d9f.jpg\",\"keywords\":[\"Africa Press\",\"Africa Press-Cameroun\",\"Cameroun\"],\"articleSection\":[\"Communaut\u00e9\",\"homepage-french\",\"Toutes les actualit\u00e9s\"],\"inLanguage\":\"fr-FR\",\"potentialAction\":[{\"@type\":\"CommentAction\",\"name\":\"Comment\",\"target\":[\"https:\/\/www.africa-press.net\/cameroun\/toutes-les-actualites\/cameroun-rachat-de-guinness-castel-va-maintenir-le-personnel#respond\"]}]},{\"@type\":\"WebPage\",\"@id\":\"https:\/\/www.africa-press.net\/cameroun\/toutes-les-actualites\/cameroun-rachat-de-guinness-castel-va-maintenir-le-personnel\",\"url\":\"https:\/\/www.africa-press.net\/cameroun\/toutes-les-actualites\/cameroun-rachat-de-guinness-castel-va-maintenir-le-personnel\",\"name\":\"Cameroun-rachat de Guinness :\u00a0Castel va maintenir le personnel - Cameroun\",\"isPartOf\":{\"@id\":\"https:\/\/www.africa-press.net\/cameroun\/#website\"},\"primaryImageOfPage\":{\"@id\":\"https:\/\/www.africa-press.net\/cameroun\/toutes-les-actualites\/cameroun-rachat-de-guinness-castel-va-maintenir-le-personnel#primaryimage\"},\"image\":{\"@id\":\"https:\/\/www.africa-press.net\/cameroun\/toutes-les-actualites\/cameroun-rachat-de-guinness-castel-va-maintenir-le-personnel#primaryimage\"},\"thumbnailUrl\":\"https:\/\/static.africa-press.net\/cameroun\/sites\/57\/2022\/07\/img-62e2e42824d9f.jpg\",\"datePublished\":\"2022-07-28T17:58:00+00:00\",\"dateModified\":\"2022-07-28T19:32:17+00:00\",\"author\":{\"@id\":\"https:\/\/www.africa-press.net\/cameroun\/#\/schema\/person\/2b1cf3cd81a31e3cd26889ca66d677f1\"},\"description\":\"Michel Palu, le pr\u00e9sident d\u00e9l\u00e9gu\u00e9 du Groupe Castel a rencontr\u00e9 Luc Magloire Mbarga Atangana hier 27 juillet 2022. Une d ...\",\"breadcrumb\":{\"@id\":\"https:\/\/www.africa-press.net\/cameroun\/toutes-les-actualites\/cameroun-rachat-de-guinness-castel-va-maintenir-le-personnel#breadcrumb\"},\"inLanguage\":\"fr-FR\",\"potentialAction\":[{\"@type\":\"ReadAction\",\"target\":[\"https:\/\/www.africa-press.net\/cameroun\/toutes-les-actualites\/cameroun-rachat-de-guinness-castel-va-maintenir-le-personnel\"]}]},{\"@type\":\"ImageObject\",\"inLanguage\":\"fr-FR\",\"@id\":\"https:\/\/www.africa-press.net\/cameroun\/toutes-les-actualites\/cameroun-rachat-de-guinness-castel-va-maintenir-le-personnel#primaryimage\",\"url\":\"https:\/\/static.africa-press.net\/cameroun\/sites\/57\/2022\/07\/img-62e2e42824d9f.jpg\",\"contentUrl\":\"https:\/\/static.africa-press.net\/cameroun\/sites\/57\/2022\/07\/img-62e2e42824d9f.jpg\",\"width\":744,\"height\":435,\"caption\":\"Cameroun-rachat de Guinness :\u00a0Castel va maintenir le personnel\"},{\"@type\":\"BreadcrumbList\",\"@id\":\"https:\/\/www.africa-press.net\/cameroun\/toutes-les-actualites\/cameroun-rachat-de-guinness-castel-va-maintenir-le-personnel#breadcrumb\",\"itemListElement\":[{\"@type\":\"ListItem\",\"position\":1,\"name\":\"Accueil\",\"item\":\"https:\/\/www.africa-press.net\/cameroun\/\"},{\"@type\":\"ListItem\",\"position\":2,\"name\":\"Cameroun-rachat de Guinness :\u00a0Castel va maintenir le personnel\"}]},{\"@type\":\"WebSite\",\"@id\":\"https:\/\/www.africa-press.net\/cameroun\/#website\",\"url\":\"https:\/\/www.africa-press.net\/cameroun\/\",\"name\":\"Cameroun\",\"description\":\"Just another Africa News Agency Sites site\",\"potentialAction\":[{\"@type\":\"SearchAction\",\"target\":{\"@type\":\"EntryPoint\",\"urlTemplate\":\"https:\/\/www.africa-press.net\/cameroun\/?s={search_term_string}\"},\"query-input\":{\"@type\":\"PropertyValueSpecification\",\"valueRequired\":true,\"valueName\":\"search_term_string\"}}],\"inLanguage\":\"fr-FR\"},{\"@type\":\"Person\",\"@id\":\"https:\/\/www.africa-press.net\/cameroun\/#\/schema\/person\/2b1cf3cd81a31e3cd26889ca66d677f1\",\"name\":\"cfeditorfr\"}]}<\/script>\n<!-- \/ Yoast SEO Premium plugin. -->","yoast_head_json":{"title":"Cameroun-rachat de Guinness :\u00a0Castel va maintenir le personnel - Cameroun","description":"Michel Palu, le pr\u00e9sident d\u00e9l\u00e9gu\u00e9 du Groupe Castel a rencontr\u00e9 Luc Magloire Mbarga Atangana hier 27 juillet 2022. Une d ...","robots":{"index":"index","follow":"follow","max-snippet":"max-snippet:-1","max-image-preview":"max-image-preview:large","max-video-preview":"max-video-preview:-1"},"canonical":"https:\/\/www.africa-press.net\/cameroun\/toutes-les-actualites\/cameroun-rachat-de-guinness-castel-va-maintenir-le-personnel","og_locale":"fr_FR","og_type":"article","og_title":"Cameroun-rachat de Guinness :\u00a0Castel va maintenir le personnel","og_description":"Michel Palu, le pr\u00e9sident d\u00e9l\u00e9gu\u00e9 du Groupe Castel a rencontr\u00e9 Luc Magloire Mbarga Atangana hier 27 juillet 2022. Une d ...","og_url":"https:\/\/www.africa-press.net\/cameroun\/toutes-les-actualites\/cameroun-rachat-de-guinness-castel-va-maintenir-le-personnel","og_site_name":"Cameroun","article_published_time":"2022-07-28T17:58:00+00:00","article_modified_time":"2022-07-28T19:32:17+00:00","og_image":[{"width":744,"height":435,"url":"https:\/\/static.africa-press.net\/cameroun\/sites\/57\/2022\/07\/img-62e2e42824d9f.jpg","type":"image\/jpeg"}],"author":"cfeditorfr","twitter_card":"summary_large_image","twitter_misc":{"\u00c9crit par":"cfeditorfr","Dur\u00e9e de lecture estim\u00e9e":"2 minutes"},"schema":{"@context":"https:\/\/schema.org","@graph":[{"@type":"Article","@id":"https:\/\/www.africa-press.net\/cameroun\/toutes-les-actualites\/cameroun-rachat-de-guinness-castel-va-maintenir-le-personnel#article","isPartOf":{"@id":"https:\/\/www.africa-press.net\/cameroun\/toutes-les-actualites\/cameroun-rachat-de-guinness-castel-va-maintenir-le-personnel"},"author":{"name":"cfeditorfr","@id":"https:\/\/www.africa-press.net\/cameroun\/#\/schema\/person\/2b1cf3cd81a31e3cd26889ca66d677f1"},"headline":"Cameroun-rachat de Guinness :\u00a0Castel va maintenir le personnel","datePublished":"2022-07-28T17:58:00+00:00","dateModified":"2022-07-28T19:32:17+00:00","mainEntityOfPage":{"@id":"https:\/\/www.africa-press.net\/cameroun\/toutes-les-actualites\/cameroun-rachat-de-guinness-castel-va-maintenir-le-personnel"},"wordCount":338,"commentCount":0,"image":{"@id":"https:\/\/www.africa-press.net\/cameroun\/toutes-les-actualites\/cameroun-rachat-de-guinness-castel-va-maintenir-le-personnel#primaryimage"},"thumbnailUrl":"https:\/\/static.africa-press.net\/cameroun\/sites\/57\/2022\/07\/img-62e2e42824d9f.jpg","keywords":["Africa Press","Africa Press-Cameroun","Cameroun"],"articleSection":["Communaut\u00e9","homepage-french","Toutes les actualit\u00e9s"],"inLanguage":"fr-FR","potentialAction":[{"@type":"CommentAction","name":"Comment","target":["https:\/\/www.africa-press.net\/cameroun\/toutes-les-actualites\/cameroun-rachat-de-guinness-castel-va-maintenir-le-personnel#respond"]}]},{"@type":"WebPage","@id":"https:\/\/www.africa-press.net\/cameroun\/toutes-les-actualites\/cameroun-rachat-de-guinness-castel-va-maintenir-le-personnel","url":"https:\/\/www.africa-press.net\/cameroun\/toutes-les-actualites\/cameroun-rachat-de-guinness-castel-va-maintenir-le-personnel","name":"Cameroun-rachat de Guinness :\u00a0Castel va maintenir le personnel - Cameroun","isPartOf":{"@id":"https:\/\/www.africa-press.net\/cameroun\/#website"},"primaryImageOfPage":{"@id":"https:\/\/www.africa-press.net\/cameroun\/toutes-les-actualites\/cameroun-rachat-de-guinness-castel-va-maintenir-le-personnel#primaryimage"},"image":{"@id":"https:\/\/www.africa-press.net\/cameroun\/toutes-les-actualites\/cameroun-rachat-de-guinness-castel-va-maintenir-le-personnel#primaryimage"},"thumbnailUrl":"https:\/\/static.africa-press.net\/cameroun\/sites\/57\/2022\/07\/img-62e2e42824d9f.jpg","datePublished":"2022-07-28T17:58:00+00:00","dateModified":"2022-07-28T19:32:17+00:00","author":{"@id":"https:\/\/www.africa-press.net\/cameroun\/#\/schema\/person\/2b1cf3cd81a31e3cd26889ca66d677f1"},"description":"Michel Palu, le pr\u00e9sident d\u00e9l\u00e9gu\u00e9 du Groupe Castel a rencontr\u00e9 Luc Magloire Mbarga Atangana hier 27 juillet 2022. Une d ...","breadcrumb":{"@id":"https:\/\/www.africa-press.net\/cameroun\/toutes-les-actualites\/cameroun-rachat-de-guinness-castel-va-maintenir-le-personnel#breadcrumb"},"inLanguage":"fr-FR","potentialAction":[{"@type":"ReadAction","target":["https:\/\/www.africa-press.net\/cameroun\/toutes-les-actualites\/cameroun-rachat-de-guinness-castel-va-maintenir-le-personnel"]}]},{"@type":"ImageObject","inLanguage":"fr-FR","@id":"https:\/\/www.africa-press.net\/cameroun\/toutes-les-actualites\/cameroun-rachat-de-guinness-castel-va-maintenir-le-personnel#primaryimage","url":"https:\/\/static.africa-press.net\/cameroun\/sites\/57\/2022\/07\/img-62e2e42824d9f.jpg","contentUrl":"https:\/\/static.africa-press.net\/cameroun\/sites\/57\/2022\/07\/img-62e2e42824d9f.jpg","width":744,"height":435,"caption":"Cameroun-rachat de Guinness :\u00a0Castel va maintenir le personnel"},{"@type":"BreadcrumbList","@id":"https:\/\/www.africa-press.net\/cameroun\/toutes-les-actualites\/cameroun-rachat-de-guinness-castel-va-maintenir-le-personnel#breadcrumb","itemListElement":[{"@type":"ListItem","position":1,"name":"Accueil","item":"https:\/\/www.africa-press.net\/cameroun\/"},{"@type":"ListItem","position":2,"name":"Cameroun-rachat de Guinness :\u00a0Castel va maintenir le personnel"}]},{"@type":"WebSite","@id":"https:\/\/www.africa-press.net\/cameroun\/#website","url":"https:\/\/www.africa-press.net\/cameroun\/","name":"Cameroun","description":"Just another Africa News Agency Sites site","potentialAction":[{"@type":"SearchAction","target":{"@type":"EntryPoint","urlTemplate":"https:\/\/www.africa-press.net\/cameroun\/?s={search_term_string}"},"query-input":{"@type":"PropertyValueSpecification","valueRequired":true,"valueName":"search_term_string"}}],"inLanguage":"fr-FR"},{"@type":"Person","@id":"https:\/\/www.africa-press.net\/cameroun\/#\/schema\/person\/2b1cf3cd81a31e3cd26889ca66d677f1","name":"cfeditorfr"}]}},"_links":{"self":[{"href":"https:\/\/www.africa-press.net\/cameroun\/wp-json\/wp\/v2\/posts\/24397","targetHints":{"allow":["GET"]}}],"collection":[{"href":"https:\/\/www.africa-press.net\/cameroun\/wp-json\/wp\/v2\/posts"}],"about":[{"href":"https:\/\/www.africa-press.net\/cameroun\/wp-json\/wp\/v2\/types\/post"}],"author":[{"embeddable":true,"href":"https:\/\/www.africa-press.net\/cameroun\/wp-json\/wp\/v2\/users\/82"}],"replies":[{"embeddable":true,"href":"https:\/\/www.africa-press.net\/cameroun\/wp-json\/wp\/v2\/comments?post=24397"}],"version-history":[{"count":0,"href":"https:\/\/www.africa-press.net\/cameroun\/wp-json\/wp\/v2\/posts\/24397\/revisions"}],"wp:featuredmedia":[{"embeddable":true,"href":"https:\/\/www.africa-press.net\/cameroun\/wp-json\/wp\/v2\/media\/24396"}],"wp:attachment":[{"href":"https:\/\/www.africa-press.net\/cameroun\/wp-json\/wp\/v2\/media?parent=24397"}],"wp:term":[{"taxonomy":"category","embeddable":true,"href":"https:\/\/www.africa-press.net\/cameroun\/wp-json\/wp\/v2\/categories?post=24397"},{"taxonomy":"post_tag","embeddable":true,"href":"https:\/\/www.africa-press.net\/cameroun\/wp-json\/wp\/v2\/tags?post=24397"}],"curies":[{"name":"wp","href":"https:\/\/api.w.org\/{rel}","templated":true}]}}