{"id":24400,"date":"2022-07-28T18:07:32","date_gmt":"2022-07-28T18:07:32","guid":{"rendered":"https:\/\/www.africa-press.net\/cameroun\/politique\/cameroun-securite-alimentaire-lafd-debloque-plus-de-3-milliards-de-f"},"modified":"2022-07-28T19:32:46","modified_gmt":"2022-07-28T19:32:46","slug":"cameroun-securite-alimentaire-lafd-debloque-plus-de-3-milliards-de-f","status":"publish","type":"post","link":"https:\/\/www.africa-press.net\/cameroun\/economie\/cameroun-securite-alimentaire-lafd-debloque-plus-de-3-milliards-de-f","title":{"rendered":"Cameroun-s\u00e9curit\u00e9 alimentaire : l\u2019AFD d\u00e9bloque plus de 3 milliards de F"},"content":{"rendered":"<p><span style=\"color: #ff6600\"><strong>Africa-Press &#8211; Cameroun. <\/strong><\/span>L\u2019information a \u00e9t\u00e9 donn\u00e9e \u00e0 l\u2019occasion de la signature d\u2019un m\u00e9morandum d\u2019entente avec le Fonds international de d\u00e9veloppement agricole (FIDA).<\/p>\n<p>Le m\u00e9morandum d\u2019entente ainsi sign\u00e9, vise \u00ab une d\u00e9clinaison op\u00e9rationnelle au Cameroun de l\u2019accord-cadre sign\u00e9 entre les deux institutions en juillet 2021 \u00bb. Les axes de ce partenariat se d\u00e9clinent en trois dimensions : un dialogue strat\u00e9gique r\u00e9affirm\u00e9 ; le d\u00e9veloppement de synergies op\u00e9rationnelles et l\u2019identification d\u2019opportunit\u00e9s de financements coordonn\u00e9s.<\/p>\n<p>Cette signature a eu lieu \u00e0 l\u2019occasion de la visite au Cameroun du pr\u00e9sident Emmanuel Macron, rentre dans le cadre de la mise en \u0153uvre du pilier 3 de l\u2019initiative FARM (Mission pour la r\u00e9silience alimentaire et agricole).<\/p>\n<p>Ce pilier porte sur le renforcement de la production agricole locale dans les pays vuln\u00e9rables afin d\u2019att\u00e9nuer les p\u00e9nuries alimentaires. Il s\u2019agit donc d\u2019accro\u00eetre sur le moyen et long terme, la performance et la r\u00e9silience des syst\u00e8mes alimentaires, et notamment la capacit\u00e9 des petits producteurs agricoles, \u00e0 r\u00e9sister \u00e0 des chocs \u00e9conomiques et \u00e9v\u00e8nements exceptionnels, pour continuer \u00e0 produire, \u00e0 vendre et faire vivre leur famille.<\/p>\n<p>Les deux structures (AFD et FIDA) s\u2019engagent \u00e0 maximiser les synergies entre les programmes qu\u2019ils accompagnent, notamment par le renforcement du capital humain (de la formation professionnelle \u00e0 l\u2019insertion et l\u2019incubation, du conseil agricole au renforcement de fili\u00e8res prioritaires), afin de proposer une gamme compl\u00e9mentaire de services aux producteurs.<\/p>\n<p>Par ailleurs, le Groupe AFD et le FIDA confirment leurs strat\u00e9gies d\u2019intervention commune, en particulier le renforcement des capacit\u00e9s techniques et de gestion des producteurs agricoles, la productivit\u00e9 de l\u2019agriculture familiale, la durabilit\u00e9 des pratiques agricoles, l\u2019acc\u00e8s au financement des producteurs et l\u2019investissement durable et responsable dans le secteur.<\/p>\n<p><strong>Pour plus d&rsquo;informations et d&rsquo;analyses sur la <a href=\"https:\/\/www.africa-press.net\/cameroun\">Cameroun<\/a>, suivez <a href=\"https:\/\/www.africa-press.net\/\">Africa-Press<\/a><\/strong><\/p>\n","protected":false},"excerpt":{"rendered":"<p>Africa-Press &#8211; Cameroun. L\u2019information a \u00e9t\u00e9 donn\u00e9e \u00e0 l\u2019occasion de la signature d\u2019un m\u00e9morandum d\u2019entente avec le Fonds international de d\u00e9veloppement agricole (FIDA). Le m\u00e9morandum d\u2019entente ainsi sign\u00e9, vise \u00ab une d\u00e9clinaison op\u00e9rationnelle au Cameroun de l\u2019accord-cadre sign\u00e9 entre les deux institutions en juillet 2021 \u00bb. Les axes de ce partenariat se d\u00e9clinent en trois [&hellip;]<\/p>\n","protected":false},"author":82,"featured_media":24399,"comment_status":"open","ping_status":"closed","sticky":false,"template":"","format":"standard","meta":{"footnotes":""},"categories":[3,11,10],"tags":[36,50,49],"class_list":["post-24400","post","type-post","status-publish","format-standard","has-post-thumbnail","hentry","category-economie","category-homepage-french","category-toutes-les-actualites","tag-africa-press","tag-africa-press-cameroun","tag-cameroun"],"yoast_head":"<!-- This site is optimized with the Yoast SEO Premium plugin v26.1 (Yoast SEO v27.0) - https:\/\/yoast.com\/product\/yoast-seo-premium-wordpress\/ -->\n<title>Cameroun-s\u00e9curit\u00e9 alimentaire : l\u2019AFD d\u00e9bloque plus de 3 milliards de F - Cameroun<\/title>\n<meta name=\"description\" content=\"L\u2019information a \u00e9t\u00e9 donn\u00e9e \u00e0 l\u2019occasion de la signature d\u2019un m\u00e9morandum d\u2019entente avec le Fonds international de d\u00e9velop ...\" \/>\n<meta name=\"robots\" content=\"index, follow, max-snippet:-1, max-image-preview:large, max-video-preview:-1\" \/>\n<link rel=\"canonical\" href=\"https:\/\/www.africa-press.net\/cameroun\/economie\/cameroun-securite-alimentaire-lafd-debloque-plus-de-3-milliards-de-f\" \/>\n<meta property=\"og:locale\" content=\"fr_FR\" \/>\n<meta property=\"og:type\" content=\"article\" \/>\n<meta property=\"og:title\" content=\"Cameroun-s\u00e9curit\u00e9 alimentaire : l\u2019AFD d\u00e9bloque plus de 3 milliards de F\" \/>\n<meta property=\"og:description\" content=\"L\u2019information a \u00e9t\u00e9 donn\u00e9e \u00e0 l\u2019occasion de la signature d\u2019un m\u00e9morandum d\u2019entente avec le Fonds international de d\u00e9velop ...\" \/>\n<meta property=\"og:url\" content=\"https:\/\/www.africa-press.net\/cameroun\/economie\/cameroun-securite-alimentaire-lafd-debloque-plus-de-3-milliards-de-f\" \/>\n<meta property=\"og:site_name\" content=\"Cameroun\" \/>\n<meta property=\"article:published_time\" content=\"2022-07-28T18:07:32+00:00\" \/>\n<meta property=\"article:modified_time\" content=\"2022-07-28T19:32:46+00:00\" \/>\n<meta property=\"og:image\" content=\"https:\/\/static.africa-press.net\/cameroun\/sites\/57\/2022\/07\/img-62e2e4499271a.jpg\" \/>\n\t<meta property=\"og:image:width\" content=\"1080\" \/>\n\t<meta property=\"og:image:height\" content=\"605\" \/>\n\t<meta property=\"og:image:type\" content=\"image\/jpeg\" \/>\n<meta name=\"author\" content=\"cfeditorfr\" \/>\n<meta name=\"twitter:card\" content=\"summary_large_image\" \/>\n<meta name=\"twitter:label1\" content=\"\u00c9crit par\" \/>\n\t<meta name=\"twitter:data1\" content=\"cfeditorfr\" \/>\n\t<meta name=\"twitter:label2\" content=\"Dur\u00e9e de lecture estim\u00e9e\" \/>\n\t<meta name=\"twitter:data2\" content=\"2 minutes\" \/>\n<script type=\"application\/ld+json\" class=\"yoast-schema-graph\">{\"@context\":\"https:\/\/schema.org\",\"@graph\":[{\"@type\":\"Article\",\"@id\":\"https:\/\/www.africa-press.net\/cameroun\/economie\/cameroun-securite-alimentaire-lafd-debloque-plus-de-3-milliards-de-f#article\",\"isPartOf\":{\"@id\":\"https:\/\/www.africa-press.net\/cameroun\/economie\/cameroun-securite-alimentaire-lafd-debloque-plus-de-3-milliards-de-f\"},\"author\":{\"name\":\"cfeditorfr\",\"@id\":\"https:\/\/www.africa-press.net\/cameroun\/#\/schema\/person\/2b1cf3cd81a31e3cd26889ca66d677f1\"},\"headline\":\"Cameroun-s\u00e9curit\u00e9 alimentaire : l\u2019AFD d\u00e9bloque plus de 3 milliards de F\",\"datePublished\":\"2022-07-28T18:07:32+00:00\",\"dateModified\":\"2022-07-28T19:32:46+00:00\",\"mainEntityOfPage\":{\"@id\":\"https:\/\/www.africa-press.net\/cameroun\/economie\/cameroun-securite-alimentaire-lafd-debloque-plus-de-3-milliards-de-f\"},\"wordCount\":334,\"commentCount\":0,\"image\":{\"@id\":\"https:\/\/www.africa-press.net\/cameroun\/economie\/cameroun-securite-alimentaire-lafd-debloque-plus-de-3-milliards-de-f#primaryimage\"},\"thumbnailUrl\":\"https:\/\/static.africa-press.net\/cameroun\/sites\/57\/2022\/07\/img-62e2e4499271a.jpg\",\"keywords\":[\"Africa Press\",\"Africa Press-Cameroun\",\"Cameroun\"],\"articleSection\":[\"\u00c9conomie\",\"homepage-french\",\"Toutes les actualit\u00e9s\"],\"inLanguage\":\"fr-FR\",\"potentialAction\":[{\"@type\":\"CommentAction\",\"name\":\"Comment\",\"target\":[\"https:\/\/www.africa-press.net\/cameroun\/economie\/cameroun-securite-alimentaire-lafd-debloque-plus-de-3-milliards-de-f#respond\"]}]},{\"@type\":\"WebPage\",\"@id\":\"https:\/\/www.africa-press.net\/cameroun\/economie\/cameroun-securite-alimentaire-lafd-debloque-plus-de-3-milliards-de-f\",\"url\":\"https:\/\/www.africa-press.net\/cameroun\/economie\/cameroun-securite-alimentaire-lafd-debloque-plus-de-3-milliards-de-f\",\"name\":\"Cameroun-s\u00e9curit\u00e9 alimentaire : l\u2019AFD d\u00e9bloque plus de 3 milliards de F - Cameroun\",\"isPartOf\":{\"@id\":\"https:\/\/www.africa-press.net\/cameroun\/#website\"},\"primaryImageOfPage\":{\"@id\":\"https:\/\/www.africa-press.net\/cameroun\/economie\/cameroun-securite-alimentaire-lafd-debloque-plus-de-3-milliards-de-f#primaryimage\"},\"image\":{\"@id\":\"https:\/\/www.africa-press.net\/cameroun\/economie\/cameroun-securite-alimentaire-lafd-debloque-plus-de-3-milliards-de-f#primaryimage\"},\"thumbnailUrl\":\"https:\/\/static.africa-press.net\/cameroun\/sites\/57\/2022\/07\/img-62e2e4499271a.jpg\",\"datePublished\":\"2022-07-28T18:07:32+00:00\",\"dateModified\":\"2022-07-28T19:32:46+00:00\",\"author\":{\"@id\":\"https:\/\/www.africa-press.net\/cameroun\/#\/schema\/person\/2b1cf3cd81a31e3cd26889ca66d677f1\"},\"description\":\"L\u2019information a \u00e9t\u00e9 donn\u00e9e \u00e0 l\u2019occasion de la signature d\u2019un m\u00e9morandum d\u2019entente avec le Fonds international de d\u00e9velop ...\",\"breadcrumb\":{\"@id\":\"https:\/\/www.africa-press.net\/cameroun\/economie\/cameroun-securite-alimentaire-lafd-debloque-plus-de-3-milliards-de-f#breadcrumb\"},\"inLanguage\":\"fr-FR\",\"potentialAction\":[{\"@type\":\"ReadAction\",\"target\":[\"https:\/\/www.africa-press.net\/cameroun\/economie\/cameroun-securite-alimentaire-lafd-debloque-plus-de-3-milliards-de-f\"]}]},{\"@type\":\"ImageObject\",\"inLanguage\":\"fr-FR\",\"@id\":\"https:\/\/www.africa-press.net\/cameroun\/economie\/cameroun-securite-alimentaire-lafd-debloque-plus-de-3-milliards-de-f#primaryimage\",\"url\":\"https:\/\/static.africa-press.net\/cameroun\/sites\/57\/2022\/07\/img-62e2e4499271a.jpg\",\"contentUrl\":\"https:\/\/static.africa-press.net\/cameroun\/sites\/57\/2022\/07\/img-62e2e4499271a.jpg\",\"width\":1080,\"height\":605,\"caption\":\"Cameroun-s\u00e9curit\u00e9 alimentaire : l\u2019AFD d\u00e9bloque plus de 3 milliards de F\"},{\"@type\":\"BreadcrumbList\",\"@id\":\"https:\/\/www.africa-press.net\/cameroun\/economie\/cameroun-securite-alimentaire-lafd-debloque-plus-de-3-milliards-de-f#breadcrumb\",\"itemListElement\":[{\"@type\":\"ListItem\",\"position\":1,\"name\":\"Accueil\",\"item\":\"https:\/\/www.africa-press.net\/cameroun\/\"},{\"@type\":\"ListItem\",\"position\":2,\"name\":\"Cameroun-s\u00e9curit\u00e9 alimentaire : l\u2019AFD d\u00e9bloque plus de 3 milliards de F\"}]},{\"@type\":\"WebSite\",\"@id\":\"https:\/\/www.africa-press.net\/cameroun\/#website\",\"url\":\"https:\/\/www.africa-press.net\/cameroun\/\",\"name\":\"Cameroun\",\"description\":\"Just another Africa News Agency Sites site\",\"potentialAction\":[{\"@type\":\"SearchAction\",\"target\":{\"@type\":\"EntryPoint\",\"urlTemplate\":\"https:\/\/www.africa-press.net\/cameroun\/?s={search_term_string}\"},\"query-input\":{\"@type\":\"PropertyValueSpecification\",\"valueRequired\":true,\"valueName\":\"search_term_string\"}}],\"inLanguage\":\"fr-FR\"},{\"@type\":\"Person\",\"@id\":\"https:\/\/www.africa-press.net\/cameroun\/#\/schema\/person\/2b1cf3cd81a31e3cd26889ca66d677f1\",\"name\":\"cfeditorfr\"}]}<\/script>\n<!-- \/ Yoast SEO Premium plugin. -->","yoast_head_json":{"title":"Cameroun-s\u00e9curit\u00e9 alimentaire : l\u2019AFD d\u00e9bloque plus de 3 milliards de F - Cameroun","description":"L\u2019information a \u00e9t\u00e9 donn\u00e9e \u00e0 l\u2019occasion de la signature d\u2019un m\u00e9morandum d\u2019entente avec le Fonds international de d\u00e9velop ...","robots":{"index":"index","follow":"follow","max-snippet":"max-snippet:-1","max-image-preview":"max-image-preview:large","max-video-preview":"max-video-preview:-1"},"canonical":"https:\/\/www.africa-press.net\/cameroun\/economie\/cameroun-securite-alimentaire-lafd-debloque-plus-de-3-milliards-de-f","og_locale":"fr_FR","og_type":"article","og_title":"Cameroun-s\u00e9curit\u00e9 alimentaire : l\u2019AFD d\u00e9bloque plus de 3 milliards de F","og_description":"L\u2019information a \u00e9t\u00e9 donn\u00e9e \u00e0 l\u2019occasion de la signature d\u2019un m\u00e9morandum d\u2019entente avec le Fonds international de d\u00e9velop ...","og_url":"https:\/\/www.africa-press.net\/cameroun\/economie\/cameroun-securite-alimentaire-lafd-debloque-plus-de-3-milliards-de-f","og_site_name":"Cameroun","article_published_time":"2022-07-28T18:07:32+00:00","article_modified_time":"2022-07-28T19:32:46+00:00","og_image":[{"width":1080,"height":605,"url":"https:\/\/static.africa-press.net\/cameroun\/sites\/57\/2022\/07\/img-62e2e4499271a.jpg","type":"image\/jpeg"}],"author":"cfeditorfr","twitter_card":"summary_large_image","twitter_misc":{"\u00c9crit par":"cfeditorfr","Dur\u00e9e de lecture estim\u00e9e":"2 minutes"},"schema":{"@context":"https:\/\/schema.org","@graph":[{"@type":"Article","@id":"https:\/\/www.africa-press.net\/cameroun\/economie\/cameroun-securite-alimentaire-lafd-debloque-plus-de-3-milliards-de-f#article","isPartOf":{"@id":"https:\/\/www.africa-press.net\/cameroun\/economie\/cameroun-securite-alimentaire-lafd-debloque-plus-de-3-milliards-de-f"},"author":{"name":"cfeditorfr","@id":"https:\/\/www.africa-press.net\/cameroun\/#\/schema\/person\/2b1cf3cd81a31e3cd26889ca66d677f1"},"headline":"Cameroun-s\u00e9curit\u00e9 alimentaire : l\u2019AFD d\u00e9bloque plus de 3 milliards de F","datePublished":"2022-07-28T18:07:32+00:00","dateModified":"2022-07-28T19:32:46+00:00","mainEntityOfPage":{"@id":"https:\/\/www.africa-press.net\/cameroun\/economie\/cameroun-securite-alimentaire-lafd-debloque-plus-de-3-milliards-de-f"},"wordCount":334,"commentCount":0,"image":{"@id":"https:\/\/www.africa-press.net\/cameroun\/economie\/cameroun-securite-alimentaire-lafd-debloque-plus-de-3-milliards-de-f#primaryimage"},"thumbnailUrl":"https:\/\/static.africa-press.net\/cameroun\/sites\/57\/2022\/07\/img-62e2e4499271a.jpg","keywords":["Africa Press","Africa Press-Cameroun","Cameroun"],"articleSection":["\u00c9conomie","homepage-french","Toutes les actualit\u00e9s"],"inLanguage":"fr-FR","potentialAction":[{"@type":"CommentAction","name":"Comment","target":["https:\/\/www.africa-press.net\/cameroun\/economie\/cameroun-securite-alimentaire-lafd-debloque-plus-de-3-milliards-de-f#respond"]}]},{"@type":"WebPage","@id":"https:\/\/www.africa-press.net\/cameroun\/economie\/cameroun-securite-alimentaire-lafd-debloque-plus-de-3-milliards-de-f","url":"https:\/\/www.africa-press.net\/cameroun\/economie\/cameroun-securite-alimentaire-lafd-debloque-plus-de-3-milliards-de-f","name":"Cameroun-s\u00e9curit\u00e9 alimentaire : l\u2019AFD d\u00e9bloque plus de 3 milliards de F - Cameroun","isPartOf":{"@id":"https:\/\/www.africa-press.net\/cameroun\/#website"},"primaryImageOfPage":{"@id":"https:\/\/www.africa-press.net\/cameroun\/economie\/cameroun-securite-alimentaire-lafd-debloque-plus-de-3-milliards-de-f#primaryimage"},"image":{"@id":"https:\/\/www.africa-press.net\/cameroun\/economie\/cameroun-securite-alimentaire-lafd-debloque-plus-de-3-milliards-de-f#primaryimage"},"thumbnailUrl":"https:\/\/static.africa-press.net\/cameroun\/sites\/57\/2022\/07\/img-62e2e4499271a.jpg","datePublished":"2022-07-28T18:07:32+00:00","dateModified":"2022-07-28T19:32:46+00:00","author":{"@id":"https:\/\/www.africa-press.net\/cameroun\/#\/schema\/person\/2b1cf3cd81a31e3cd26889ca66d677f1"},"description":"L\u2019information a \u00e9t\u00e9 donn\u00e9e \u00e0 l\u2019occasion de la signature d\u2019un m\u00e9morandum d\u2019entente avec le Fonds international de d\u00e9velop ...","breadcrumb":{"@id":"https:\/\/www.africa-press.net\/cameroun\/economie\/cameroun-securite-alimentaire-lafd-debloque-plus-de-3-milliards-de-f#breadcrumb"},"inLanguage":"fr-FR","potentialAction":[{"@type":"ReadAction","target":["https:\/\/www.africa-press.net\/cameroun\/economie\/cameroun-securite-alimentaire-lafd-debloque-plus-de-3-milliards-de-f"]}]},{"@type":"ImageObject","inLanguage":"fr-FR","@id":"https:\/\/www.africa-press.net\/cameroun\/economie\/cameroun-securite-alimentaire-lafd-debloque-plus-de-3-milliards-de-f#primaryimage","url":"https:\/\/static.africa-press.net\/cameroun\/sites\/57\/2022\/07\/img-62e2e4499271a.jpg","contentUrl":"https:\/\/static.africa-press.net\/cameroun\/sites\/57\/2022\/07\/img-62e2e4499271a.jpg","width":1080,"height":605,"caption":"Cameroun-s\u00e9curit\u00e9 alimentaire : l\u2019AFD d\u00e9bloque plus de 3 milliards de F"},{"@type":"BreadcrumbList","@id":"https:\/\/www.africa-press.net\/cameroun\/economie\/cameroun-securite-alimentaire-lafd-debloque-plus-de-3-milliards-de-f#breadcrumb","itemListElement":[{"@type":"ListItem","position":1,"name":"Accueil","item":"https:\/\/www.africa-press.net\/cameroun\/"},{"@type":"ListItem","position":2,"name":"Cameroun-s\u00e9curit\u00e9 alimentaire : l\u2019AFD d\u00e9bloque plus de 3 milliards de F"}]},{"@type":"WebSite","@id":"https:\/\/www.africa-press.net\/cameroun\/#website","url":"https:\/\/www.africa-press.net\/cameroun\/","name":"Cameroun","description":"Just another Africa News Agency Sites site","potentialAction":[{"@type":"SearchAction","target":{"@type":"EntryPoint","urlTemplate":"https:\/\/www.africa-press.net\/cameroun\/?s={search_term_string}"},"query-input":{"@type":"PropertyValueSpecification","valueRequired":true,"valueName":"search_term_string"}}],"inLanguage":"fr-FR"},{"@type":"Person","@id":"https:\/\/www.africa-press.net\/cameroun\/#\/schema\/person\/2b1cf3cd81a31e3cd26889ca66d677f1","name":"cfeditorfr"}]}},"_links":{"self":[{"href":"https:\/\/www.africa-press.net\/cameroun\/wp-json\/wp\/v2\/posts\/24400","targetHints":{"allow":["GET"]}}],"collection":[{"href":"https:\/\/www.africa-press.net\/cameroun\/wp-json\/wp\/v2\/posts"}],"about":[{"href":"https:\/\/www.africa-press.net\/cameroun\/wp-json\/wp\/v2\/types\/post"}],"author":[{"embeddable":true,"href":"https:\/\/www.africa-press.net\/cameroun\/wp-json\/wp\/v2\/users\/82"}],"replies":[{"embeddable":true,"href":"https:\/\/www.africa-press.net\/cameroun\/wp-json\/wp\/v2\/comments?post=24400"}],"version-history":[{"count":0,"href":"https:\/\/www.africa-press.net\/cameroun\/wp-json\/wp\/v2\/posts\/24400\/revisions"}],"wp:featuredmedia":[{"embeddable":true,"href":"https:\/\/www.africa-press.net\/cameroun\/wp-json\/wp\/v2\/media\/24399"}],"wp:attachment":[{"href":"https:\/\/www.africa-press.net\/cameroun\/wp-json\/wp\/v2\/media?parent=24400"}],"wp:term":[{"taxonomy":"category","embeddable":true,"href":"https:\/\/www.africa-press.net\/cameroun\/wp-json\/wp\/v2\/categories?post=24400"},{"taxonomy":"post_tag","embeddable":true,"href":"https:\/\/www.africa-press.net\/cameroun\/wp-json\/wp\/v2\/tags?post=24400"}],"curies":[{"name":"wp","href":"https:\/\/api.w.org\/{rel}","templated":true}]}}