{"id":24403,"date":"2022-07-28T18:12:57","date_gmt":"2022-07-28T18:12:57","guid":{"rendered":"https:\/\/www.africa-press.net\/cameroun\/politique\/cameroun-jean-marie-aboganena-la-macedoine-une-opportunite-des-affaires-a-saisir"},"modified":"2022-07-28T19:33:11","modified_gmt":"2022-07-28T19:33:11","slug":"cameroun-jean-marie-aboganena-la-macedoine-une-opportunite-des-affaires-a-saisir","status":"publish","type":"post","link":"https:\/\/www.africa-press.net\/cameroun\/toutes-les-actualites\/cameroun-jean-marie-aboganena-la-macedoine-une-opportunite-des-affaires-a-saisir","title":{"rendered":"Cameroun-Jean Marie Aboganena : \u00abLa Mac\u00e9doine, une opportunit\u00e9 des affaires \u00e0 saisir\u00bb"},"content":{"rendered":"<p><span style=\"color: #ff6600\"><strong>Africa-Press &#8211; Cameroun. <\/strong><\/span>Le pr\u00e9sident du Reicocam explique ce que les Camerounais gagneraient en participant au mois de septembre prochain aux journ\u00e9es \u00e9conomiques, industrielles et commerciales de la Mac\u00e9doine.<\/p>\n<p>Vous organisez les journ\u00e9es \u00e9conomiques, industrielles et commerciales du Cameroun en Mac\u00e9doine. Peut-on savoir ce qui vous motive \u00e0 organiser cet \u00e9v\u00e8nement ?<\/p>\n<p>La motivation est celle de vouloir apporter une contribution au processus de modernisation de l\u2019\u00e9conomie camerounaise et ceci, en allant \u00e0 la rencontre d\u2019un petit pays qui est d\u00e9sormais industrialis\u00e9 avec un PIB tr\u00e8s \u00e9lev\u00e9 et mieux plac\u00e9 qu\u2019un bon nombre de pays africains. Nous avons donc choisi la Mac\u00e9doine parce que c\u2019est un partenaire nouveau pour le Cameroun et qui jouit d\u2019une certaine virginit\u00e9 en mati\u00e8re de d\u00e9veloppement, de rapports et partenariat diplomatico-\u00e9conomiques avec l\u2019Afrique et principalement le Cameroun.<\/p>\n<p>La Mac\u00e9doine est ce pays des Balkans qui est n\u00e9 de l\u2019\u00e9clatement de l\u2019ancienne Yougoslavie et qui transforme beaucoup de bois, de caf\u00e9 et de cacao ; de mati\u00e8res premi\u00e8res qu\u2019elle acquiert des pays comme la France et l\u2019Italie. La Mac\u00e9doine a donc souhait\u00e9 au travers d\u2019un compatriote, Ren\u00e9 Pascal Bika\u00ef qui est \u00e0 la fois un homme d\u2019affaires et un agent de joueurs en Italie, et c\u2019est par le vice-premier Ministre de la Mac\u00e9doine en charge de l\u2019\u00e9conomie a souhait\u00e9 recevoir une d\u00e9l\u00e9gation d\u2019entrepreneurs et industriels camerounais pour non seulement partager leurs exp\u00e9riences en mati\u00e8re de transformation des produits agricoles et bon nombre d\u2019autres mati\u00e8res premi\u00e8res dont les minerais.<\/p>\n<p>La Mac\u00e9doine a une expertise en mati\u00e8re de transformation, de conditionnement et de commercialisation des fruits et l\u00e9gumes donc la Mac\u00e9doine que nous consommons ici. Elle tire son origine de l\u00e0. Nous pensons que c\u2019est l\u2019occasion de construire un partenariat, acqu\u00e9rir des \u00e9quipements pour venir transformer nos l\u00e9gumes et fruits et les commercialiser au Cameroun comme partout ailleurs. Les d\u00e9partements minist\u00e9riels comme celui en charge des PME, l\u2019Industrie, l\u2019Agriculture, des P\u00eaches et des Industries animales ainsi que tous les autres d\u00e9partements minist\u00e9riels avec aussi des chambres consulaires comme celles de l\u2019agriculture, des p\u00eaches et de la for\u00eat qui aujourd\u2019hui, a d\u00e9cid\u00e9 de porter ce projet.<\/p>\n<p>Le minist\u00e8re des Relations ext\u00e9rieures est \u00e9galement mobilis\u00e9 pour qu\u2019il y ait \u00e0 c\u00f4t\u00e9 de cette journ\u00e9e des travaux bilat\u00e9raux pour cr\u00e9er et nouer des liens diplomatiques entre le Cameroun et la Mac\u00e9doine.<\/p>\n<p>Pour les hommes d\u2019affaires qui souhaitent y participer, quelles sont les conditions \u00e0 remplir ?<\/p>\n<p>Elles sont toutes simples, avoir un passeport valide depuis au moins six mois, poss\u00e9der un business plan pour leurs produits \u00e0 exposer et avoir ces frais de participation qui s\u2019\u00e9l\u00e8ve \u00e0 2.750.000 F (billets d\u2019avion aller-retour, les frais de visa, restauration, h\u00e9bergement, le transport local en Mac\u00e9doine, les visites des entreprises, rencontres B to B et participation \u00e0 tous les \u00e9v\u00e8nements du programme. Ceux qui veulent aller en business class devront d\u00e9bourser 3.750.000 F<\/p>\n<p>Ce sera une semaine qui va rapporter gros. Les Mac\u00e9doniens nous attendent avec beaucoup d\u2019impatience. Ils veulent d\u00e9couvrir le Cameroun, apporter leur expertise au d\u00e9veloppement \u00e9conomique mais y compris en mati\u00e8re de d\u00e9centralisation vue que la Mac\u00e9doine est d\u00e9centralis\u00e9e depuis 1991 et ils souhaitent partager leurs exp\u00e9riences en mati\u00e8re de d\u00e9centralisation avec les maires du Cameroun. Nombre de pr\u00e9sidents des conseils r\u00e9gionaux ainsi que des maires d\u00e9noncent la lourdeur administrative et nous pensons que c\u2019est donc l\u2019occasion appropri\u00e9e pour tirer profit de l\u2019exp\u00e9rience de la Mac\u00e9doine.<\/p>\n<p>Quelles sont effectivement les opportunit\u00e9s \u00e0 saisir ?<\/p>\n<p>Elles sont nombreuses, les op\u00e9rateurs \u00e9conomiques pourront trouver des clients qui vont acheter du cacao, et on aura plus besoin de passer par d\u2019autres interm\u00e9diaires. C\u2019est une source de revenus tr\u00e8s importante.<\/p>\n<p>Certains pourront aussi acqu\u00e9rir des machines et faciliter les implantations des entreprises au Cameroun. La Mac\u00e9doine avec une population de pr\u00e8s de 3 millions est un pays immens\u00e9ment riche qui fait dans les minerais. Pour parvenir \u00e0 l\u2019\u00e9mergence que nous ch\u00e9rissons, nous avons besoin de l\u2019expertise et l\u2019exp\u00e9rience de la Mac\u00e9doine.<\/p>\n<p><strong>Pour plus d&rsquo;informations et d&rsquo;analyses sur la <a href=\"https:\/\/www.africa-press.net\/cameroun\">Cameroun<\/a>, suivez <a href=\"https:\/\/www.africa-press.net\/\">Africa-Press<\/a><\/strong><\/p>\n","protected":false},"excerpt":{"rendered":"<p>Africa-Press &#8211; Cameroun. Le pr\u00e9sident du Reicocam explique ce que les Camerounais gagneraient en participant au mois de septembre prochain aux journ\u00e9es \u00e9conomiques, industrielles et commerciales de la Mac\u00e9doine. Vous organisez les journ\u00e9es \u00e9conomiques, industrielles et commerciales du Cameroun en Mac\u00e9doine. Peut-on savoir ce qui vous motive \u00e0 organiser cet \u00e9v\u00e8nement ? La motivation est [&hellip;]<\/p>\n","protected":false},"author":82,"featured_media":24402,"comment_status":"open","ping_status":"closed","sticky":false,"template":"","format":"standard","meta":{"footnotes":""},"categories":[21,11,10],"tags":[36,50,49],"class_list":["post-24403","post","type-post","status-publish","format-standard","has-post-thumbnail","hentry","category-communaute","category-homepage-french","category-toutes-les-actualites","tag-africa-press","tag-africa-press-cameroun","tag-cameroun"],"yoast_head":"<!-- This site is optimized with the Yoast SEO Premium plugin v26.1 (Yoast SEO v27.0) - https:\/\/yoast.com\/product\/yoast-seo-premium-wordpress\/ -->\n<title>Cameroun-Jean Marie Aboganena : \u00abLa Mac\u00e9doine, une opportunit\u00e9 des affaires \u00e0 saisir\u00bb - Cameroun<\/title>\n<meta name=\"description\" content=\"Le pr\u00e9sident du Reicocam explique ce que les Camerounais gagneraient en participant au mois de septembre prochain aux jo ...\" \/>\n<meta name=\"robots\" content=\"index, follow, max-snippet:-1, max-image-preview:large, max-video-preview:-1\" \/>\n<link rel=\"canonical\" href=\"https:\/\/www.africa-press.net\/cameroun\/toutes-les-actualites\/cameroun-jean-marie-aboganena-la-macedoine-une-opportunite-des-affaires-a-saisir\" \/>\n<meta property=\"og:locale\" content=\"fr_FR\" \/>\n<meta property=\"og:type\" content=\"article\" \/>\n<meta property=\"og:title\" content=\"Cameroun-Jean Marie Aboganena : \u00abLa Mac\u00e9doine, une opportunit\u00e9 des affaires \u00e0 saisir\u00bb\" \/>\n<meta property=\"og:description\" content=\"Le pr\u00e9sident du Reicocam explique ce que les Camerounais gagneraient en participant au mois de septembre prochain aux jo ...\" \/>\n<meta property=\"og:url\" content=\"https:\/\/www.africa-press.net\/cameroun\/toutes-les-actualites\/cameroun-jean-marie-aboganena-la-macedoine-une-opportunite-des-affaires-a-saisir\" \/>\n<meta property=\"og:site_name\" content=\"Cameroun\" \/>\n<meta property=\"article:published_time\" content=\"2022-07-28T18:12:57+00:00\" \/>\n<meta property=\"article:modified_time\" content=\"2022-07-28T19:33:11+00:00\" \/>\n<meta property=\"og:image\" content=\"https:\/\/static.africa-press.net\/cameroun\/sites\/57\/2022\/07\/img-62e2e46536d0b.jpg\" \/>\n\t<meta property=\"og:image:width\" content=\"720\" \/>\n\t<meta property=\"og:image:height\" content=\"513\" \/>\n\t<meta property=\"og:image:type\" content=\"image\/jpeg\" \/>\n<meta name=\"author\" content=\"cfeditorfr\" \/>\n<meta name=\"twitter:card\" content=\"summary_large_image\" \/>\n<meta name=\"twitter:label1\" content=\"\u00c9crit par\" \/>\n\t<meta name=\"twitter:data1\" content=\"cfeditorfr\" \/>\n\t<meta name=\"twitter:label2\" content=\"Dur\u00e9e de lecture estim\u00e9e\" \/>\n\t<meta name=\"twitter:data2\" content=\"4 minutes\" \/>\n<script type=\"application\/ld+json\" class=\"yoast-schema-graph\">{\"@context\":\"https:\/\/schema.org\",\"@graph\":[{\"@type\":\"Article\",\"@id\":\"https:\/\/www.africa-press.net\/cameroun\/toutes-les-actualites\/cameroun-jean-marie-aboganena-la-macedoine-une-opportunite-des-affaires-a-saisir#article\",\"isPartOf\":{\"@id\":\"https:\/\/www.africa-press.net\/cameroun\/toutes-les-actualites\/cameroun-jean-marie-aboganena-la-macedoine-une-opportunite-des-affaires-a-saisir\"},\"author\":{\"name\":\"cfeditorfr\",\"@id\":\"https:\/\/www.africa-press.net\/cameroun\/#\/schema\/person\/2b1cf3cd81a31e3cd26889ca66d677f1\"},\"headline\":\"Cameroun-Jean Marie Aboganena : \u00abLa Mac\u00e9doine, une opportunit\u00e9 des affaires \u00e0 saisir\u00bb\",\"datePublished\":\"2022-07-28T18:12:57+00:00\",\"dateModified\":\"2022-07-28T19:33:11+00:00\",\"mainEntityOfPage\":{\"@id\":\"https:\/\/www.africa-press.net\/cameroun\/toutes-les-actualites\/cameroun-jean-marie-aboganena-la-macedoine-une-opportunite-des-affaires-a-saisir\"},\"wordCount\":764,\"commentCount\":0,\"image\":{\"@id\":\"https:\/\/www.africa-press.net\/cameroun\/toutes-les-actualites\/cameroun-jean-marie-aboganena-la-macedoine-une-opportunite-des-affaires-a-saisir#primaryimage\"},\"thumbnailUrl\":\"https:\/\/static.africa-press.net\/cameroun\/sites\/57\/2022\/07\/img-62e2e46536d0b.jpg\",\"keywords\":[\"Africa Press\",\"Africa Press-Cameroun\",\"Cameroun\"],\"articleSection\":[\"Communaut\u00e9\",\"homepage-french\",\"Toutes les actualit\u00e9s\"],\"inLanguage\":\"fr-FR\",\"potentialAction\":[{\"@type\":\"CommentAction\",\"name\":\"Comment\",\"target\":[\"https:\/\/www.africa-press.net\/cameroun\/toutes-les-actualites\/cameroun-jean-marie-aboganena-la-macedoine-une-opportunite-des-affaires-a-saisir#respond\"]}]},{\"@type\":\"WebPage\",\"@id\":\"https:\/\/www.africa-press.net\/cameroun\/toutes-les-actualites\/cameroun-jean-marie-aboganena-la-macedoine-une-opportunite-des-affaires-a-saisir\",\"url\":\"https:\/\/www.africa-press.net\/cameroun\/toutes-les-actualites\/cameroun-jean-marie-aboganena-la-macedoine-une-opportunite-des-affaires-a-saisir\",\"name\":\"Cameroun-Jean Marie Aboganena : \u00abLa Mac\u00e9doine, une opportunit\u00e9 des affaires \u00e0 saisir\u00bb - Cameroun\",\"isPartOf\":{\"@id\":\"https:\/\/www.africa-press.net\/cameroun\/#website\"},\"primaryImageOfPage\":{\"@id\":\"https:\/\/www.africa-press.net\/cameroun\/toutes-les-actualites\/cameroun-jean-marie-aboganena-la-macedoine-une-opportunite-des-affaires-a-saisir#primaryimage\"},\"image\":{\"@id\":\"https:\/\/www.africa-press.net\/cameroun\/toutes-les-actualites\/cameroun-jean-marie-aboganena-la-macedoine-une-opportunite-des-affaires-a-saisir#primaryimage\"},\"thumbnailUrl\":\"https:\/\/static.africa-press.net\/cameroun\/sites\/57\/2022\/07\/img-62e2e46536d0b.jpg\",\"datePublished\":\"2022-07-28T18:12:57+00:00\",\"dateModified\":\"2022-07-28T19:33:11+00:00\",\"author\":{\"@id\":\"https:\/\/www.africa-press.net\/cameroun\/#\/schema\/person\/2b1cf3cd81a31e3cd26889ca66d677f1\"},\"description\":\"Le pr\u00e9sident du Reicocam explique ce que les Camerounais gagneraient en participant au mois de septembre prochain aux jo ...\",\"breadcrumb\":{\"@id\":\"https:\/\/www.africa-press.net\/cameroun\/toutes-les-actualites\/cameroun-jean-marie-aboganena-la-macedoine-une-opportunite-des-affaires-a-saisir#breadcrumb\"},\"inLanguage\":\"fr-FR\",\"potentialAction\":[{\"@type\":\"ReadAction\",\"target\":[\"https:\/\/www.africa-press.net\/cameroun\/toutes-les-actualites\/cameroun-jean-marie-aboganena-la-macedoine-une-opportunite-des-affaires-a-saisir\"]}]},{\"@type\":\"ImageObject\",\"inLanguage\":\"fr-FR\",\"@id\":\"https:\/\/www.africa-press.net\/cameroun\/toutes-les-actualites\/cameroun-jean-marie-aboganena-la-macedoine-une-opportunite-des-affaires-a-saisir#primaryimage\",\"url\":\"https:\/\/static.africa-press.net\/cameroun\/sites\/57\/2022\/07\/img-62e2e46536d0b.jpg\",\"contentUrl\":\"https:\/\/static.africa-press.net\/cameroun\/sites\/57\/2022\/07\/img-62e2e46536d0b.jpg\",\"width\":720,\"height\":513,\"caption\":\"Cameroun-Jean Marie Aboganena : \u00abLa Mac\u00e9doine, une opportunit\u00e9 des affaires \u00e0 saisir\u00bb\"},{\"@type\":\"BreadcrumbList\",\"@id\":\"https:\/\/www.africa-press.net\/cameroun\/toutes-les-actualites\/cameroun-jean-marie-aboganena-la-macedoine-une-opportunite-des-affaires-a-saisir#breadcrumb\",\"itemListElement\":[{\"@type\":\"ListItem\",\"position\":1,\"name\":\"Accueil\",\"item\":\"https:\/\/www.africa-press.net\/cameroun\/\"},{\"@type\":\"ListItem\",\"position\":2,\"name\":\"Cameroun-Jean Marie Aboganena : \u00abLa Mac\u00e9doine, une opportunit\u00e9 des affaires \u00e0 saisir\u00bb\"}]},{\"@type\":\"WebSite\",\"@id\":\"https:\/\/www.africa-press.net\/cameroun\/#website\",\"url\":\"https:\/\/www.africa-press.net\/cameroun\/\",\"name\":\"Cameroun\",\"description\":\"Just another Africa News Agency Sites site\",\"potentialAction\":[{\"@type\":\"SearchAction\",\"target\":{\"@type\":\"EntryPoint\",\"urlTemplate\":\"https:\/\/www.africa-press.net\/cameroun\/?s={search_term_string}\"},\"query-input\":{\"@type\":\"PropertyValueSpecification\",\"valueRequired\":true,\"valueName\":\"search_term_string\"}}],\"inLanguage\":\"fr-FR\"},{\"@type\":\"Person\",\"@id\":\"https:\/\/www.africa-press.net\/cameroun\/#\/schema\/person\/2b1cf3cd81a31e3cd26889ca66d677f1\",\"name\":\"cfeditorfr\"}]}<\/script>\n<!-- \/ Yoast SEO Premium plugin. -->","yoast_head_json":{"title":"Cameroun-Jean Marie Aboganena : \u00abLa Mac\u00e9doine, une opportunit\u00e9 des affaires \u00e0 saisir\u00bb - Cameroun","description":"Le pr\u00e9sident du Reicocam explique ce que les Camerounais gagneraient en participant au mois de septembre prochain aux jo ...","robots":{"index":"index","follow":"follow","max-snippet":"max-snippet:-1","max-image-preview":"max-image-preview:large","max-video-preview":"max-video-preview:-1"},"canonical":"https:\/\/www.africa-press.net\/cameroun\/toutes-les-actualites\/cameroun-jean-marie-aboganena-la-macedoine-une-opportunite-des-affaires-a-saisir","og_locale":"fr_FR","og_type":"article","og_title":"Cameroun-Jean Marie Aboganena : \u00abLa Mac\u00e9doine, une opportunit\u00e9 des affaires \u00e0 saisir\u00bb","og_description":"Le pr\u00e9sident du Reicocam explique ce que les Camerounais gagneraient en participant au mois de septembre prochain aux jo ...","og_url":"https:\/\/www.africa-press.net\/cameroun\/toutes-les-actualites\/cameroun-jean-marie-aboganena-la-macedoine-une-opportunite-des-affaires-a-saisir","og_site_name":"Cameroun","article_published_time":"2022-07-28T18:12:57+00:00","article_modified_time":"2022-07-28T19:33:11+00:00","og_image":[{"width":720,"height":513,"url":"https:\/\/static.africa-press.net\/cameroun\/sites\/57\/2022\/07\/img-62e2e46536d0b.jpg","type":"image\/jpeg"}],"author":"cfeditorfr","twitter_card":"summary_large_image","twitter_misc":{"\u00c9crit par":"cfeditorfr","Dur\u00e9e de lecture estim\u00e9e":"4 minutes"},"schema":{"@context":"https:\/\/schema.org","@graph":[{"@type":"Article","@id":"https:\/\/www.africa-press.net\/cameroun\/toutes-les-actualites\/cameroun-jean-marie-aboganena-la-macedoine-une-opportunite-des-affaires-a-saisir#article","isPartOf":{"@id":"https:\/\/www.africa-press.net\/cameroun\/toutes-les-actualites\/cameroun-jean-marie-aboganena-la-macedoine-une-opportunite-des-affaires-a-saisir"},"author":{"name":"cfeditorfr","@id":"https:\/\/www.africa-press.net\/cameroun\/#\/schema\/person\/2b1cf3cd81a31e3cd26889ca66d677f1"},"headline":"Cameroun-Jean Marie Aboganena : \u00abLa Mac\u00e9doine, une opportunit\u00e9 des affaires \u00e0 saisir\u00bb","datePublished":"2022-07-28T18:12:57+00:00","dateModified":"2022-07-28T19:33:11+00:00","mainEntityOfPage":{"@id":"https:\/\/www.africa-press.net\/cameroun\/toutes-les-actualites\/cameroun-jean-marie-aboganena-la-macedoine-une-opportunite-des-affaires-a-saisir"},"wordCount":764,"commentCount":0,"image":{"@id":"https:\/\/www.africa-press.net\/cameroun\/toutes-les-actualites\/cameroun-jean-marie-aboganena-la-macedoine-une-opportunite-des-affaires-a-saisir#primaryimage"},"thumbnailUrl":"https:\/\/static.africa-press.net\/cameroun\/sites\/57\/2022\/07\/img-62e2e46536d0b.jpg","keywords":["Africa Press","Africa Press-Cameroun","Cameroun"],"articleSection":["Communaut\u00e9","homepage-french","Toutes les actualit\u00e9s"],"inLanguage":"fr-FR","potentialAction":[{"@type":"CommentAction","name":"Comment","target":["https:\/\/www.africa-press.net\/cameroun\/toutes-les-actualites\/cameroun-jean-marie-aboganena-la-macedoine-une-opportunite-des-affaires-a-saisir#respond"]}]},{"@type":"WebPage","@id":"https:\/\/www.africa-press.net\/cameroun\/toutes-les-actualites\/cameroun-jean-marie-aboganena-la-macedoine-une-opportunite-des-affaires-a-saisir","url":"https:\/\/www.africa-press.net\/cameroun\/toutes-les-actualites\/cameroun-jean-marie-aboganena-la-macedoine-une-opportunite-des-affaires-a-saisir","name":"Cameroun-Jean Marie Aboganena : \u00abLa Mac\u00e9doine, une opportunit\u00e9 des affaires \u00e0 saisir\u00bb - Cameroun","isPartOf":{"@id":"https:\/\/www.africa-press.net\/cameroun\/#website"},"primaryImageOfPage":{"@id":"https:\/\/www.africa-press.net\/cameroun\/toutes-les-actualites\/cameroun-jean-marie-aboganena-la-macedoine-une-opportunite-des-affaires-a-saisir#primaryimage"},"image":{"@id":"https:\/\/www.africa-press.net\/cameroun\/toutes-les-actualites\/cameroun-jean-marie-aboganena-la-macedoine-une-opportunite-des-affaires-a-saisir#primaryimage"},"thumbnailUrl":"https:\/\/static.africa-press.net\/cameroun\/sites\/57\/2022\/07\/img-62e2e46536d0b.jpg","datePublished":"2022-07-28T18:12:57+00:00","dateModified":"2022-07-28T19:33:11+00:00","author":{"@id":"https:\/\/www.africa-press.net\/cameroun\/#\/schema\/person\/2b1cf3cd81a31e3cd26889ca66d677f1"},"description":"Le pr\u00e9sident du Reicocam explique ce que les Camerounais gagneraient en participant au mois de septembre prochain aux jo ...","breadcrumb":{"@id":"https:\/\/www.africa-press.net\/cameroun\/toutes-les-actualites\/cameroun-jean-marie-aboganena-la-macedoine-une-opportunite-des-affaires-a-saisir#breadcrumb"},"inLanguage":"fr-FR","potentialAction":[{"@type":"ReadAction","target":["https:\/\/www.africa-press.net\/cameroun\/toutes-les-actualites\/cameroun-jean-marie-aboganena-la-macedoine-une-opportunite-des-affaires-a-saisir"]}]},{"@type":"ImageObject","inLanguage":"fr-FR","@id":"https:\/\/www.africa-press.net\/cameroun\/toutes-les-actualites\/cameroun-jean-marie-aboganena-la-macedoine-une-opportunite-des-affaires-a-saisir#primaryimage","url":"https:\/\/static.africa-press.net\/cameroun\/sites\/57\/2022\/07\/img-62e2e46536d0b.jpg","contentUrl":"https:\/\/static.africa-press.net\/cameroun\/sites\/57\/2022\/07\/img-62e2e46536d0b.jpg","width":720,"height":513,"caption":"Cameroun-Jean Marie Aboganena : \u00abLa Mac\u00e9doine, une opportunit\u00e9 des affaires \u00e0 saisir\u00bb"},{"@type":"BreadcrumbList","@id":"https:\/\/www.africa-press.net\/cameroun\/toutes-les-actualites\/cameroun-jean-marie-aboganena-la-macedoine-une-opportunite-des-affaires-a-saisir#breadcrumb","itemListElement":[{"@type":"ListItem","position":1,"name":"Accueil","item":"https:\/\/www.africa-press.net\/cameroun\/"},{"@type":"ListItem","position":2,"name":"Cameroun-Jean Marie Aboganena : \u00abLa Mac\u00e9doine, une opportunit\u00e9 des affaires \u00e0 saisir\u00bb"}]},{"@type":"WebSite","@id":"https:\/\/www.africa-press.net\/cameroun\/#website","url":"https:\/\/www.africa-press.net\/cameroun\/","name":"Cameroun","description":"Just another Africa News Agency Sites site","potentialAction":[{"@type":"SearchAction","target":{"@type":"EntryPoint","urlTemplate":"https:\/\/www.africa-press.net\/cameroun\/?s={search_term_string}"},"query-input":{"@type":"PropertyValueSpecification","valueRequired":true,"valueName":"search_term_string"}}],"inLanguage":"fr-FR"},{"@type":"Person","@id":"https:\/\/www.africa-press.net\/cameroun\/#\/schema\/person\/2b1cf3cd81a31e3cd26889ca66d677f1","name":"cfeditorfr"}]}},"_links":{"self":[{"href":"https:\/\/www.africa-press.net\/cameroun\/wp-json\/wp\/v2\/posts\/24403","targetHints":{"allow":["GET"]}}],"collection":[{"href":"https:\/\/www.africa-press.net\/cameroun\/wp-json\/wp\/v2\/posts"}],"about":[{"href":"https:\/\/www.africa-press.net\/cameroun\/wp-json\/wp\/v2\/types\/post"}],"author":[{"embeddable":true,"href":"https:\/\/www.africa-press.net\/cameroun\/wp-json\/wp\/v2\/users\/82"}],"replies":[{"embeddable":true,"href":"https:\/\/www.africa-press.net\/cameroun\/wp-json\/wp\/v2\/comments?post=24403"}],"version-history":[{"count":0,"href":"https:\/\/www.africa-press.net\/cameroun\/wp-json\/wp\/v2\/posts\/24403\/revisions"}],"wp:featuredmedia":[{"embeddable":true,"href":"https:\/\/www.africa-press.net\/cameroun\/wp-json\/wp\/v2\/media\/24402"}],"wp:attachment":[{"href":"https:\/\/www.africa-press.net\/cameroun\/wp-json\/wp\/v2\/media?parent=24403"}],"wp:term":[{"taxonomy":"category","embeddable":true,"href":"https:\/\/www.africa-press.net\/cameroun\/wp-json\/wp\/v2\/categories?post=24403"},{"taxonomy":"post_tag","embeddable":true,"href":"https:\/\/www.africa-press.net\/cameroun\/wp-json\/wp\/v2\/tags?post=24403"}],"curies":[{"name":"wp","href":"https:\/\/api.w.org\/{rel}","templated":true}]}}