{"id":24406,"date":"2022-07-28T18:19:24","date_gmt":"2022-07-28T18:19:24","guid":{"rendered":"https:\/\/www.africa-press.net\/cameroun\/politique\/cameroun-plantes-medicinales-100-tradipraticiens-du-centre-sud-et-est-outilles"},"modified":"2022-07-28T19:33:39","modified_gmt":"2022-07-28T19:33:39","slug":"cameroun-plantes-medicinales-100-tradipraticiens-du-centre-sud-et-est-outilles","status":"publish","type":"post","link":"https:\/\/www.africa-press.net\/cameroun\/toutes-les-actualites\/cameroun-plantes-medicinales-100-tradipraticiens-du-centre-sud-et-est-outilles","title":{"rendered":"Cameroun-plantes m\u00e9dicinales\u00a0: 100 tradipraticiens du Centre, Sud et Est outill\u00e9s"},"content":{"rendered":"<p><span style=\"color: #ff6600\"><strong>Africa-Press &#8211; Cameroun. <\/strong><\/span>Un atelier a eu lieu du lundi 25 juillet au mercredi 27 juillet 2022 \u00e0 l\u2019Institut de recherches m\u00e9dicales et d\u2019\u00e9tudes de plantes m\u00e9dicinales (IMPM) que dirige le professeur Essame Oyono Jean Louis, Directeur G\u00e9n\u00e9ral.<\/p>\n<p>Une rencontre pour retirer le meilleur des plantes aux profit des populations. Cet atelier qui a r\u00e9uni les tradipraticiens de 03 r\u00e9gions porte sur le renforcement des capacit\u00e9s des Tradipraticiens de sant\u00e9 des r\u00e9gions du Centre, Sud et Est, sur le th\u00e8me : \u00ab Fabrication des m\u00e9dicaments traditionnels am\u00e9lior\u00e9s et administration des soins de sant\u00e9 primaire appropri\u00e9s \u00bb.<\/p>\n<p>\u00ab Notre mission fondamentale, c\u2019est de pouvoir renforcer les capacit\u00e9s de cette m\u00e9decine, qui est la richesse de notre pays et m\u00eame de l\u2019Afrique. Il faudrait l\u2019excuser de ce qu\u2019elle a, de superflus et de pouvoir retirer de ce qu\u2019elle a, de capacitant pour pouvoir traiter les populations \u00bb, a soulign\u00e9 le Professeur Jean-Louis Essame Oyono, Directeur g\u00e9n\u00e9ral IMPM.<\/p>\n<p>Le premier module qui a regroup\u00e9 ces acteurs de la m\u00e9decine traditionnelle portait sur la Physiologie g\u00e9n\u00e9rale du syst\u00e8me humain. Cette session a permis aux participants d\u2019acqu\u00e9rir des connaissances sur les g\u00e9n\u00e9ralit\u00e9s des syst\u00e8mes respiratoire et hormonal, ainsi que les sites de m\u00e9tabolisme et d\u2019excr\u00e9tion des m\u00e9dicaments.<\/p>\n<p>Le second module quant \u00e0 lui, porte sur l\u2019assurance qualit\u00e9 et p\u00e9rennisation de la mati\u00e8re v\u00e9g\u00e9tale. Ici, il est question de fabriquer du m\u00e9dicament traditionnel am\u00e9lior\u00e9, en assurant le contr\u00f4le et la qualit\u00e9.<\/p>\n<p>L\u2019objectif de ce module est d\u2019utiliser les bonnes pratiques de collecte et des proc\u00e9dures standardis\u00e9es de laboratoires pour la production des MTA de qualit\u00e9 tout en assurant la p\u00e9rennisation de la mati\u00e8re premi\u00e8re.<\/p>\n<p>Les deux derniers modules ont port\u00e9 sur : assainissement et hygi\u00e8ne &amp; qualification and validation. L\u2019objectif vis\u00e9 est d\u2019am\u00e9liorer les conditions de sant\u00e9 de l\u2019environnement avec tous ses composants, la qualit\u00e9 et l\u2019utilisation de la m\u00e9decine traditionnelle afin d\u2019instituer des m\u00e9thodes appropri\u00e9es d\u2019\u00e9valuation pour faciliter la mise au point d\u2019une r\u00e9glementation et d\u2019un syst\u00e8me d\u2019homologation pour la m\u00e9decine traditionnelle.<\/p>\n<p>Il vise aussi \u00e0 sensibiliser les Naturopathes sur la n\u00e9cessit\u00e9 de prot\u00e9ger les phytom\u00e9dicaments et les proc\u00e9d\u00e9s de leur fabrication ou les modes de traitement des maladies par les titres de propri\u00e9t\u00e9 intellectuelle.<\/p>\n<p>\u00ab Cette formation est utile au niveau de l\u2019am\u00e9lioration des produits que consomment les Camerounais. L\u2019IMPM est venu aujourd\u2019hui nous apprendre entre autres, les techniques d\u2019am\u00e9lioration, d\u2019hygi\u00e8ne et salubrit\u00e9, de conservation et d\u2019extractions \u00bb, a d\u00e9clar\u00e9 Anicet Rodolph Mbeyam, Pr\u00e9sident national de l\u2019association des tradipraticiens de la sant\u00e9 publique, chef de la d\u00e9l\u00e9gation de l\u2019Est.<\/p>\n<p><strong>Pour plus d&rsquo;informations et d&rsquo;analyses sur la <a href=\"https:\/\/www.africa-press.net\/cameroun\">Cameroun<\/a>, suivez <a href=\"https:\/\/www.africa-press.net\/\">Africa-Press<\/a><\/strong><\/p>\n","protected":false},"excerpt":{"rendered":"<p>Africa-Press &#8211; Cameroun. Un atelier a eu lieu du lundi 25 juillet au mercredi 27 juillet 2022 \u00e0 l\u2019Institut de recherches m\u00e9dicales et d\u2019\u00e9tudes de plantes m\u00e9dicinales (IMPM) que dirige le professeur Essame Oyono Jean Louis, Directeur G\u00e9n\u00e9ral. Une rencontre pour retirer le meilleur des plantes aux profit des populations. Cet atelier qui a r\u00e9uni [&hellip;]<\/p>\n","protected":false},"author":82,"featured_media":24405,"comment_status":"open","ping_status":"closed","sticky":false,"template":"","format":"standard","meta":{"footnotes":""},"categories":[21,11,10],"tags":[36,50,49],"class_list":["post-24406","post","type-post","status-publish","format-standard","has-post-thumbnail","hentry","category-communaute","category-homepage-french","category-toutes-les-actualites","tag-africa-press","tag-africa-press-cameroun","tag-cameroun"],"yoast_head":"<!-- This site is optimized with the Yoast SEO Premium plugin v26.1 (Yoast SEO v27.0) - https:\/\/yoast.com\/product\/yoast-seo-premium-wordpress\/ -->\n<title>Cameroun-plantes m\u00e9dicinales\u00a0: 100 tradipraticiens du Centre, Sud et Est outill\u00e9s - Cameroun<\/title>\n<meta name=\"description\" content=\"Un atelier a eu lieu du lundi 25 juillet au mercredi 27 juillet 2022 \u00e0 l\u2019Institut de recherches m\u00e9dicales et d\u2019\u00e9tudes de ...\" \/>\n<meta name=\"robots\" content=\"index, follow, max-snippet:-1, max-image-preview:large, max-video-preview:-1\" \/>\n<link rel=\"canonical\" href=\"https:\/\/www.africa-press.net\/cameroun\/toutes-les-actualites\/cameroun-plantes-medicinales-100-tradipraticiens-du-centre-sud-et-est-outilles\" \/>\n<meta property=\"og:locale\" content=\"fr_FR\" \/>\n<meta property=\"og:type\" content=\"article\" \/>\n<meta property=\"og:title\" content=\"Cameroun-plantes m\u00e9dicinales\u00a0: 100 tradipraticiens du Centre, Sud et Est outill\u00e9s\" \/>\n<meta property=\"og:description\" content=\"Un atelier a eu lieu du lundi 25 juillet au mercredi 27 juillet 2022 \u00e0 l\u2019Institut de recherches m\u00e9dicales et d\u2019\u00e9tudes de ...\" \/>\n<meta property=\"og:url\" content=\"https:\/\/www.africa-press.net\/cameroun\/toutes-les-actualites\/cameroun-plantes-medicinales-100-tradipraticiens-du-centre-sud-et-est-outilles\" \/>\n<meta property=\"og:site_name\" content=\"Cameroun\" \/>\n<meta property=\"article:published_time\" content=\"2022-07-28T18:19:24+00:00\" \/>\n<meta property=\"article:modified_time\" content=\"2022-07-28T19:33:39+00:00\" \/>\n<meta property=\"og:image\" content=\"https:\/\/static.africa-press.net\/cameroun\/sites\/57\/2022\/07\/img-62e2e47e56eb8.jpg\" \/>\n\t<meta property=\"og:image:width\" content=\"800\" \/>\n\t<meta property=\"og:image:height\" content=\"480\" \/>\n\t<meta property=\"og:image:type\" content=\"image\/jpeg\" \/>\n<meta name=\"author\" content=\"cfeditorfr\" \/>\n<meta name=\"twitter:card\" content=\"summary_large_image\" \/>\n<meta name=\"twitter:label1\" content=\"\u00c9crit par\" \/>\n\t<meta name=\"twitter:data1\" content=\"cfeditorfr\" \/>\n\t<meta name=\"twitter:label2\" content=\"Dur\u00e9e de lecture estim\u00e9e\" \/>\n\t<meta name=\"twitter:data2\" content=\"3 minutes\" \/>\n<script type=\"application\/ld+json\" class=\"yoast-schema-graph\">{\"@context\":\"https:\/\/schema.org\",\"@graph\":[{\"@type\":\"Article\",\"@id\":\"https:\/\/www.africa-press.net\/cameroun\/toutes-les-actualites\/cameroun-plantes-medicinales-100-tradipraticiens-du-centre-sud-et-est-outilles#article\",\"isPartOf\":{\"@id\":\"https:\/\/www.africa-press.net\/cameroun\/toutes-les-actualites\/cameroun-plantes-medicinales-100-tradipraticiens-du-centre-sud-et-est-outilles\"},\"author\":{\"name\":\"cfeditorfr\",\"@id\":\"https:\/\/www.africa-press.net\/cameroun\/#\/schema\/person\/2b1cf3cd81a31e3cd26889ca66d677f1\"},\"headline\":\"Cameroun-plantes m\u00e9dicinales\u00a0: 100 tradipraticiens du Centre, Sud et Est outill\u00e9s\",\"datePublished\":\"2022-07-28T18:19:24+00:00\",\"dateModified\":\"2022-07-28T19:33:39+00:00\",\"mainEntityOfPage\":{\"@id\":\"https:\/\/www.africa-press.net\/cameroun\/toutes-les-actualites\/cameroun-plantes-medicinales-100-tradipraticiens-du-centre-sud-et-est-outilles\"},\"wordCount\":515,\"commentCount\":0,\"image\":{\"@id\":\"https:\/\/www.africa-press.net\/cameroun\/toutes-les-actualites\/cameroun-plantes-medicinales-100-tradipraticiens-du-centre-sud-et-est-outilles#primaryimage\"},\"thumbnailUrl\":\"https:\/\/static.africa-press.net\/cameroun\/sites\/57\/2022\/07\/img-62e2e47e56eb8.jpg\",\"keywords\":[\"Africa Press\",\"Africa Press-Cameroun\",\"Cameroun\"],\"articleSection\":[\"Communaut\u00e9\",\"homepage-french\",\"Toutes les actualit\u00e9s\"],\"inLanguage\":\"fr-FR\",\"potentialAction\":[{\"@type\":\"CommentAction\",\"name\":\"Comment\",\"target\":[\"https:\/\/www.africa-press.net\/cameroun\/toutes-les-actualites\/cameroun-plantes-medicinales-100-tradipraticiens-du-centre-sud-et-est-outilles#respond\"]}]},{\"@type\":\"WebPage\",\"@id\":\"https:\/\/www.africa-press.net\/cameroun\/toutes-les-actualites\/cameroun-plantes-medicinales-100-tradipraticiens-du-centre-sud-et-est-outilles\",\"url\":\"https:\/\/www.africa-press.net\/cameroun\/toutes-les-actualites\/cameroun-plantes-medicinales-100-tradipraticiens-du-centre-sud-et-est-outilles\",\"name\":\"Cameroun-plantes m\u00e9dicinales\u00a0: 100 tradipraticiens du Centre, Sud et Est outill\u00e9s - Cameroun\",\"isPartOf\":{\"@id\":\"https:\/\/www.africa-press.net\/cameroun\/#website\"},\"primaryImageOfPage\":{\"@id\":\"https:\/\/www.africa-press.net\/cameroun\/toutes-les-actualites\/cameroun-plantes-medicinales-100-tradipraticiens-du-centre-sud-et-est-outilles#primaryimage\"},\"image\":{\"@id\":\"https:\/\/www.africa-press.net\/cameroun\/toutes-les-actualites\/cameroun-plantes-medicinales-100-tradipraticiens-du-centre-sud-et-est-outilles#primaryimage\"},\"thumbnailUrl\":\"https:\/\/static.africa-press.net\/cameroun\/sites\/57\/2022\/07\/img-62e2e47e56eb8.jpg\",\"datePublished\":\"2022-07-28T18:19:24+00:00\",\"dateModified\":\"2022-07-28T19:33:39+00:00\",\"author\":{\"@id\":\"https:\/\/www.africa-press.net\/cameroun\/#\/schema\/person\/2b1cf3cd81a31e3cd26889ca66d677f1\"},\"description\":\"Un atelier a eu lieu du lundi 25 juillet au mercredi 27 juillet 2022 \u00e0 l\u2019Institut de recherches m\u00e9dicales et d\u2019\u00e9tudes de ...\",\"breadcrumb\":{\"@id\":\"https:\/\/www.africa-press.net\/cameroun\/toutes-les-actualites\/cameroun-plantes-medicinales-100-tradipraticiens-du-centre-sud-et-est-outilles#breadcrumb\"},\"inLanguage\":\"fr-FR\",\"potentialAction\":[{\"@type\":\"ReadAction\",\"target\":[\"https:\/\/www.africa-press.net\/cameroun\/toutes-les-actualites\/cameroun-plantes-medicinales-100-tradipraticiens-du-centre-sud-et-est-outilles\"]}]},{\"@type\":\"ImageObject\",\"inLanguage\":\"fr-FR\",\"@id\":\"https:\/\/www.africa-press.net\/cameroun\/toutes-les-actualites\/cameroun-plantes-medicinales-100-tradipraticiens-du-centre-sud-et-est-outilles#primaryimage\",\"url\":\"https:\/\/static.africa-press.net\/cameroun\/sites\/57\/2022\/07\/img-62e2e47e56eb8.jpg\",\"contentUrl\":\"https:\/\/static.africa-press.net\/cameroun\/sites\/57\/2022\/07\/img-62e2e47e56eb8.jpg\",\"width\":800,\"height\":480,\"caption\":\"Cameroun-plantes m\u00e9dicinales\u00a0: 100 tradipraticiens du Centre, Sud et Est outill\u00e9s\"},{\"@type\":\"BreadcrumbList\",\"@id\":\"https:\/\/www.africa-press.net\/cameroun\/toutes-les-actualites\/cameroun-plantes-medicinales-100-tradipraticiens-du-centre-sud-et-est-outilles#breadcrumb\",\"itemListElement\":[{\"@type\":\"ListItem\",\"position\":1,\"name\":\"Accueil\",\"item\":\"https:\/\/www.africa-press.net\/cameroun\/\"},{\"@type\":\"ListItem\",\"position\":2,\"name\":\"Cameroun-plantes m\u00e9dicinales\u00a0: 100 tradipraticiens du Centre, Sud et Est outill\u00e9s\"}]},{\"@type\":\"WebSite\",\"@id\":\"https:\/\/www.africa-press.net\/cameroun\/#website\",\"url\":\"https:\/\/www.africa-press.net\/cameroun\/\",\"name\":\"Cameroun\",\"description\":\"Just another Africa News Agency Sites site\",\"potentialAction\":[{\"@type\":\"SearchAction\",\"target\":{\"@type\":\"EntryPoint\",\"urlTemplate\":\"https:\/\/www.africa-press.net\/cameroun\/?s={search_term_string}\"},\"query-input\":{\"@type\":\"PropertyValueSpecification\",\"valueRequired\":true,\"valueName\":\"search_term_string\"}}],\"inLanguage\":\"fr-FR\"},{\"@type\":\"Person\",\"@id\":\"https:\/\/www.africa-press.net\/cameroun\/#\/schema\/person\/2b1cf3cd81a31e3cd26889ca66d677f1\",\"name\":\"cfeditorfr\"}]}<\/script>\n<!-- \/ Yoast SEO Premium plugin. -->","yoast_head_json":{"title":"Cameroun-plantes m\u00e9dicinales\u00a0: 100 tradipraticiens du Centre, Sud et Est outill\u00e9s - Cameroun","description":"Un atelier a eu lieu du lundi 25 juillet au mercredi 27 juillet 2022 \u00e0 l\u2019Institut de recherches m\u00e9dicales et d\u2019\u00e9tudes de ...","robots":{"index":"index","follow":"follow","max-snippet":"max-snippet:-1","max-image-preview":"max-image-preview:large","max-video-preview":"max-video-preview:-1"},"canonical":"https:\/\/www.africa-press.net\/cameroun\/toutes-les-actualites\/cameroun-plantes-medicinales-100-tradipraticiens-du-centre-sud-et-est-outilles","og_locale":"fr_FR","og_type":"article","og_title":"Cameroun-plantes m\u00e9dicinales\u00a0: 100 tradipraticiens du Centre, Sud et Est outill\u00e9s","og_description":"Un atelier a eu lieu du lundi 25 juillet au mercredi 27 juillet 2022 \u00e0 l\u2019Institut de recherches m\u00e9dicales et d\u2019\u00e9tudes de ...","og_url":"https:\/\/www.africa-press.net\/cameroun\/toutes-les-actualites\/cameroun-plantes-medicinales-100-tradipraticiens-du-centre-sud-et-est-outilles","og_site_name":"Cameroun","article_published_time":"2022-07-28T18:19:24+00:00","article_modified_time":"2022-07-28T19:33:39+00:00","og_image":[{"width":800,"height":480,"url":"https:\/\/static.africa-press.net\/cameroun\/sites\/57\/2022\/07\/img-62e2e47e56eb8.jpg","type":"image\/jpeg"}],"author":"cfeditorfr","twitter_card":"summary_large_image","twitter_misc":{"\u00c9crit par":"cfeditorfr","Dur\u00e9e de lecture estim\u00e9e":"3 minutes"},"schema":{"@context":"https:\/\/schema.org","@graph":[{"@type":"Article","@id":"https:\/\/www.africa-press.net\/cameroun\/toutes-les-actualites\/cameroun-plantes-medicinales-100-tradipraticiens-du-centre-sud-et-est-outilles#article","isPartOf":{"@id":"https:\/\/www.africa-press.net\/cameroun\/toutes-les-actualites\/cameroun-plantes-medicinales-100-tradipraticiens-du-centre-sud-et-est-outilles"},"author":{"name":"cfeditorfr","@id":"https:\/\/www.africa-press.net\/cameroun\/#\/schema\/person\/2b1cf3cd81a31e3cd26889ca66d677f1"},"headline":"Cameroun-plantes m\u00e9dicinales\u00a0: 100 tradipraticiens du Centre, Sud et Est outill\u00e9s","datePublished":"2022-07-28T18:19:24+00:00","dateModified":"2022-07-28T19:33:39+00:00","mainEntityOfPage":{"@id":"https:\/\/www.africa-press.net\/cameroun\/toutes-les-actualites\/cameroun-plantes-medicinales-100-tradipraticiens-du-centre-sud-et-est-outilles"},"wordCount":515,"commentCount":0,"image":{"@id":"https:\/\/www.africa-press.net\/cameroun\/toutes-les-actualites\/cameroun-plantes-medicinales-100-tradipraticiens-du-centre-sud-et-est-outilles#primaryimage"},"thumbnailUrl":"https:\/\/static.africa-press.net\/cameroun\/sites\/57\/2022\/07\/img-62e2e47e56eb8.jpg","keywords":["Africa Press","Africa Press-Cameroun","Cameroun"],"articleSection":["Communaut\u00e9","homepage-french","Toutes les actualit\u00e9s"],"inLanguage":"fr-FR","potentialAction":[{"@type":"CommentAction","name":"Comment","target":["https:\/\/www.africa-press.net\/cameroun\/toutes-les-actualites\/cameroun-plantes-medicinales-100-tradipraticiens-du-centre-sud-et-est-outilles#respond"]}]},{"@type":"WebPage","@id":"https:\/\/www.africa-press.net\/cameroun\/toutes-les-actualites\/cameroun-plantes-medicinales-100-tradipraticiens-du-centre-sud-et-est-outilles","url":"https:\/\/www.africa-press.net\/cameroun\/toutes-les-actualites\/cameroun-plantes-medicinales-100-tradipraticiens-du-centre-sud-et-est-outilles","name":"Cameroun-plantes m\u00e9dicinales\u00a0: 100 tradipraticiens du Centre, Sud et Est outill\u00e9s - Cameroun","isPartOf":{"@id":"https:\/\/www.africa-press.net\/cameroun\/#website"},"primaryImageOfPage":{"@id":"https:\/\/www.africa-press.net\/cameroun\/toutes-les-actualites\/cameroun-plantes-medicinales-100-tradipraticiens-du-centre-sud-et-est-outilles#primaryimage"},"image":{"@id":"https:\/\/www.africa-press.net\/cameroun\/toutes-les-actualites\/cameroun-plantes-medicinales-100-tradipraticiens-du-centre-sud-et-est-outilles#primaryimage"},"thumbnailUrl":"https:\/\/static.africa-press.net\/cameroun\/sites\/57\/2022\/07\/img-62e2e47e56eb8.jpg","datePublished":"2022-07-28T18:19:24+00:00","dateModified":"2022-07-28T19:33:39+00:00","author":{"@id":"https:\/\/www.africa-press.net\/cameroun\/#\/schema\/person\/2b1cf3cd81a31e3cd26889ca66d677f1"},"description":"Un atelier a eu lieu du lundi 25 juillet au mercredi 27 juillet 2022 \u00e0 l\u2019Institut de recherches m\u00e9dicales et d\u2019\u00e9tudes de ...","breadcrumb":{"@id":"https:\/\/www.africa-press.net\/cameroun\/toutes-les-actualites\/cameroun-plantes-medicinales-100-tradipraticiens-du-centre-sud-et-est-outilles#breadcrumb"},"inLanguage":"fr-FR","potentialAction":[{"@type":"ReadAction","target":["https:\/\/www.africa-press.net\/cameroun\/toutes-les-actualites\/cameroun-plantes-medicinales-100-tradipraticiens-du-centre-sud-et-est-outilles"]}]},{"@type":"ImageObject","inLanguage":"fr-FR","@id":"https:\/\/www.africa-press.net\/cameroun\/toutes-les-actualites\/cameroun-plantes-medicinales-100-tradipraticiens-du-centre-sud-et-est-outilles#primaryimage","url":"https:\/\/static.africa-press.net\/cameroun\/sites\/57\/2022\/07\/img-62e2e47e56eb8.jpg","contentUrl":"https:\/\/static.africa-press.net\/cameroun\/sites\/57\/2022\/07\/img-62e2e47e56eb8.jpg","width":800,"height":480,"caption":"Cameroun-plantes m\u00e9dicinales\u00a0: 100 tradipraticiens du Centre, Sud et Est outill\u00e9s"},{"@type":"BreadcrumbList","@id":"https:\/\/www.africa-press.net\/cameroun\/toutes-les-actualites\/cameroun-plantes-medicinales-100-tradipraticiens-du-centre-sud-et-est-outilles#breadcrumb","itemListElement":[{"@type":"ListItem","position":1,"name":"Accueil","item":"https:\/\/www.africa-press.net\/cameroun\/"},{"@type":"ListItem","position":2,"name":"Cameroun-plantes m\u00e9dicinales\u00a0: 100 tradipraticiens du Centre, Sud et Est outill\u00e9s"}]},{"@type":"WebSite","@id":"https:\/\/www.africa-press.net\/cameroun\/#website","url":"https:\/\/www.africa-press.net\/cameroun\/","name":"Cameroun","description":"Just another Africa News Agency Sites site","potentialAction":[{"@type":"SearchAction","target":{"@type":"EntryPoint","urlTemplate":"https:\/\/www.africa-press.net\/cameroun\/?s={search_term_string}"},"query-input":{"@type":"PropertyValueSpecification","valueRequired":true,"valueName":"search_term_string"}}],"inLanguage":"fr-FR"},{"@type":"Person","@id":"https:\/\/www.africa-press.net\/cameroun\/#\/schema\/person\/2b1cf3cd81a31e3cd26889ca66d677f1","name":"cfeditorfr"}]}},"_links":{"self":[{"href":"https:\/\/www.africa-press.net\/cameroun\/wp-json\/wp\/v2\/posts\/24406","targetHints":{"allow":["GET"]}}],"collection":[{"href":"https:\/\/www.africa-press.net\/cameroun\/wp-json\/wp\/v2\/posts"}],"about":[{"href":"https:\/\/www.africa-press.net\/cameroun\/wp-json\/wp\/v2\/types\/post"}],"author":[{"embeddable":true,"href":"https:\/\/www.africa-press.net\/cameroun\/wp-json\/wp\/v2\/users\/82"}],"replies":[{"embeddable":true,"href":"https:\/\/www.africa-press.net\/cameroun\/wp-json\/wp\/v2\/comments?post=24406"}],"version-history":[{"count":0,"href":"https:\/\/www.africa-press.net\/cameroun\/wp-json\/wp\/v2\/posts\/24406\/revisions"}],"wp:featuredmedia":[{"embeddable":true,"href":"https:\/\/www.africa-press.net\/cameroun\/wp-json\/wp\/v2\/media\/24405"}],"wp:attachment":[{"href":"https:\/\/www.africa-press.net\/cameroun\/wp-json\/wp\/v2\/media?parent=24406"}],"wp:term":[{"taxonomy":"category","embeddable":true,"href":"https:\/\/www.africa-press.net\/cameroun\/wp-json\/wp\/v2\/categories?post=24406"},{"taxonomy":"post_tag","embeddable":true,"href":"https:\/\/www.africa-press.net\/cameroun\/wp-json\/wp\/v2\/tags?post=24406"}],"curies":[{"name":"wp","href":"https:\/\/api.w.org\/{rel}","templated":true}]}}