{"id":24412,"date":"2022-07-28T18:37:17","date_gmt":"2022-07-28T18:37:17","guid":{"rendered":"https:\/\/www.africa-press.net\/cameroun\/politique\/cameroun-vers-larret-des-poursuites-judiciaires-contre-basile-atangana-kouna"},"modified":"2022-07-28T19:34:36","modified_gmt":"2022-07-28T19:34:36","slug":"cameroun-vers-larret-des-poursuites-judiciaires-contre-basile-atangana-kouna","status":"publish","type":"post","link":"https:\/\/www.africa-press.net\/cameroun\/politique\/cameroun-vers-larret-des-poursuites-judiciaires-contre-basile-atangana-kouna","title":{"rendered":"Cameroun : vers l\u2019arr\u00eat des poursuites judiciaires contre Basile Atangana Kouna"},"content":{"rendered":"<p><span style=\"color: #ff6600\"><strong>Africa-Press &#8211; Cameroun. <\/strong><\/span>Selon le ministre d\u2019Etat Ferdinand Ngoh Ngoh, Le pr\u00e9sident de la R\u00e9publique r\u00e9it\u00e8re son accord en faveur de l\u2019arr\u00eat des poursuites contre l\u2019ancien ministre de l\u2019Eau et de l\u2019Energie (2009-2018).<\/p>\n<p>Basile Atangana Kouna pourrait \u00eatre bient\u00f4t libre. Dans une correspondance adress\u00e9e au ministre d\u2019Etat, ministre de la Justice garde des Sceaux Laurent Esso, le ministre d\u2019Etat secr\u00e9taire g\u00e9n\u00e9ral de la pr\u00e9sidence de la R\u00e9publique \u00ab r\u00e9percute les hautes instructions du chef de l\u2019Etat \u00bb Paul Biya.<\/p>\n<p>Selon Ferdinand Ngoh Ngoh, le pr\u00e9sident de la R\u00e9publique r\u00e9it\u00e8re \u00ab son accord en vue de l\u2019arr\u00eat des poursuites engag\u00e9es contre le nomm\u00e9 Basile Atangana Kouna en (Ndlr) indiquant que le recours \u00e0 l\u2019article 64 (3) du Code de proc\u00e9dure p\u00e9nale est sans int\u00e9r\u00eat en l\u2019esp\u00e8ce, l\u2019int\u00e9ress\u00e9 ayant int\u00e9gralement restitu\u00e9 le corps du d\u00e9lit \u00bb, peut-on lire sur la copie de la correspondance qui circule sur la toile.<\/p>\n<p>L\u2019article 64 (3) du code de proc\u00e9dure p\u00e9nal pr\u00e9voit en effet que \u00ab lorsque l\u2019action publique a \u00e9t\u00e9 arr\u00eat\u00e9e (\u2026), le juge d\u2019instruction ou la juridiction de jugement poursuit l\u2019instruction ou l\u2019examen de l\u2019affaire sur l\u2019action civile \u00bb.<\/p>\n<p>Pour rappel, l\u2019ancien membre du gouvernement a \u00e9t\u00e9 rendu coupable du d\u00e9lit d\u2019int\u00e9r\u00eat pour avoir fait louer les v\u00e9hicules de l\u2019entreprise Trinity Sarl \u00e0 la Camwater. Pour cela, l\u2019ancien directeur g\u00e9n\u00e9ral de Camwater (2006-2012) a \u00e9t\u00e9 condamn\u00e9 \u00e0 une peine de trois ans de prison le 22 septembre 2021.<\/p>\n<p>La d\u00e9cision rendue par le Tribunal criminel sp\u00e9cial le contraint aussi \u00e0 500 mille Fcfa d\u2019amende. Il devait payer \u00e0 la Camwater la somme de 11 millions 91 mille 210 Fcfa, repr\u00e9sentant le reliquat des frais de location des v\u00e9hicules. A cela s\u2019ajoute les dommages int\u00e9r\u00eats de l\u2019ordre de 16 millions de Fcfa, les d\u00e9pens de 2 millions 532 mille Fcfa ont \u00e9t\u00e9 fix\u00e9s solidairement et les d\u00e9ch\u00e9ances prononc\u00e9es pour une dur\u00e9e de 5 ans.<\/p>\n<p><strong>Pour plus d&rsquo;informations et d&rsquo;analyses sur la <a href=\"https:\/\/www.africa-press.net\/cameroun\">Cameroun<\/a>, suivez <a href=\"https:\/\/www.africa-press.net\/\">Africa-Press<\/a><\/strong><\/p>\n","protected":false},"excerpt":{"rendered":"<p>Africa-Press &#8211; Cameroun. Selon le ministre d\u2019Etat Ferdinand Ngoh Ngoh, Le pr\u00e9sident de la R\u00e9publique r\u00e9it\u00e8re son accord en faveur de l\u2019arr\u00eat des poursuites contre l\u2019ancien ministre de l\u2019Eau et de l\u2019Energie (2009-2018). Basile Atangana Kouna pourrait \u00eatre bient\u00f4t libre. Dans une correspondance adress\u00e9e au ministre d\u2019Etat, ministre de la Justice garde des Sceaux Laurent [&hellip;]<\/p>\n","protected":false},"author":82,"featured_media":24411,"comment_status":"open","ping_status":"closed","sticky":false,"template":"","format":"standard","meta":{"footnotes":""},"categories":[11,2,10],"tags":[36,50,49],"class_list":["post-24412","post","type-post","status-publish","format-standard","has-post-thumbnail","hentry","category-homepage-french","category-politique","category-toutes-les-actualites","tag-africa-press","tag-africa-press-cameroun","tag-cameroun"],"yoast_head":"<!-- This site is optimized with the Yoast SEO Premium plugin v26.1 (Yoast SEO v27.0) - https:\/\/yoast.com\/product\/yoast-seo-premium-wordpress\/ -->\n<title>Cameroun : vers l\u2019arr\u00eat des poursuites judiciaires contre Basile Atangana Kouna - Cameroun<\/title>\n<meta name=\"description\" content=\"Selon le ministre d\u2019Etat Ferdinand Ngoh Ngoh, Le pr\u00e9sident de la R\u00e9publique r\u00e9it\u00e8re son accord en faveur de l\u2019arr\u00eat des ...\" \/>\n<meta name=\"robots\" content=\"index, follow, max-snippet:-1, max-image-preview:large, max-video-preview:-1\" \/>\n<link rel=\"canonical\" href=\"https:\/\/www.africa-press.net\/cameroun\/politique\/cameroun-vers-larret-des-poursuites-judiciaires-contre-basile-atangana-kouna\" \/>\n<meta property=\"og:locale\" content=\"fr_FR\" \/>\n<meta property=\"og:type\" content=\"article\" \/>\n<meta property=\"og:title\" content=\"Cameroun : vers l\u2019arr\u00eat des poursuites judiciaires contre Basile Atangana Kouna\" \/>\n<meta property=\"og:description\" content=\"Selon le ministre d\u2019Etat Ferdinand Ngoh Ngoh, Le pr\u00e9sident de la R\u00e9publique r\u00e9it\u00e8re son accord en faveur de l\u2019arr\u00eat des ...\" \/>\n<meta property=\"og:url\" content=\"https:\/\/www.africa-press.net\/cameroun\/politique\/cameroun-vers-larret-des-poursuites-judiciaires-contre-basile-atangana-kouna\" \/>\n<meta property=\"og:site_name\" content=\"Cameroun\" \/>\n<meta property=\"article:published_time\" content=\"2022-07-28T18:37:17+00:00\" \/>\n<meta property=\"article:modified_time\" content=\"2022-07-28T19:34:36+00:00\" \/>\n<meta property=\"og:image\" content=\"https:\/\/static.africa-press.net\/cameroun\/sites\/57\/2022\/07\/img-62e2e4b48f82d.jpg\" \/>\n\t<meta property=\"og:image:width\" content=\"720\" \/>\n\t<meta property=\"og:image:height\" content=\"504\" \/>\n\t<meta property=\"og:image:type\" content=\"image\/jpeg\" \/>\n<meta name=\"author\" content=\"cfeditorfr\" \/>\n<meta name=\"twitter:card\" content=\"summary_large_image\" \/>\n<meta name=\"twitter:label1\" content=\"\u00c9crit par\" \/>\n\t<meta name=\"twitter:data1\" content=\"cfeditorfr\" \/>\n\t<meta name=\"twitter:label2\" content=\"Dur\u00e9e de lecture estim\u00e9e\" \/>\n\t<meta name=\"twitter:data2\" content=\"2 minutes\" \/>\n<script type=\"application\/ld+json\" class=\"yoast-schema-graph\">{\"@context\":\"https:\/\/schema.org\",\"@graph\":[{\"@type\":\"Article\",\"@id\":\"https:\/\/www.africa-press.net\/cameroun\/politique\/cameroun-vers-larret-des-poursuites-judiciaires-contre-basile-atangana-kouna#article\",\"isPartOf\":{\"@id\":\"https:\/\/www.africa-press.net\/cameroun\/politique\/cameroun-vers-larret-des-poursuites-judiciaires-contre-basile-atangana-kouna\"},\"author\":{\"name\":\"cfeditorfr\",\"@id\":\"https:\/\/www.africa-press.net\/cameroun\/#\/schema\/person\/2b1cf3cd81a31e3cd26889ca66d677f1\"},\"headline\":\"Cameroun : vers l\u2019arr\u00eat des poursuites judiciaires contre Basile Atangana Kouna\",\"datePublished\":\"2022-07-28T18:37:17+00:00\",\"dateModified\":\"2022-07-28T19:34:36+00:00\",\"mainEntityOfPage\":{\"@id\":\"https:\/\/www.africa-press.net\/cameroun\/politique\/cameroun-vers-larret-des-poursuites-judiciaires-contre-basile-atangana-kouna\"},\"wordCount\":383,\"commentCount\":0,\"image\":{\"@id\":\"https:\/\/www.africa-press.net\/cameroun\/politique\/cameroun-vers-larret-des-poursuites-judiciaires-contre-basile-atangana-kouna#primaryimage\"},\"thumbnailUrl\":\"https:\/\/static.africa-press.net\/cameroun\/sites\/57\/2022\/07\/img-62e2e4b48f82d.jpg\",\"keywords\":[\"Africa Press\",\"Africa Press-Cameroun\",\"Cameroun\"],\"articleSection\":[\"homepage-french\",\"Politique\",\"Toutes les actualit\u00e9s\"],\"inLanguage\":\"fr-FR\",\"potentialAction\":[{\"@type\":\"CommentAction\",\"name\":\"Comment\",\"target\":[\"https:\/\/www.africa-press.net\/cameroun\/politique\/cameroun-vers-larret-des-poursuites-judiciaires-contre-basile-atangana-kouna#respond\"]}]},{\"@type\":\"WebPage\",\"@id\":\"https:\/\/www.africa-press.net\/cameroun\/politique\/cameroun-vers-larret-des-poursuites-judiciaires-contre-basile-atangana-kouna\",\"url\":\"https:\/\/www.africa-press.net\/cameroun\/politique\/cameroun-vers-larret-des-poursuites-judiciaires-contre-basile-atangana-kouna\",\"name\":\"Cameroun : vers l\u2019arr\u00eat des poursuites judiciaires contre Basile Atangana Kouna - Cameroun\",\"isPartOf\":{\"@id\":\"https:\/\/www.africa-press.net\/cameroun\/#website\"},\"primaryImageOfPage\":{\"@id\":\"https:\/\/www.africa-press.net\/cameroun\/politique\/cameroun-vers-larret-des-poursuites-judiciaires-contre-basile-atangana-kouna#primaryimage\"},\"image\":{\"@id\":\"https:\/\/www.africa-press.net\/cameroun\/politique\/cameroun-vers-larret-des-poursuites-judiciaires-contre-basile-atangana-kouna#primaryimage\"},\"thumbnailUrl\":\"https:\/\/static.africa-press.net\/cameroun\/sites\/57\/2022\/07\/img-62e2e4b48f82d.jpg\",\"datePublished\":\"2022-07-28T18:37:17+00:00\",\"dateModified\":\"2022-07-28T19:34:36+00:00\",\"author\":{\"@id\":\"https:\/\/www.africa-press.net\/cameroun\/#\/schema\/person\/2b1cf3cd81a31e3cd26889ca66d677f1\"},\"description\":\"Selon le ministre d\u2019Etat Ferdinand Ngoh Ngoh, Le pr\u00e9sident de la R\u00e9publique r\u00e9it\u00e8re son accord en faveur de l\u2019arr\u00eat des ...\",\"breadcrumb\":{\"@id\":\"https:\/\/www.africa-press.net\/cameroun\/politique\/cameroun-vers-larret-des-poursuites-judiciaires-contre-basile-atangana-kouna#breadcrumb\"},\"inLanguage\":\"fr-FR\",\"potentialAction\":[{\"@type\":\"ReadAction\",\"target\":[\"https:\/\/www.africa-press.net\/cameroun\/politique\/cameroun-vers-larret-des-poursuites-judiciaires-contre-basile-atangana-kouna\"]}]},{\"@type\":\"ImageObject\",\"inLanguage\":\"fr-FR\",\"@id\":\"https:\/\/www.africa-press.net\/cameroun\/politique\/cameroun-vers-larret-des-poursuites-judiciaires-contre-basile-atangana-kouna#primaryimage\",\"url\":\"https:\/\/static.africa-press.net\/cameroun\/sites\/57\/2022\/07\/img-62e2e4b48f82d.jpg\",\"contentUrl\":\"https:\/\/static.africa-press.net\/cameroun\/sites\/57\/2022\/07\/img-62e2e4b48f82d.jpg\",\"width\":720,\"height\":504,\"caption\":\"Cameroun : vers l\u2019arr\u00eat des poursuites judiciaires contre Basile Atangana Kouna\"},{\"@type\":\"BreadcrumbList\",\"@id\":\"https:\/\/www.africa-press.net\/cameroun\/politique\/cameroun-vers-larret-des-poursuites-judiciaires-contre-basile-atangana-kouna#breadcrumb\",\"itemListElement\":[{\"@type\":\"ListItem\",\"position\":1,\"name\":\"Accueil\",\"item\":\"https:\/\/www.africa-press.net\/cameroun\/\"},{\"@type\":\"ListItem\",\"position\":2,\"name\":\"Cameroun : vers l\u2019arr\u00eat des poursuites judiciaires contre Basile Atangana Kouna\"}]},{\"@type\":\"WebSite\",\"@id\":\"https:\/\/www.africa-press.net\/cameroun\/#website\",\"url\":\"https:\/\/www.africa-press.net\/cameroun\/\",\"name\":\"Cameroun\",\"description\":\"Just another Africa News Agency Sites site\",\"potentialAction\":[{\"@type\":\"SearchAction\",\"target\":{\"@type\":\"EntryPoint\",\"urlTemplate\":\"https:\/\/www.africa-press.net\/cameroun\/?s={search_term_string}\"},\"query-input\":{\"@type\":\"PropertyValueSpecification\",\"valueRequired\":true,\"valueName\":\"search_term_string\"}}],\"inLanguage\":\"fr-FR\"},{\"@type\":\"Person\",\"@id\":\"https:\/\/www.africa-press.net\/cameroun\/#\/schema\/person\/2b1cf3cd81a31e3cd26889ca66d677f1\",\"name\":\"cfeditorfr\"}]}<\/script>\n<!-- \/ Yoast SEO Premium plugin. -->","yoast_head_json":{"title":"Cameroun : vers l\u2019arr\u00eat des poursuites judiciaires contre Basile Atangana Kouna - Cameroun","description":"Selon le ministre d\u2019Etat Ferdinand Ngoh Ngoh, Le pr\u00e9sident de la R\u00e9publique r\u00e9it\u00e8re son accord en faveur de l\u2019arr\u00eat des ...","robots":{"index":"index","follow":"follow","max-snippet":"max-snippet:-1","max-image-preview":"max-image-preview:large","max-video-preview":"max-video-preview:-1"},"canonical":"https:\/\/www.africa-press.net\/cameroun\/politique\/cameroun-vers-larret-des-poursuites-judiciaires-contre-basile-atangana-kouna","og_locale":"fr_FR","og_type":"article","og_title":"Cameroun : vers l\u2019arr\u00eat des poursuites judiciaires contre Basile Atangana Kouna","og_description":"Selon le ministre d\u2019Etat Ferdinand Ngoh Ngoh, Le pr\u00e9sident de la R\u00e9publique r\u00e9it\u00e8re son accord en faveur de l\u2019arr\u00eat des ...","og_url":"https:\/\/www.africa-press.net\/cameroun\/politique\/cameroun-vers-larret-des-poursuites-judiciaires-contre-basile-atangana-kouna","og_site_name":"Cameroun","article_published_time":"2022-07-28T18:37:17+00:00","article_modified_time":"2022-07-28T19:34:36+00:00","og_image":[{"width":720,"height":504,"url":"https:\/\/static.africa-press.net\/cameroun\/sites\/57\/2022\/07\/img-62e2e4b48f82d.jpg","type":"image\/jpeg"}],"author":"cfeditorfr","twitter_card":"summary_large_image","twitter_misc":{"\u00c9crit par":"cfeditorfr","Dur\u00e9e de lecture estim\u00e9e":"2 minutes"},"schema":{"@context":"https:\/\/schema.org","@graph":[{"@type":"Article","@id":"https:\/\/www.africa-press.net\/cameroun\/politique\/cameroun-vers-larret-des-poursuites-judiciaires-contre-basile-atangana-kouna#article","isPartOf":{"@id":"https:\/\/www.africa-press.net\/cameroun\/politique\/cameroun-vers-larret-des-poursuites-judiciaires-contre-basile-atangana-kouna"},"author":{"name":"cfeditorfr","@id":"https:\/\/www.africa-press.net\/cameroun\/#\/schema\/person\/2b1cf3cd81a31e3cd26889ca66d677f1"},"headline":"Cameroun : vers l\u2019arr\u00eat des poursuites judiciaires contre Basile Atangana Kouna","datePublished":"2022-07-28T18:37:17+00:00","dateModified":"2022-07-28T19:34:36+00:00","mainEntityOfPage":{"@id":"https:\/\/www.africa-press.net\/cameroun\/politique\/cameroun-vers-larret-des-poursuites-judiciaires-contre-basile-atangana-kouna"},"wordCount":383,"commentCount":0,"image":{"@id":"https:\/\/www.africa-press.net\/cameroun\/politique\/cameroun-vers-larret-des-poursuites-judiciaires-contre-basile-atangana-kouna#primaryimage"},"thumbnailUrl":"https:\/\/static.africa-press.net\/cameroun\/sites\/57\/2022\/07\/img-62e2e4b48f82d.jpg","keywords":["Africa Press","Africa Press-Cameroun","Cameroun"],"articleSection":["homepage-french","Politique","Toutes les actualit\u00e9s"],"inLanguage":"fr-FR","potentialAction":[{"@type":"CommentAction","name":"Comment","target":["https:\/\/www.africa-press.net\/cameroun\/politique\/cameroun-vers-larret-des-poursuites-judiciaires-contre-basile-atangana-kouna#respond"]}]},{"@type":"WebPage","@id":"https:\/\/www.africa-press.net\/cameroun\/politique\/cameroun-vers-larret-des-poursuites-judiciaires-contre-basile-atangana-kouna","url":"https:\/\/www.africa-press.net\/cameroun\/politique\/cameroun-vers-larret-des-poursuites-judiciaires-contre-basile-atangana-kouna","name":"Cameroun : vers l\u2019arr\u00eat des poursuites judiciaires contre Basile Atangana Kouna - Cameroun","isPartOf":{"@id":"https:\/\/www.africa-press.net\/cameroun\/#website"},"primaryImageOfPage":{"@id":"https:\/\/www.africa-press.net\/cameroun\/politique\/cameroun-vers-larret-des-poursuites-judiciaires-contre-basile-atangana-kouna#primaryimage"},"image":{"@id":"https:\/\/www.africa-press.net\/cameroun\/politique\/cameroun-vers-larret-des-poursuites-judiciaires-contre-basile-atangana-kouna#primaryimage"},"thumbnailUrl":"https:\/\/static.africa-press.net\/cameroun\/sites\/57\/2022\/07\/img-62e2e4b48f82d.jpg","datePublished":"2022-07-28T18:37:17+00:00","dateModified":"2022-07-28T19:34:36+00:00","author":{"@id":"https:\/\/www.africa-press.net\/cameroun\/#\/schema\/person\/2b1cf3cd81a31e3cd26889ca66d677f1"},"description":"Selon le ministre d\u2019Etat Ferdinand Ngoh Ngoh, Le pr\u00e9sident de la R\u00e9publique r\u00e9it\u00e8re son accord en faveur de l\u2019arr\u00eat des ...","breadcrumb":{"@id":"https:\/\/www.africa-press.net\/cameroun\/politique\/cameroun-vers-larret-des-poursuites-judiciaires-contre-basile-atangana-kouna#breadcrumb"},"inLanguage":"fr-FR","potentialAction":[{"@type":"ReadAction","target":["https:\/\/www.africa-press.net\/cameroun\/politique\/cameroun-vers-larret-des-poursuites-judiciaires-contre-basile-atangana-kouna"]}]},{"@type":"ImageObject","inLanguage":"fr-FR","@id":"https:\/\/www.africa-press.net\/cameroun\/politique\/cameroun-vers-larret-des-poursuites-judiciaires-contre-basile-atangana-kouna#primaryimage","url":"https:\/\/static.africa-press.net\/cameroun\/sites\/57\/2022\/07\/img-62e2e4b48f82d.jpg","contentUrl":"https:\/\/static.africa-press.net\/cameroun\/sites\/57\/2022\/07\/img-62e2e4b48f82d.jpg","width":720,"height":504,"caption":"Cameroun : vers l\u2019arr\u00eat des poursuites judiciaires contre Basile Atangana Kouna"},{"@type":"BreadcrumbList","@id":"https:\/\/www.africa-press.net\/cameroun\/politique\/cameroun-vers-larret-des-poursuites-judiciaires-contre-basile-atangana-kouna#breadcrumb","itemListElement":[{"@type":"ListItem","position":1,"name":"Accueil","item":"https:\/\/www.africa-press.net\/cameroun\/"},{"@type":"ListItem","position":2,"name":"Cameroun : vers l\u2019arr\u00eat des poursuites judiciaires contre Basile Atangana Kouna"}]},{"@type":"WebSite","@id":"https:\/\/www.africa-press.net\/cameroun\/#website","url":"https:\/\/www.africa-press.net\/cameroun\/","name":"Cameroun","description":"Just another Africa News Agency Sites site","potentialAction":[{"@type":"SearchAction","target":{"@type":"EntryPoint","urlTemplate":"https:\/\/www.africa-press.net\/cameroun\/?s={search_term_string}"},"query-input":{"@type":"PropertyValueSpecification","valueRequired":true,"valueName":"search_term_string"}}],"inLanguage":"fr-FR"},{"@type":"Person","@id":"https:\/\/www.africa-press.net\/cameroun\/#\/schema\/person\/2b1cf3cd81a31e3cd26889ca66d677f1","name":"cfeditorfr"}]}},"_links":{"self":[{"href":"https:\/\/www.africa-press.net\/cameroun\/wp-json\/wp\/v2\/posts\/24412","targetHints":{"allow":["GET"]}}],"collection":[{"href":"https:\/\/www.africa-press.net\/cameroun\/wp-json\/wp\/v2\/posts"}],"about":[{"href":"https:\/\/www.africa-press.net\/cameroun\/wp-json\/wp\/v2\/types\/post"}],"author":[{"embeddable":true,"href":"https:\/\/www.africa-press.net\/cameroun\/wp-json\/wp\/v2\/users\/82"}],"replies":[{"embeddable":true,"href":"https:\/\/www.africa-press.net\/cameroun\/wp-json\/wp\/v2\/comments?post=24412"}],"version-history":[{"count":0,"href":"https:\/\/www.africa-press.net\/cameroun\/wp-json\/wp\/v2\/posts\/24412\/revisions"}],"wp:featuredmedia":[{"embeddable":true,"href":"https:\/\/www.africa-press.net\/cameroun\/wp-json\/wp\/v2\/media\/24411"}],"wp:attachment":[{"href":"https:\/\/www.africa-press.net\/cameroun\/wp-json\/wp\/v2\/media?parent=24412"}],"wp:term":[{"taxonomy":"category","embeddable":true,"href":"https:\/\/www.africa-press.net\/cameroun\/wp-json\/wp\/v2\/categories?post=24412"},{"taxonomy":"post_tag","embeddable":true,"href":"https:\/\/www.africa-press.net\/cameroun\/wp-json\/wp\/v2\/tags?post=24412"}],"curies":[{"name":"wp","href":"https:\/\/api.w.org\/{rel}","templated":true}]}}