{"id":24415,"date":"2022-07-28T18:44:48","date_gmt":"2022-07-28T18:44:48","guid":{"rendered":"https:\/\/www.africa-press.net\/cameroun\/politique\/cemac-stabilite-des-activites-economiques-annoncee-au-3e-trimestre-2022-malgre-une-conjoncture-internationale-morose"},"modified":"2022-07-28T19:35:02","modified_gmt":"2022-07-28T19:35:02","slug":"cemac-stabilite-des-activites-economiques-annoncee-au-3e-trimestre-2022-malgre-une-conjoncture-internationale-morose","status":"publish","type":"post","link":"https:\/\/www.africa-press.net\/cameroun\/economie\/cemac-stabilite-des-activites-economiques-annoncee-au-3e-trimestre-2022-malgre-une-conjoncture-internationale-morose","title":{"rendered":"Cemac\u00a0: stabilit\u00e9 des activit\u00e9s \u00e9conomiques annonc\u00e9e au 3e trimestre 2022, malgr\u00e9 une conjoncture internationale morose"},"content":{"rendered":"<p><span style=\"color: #ff6600\"><strong>Africa-Press &#8211; Cameroun. <\/strong><\/span>Investir au Cameroun) &#8211; Entre juillet et septembre 2022, les activit\u00e9s \u00e9conomiques dans les six pays de la Cemac (Cameroun, Congo, Gabon, RCA, Tchad et Guin\u00e9e \u00e9quatoriale) devraient \u00eatre relativement stables par rapport au trimestre pr\u00e9c\u00e9dent, en d\u00e9pit des al\u00e9as de la conjoncture mondiale. C\u2019est du moins ce que r\u00e9v\u00e8le le test pr\u00e9visionnel de conjoncture pour le compte du 3e trimestre 2022, que vient de publier la Beac, la banque centrale des \u00c9tats de cet espace communautaire.<\/p>\n<p>Cette pr\u00e9vision plut\u00f4t optimiste survient \u00ab\u2009dans un contexte de perturbation des approvisionnements \u00e0 l\u2019international du fait de la guerre en Ukraine, d\u2019atonie de la demande domestique et des risques environnementaux de plus en plus pr\u00e9occupants\u2009\u00bb, souligne le document publi\u00e9 par la banque centrale.<\/p>\n<p>\u00c0 en croire le document susmentionn\u00e9, la stabilit\u00e9 annonc\u00e9e dans la zone Cemac au 3e trimestre 2022 sera essentiellement port\u00e9e par le dynamisme du secteur primaire, ainsi que la robustesse des activit\u00e9s dans le tertiaire, notamment dans les t\u00e9l\u00e9communications et les transports. Toutes choses qui permettront de compenser une certaine atonie attendue dans le secondaire.<\/p>\n<p>\u00ab\u2009Le secteur primaire devrait \u00eatre port\u00e9 par les activit\u00e9s p\u00e9troli\u00e8res, sylvicoles et, dans une moindre mesure, par la production agricole vivri\u00e8re. Les cultures de rente devraient enregistrer des contreperformances au troisi\u00e8me trimestre 2022, en lien avec une demande internationale globalement atone. Le secteur secondaire afficherait une \u00e9volution morose, avec des industries brassicoles et meuni\u00e8res en berne et une fili\u00e8re BTP attentiste, seulement port\u00e9e par une timide demande publique. Dans le tertiaire, malgr\u00e9 un pessimisme dans le commerce, l\u2019activit\u00e9 des t\u00e9l\u00e9communications devrait demeurer solide et le transport gagnerait en dynamisme\u2009\u00bb, apprend-on.<\/p>\n<p>Pour rappel, le test pr\u00e9visionnel de conjoncture est un document trimestriel de nature prospective, bas\u00e9 sur les enqu\u00eates r\u00e9alis\u00e9es aupr\u00e8s des chefs d\u2019entreprises, responsables d\u2019administrations et autres acteurs cl\u00e9s des diff\u00e9rentes fili\u00e8res et secteurs d\u2019activit\u00e9s de la Cemac. Il pr\u00e9sente les anticipations de ces acteurs sur l\u2019\u00e9volution pr\u00e9visible de l\u2019activit\u00e9 \u00e9conomique sur le prochain trimestre, ainsi que les principaux facteurs explicatifs.<\/p>\n<p>BRM<\/p>\n<p>Lire aussi :<\/p>\n<p>15-07-2022-Croissance, monnaie\u2026 : la Beac optimiste, malgr\u00e9 le contexte international morose<\/p>\n<p><strong>Pour plus d&rsquo;informations et d&rsquo;analyses sur la <a href=\"https:\/\/www.africa-press.net\/cameroun\">Cameroun<\/a>, suivez <a href=\"https:\/\/www.africa-press.net\/\">Africa-Press<\/a><\/strong><\/p>\n","protected":false},"excerpt":{"rendered":"<p>Africa-Press &#8211; Cameroun. Investir au Cameroun) &#8211; Entre juillet et septembre 2022, les activit\u00e9s \u00e9conomiques dans les six pays de la Cemac (Cameroun, Congo, Gabon, RCA, Tchad et Guin\u00e9e \u00e9quatoriale) devraient \u00eatre relativement stables par rapport au trimestre pr\u00e9c\u00e9dent, en d\u00e9pit des al\u00e9as de la conjoncture mondiale. C\u2019est du moins ce que r\u00e9v\u00e8le le test [&hellip;]<\/p>\n","protected":false},"author":82,"featured_media":24414,"comment_status":"open","ping_status":"closed","sticky":false,"template":"","format":"standard","meta":{"footnotes":""},"categories":[3,11,10],"tags":[36,50,49],"class_list":["post-24415","post","type-post","status-publish","format-standard","has-post-thumbnail","hentry","category-economie","category-homepage-french","category-toutes-les-actualites","tag-africa-press","tag-africa-press-cameroun","tag-cameroun"],"yoast_head":"<!-- This site is optimized with the Yoast SEO Premium plugin v26.1 (Yoast SEO v27.0) - https:\/\/yoast.com\/product\/yoast-seo-premium-wordpress\/ -->\n<title>Cemac\u00a0: stabilit\u00e9 des activit\u00e9s \u00e9conomiques annonc\u00e9e au 3e trimestre 2022, malgr\u00e9 une conjoncture internationale morose - Cameroun<\/title>\n<meta name=\"description\" content=\"Investir au Cameroun) - Entre juillet et septembre 2022, les activit\u00e9s \u00e9conomiques dans les six pays de la Cemac (Camero ...\" \/>\n<meta name=\"robots\" content=\"index, follow, max-snippet:-1, max-image-preview:large, max-video-preview:-1\" \/>\n<link rel=\"canonical\" href=\"https:\/\/www.africa-press.net\/cameroun\/economie\/cemac-stabilite-des-activites-economiques-annoncee-au-3e-trimestre-2022-malgre-une-conjoncture-internationale-morose\" \/>\n<meta property=\"og:locale\" content=\"fr_FR\" \/>\n<meta property=\"og:type\" content=\"article\" \/>\n<meta property=\"og:title\" content=\"Cemac\u00a0: stabilit\u00e9 des activit\u00e9s \u00e9conomiques annonc\u00e9e au 3e trimestre 2022, malgr\u00e9 une conjoncture internationale morose\" \/>\n<meta property=\"og:description\" content=\"Investir au Cameroun) - Entre juillet et septembre 2022, les activit\u00e9s \u00e9conomiques dans les six pays de la Cemac (Camero ...\" \/>\n<meta property=\"og:url\" content=\"https:\/\/www.africa-press.net\/cameroun\/economie\/cemac-stabilite-des-activites-economiques-annoncee-au-3e-trimestre-2022-malgre-une-conjoncture-internationale-morose\" \/>\n<meta property=\"og:site_name\" content=\"Cameroun\" \/>\n<meta property=\"article:published_time\" content=\"2022-07-28T18:44:48+00:00\" \/>\n<meta property=\"article:modified_time\" content=\"2022-07-28T19:35:02+00:00\" \/>\n<meta property=\"og:image\" content=\"https:\/\/static.africa-press.net\/cameroun\/sites\/57\/2022\/07\/img-62e2e4d3c72f8.jpg\" \/>\n\t<meta property=\"og:image:width\" content=\"720\" \/>\n\t<meta property=\"og:image:height\" content=\"479\" \/>\n\t<meta property=\"og:image:type\" content=\"image\/jpeg\" \/>\n<meta name=\"author\" content=\"cfeditorfr\" \/>\n<meta name=\"twitter:card\" content=\"summary_large_image\" \/>\n<meta name=\"twitter:label1\" content=\"\u00c9crit par\" \/>\n\t<meta name=\"twitter:data1\" content=\"cfeditorfr\" \/>\n\t<meta name=\"twitter:label2\" content=\"Dur\u00e9e de lecture estim\u00e9e\" \/>\n\t<meta name=\"twitter:data2\" content=\"2 minutes\" \/>\n<script type=\"application\/ld+json\" class=\"yoast-schema-graph\">{\"@context\":\"https:\/\/schema.org\",\"@graph\":[{\"@type\":\"Article\",\"@id\":\"https:\/\/www.africa-press.net\/cameroun\/economie\/cemac-stabilite-des-activites-economiques-annoncee-au-3e-trimestre-2022-malgre-une-conjoncture-internationale-morose#article\",\"isPartOf\":{\"@id\":\"https:\/\/www.africa-press.net\/cameroun\/economie\/cemac-stabilite-des-activites-economiques-annoncee-au-3e-trimestre-2022-malgre-une-conjoncture-internationale-morose\"},\"author\":{\"name\":\"cfeditorfr\",\"@id\":\"https:\/\/www.africa-press.net\/cameroun\/#\/schema\/person\/2b1cf3cd81a31e3cd26889ca66d677f1\"},\"headline\":\"Cemac\u00a0: stabilit\u00e9 des activit\u00e9s \u00e9conomiques annonc\u00e9e au 3e trimestre 2022, malgr\u00e9 une conjoncture internationale morose\",\"datePublished\":\"2022-07-28T18:44:48+00:00\",\"dateModified\":\"2022-07-28T19:35:02+00:00\",\"mainEntityOfPage\":{\"@id\":\"https:\/\/www.africa-press.net\/cameroun\/economie\/cemac-stabilite-des-activites-economiques-annoncee-au-3e-trimestre-2022-malgre-une-conjoncture-internationale-morose\"},\"wordCount\":413,\"commentCount\":0,\"image\":{\"@id\":\"https:\/\/www.africa-press.net\/cameroun\/economie\/cemac-stabilite-des-activites-economiques-annoncee-au-3e-trimestre-2022-malgre-une-conjoncture-internationale-morose#primaryimage\"},\"thumbnailUrl\":\"https:\/\/static.africa-press.net\/cameroun\/sites\/57\/2022\/07\/img-62e2e4d3c72f8.jpg\",\"keywords\":[\"Africa Press\",\"Africa Press-Cameroun\",\"Cameroun\"],\"articleSection\":[\"\u00c9conomie\",\"homepage-french\",\"Toutes les actualit\u00e9s\"],\"inLanguage\":\"fr-FR\",\"potentialAction\":[{\"@type\":\"CommentAction\",\"name\":\"Comment\",\"target\":[\"https:\/\/www.africa-press.net\/cameroun\/economie\/cemac-stabilite-des-activites-economiques-annoncee-au-3e-trimestre-2022-malgre-une-conjoncture-internationale-morose#respond\"]}]},{\"@type\":\"WebPage\",\"@id\":\"https:\/\/www.africa-press.net\/cameroun\/economie\/cemac-stabilite-des-activites-economiques-annoncee-au-3e-trimestre-2022-malgre-une-conjoncture-internationale-morose\",\"url\":\"https:\/\/www.africa-press.net\/cameroun\/economie\/cemac-stabilite-des-activites-economiques-annoncee-au-3e-trimestre-2022-malgre-une-conjoncture-internationale-morose\",\"name\":\"Cemac\u00a0: stabilit\u00e9 des activit\u00e9s \u00e9conomiques annonc\u00e9e au 3e trimestre 2022, malgr\u00e9 une conjoncture internationale morose - Cameroun\",\"isPartOf\":{\"@id\":\"https:\/\/www.africa-press.net\/cameroun\/#website\"},\"primaryImageOfPage\":{\"@id\":\"https:\/\/www.africa-press.net\/cameroun\/economie\/cemac-stabilite-des-activites-economiques-annoncee-au-3e-trimestre-2022-malgre-une-conjoncture-internationale-morose#primaryimage\"},\"image\":{\"@id\":\"https:\/\/www.africa-press.net\/cameroun\/economie\/cemac-stabilite-des-activites-economiques-annoncee-au-3e-trimestre-2022-malgre-une-conjoncture-internationale-morose#primaryimage\"},\"thumbnailUrl\":\"https:\/\/static.africa-press.net\/cameroun\/sites\/57\/2022\/07\/img-62e2e4d3c72f8.jpg\",\"datePublished\":\"2022-07-28T18:44:48+00:00\",\"dateModified\":\"2022-07-28T19:35:02+00:00\",\"author\":{\"@id\":\"https:\/\/www.africa-press.net\/cameroun\/#\/schema\/person\/2b1cf3cd81a31e3cd26889ca66d677f1\"},\"description\":\"Investir au Cameroun) - Entre juillet et septembre 2022, les activit\u00e9s \u00e9conomiques dans les six pays de la Cemac (Camero ...\",\"breadcrumb\":{\"@id\":\"https:\/\/www.africa-press.net\/cameroun\/economie\/cemac-stabilite-des-activites-economiques-annoncee-au-3e-trimestre-2022-malgre-une-conjoncture-internationale-morose#breadcrumb\"},\"inLanguage\":\"fr-FR\",\"potentialAction\":[{\"@type\":\"ReadAction\",\"target\":[\"https:\/\/www.africa-press.net\/cameroun\/economie\/cemac-stabilite-des-activites-economiques-annoncee-au-3e-trimestre-2022-malgre-une-conjoncture-internationale-morose\"]}]},{\"@type\":\"ImageObject\",\"inLanguage\":\"fr-FR\",\"@id\":\"https:\/\/www.africa-press.net\/cameroun\/economie\/cemac-stabilite-des-activites-economiques-annoncee-au-3e-trimestre-2022-malgre-une-conjoncture-internationale-morose#primaryimage\",\"url\":\"https:\/\/static.africa-press.net\/cameroun\/sites\/57\/2022\/07\/img-62e2e4d3c72f8.jpg\",\"contentUrl\":\"https:\/\/static.africa-press.net\/cameroun\/sites\/57\/2022\/07\/img-62e2e4d3c72f8.jpg\",\"width\":720,\"height\":479,\"caption\":\"Cemac\u00a0: stabilit\u00e9 des activit\u00e9s \u00e9conomiques annonc\u00e9e au 3e trimestre 2022, malgr\u00e9 une conjoncture internationale morose\"},{\"@type\":\"BreadcrumbList\",\"@id\":\"https:\/\/www.africa-press.net\/cameroun\/economie\/cemac-stabilite-des-activites-economiques-annoncee-au-3e-trimestre-2022-malgre-une-conjoncture-internationale-morose#breadcrumb\",\"itemListElement\":[{\"@type\":\"ListItem\",\"position\":1,\"name\":\"Accueil\",\"item\":\"https:\/\/www.africa-press.net\/cameroun\/\"},{\"@type\":\"ListItem\",\"position\":2,\"name\":\"Cemac\u00a0: stabilit\u00e9 des activit\u00e9s \u00e9conomiques annonc\u00e9e au 3e trimestre 2022, malgr\u00e9 une conjoncture internationale morose\"}]},{\"@type\":\"WebSite\",\"@id\":\"https:\/\/www.africa-press.net\/cameroun\/#website\",\"url\":\"https:\/\/www.africa-press.net\/cameroun\/\",\"name\":\"Cameroun\",\"description\":\"Just another Africa News Agency Sites site\",\"potentialAction\":[{\"@type\":\"SearchAction\",\"target\":{\"@type\":\"EntryPoint\",\"urlTemplate\":\"https:\/\/www.africa-press.net\/cameroun\/?s={search_term_string}\"},\"query-input\":{\"@type\":\"PropertyValueSpecification\",\"valueRequired\":true,\"valueName\":\"search_term_string\"}}],\"inLanguage\":\"fr-FR\"},{\"@type\":\"Person\",\"@id\":\"https:\/\/www.africa-press.net\/cameroun\/#\/schema\/person\/2b1cf3cd81a31e3cd26889ca66d677f1\",\"name\":\"cfeditorfr\"}]}<\/script>\n<!-- \/ Yoast SEO Premium plugin. -->","yoast_head_json":{"title":"Cemac\u00a0: stabilit\u00e9 des activit\u00e9s \u00e9conomiques annonc\u00e9e au 3e trimestre 2022, malgr\u00e9 une conjoncture internationale morose - Cameroun","description":"Investir au Cameroun) - Entre juillet et septembre 2022, les activit\u00e9s \u00e9conomiques dans les six pays de la Cemac (Camero ...","robots":{"index":"index","follow":"follow","max-snippet":"max-snippet:-1","max-image-preview":"max-image-preview:large","max-video-preview":"max-video-preview:-1"},"canonical":"https:\/\/www.africa-press.net\/cameroun\/economie\/cemac-stabilite-des-activites-economiques-annoncee-au-3e-trimestre-2022-malgre-une-conjoncture-internationale-morose","og_locale":"fr_FR","og_type":"article","og_title":"Cemac\u00a0: stabilit\u00e9 des activit\u00e9s \u00e9conomiques annonc\u00e9e au 3e trimestre 2022, malgr\u00e9 une conjoncture internationale morose","og_description":"Investir au Cameroun) - Entre juillet et septembre 2022, les activit\u00e9s \u00e9conomiques dans les six pays de la Cemac (Camero ...","og_url":"https:\/\/www.africa-press.net\/cameroun\/economie\/cemac-stabilite-des-activites-economiques-annoncee-au-3e-trimestre-2022-malgre-une-conjoncture-internationale-morose","og_site_name":"Cameroun","article_published_time":"2022-07-28T18:44:48+00:00","article_modified_time":"2022-07-28T19:35:02+00:00","og_image":[{"width":720,"height":479,"url":"https:\/\/static.africa-press.net\/cameroun\/sites\/57\/2022\/07\/img-62e2e4d3c72f8.jpg","type":"image\/jpeg"}],"author":"cfeditorfr","twitter_card":"summary_large_image","twitter_misc":{"\u00c9crit par":"cfeditorfr","Dur\u00e9e de lecture estim\u00e9e":"2 minutes"},"schema":{"@context":"https:\/\/schema.org","@graph":[{"@type":"Article","@id":"https:\/\/www.africa-press.net\/cameroun\/economie\/cemac-stabilite-des-activites-economiques-annoncee-au-3e-trimestre-2022-malgre-une-conjoncture-internationale-morose#article","isPartOf":{"@id":"https:\/\/www.africa-press.net\/cameroun\/economie\/cemac-stabilite-des-activites-economiques-annoncee-au-3e-trimestre-2022-malgre-une-conjoncture-internationale-morose"},"author":{"name":"cfeditorfr","@id":"https:\/\/www.africa-press.net\/cameroun\/#\/schema\/person\/2b1cf3cd81a31e3cd26889ca66d677f1"},"headline":"Cemac\u00a0: stabilit\u00e9 des activit\u00e9s \u00e9conomiques annonc\u00e9e au 3e trimestre 2022, malgr\u00e9 une conjoncture internationale morose","datePublished":"2022-07-28T18:44:48+00:00","dateModified":"2022-07-28T19:35:02+00:00","mainEntityOfPage":{"@id":"https:\/\/www.africa-press.net\/cameroun\/economie\/cemac-stabilite-des-activites-economiques-annoncee-au-3e-trimestre-2022-malgre-une-conjoncture-internationale-morose"},"wordCount":413,"commentCount":0,"image":{"@id":"https:\/\/www.africa-press.net\/cameroun\/economie\/cemac-stabilite-des-activites-economiques-annoncee-au-3e-trimestre-2022-malgre-une-conjoncture-internationale-morose#primaryimage"},"thumbnailUrl":"https:\/\/static.africa-press.net\/cameroun\/sites\/57\/2022\/07\/img-62e2e4d3c72f8.jpg","keywords":["Africa Press","Africa Press-Cameroun","Cameroun"],"articleSection":["\u00c9conomie","homepage-french","Toutes les actualit\u00e9s"],"inLanguage":"fr-FR","potentialAction":[{"@type":"CommentAction","name":"Comment","target":["https:\/\/www.africa-press.net\/cameroun\/economie\/cemac-stabilite-des-activites-economiques-annoncee-au-3e-trimestre-2022-malgre-une-conjoncture-internationale-morose#respond"]}]},{"@type":"WebPage","@id":"https:\/\/www.africa-press.net\/cameroun\/economie\/cemac-stabilite-des-activites-economiques-annoncee-au-3e-trimestre-2022-malgre-une-conjoncture-internationale-morose","url":"https:\/\/www.africa-press.net\/cameroun\/economie\/cemac-stabilite-des-activites-economiques-annoncee-au-3e-trimestre-2022-malgre-une-conjoncture-internationale-morose","name":"Cemac\u00a0: stabilit\u00e9 des activit\u00e9s \u00e9conomiques annonc\u00e9e au 3e trimestre 2022, malgr\u00e9 une conjoncture internationale morose - Cameroun","isPartOf":{"@id":"https:\/\/www.africa-press.net\/cameroun\/#website"},"primaryImageOfPage":{"@id":"https:\/\/www.africa-press.net\/cameroun\/economie\/cemac-stabilite-des-activites-economiques-annoncee-au-3e-trimestre-2022-malgre-une-conjoncture-internationale-morose#primaryimage"},"image":{"@id":"https:\/\/www.africa-press.net\/cameroun\/economie\/cemac-stabilite-des-activites-economiques-annoncee-au-3e-trimestre-2022-malgre-une-conjoncture-internationale-morose#primaryimage"},"thumbnailUrl":"https:\/\/static.africa-press.net\/cameroun\/sites\/57\/2022\/07\/img-62e2e4d3c72f8.jpg","datePublished":"2022-07-28T18:44:48+00:00","dateModified":"2022-07-28T19:35:02+00:00","author":{"@id":"https:\/\/www.africa-press.net\/cameroun\/#\/schema\/person\/2b1cf3cd81a31e3cd26889ca66d677f1"},"description":"Investir au Cameroun) - Entre juillet et septembre 2022, les activit\u00e9s \u00e9conomiques dans les six pays de la Cemac (Camero ...","breadcrumb":{"@id":"https:\/\/www.africa-press.net\/cameroun\/economie\/cemac-stabilite-des-activites-economiques-annoncee-au-3e-trimestre-2022-malgre-une-conjoncture-internationale-morose#breadcrumb"},"inLanguage":"fr-FR","potentialAction":[{"@type":"ReadAction","target":["https:\/\/www.africa-press.net\/cameroun\/economie\/cemac-stabilite-des-activites-economiques-annoncee-au-3e-trimestre-2022-malgre-une-conjoncture-internationale-morose"]}]},{"@type":"ImageObject","inLanguage":"fr-FR","@id":"https:\/\/www.africa-press.net\/cameroun\/economie\/cemac-stabilite-des-activites-economiques-annoncee-au-3e-trimestre-2022-malgre-une-conjoncture-internationale-morose#primaryimage","url":"https:\/\/static.africa-press.net\/cameroun\/sites\/57\/2022\/07\/img-62e2e4d3c72f8.jpg","contentUrl":"https:\/\/static.africa-press.net\/cameroun\/sites\/57\/2022\/07\/img-62e2e4d3c72f8.jpg","width":720,"height":479,"caption":"Cemac\u00a0: stabilit\u00e9 des activit\u00e9s \u00e9conomiques annonc\u00e9e au 3e trimestre 2022, malgr\u00e9 une conjoncture internationale morose"},{"@type":"BreadcrumbList","@id":"https:\/\/www.africa-press.net\/cameroun\/economie\/cemac-stabilite-des-activites-economiques-annoncee-au-3e-trimestre-2022-malgre-une-conjoncture-internationale-morose#breadcrumb","itemListElement":[{"@type":"ListItem","position":1,"name":"Accueil","item":"https:\/\/www.africa-press.net\/cameroun\/"},{"@type":"ListItem","position":2,"name":"Cemac\u00a0: stabilit\u00e9 des activit\u00e9s \u00e9conomiques annonc\u00e9e au 3e trimestre 2022, malgr\u00e9 une conjoncture internationale morose"}]},{"@type":"WebSite","@id":"https:\/\/www.africa-press.net\/cameroun\/#website","url":"https:\/\/www.africa-press.net\/cameroun\/","name":"Cameroun","description":"Just another Africa News Agency Sites site","potentialAction":[{"@type":"SearchAction","target":{"@type":"EntryPoint","urlTemplate":"https:\/\/www.africa-press.net\/cameroun\/?s={search_term_string}"},"query-input":{"@type":"PropertyValueSpecification","valueRequired":true,"valueName":"search_term_string"}}],"inLanguage":"fr-FR"},{"@type":"Person","@id":"https:\/\/www.africa-press.net\/cameroun\/#\/schema\/person\/2b1cf3cd81a31e3cd26889ca66d677f1","name":"cfeditorfr"}]}},"_links":{"self":[{"href":"https:\/\/www.africa-press.net\/cameroun\/wp-json\/wp\/v2\/posts\/24415","targetHints":{"allow":["GET"]}}],"collection":[{"href":"https:\/\/www.africa-press.net\/cameroun\/wp-json\/wp\/v2\/posts"}],"about":[{"href":"https:\/\/www.africa-press.net\/cameroun\/wp-json\/wp\/v2\/types\/post"}],"author":[{"embeddable":true,"href":"https:\/\/www.africa-press.net\/cameroun\/wp-json\/wp\/v2\/users\/82"}],"replies":[{"embeddable":true,"href":"https:\/\/www.africa-press.net\/cameroun\/wp-json\/wp\/v2\/comments?post=24415"}],"version-history":[{"count":0,"href":"https:\/\/www.africa-press.net\/cameroun\/wp-json\/wp\/v2\/posts\/24415\/revisions"}],"wp:featuredmedia":[{"embeddable":true,"href":"https:\/\/www.africa-press.net\/cameroun\/wp-json\/wp\/v2\/media\/24414"}],"wp:attachment":[{"href":"https:\/\/www.africa-press.net\/cameroun\/wp-json\/wp\/v2\/media?parent=24415"}],"wp:term":[{"taxonomy":"category","embeddable":true,"href":"https:\/\/www.africa-press.net\/cameroun\/wp-json\/wp\/v2\/categories?post=24415"},{"taxonomy":"post_tag","embeddable":true,"href":"https:\/\/www.africa-press.net\/cameroun\/wp-json\/wp\/v2\/tags?post=24415"}],"curies":[{"name":"wp","href":"https:\/\/api.w.org\/{rel}","templated":true}]}}