{"id":24440,"date":"2022-07-29T18:25:31","date_gmt":"2022-07-29T18:25:31","guid":{"rendered":"https:\/\/www.africa-press.net\/cameroun\/politique\/sanction-le-cnc-suspend-le-journaliste-sismondi-barlev-bidjocka-pour-une-duree-de-03-mois"},"modified":"2022-07-29T20:55:44","modified_gmt":"2022-07-29T20:55:44","slug":"sanction-le-cnc-suspend-le-journaliste-sismondi-barlev-bidjocka-pour-une-duree-de-03-mois","status":"publish","type":"post","link":"https:\/\/www.africa-press.net\/cameroun\/toutes-les-actualites\/sanction-le-cnc-suspend-le-journaliste-sismondi-barlev-bidjocka-pour-une-duree-de-03-mois","title":{"rendered":"Sanction: Le CNC suspend le journaliste Sismondi Barlev Bidjocka pour une dur\u00e9e de 03 mois"},"content":{"rendered":"<p><span style=\"color: #ff6600\"><strong>Africa-Press &#8211; Cameroun. <\/strong><\/span>Sismondi Barlev Bidjocka ne va pas pratiquer l\u2019exercice de la profession de journaliste pendant trois mois. Ainsi en a d\u00e9cid\u00e9 le Conseil national de la communication (CNC), Jeudi 28 Juillet 2022, au sortir de sa 31\u00e8me session ordinaire.<\/p>\n<p>La sanction du CNC fait suite \u00e0 diffusion dans le programme intitul\u00e9 \u00abL\u2019Editorial\u00bb du 07 juin 2022 sur les antennes de la RIS Radio, d\u2019une s\u00e9quence r\u00e9v\u00e9lant une conversation \u00e0 caract\u00e8re \u00e9rotique dans une relation intime, entre un professeur d\u2019un \u00e9tablissement scolaire de Yaound\u00e9 et son \u00e9l\u00e8ve. Le Conseil estime que les propos dans cette diffusion se rapportent \u00e0 une sc\u00e8ne obsc\u00e8ne portant atteinte \u00e0 la pudeur et aux bonnes m\u0153urs.<\/p>\n<p>Selon les informations glanees dans la presse locale, Sismondi Barlev Bidjocka serait r\u00e9cipiendaire de plusieurs prix, notamment le prix Roscartland du journalisme africain (2008), d\u00e9cern\u00e9 par la fondation Roscart bas\u00e9e au Etats-Unis mais aussi le prix suisse des radios du Sud (2007).<\/p>\n<p>Le communiqu\u00e9 du CNC:<\/p>\n<p>Jean Daniel Obama<\/p>\n<p><strong>Pour plus d&rsquo;informations et d&rsquo;analyses sur la <a href=\"https:\/\/www.africa-press.net\/cameroun\">Cameroun<\/a>, suivez <a href=\"https:\/\/www.africa-press.net\/\">Africa-Press<\/a><\/strong><\/p>\n","protected":false},"excerpt":{"rendered":"<p>Africa-Press &#8211; Cameroun. Sismondi Barlev Bidjocka ne va pas pratiquer l\u2019exercice de la profession de journaliste pendant trois mois. Ainsi en a d\u00e9cid\u00e9 le Conseil national de la communication (CNC), Jeudi 28 Juillet 2022, au sortir de sa 31\u00e8me session ordinaire. La sanction du CNC fait suite \u00e0 diffusion dans le programme intitul\u00e9 \u00abL\u2019Editorial\u00bb du [&hellip;]<\/p>\n","protected":false},"author":82,"featured_media":24439,"comment_status":"open","ping_status":"closed","sticky":false,"template":"","format":"standard","meta":{"footnotes":""},"categories":[21,11,10],"tags":[36,50,49],"class_list":["post-24440","post","type-post","status-publish","format-standard","has-post-thumbnail","hentry","category-communaute","category-homepage-french","category-toutes-les-actualites","tag-africa-press","tag-africa-press-cameroun","tag-cameroun"],"yoast_head":"<!-- This site is optimized with the Yoast SEO Premium plugin v26.1 (Yoast SEO v27.0) - https:\/\/yoast.com\/product\/yoast-seo-premium-wordpress\/ -->\n<title>Sanction: Le CNC suspend le journaliste Sismondi Barlev Bidjocka pour une dur\u00e9e de 03 mois - Cameroun<\/title>\n<meta name=\"description\" content=\"Sismondi Barlev Bidjocka ne va pas pratiquer l\u2019exercice de la profession de journaliste pendant trois mois. Ainsi en a d ...\" \/>\n<meta name=\"robots\" content=\"index, follow, max-snippet:-1, max-image-preview:large, max-video-preview:-1\" \/>\n<link rel=\"canonical\" href=\"https:\/\/www.africa-press.net\/cameroun\/toutes-les-actualites\/sanction-le-cnc-suspend-le-journaliste-sismondi-barlev-bidjocka-pour-une-duree-de-03-mois\" \/>\n<meta property=\"og:locale\" content=\"fr_FR\" \/>\n<meta property=\"og:type\" content=\"article\" \/>\n<meta property=\"og:title\" content=\"Sanction: Le CNC suspend le journaliste Sismondi Barlev Bidjocka pour une dur\u00e9e de 03 mois\" \/>\n<meta property=\"og:description\" content=\"Sismondi Barlev Bidjocka ne va pas pratiquer l\u2019exercice de la profession de journaliste pendant trois mois. Ainsi en a d ...\" \/>\n<meta property=\"og:url\" content=\"https:\/\/www.africa-press.net\/cameroun\/toutes-les-actualites\/sanction-le-cnc-suspend-le-journaliste-sismondi-barlev-bidjocka-pour-une-duree-de-03-mois\" \/>\n<meta property=\"og:site_name\" content=\"Cameroun\" \/>\n<meta property=\"article:published_time\" content=\"2022-07-29T18:25:31+00:00\" \/>\n<meta property=\"article:modified_time\" content=\"2022-07-29T20:55:44+00:00\" \/>\n<meta property=\"og:image\" content=\"https:\/\/static.africa-press.net\/cameroun\/sites\/57\/2022\/07\/img-62e4493bd85e4.jpg\" \/>\n\t<meta property=\"og:image:width\" content=\"800\" \/>\n\t<meta property=\"og:image:height\" content=\"446\" \/>\n\t<meta property=\"og:image:type\" content=\"image\/jpeg\" \/>\n<meta name=\"author\" content=\"cfeditorfr\" \/>\n<meta name=\"twitter:card\" content=\"summary_large_image\" \/>\n<meta name=\"twitter:label1\" content=\"\u00c9crit par\" \/>\n\t<meta name=\"twitter:data1\" content=\"cfeditorfr\" \/>\n\t<meta name=\"twitter:label2\" content=\"Dur\u00e9e de lecture estim\u00e9e\" \/>\n\t<meta name=\"twitter:data2\" content=\"1 minute\" \/>\n<script type=\"application\/ld+json\" class=\"yoast-schema-graph\">{\"@context\":\"https:\/\/schema.org\",\"@graph\":[{\"@type\":\"Article\",\"@id\":\"https:\/\/www.africa-press.net\/cameroun\/toutes-les-actualites\/sanction-le-cnc-suspend-le-journaliste-sismondi-barlev-bidjocka-pour-une-duree-de-03-mois#article\",\"isPartOf\":{\"@id\":\"https:\/\/www.africa-press.net\/cameroun\/toutes-les-actualites\/sanction-le-cnc-suspend-le-journaliste-sismondi-barlev-bidjocka-pour-une-duree-de-03-mois\"},\"author\":{\"name\":\"cfeditorfr\",\"@id\":\"https:\/\/www.africa-press.net\/cameroun\/#\/schema\/person\/2b1cf3cd81a31e3cd26889ca66d677f1\"},\"headline\":\"Sanction: Le CNC suspend le journaliste Sismondi Barlev Bidjocka pour une dur\u00e9e de 03 mois\",\"datePublished\":\"2022-07-29T18:25:31+00:00\",\"dateModified\":\"2022-07-29T20:55:44+00:00\",\"mainEntityOfPage\":{\"@id\":\"https:\/\/www.africa-press.net\/cameroun\/toutes-les-actualites\/sanction-le-cnc-suspend-le-journaliste-sismondi-barlev-bidjocka-pour-une-duree-de-03-mois\"},\"wordCount\":194,\"commentCount\":0,\"image\":{\"@id\":\"https:\/\/www.africa-press.net\/cameroun\/toutes-les-actualites\/sanction-le-cnc-suspend-le-journaliste-sismondi-barlev-bidjocka-pour-une-duree-de-03-mois#primaryimage\"},\"thumbnailUrl\":\"https:\/\/static.africa-press.net\/cameroun\/sites\/57\/2022\/07\/img-62e4493bd85e4.jpg\",\"keywords\":[\"Africa Press\",\"Africa Press-Cameroun\",\"Cameroun\"],\"articleSection\":[\"Communaut\u00e9\",\"homepage-french\",\"Toutes les actualit\u00e9s\"],\"inLanguage\":\"fr-FR\",\"potentialAction\":[{\"@type\":\"CommentAction\",\"name\":\"Comment\",\"target\":[\"https:\/\/www.africa-press.net\/cameroun\/toutes-les-actualites\/sanction-le-cnc-suspend-le-journaliste-sismondi-barlev-bidjocka-pour-une-duree-de-03-mois#respond\"]}]},{\"@type\":\"WebPage\",\"@id\":\"https:\/\/www.africa-press.net\/cameroun\/toutes-les-actualites\/sanction-le-cnc-suspend-le-journaliste-sismondi-barlev-bidjocka-pour-une-duree-de-03-mois\",\"url\":\"https:\/\/www.africa-press.net\/cameroun\/toutes-les-actualites\/sanction-le-cnc-suspend-le-journaliste-sismondi-barlev-bidjocka-pour-une-duree-de-03-mois\",\"name\":\"Sanction: Le CNC suspend le journaliste Sismondi Barlev Bidjocka pour une dur\u00e9e de 03 mois - Cameroun\",\"isPartOf\":{\"@id\":\"https:\/\/www.africa-press.net\/cameroun\/#website\"},\"primaryImageOfPage\":{\"@id\":\"https:\/\/www.africa-press.net\/cameroun\/toutes-les-actualites\/sanction-le-cnc-suspend-le-journaliste-sismondi-barlev-bidjocka-pour-une-duree-de-03-mois#primaryimage\"},\"image\":{\"@id\":\"https:\/\/www.africa-press.net\/cameroun\/toutes-les-actualites\/sanction-le-cnc-suspend-le-journaliste-sismondi-barlev-bidjocka-pour-une-duree-de-03-mois#primaryimage\"},\"thumbnailUrl\":\"https:\/\/static.africa-press.net\/cameroun\/sites\/57\/2022\/07\/img-62e4493bd85e4.jpg\",\"datePublished\":\"2022-07-29T18:25:31+00:00\",\"dateModified\":\"2022-07-29T20:55:44+00:00\",\"author\":{\"@id\":\"https:\/\/www.africa-press.net\/cameroun\/#\/schema\/person\/2b1cf3cd81a31e3cd26889ca66d677f1\"},\"description\":\"Sismondi Barlev Bidjocka ne va pas pratiquer l\u2019exercice de la profession de journaliste pendant trois mois. Ainsi en a d ...\",\"breadcrumb\":{\"@id\":\"https:\/\/www.africa-press.net\/cameroun\/toutes-les-actualites\/sanction-le-cnc-suspend-le-journaliste-sismondi-barlev-bidjocka-pour-une-duree-de-03-mois#breadcrumb\"},\"inLanguage\":\"fr-FR\",\"potentialAction\":[{\"@type\":\"ReadAction\",\"target\":[\"https:\/\/www.africa-press.net\/cameroun\/toutes-les-actualites\/sanction-le-cnc-suspend-le-journaliste-sismondi-barlev-bidjocka-pour-une-duree-de-03-mois\"]}]},{\"@type\":\"ImageObject\",\"inLanguage\":\"fr-FR\",\"@id\":\"https:\/\/www.africa-press.net\/cameroun\/toutes-les-actualites\/sanction-le-cnc-suspend-le-journaliste-sismondi-barlev-bidjocka-pour-une-duree-de-03-mois#primaryimage\",\"url\":\"https:\/\/static.africa-press.net\/cameroun\/sites\/57\/2022\/07\/img-62e4493bd85e4.jpg\",\"contentUrl\":\"https:\/\/static.africa-press.net\/cameroun\/sites\/57\/2022\/07\/img-62e4493bd85e4.jpg\",\"width\":800,\"height\":446,\"caption\":\"Sanction: Le CNC suspend le journaliste Sismondi Barlev Bidjocka pour une dur\u00e9e de 03 mois\"},{\"@type\":\"BreadcrumbList\",\"@id\":\"https:\/\/www.africa-press.net\/cameroun\/toutes-les-actualites\/sanction-le-cnc-suspend-le-journaliste-sismondi-barlev-bidjocka-pour-une-duree-de-03-mois#breadcrumb\",\"itemListElement\":[{\"@type\":\"ListItem\",\"position\":1,\"name\":\"Accueil\",\"item\":\"https:\/\/www.africa-press.net\/cameroun\/\"},{\"@type\":\"ListItem\",\"position\":2,\"name\":\"Sanction: Le CNC suspend le journaliste Sismondi Barlev Bidjocka pour une dur\u00e9e de 03 mois\"}]},{\"@type\":\"WebSite\",\"@id\":\"https:\/\/www.africa-press.net\/cameroun\/#website\",\"url\":\"https:\/\/www.africa-press.net\/cameroun\/\",\"name\":\"Cameroun\",\"description\":\"Just another Africa News Agency Sites site\",\"potentialAction\":[{\"@type\":\"SearchAction\",\"target\":{\"@type\":\"EntryPoint\",\"urlTemplate\":\"https:\/\/www.africa-press.net\/cameroun\/?s={search_term_string}\"},\"query-input\":{\"@type\":\"PropertyValueSpecification\",\"valueRequired\":true,\"valueName\":\"search_term_string\"}}],\"inLanguage\":\"fr-FR\"},{\"@type\":\"Person\",\"@id\":\"https:\/\/www.africa-press.net\/cameroun\/#\/schema\/person\/2b1cf3cd81a31e3cd26889ca66d677f1\",\"name\":\"cfeditorfr\"}]}<\/script>\n<!-- \/ Yoast SEO Premium plugin. -->","yoast_head_json":{"title":"Sanction: Le CNC suspend le journaliste Sismondi Barlev Bidjocka pour une dur\u00e9e de 03 mois - Cameroun","description":"Sismondi Barlev Bidjocka ne va pas pratiquer l\u2019exercice de la profession de journaliste pendant trois mois. Ainsi en a d ...","robots":{"index":"index","follow":"follow","max-snippet":"max-snippet:-1","max-image-preview":"max-image-preview:large","max-video-preview":"max-video-preview:-1"},"canonical":"https:\/\/www.africa-press.net\/cameroun\/toutes-les-actualites\/sanction-le-cnc-suspend-le-journaliste-sismondi-barlev-bidjocka-pour-une-duree-de-03-mois","og_locale":"fr_FR","og_type":"article","og_title":"Sanction: Le CNC suspend le journaliste Sismondi Barlev Bidjocka pour une dur\u00e9e de 03 mois","og_description":"Sismondi Barlev Bidjocka ne va pas pratiquer l\u2019exercice de la profession de journaliste pendant trois mois. Ainsi en a d ...","og_url":"https:\/\/www.africa-press.net\/cameroun\/toutes-les-actualites\/sanction-le-cnc-suspend-le-journaliste-sismondi-barlev-bidjocka-pour-une-duree-de-03-mois","og_site_name":"Cameroun","article_published_time":"2022-07-29T18:25:31+00:00","article_modified_time":"2022-07-29T20:55:44+00:00","og_image":[{"width":800,"height":446,"url":"https:\/\/static.africa-press.net\/cameroun\/sites\/57\/2022\/07\/img-62e4493bd85e4.jpg","type":"image\/jpeg"}],"author":"cfeditorfr","twitter_card":"summary_large_image","twitter_misc":{"\u00c9crit par":"cfeditorfr","Dur\u00e9e de lecture estim\u00e9e":"1 minute"},"schema":{"@context":"https:\/\/schema.org","@graph":[{"@type":"Article","@id":"https:\/\/www.africa-press.net\/cameroun\/toutes-les-actualites\/sanction-le-cnc-suspend-le-journaliste-sismondi-barlev-bidjocka-pour-une-duree-de-03-mois#article","isPartOf":{"@id":"https:\/\/www.africa-press.net\/cameroun\/toutes-les-actualites\/sanction-le-cnc-suspend-le-journaliste-sismondi-barlev-bidjocka-pour-une-duree-de-03-mois"},"author":{"name":"cfeditorfr","@id":"https:\/\/www.africa-press.net\/cameroun\/#\/schema\/person\/2b1cf3cd81a31e3cd26889ca66d677f1"},"headline":"Sanction: Le CNC suspend le journaliste Sismondi Barlev Bidjocka pour une dur\u00e9e de 03 mois","datePublished":"2022-07-29T18:25:31+00:00","dateModified":"2022-07-29T20:55:44+00:00","mainEntityOfPage":{"@id":"https:\/\/www.africa-press.net\/cameroun\/toutes-les-actualites\/sanction-le-cnc-suspend-le-journaliste-sismondi-barlev-bidjocka-pour-une-duree-de-03-mois"},"wordCount":194,"commentCount":0,"image":{"@id":"https:\/\/www.africa-press.net\/cameroun\/toutes-les-actualites\/sanction-le-cnc-suspend-le-journaliste-sismondi-barlev-bidjocka-pour-une-duree-de-03-mois#primaryimage"},"thumbnailUrl":"https:\/\/static.africa-press.net\/cameroun\/sites\/57\/2022\/07\/img-62e4493bd85e4.jpg","keywords":["Africa Press","Africa Press-Cameroun","Cameroun"],"articleSection":["Communaut\u00e9","homepage-french","Toutes les actualit\u00e9s"],"inLanguage":"fr-FR","potentialAction":[{"@type":"CommentAction","name":"Comment","target":["https:\/\/www.africa-press.net\/cameroun\/toutes-les-actualites\/sanction-le-cnc-suspend-le-journaliste-sismondi-barlev-bidjocka-pour-une-duree-de-03-mois#respond"]}]},{"@type":"WebPage","@id":"https:\/\/www.africa-press.net\/cameroun\/toutes-les-actualites\/sanction-le-cnc-suspend-le-journaliste-sismondi-barlev-bidjocka-pour-une-duree-de-03-mois","url":"https:\/\/www.africa-press.net\/cameroun\/toutes-les-actualites\/sanction-le-cnc-suspend-le-journaliste-sismondi-barlev-bidjocka-pour-une-duree-de-03-mois","name":"Sanction: Le CNC suspend le journaliste Sismondi Barlev Bidjocka pour une dur\u00e9e de 03 mois - Cameroun","isPartOf":{"@id":"https:\/\/www.africa-press.net\/cameroun\/#website"},"primaryImageOfPage":{"@id":"https:\/\/www.africa-press.net\/cameroun\/toutes-les-actualites\/sanction-le-cnc-suspend-le-journaliste-sismondi-barlev-bidjocka-pour-une-duree-de-03-mois#primaryimage"},"image":{"@id":"https:\/\/www.africa-press.net\/cameroun\/toutes-les-actualites\/sanction-le-cnc-suspend-le-journaliste-sismondi-barlev-bidjocka-pour-une-duree-de-03-mois#primaryimage"},"thumbnailUrl":"https:\/\/static.africa-press.net\/cameroun\/sites\/57\/2022\/07\/img-62e4493bd85e4.jpg","datePublished":"2022-07-29T18:25:31+00:00","dateModified":"2022-07-29T20:55:44+00:00","author":{"@id":"https:\/\/www.africa-press.net\/cameroun\/#\/schema\/person\/2b1cf3cd81a31e3cd26889ca66d677f1"},"description":"Sismondi Barlev Bidjocka ne va pas pratiquer l\u2019exercice de la profession de journaliste pendant trois mois. Ainsi en a d ...","breadcrumb":{"@id":"https:\/\/www.africa-press.net\/cameroun\/toutes-les-actualites\/sanction-le-cnc-suspend-le-journaliste-sismondi-barlev-bidjocka-pour-une-duree-de-03-mois#breadcrumb"},"inLanguage":"fr-FR","potentialAction":[{"@type":"ReadAction","target":["https:\/\/www.africa-press.net\/cameroun\/toutes-les-actualites\/sanction-le-cnc-suspend-le-journaliste-sismondi-barlev-bidjocka-pour-une-duree-de-03-mois"]}]},{"@type":"ImageObject","inLanguage":"fr-FR","@id":"https:\/\/www.africa-press.net\/cameroun\/toutes-les-actualites\/sanction-le-cnc-suspend-le-journaliste-sismondi-barlev-bidjocka-pour-une-duree-de-03-mois#primaryimage","url":"https:\/\/static.africa-press.net\/cameroun\/sites\/57\/2022\/07\/img-62e4493bd85e4.jpg","contentUrl":"https:\/\/static.africa-press.net\/cameroun\/sites\/57\/2022\/07\/img-62e4493bd85e4.jpg","width":800,"height":446,"caption":"Sanction: Le CNC suspend le journaliste Sismondi Barlev Bidjocka pour une dur\u00e9e de 03 mois"},{"@type":"BreadcrumbList","@id":"https:\/\/www.africa-press.net\/cameroun\/toutes-les-actualites\/sanction-le-cnc-suspend-le-journaliste-sismondi-barlev-bidjocka-pour-une-duree-de-03-mois#breadcrumb","itemListElement":[{"@type":"ListItem","position":1,"name":"Accueil","item":"https:\/\/www.africa-press.net\/cameroun\/"},{"@type":"ListItem","position":2,"name":"Sanction: Le CNC suspend le journaliste Sismondi Barlev Bidjocka pour une dur\u00e9e de 03 mois"}]},{"@type":"WebSite","@id":"https:\/\/www.africa-press.net\/cameroun\/#website","url":"https:\/\/www.africa-press.net\/cameroun\/","name":"Cameroun","description":"Just another Africa News Agency Sites site","potentialAction":[{"@type":"SearchAction","target":{"@type":"EntryPoint","urlTemplate":"https:\/\/www.africa-press.net\/cameroun\/?s={search_term_string}"},"query-input":{"@type":"PropertyValueSpecification","valueRequired":true,"valueName":"search_term_string"}}],"inLanguage":"fr-FR"},{"@type":"Person","@id":"https:\/\/www.africa-press.net\/cameroun\/#\/schema\/person\/2b1cf3cd81a31e3cd26889ca66d677f1","name":"cfeditorfr"}]}},"_links":{"self":[{"href":"https:\/\/www.africa-press.net\/cameroun\/wp-json\/wp\/v2\/posts\/24440","targetHints":{"allow":["GET"]}}],"collection":[{"href":"https:\/\/www.africa-press.net\/cameroun\/wp-json\/wp\/v2\/posts"}],"about":[{"href":"https:\/\/www.africa-press.net\/cameroun\/wp-json\/wp\/v2\/types\/post"}],"author":[{"embeddable":true,"href":"https:\/\/www.africa-press.net\/cameroun\/wp-json\/wp\/v2\/users\/82"}],"replies":[{"embeddable":true,"href":"https:\/\/www.africa-press.net\/cameroun\/wp-json\/wp\/v2\/comments?post=24440"}],"version-history":[{"count":0,"href":"https:\/\/www.africa-press.net\/cameroun\/wp-json\/wp\/v2\/posts\/24440\/revisions"}],"wp:featuredmedia":[{"embeddable":true,"href":"https:\/\/www.africa-press.net\/cameroun\/wp-json\/wp\/v2\/media\/24439"}],"wp:attachment":[{"href":"https:\/\/www.africa-press.net\/cameroun\/wp-json\/wp\/v2\/media?parent=24440"}],"wp:term":[{"taxonomy":"category","embeddable":true,"href":"https:\/\/www.africa-press.net\/cameroun\/wp-json\/wp\/v2\/categories?post=24440"},{"taxonomy":"post_tag","embeddable":true,"href":"https:\/\/www.africa-press.net\/cameroun\/wp-json\/wp\/v2\/tags?post=24440"}],"curies":[{"name":"wp","href":"https:\/\/api.w.org\/{rel}","templated":true}]}}